{"id":308053,"date":"2026-03-10T23:08:48","date_gmt":"2026-03-10T20:08:48","guid":{"rendered":"https:\/\/www.tgrthaber.com\/mavikadin\/?p=308053"},"modified":"2026-03-10T23:08:48","modified_gmt":"2026-03-10T20:08:48","slug":"teskilat-dizisine-surpriz-isim-usta-oyuncu-muttalip-mujdeci-kadroya-katildi","status":"publish","type":"post","link":"https:\/\/www.tgrthaber.com\/mavikadin\/teskilat-dizisine-surpriz-isim-usta-oyuncu-muttalip-mujdeci-kadroya-katildi\/","title":{"rendered":"Te\u015fkilat dizisine s\u00fcrpriz isim! Usta oyuncu Muttalip M\u00fcjdeci kadroya kat\u0131ld\u0131"},"content":{"rendered":"<p>TRT 1 ekranlar\u0131nda yay\u0131nlanan ve her hafta aksiyon dolu sahneleriyle izleyiciyi ekran ba\u015f\u0131na toplayan Te\u015fkilat dizisi, 6. sezonunda da s\u00fcrpriz geli\u015fmelerle g\u00fcndemde kalmaya devam ediyor. Dizinin hik\u00e2yesini kaleme alan Te\u015fkilat Yaz\u0131 Grubu\u2019nun g\u00fc\u00e7l\u00fc senaryosu ve Burak Arl\u0131el\u2019in y\u00f6netmenli\u011finde ilerleyen yap\u0131m\u0131n kadrosuna deneyimli bir oyuncu daha dahil oldu. Ba\u015far\u0131l\u0131 oyuncu <a href=\"https:\/\/www.tgrthaber.com\/mavikadin\/galip-erdal-ve-muttalip-mujdeci-esref-ruya-dizisinde-fenomen-diziye-kasap-ve-kaptan-geliyor\/\">Muttalip M\u00fcjdeci<\/a>, dizide oynayaca\u011f\u0131 karakterle hik\u00e2yeye yeni bir soluk getirecek. Peki, Muttalip M\u00fcjdeci Te\u015fkilat dizisinde hangi karakteri oynayacak?<\/p>\n<h3>TE\u015eK\u0130LAT\u2019A MUTTAL\u0130P M\u00dcJDEC\u0130 GEL\u0130YOR<\/h3>\n<p>Te\u015fkilat dizisi g\u00fc\u00e7l\u00fc hik\u00e2yesi ve s\u00fcr\u00fckleyici sahneleriyle izleyiciyi ekran ba\u015f\u0131na toplamaya devam ederken, yap\u0131m\u0131n kadrosuna dikkat \u00e7eken bir isim daha dahil oldu. Birsen Altunta\u015f\u2019\u0131n haberine g\u00f6re ba\u015far\u0131l\u0131 oyuncu Muttalip M\u00fcjdeci, Te\u015fkilat dizisinin yeni b\u00f6l\u00fcmlerinde konuk oyuncu olarak seyirci kar\u015f\u0131s\u0131na \u00e7\u0131kmaya haz\u0131rlan\u0131yor. Daha \u00f6nce Uzak \u015eehir ve E\u015fref R\u00fcya dizilerindeki performans\u0131yla ad\u0131ndan s\u00f6z ettiren M\u00fcjdeci\u2019nin projeye kat\u0131lmas\u0131 dizinin hayranlar\u0131 aras\u0131nda \u015fimdiden merak uyand\u0131rd\u0131.<\/p>\n<p><img loading=\"lazy\" decoding=\"async\" class=\"alignnone wp-image-308055 size-full\" src=\"https:\/\/www.tgrthaber.com\/mavikadin\/wp-content\/uploads\/2026\/03\/muttalip-mujdeci-teskilatta.jpg\" alt=\"\" width=\"1208\" height=\"680\" title=\"\" srcset=\"https:\/\/www.tgrthaber.com\/mavikadin\/wp-content\/uploads\/2026\/03\/muttalip-mujdeci-teskilatta.jpg 1208w, https:\/\/www.tgrthaber.com\/mavikadin\/wp-content\/uploads\/2026\/03\/muttalip-mujdeci-teskilatta-300x169.jpg 300w, https:\/\/www.tgrthaber.com\/mavikadin\/wp-content\/uploads\/2026\/03\/muttalip-mujdeci-teskilatta-1024x576.jpg 1024w, https:\/\/www.tgrthaber.com\/mavikadin\/wp-content\/uploads\/2026\/03\/muttalip-mujdeci-teskilatta-768x432.jpg 768w\" sizes=\"(max-width: 1208px) 100vw, 1208px\" \/><\/p>\n<hr \/>\n<p>TRT 1 ekranlar\u0131nda yay\u0131nlanan dizinin yeni b\u00f6l\u00fcmlerinde hik\u00e2yeye dahil olacak karakterin olaylar\u0131n seyrini de\u011fi\u015ftirece\u011fi konu\u015fuluyor. Y\u00f6netmen koltu\u011funda Burak Arl\u0131el\u2019in oturdu\u011fu yap\u0131mda M\u00fcjdeci\u2019nin oynayaca\u011f\u0131 karakterin hangi geli\u015fmelere yol a\u00e7aca\u011f\u0131 ise b\u00fcy\u00fck bir merak konusu oldu.<\/p>\n<h3>MUTTAL\u0130P M\u00dcJDEC\u0130 ROL\u00dcYLE \u015eA\u015eIRTACAK<\/h3>\n<p>G\u00fc\u00e7l\u00fc oyunculu\u011fuyla dikkat \u00e7eken Muttalip M\u00fcjdeci, aksiyon ve gerilim dolu sahneleriyle izleyiciyi ekran ba\u015f\u0131na kilitleyen Te\u015fkilat dizisinde s\u00fcrpriz bir karakterle seyirci kar\u015f\u0131s\u0131na \u00e7\u0131kmaya haz\u0131rlan\u0131yor. Fenomen dizinin yeni b\u00f6l\u00fcm\u00fcnde kadroya dahil olacak olan deneyimli oyuncunun oynayaca\u011f\u0131 rol\u00fcn hik\u00e2yenin gidi\u015fat\u0131n\u0131 de\u011fi\u015ftirecek t\u00fcrden oldu\u011fu konu\u015fuluyor.<\/p>\n<p><img loading=\"lazy\" decoding=\"async\" class=\"alignnone wp-image-308056 size-full\" src=\"https:\/\/www.tgrthaber.com\/mavikadin\/wp-content\/uploads\/2026\/03\/Adsiz-tasarim-13-2.jpg\" alt=\"\" width=\"1208\" height=\"680\" title=\"\" srcset=\"https:\/\/www.tgrthaber.com\/mavikadin\/wp-content\/uploads\/2026\/03\/Adsiz-tasarim-13-2.jpg 1208w, https:\/\/www.tgrthaber.com\/mavikadin\/wp-content\/uploads\/2026\/03\/Adsiz-tasarim-13-2-300x169.jpg 300w, https:\/\/www.tgrthaber.com\/mavikadin\/wp-content\/uploads\/2026\/03\/Adsiz-tasarim-13-2-1024x576.jpg 1024w, https:\/\/www.tgrthaber.com\/mavikadin\/wp-content\/uploads\/2026\/03\/Adsiz-tasarim-13-2-768x432.jpg 768w\" sizes=\"(max-width: 1208px) 100vw, 1208px\" \/><\/p>\n<hr \/>\n<p>Her hafta temposu giderek y\u00fckselen dizide M\u00fcjdeci\u2019nin karakterinin, olaylar\u0131n tam ortas\u0131nda yer alaca\u011f\u0131 ve beklenmedik hamleleriyle izleyiciyi ters k\u00f6\u015feye yat\u0131raca\u011f\u0131 kulislerde konu\u015fulmaya ba\u015flad\u0131. Dizinin hayranlar\u0131 ise usta oyuncunun ekrana nas\u0131l bir karakterle gelece\u011fini \u015fimdiden merak ediyor. M\u00fcjdeci\u2019nin performans\u0131n\u0131n hik\u00e2yeye farkl\u0131 bir boyut katmas\u0131 beklenirken, karakterin dost mu yoksa d\u00fc\u015fman m\u0131 oldu\u011fu ise \u015fimdilik gizemini koruyor.<\/p>\n<h3>M\u00dcTTAL\u0130P M\u00dcJDEC\u0130 K\u0130MD\u0130R KA\u00c7 YA\u015eINDA?<\/h3>\n<p>Muttalip M\u00fcjdeci 1972 y\u0131l\u0131nda Yozgat\u2019\u0131n Yerk\u00f6y il\u00e7esinde d\u00fcnyaya geldi. 1.85 cm boyunda 90 kilodur. \u00c7e\u015fitli tiyatro oyunlar\u0131nda yer alan \u00fcnl\u00fc oyuncu M\u00fcttalip M\u00fcjdeci, \u201cBekleyi\u015f, Asr-\u0131 saadet, Kim demi\u015f karanl\u0131k\u201d adl\u0131 tiyatro oyunlar\u0131nda yer alm\u0131\u015ft\u0131r.<\/p>\n<p><img loading=\"lazy\" decoding=\"async\" class=\"alignnone wp-image-308057 size-full\" src=\"https:\/\/www.tgrthaber.com\/mavikadin\/wp-content\/uploads\/2026\/03\/Adsiz-tasarim-14-1.jpg\" alt=\"\" width=\"1208\" height=\"680\" title=\"\" srcset=\"https:\/\/www.tgrthaber.com\/mavikadin\/wp-content\/uploads\/2026\/03\/Adsiz-tasarim-14-1.jpg 1208w, https:\/\/www.tgrthaber.com\/mavikadin\/wp-content\/uploads\/2026\/03\/Adsiz-tasarim-14-1-300x169.jpg 300w, https:\/\/www.tgrthaber.com\/mavikadin\/wp-content\/uploads\/2026\/03\/Adsiz-tasarim-14-1-1024x576.jpg 1024w, https:\/\/www.tgrthaber.com\/mavikadin\/wp-content\/uploads\/2026\/03\/Adsiz-tasarim-14-1-768x432.jpg 768w\" sizes=\"(max-width: 1208px) 100vw, 1208px\" \/><\/p>\n<hr \/>\n<p>Tiyatro \u00e7al\u0131\u015fmalar\u0131 yan\u0131 s\u0131ra 2013 y\u0131l\u0131nda \u00e7ekilen Sivas filmi ile kamera \u00f6n\u00fc oyunculu\u011funa ge\u00e7i\u015f yapt\u0131. \u00dcnl\u00fc oyuncu, k\u0131sa ve uzun metrajl\u0131 bir\u00e7ok filmde yer alarak ad\u0131n\u0131 geni\u015f kitlelere duyurmaya ba\u015flad\u0131. Show Tv kanal\u0131nda yay\u0131nlanan fenomen dizi \u00c7ukur\u2019da Ziya karakteriyle ve Alef dizisindeki emniyet m\u00fcd\u00fcr\u00fc Mahmut karakteriyle ile geni\u015f seyirci kitlesinin be\u011fenisini kazanm\u0131\u015ft\u0131r.<\/p>\n<p><img loading=\"lazy\" decoding=\"async\" class=\"alignnone wp-image-308058 size-full\" src=\"https:\/\/www.tgrthaber.com\/mavikadin\/wp-content\/uploads\/2026\/03\/muttalip-mujdeci-kimdir-kac-yasinda.jpg\" alt=\"\" width=\"1208\" height=\"680\" title=\"\" srcset=\"https:\/\/www.tgrthaber.com\/mavikadin\/wp-content\/uploads\/2026\/03\/muttalip-mujdeci-kimdir-kac-yasinda.jpg 1208w, https:\/\/www.tgrthaber.com\/mavikadin\/wp-content\/uploads\/2026\/03\/muttalip-mujdeci-kimdir-kac-yasinda-300x169.jpg 300w, https:\/\/www.tgrthaber.com\/mavikadin\/wp-content\/uploads\/2026\/03\/muttalip-mujdeci-kimdir-kac-yasinda-1024x576.jpg 1024w, https:\/\/www.tgrthaber.com\/mavikadin\/wp-content\/uploads\/2026\/03\/muttalip-mujdeci-kimdir-kac-yasinda-768x432.jpg 768w\" sizes=\"(max-width: 1208px) 100vw, 1208px\" \/><\/p>\n<hr \/>\n<p>Muttalip M\u00fcjdeci; Nasipse Aday\u0131z, Kar ve Ay\u0131, Bars, \u00d6l\u00fcler \u0130\u00e7in Ya\u015fam K\u0131lavuzu ve K\u00f6r Noktada gibi \u00e7e\u015fitli sinema filmleri ile \u00dc\u00e7 Kuru\u015f, Etklieyici, Sevmek Zaman\u0131, Yarg\u0131, D\u00fcnya Bu gibi \u00e7e\u015fitli dizilerde oynad\u0131.<\/p>\n","protected":false},"excerpt":{"rendered":"<p>Pazar ak\u015famlar\u0131n\u0131n ilgiyle takip edilen dizisi Te\u015fkilat yeni sezonunda kadrosunu g\u00fc\u00e7lendirmeye devam ediyor. Daha \u00f6nce Uzak \u015eehir ve E\u015fref R\u00fcya dizilerindeki performans\u0131yla dikkat \u00e7eken usta oyuncu Muttalip M\u00fcjdeci, dizinin yeni b\u00f6l\u00fcm\u00fcnde konuk oyuncu olarak izleyici kar\u015f\u0131s\u0131na \u00e7\u0131kacak. Peki, Muttalip M\u00fcjdeci Te\u015fkilat dizisinde hangi karakteri oynayacak?<\/p>\n","protected":false},"author":10,"featured_media":308054,"comment_status":"closed","ping_status":"closed","sticky":false,"template":"","format":"standard","meta":{"rank_math_lock_modified_date":false,"footnotes":""},"categories":[602],"tags":[32159,10390,61795,73235,840],"class_list":["post-308053","post","type-post","status-publish","format-standard","has-post-thumbnail","hentry","category-diziler","tag-dizi","tag-dizi-magazin","tag-muttalip-mujdeci","tag-muttalip-mujdeci-kimdir","tag-teskilat"],"_links":{"self":[{"href":"https:\/\/www.tgrthaber.com\/mavikadin\/wp-json\/wp\/v2\/posts\/308053"}],"collection":[{"href":"https:\/\/www.tgrthaber.com\/mavikadin\/wp-json\/wp\/v2\/posts"}],"about":[{"href":"https:\/\/www.tgrthaber.com\/mavikadin\/wp-json\/wp\/v2\/types\/post"}],"author":[{"embeddable":true,"href":"https:\/\/www.tgrthaber.com\/mavikadin\/wp-json\/wp\/v2\/users\/10"}],"replies":[{"embeddable":true,"href":"https:\/\/www.tgrthaber.com\/mavikadin\/wp-json\/wp\/v2\/comments?post=308053"}],"version-history":[{"count":1,"href":"https:\/\/www.tgrthaber.com\/mavikadin\/wp-json\/wp\/v2\/posts\/308053\/revisions"}],"predecessor-version":[{"id":308059,"href":"https:\/\/www.tgrthaber.com\/mavikadin\/wp-json\/wp\/v2\/posts\/308053\/revisions\/308059"}],"wp:featuredmedia":[{"embeddable":true,"href":"https:\/\/www.tgrthaber.com\/mavikadin\/wp-json\/wp\/v2\/media\/308054"}],"wp:attachment":[{"href":"https:\/\/www.tgrthaber.com\/mavikadin\/wp-json\/wp\/v2\/media?parent=308053"}],"wp:term":[{"taxonomy":"category","embeddable":true,"href":"https:\/\/www.tgrthaber.com\/mavikadin\/wp-json\/wp\/v2\/categories?post=308053"},{"taxonomy":"post_tag","embeddable":true,"href":"https:\/\/www.tgrthaber.com\/mavikadin\/wp-json\/wp\/v2\/tags?post=308053"}],"curies":[{"name":"wp","href":"https:\/\/api.w.org\/{rel}","templated":true}]}}