{"id":308063,"date":"2026-03-11T08:17:18","date_gmt":"2026-03-11T05:17:18","guid":{"rendered":"https:\/\/www.tgrthaber.com\/mavikadin\/?p=308063"},"modified":"2026-03-11T08:17:19","modified_gmt":"2026-03-11T05:17:19","slug":"acemi-cadi-dizisinin-toygari-kaan-yilmaz-yillar-sonra-ortaya-cikti-son-hali-sasirtti","status":"publish","type":"post","link":"https:\/\/www.tgrthaber.com\/mavikadin\/acemi-cadi-dizisinin-toygari-kaan-yilmaz-yillar-sonra-ortaya-cikti-son-hali-sasirtti\/","title":{"rendered":"Acemi Cad\u0131 dizisinin Toygar\u2019\u0131 Kaan Y\u0131lmaz y\u0131llar sonra ortaya \u00e7\u0131kt\u0131! Son hali \u015fa\u015f\u0131rtt\u0131"},"content":{"rendered":"<p>Bir d\u00f6neme damgas\u0131n\u0131 vuran Acemi Cad\u0131 dizisinin unutulmaz karakterlerinden Toygar\u2019\u0131 oynayan <a href=\"https:\/\/www.tgrthaber.com\/mavikadin\/merve-bolugurun-acemi-cadi-pozuna-yuzlerce-yorum-geldi-toygarin-degerini-bilemedin\/\">Kaan Y\u0131lmaz<\/a>, y\u0131llar sonra ilk kez objektiflere tak\u0131ld\u0131. Oyuncunun son g\u00f6r\u00fcnt\u00fcs\u00fc, sosyal medyada adeta nostalji r\u00fczgar\u0131 estirdi ve hayranlar\u0131n\u0131 ge\u00e7mi\u015fe g\u00f6t\u00fcrd\u00fc.<\/p>\n<h3>KAAN YILMAZ YILLAR SONRA ORTAYA \u00c7IKTI<\/h3>\n<p>Fantastik komedi t\u00fcr\u00fcndeki Acemi Cad\u0131, 2006 y\u0131l\u0131nda Kanal D ekranlar\u0131nda yay\u0131nlanmaya ba\u015flad\u0131 ve k\u0131sa s\u00fcrede \u00f6zellikle gen\u00e7 izleyicilerin favorisi haline geldi. Amerikan yap\u0131m\u0131 Sabrina the Teenage Witch dizisinden uyarlanan yap\u0131m, sihirli g\u00fc\u00e7lerini yeni ke\u015ffeden Ay\u015feg\u00fcl\u2019\u00fcn hayat\u0131n\u0131 konu al\u0131yordu.<\/p>\n<div style=\"width: 640px;\" class=\"wp-video\"><!--[if lt IE 9]><script>document.createElement('video');<\/script><![endif]-->\n<video class=\"wp-video-shortcode\" id=\"video-308063-1\" width=\"640\" height=\"398\" preload=\"metadata\" controls=\"controls\"><source type=\"video\/mp4\" src=\"https:\/\/www.tgrthaber.com\/mavikadin\/wp-content\/uploads\/2026\/03\/Adsiz-tasarim-2.mp4?_=1\" \/><a href=\"https:\/\/www.tgrthaber.com\/mavikadin\/wp-content\/uploads\/2026\/03\/Adsiz-tasarim-2.mp4\">https:\/\/www.tgrthaber.com\/mavikadin\/wp-content\/uploads\/2026\/03\/Adsiz-tasarim-2.mp4<\/a><\/video><\/div>\n<hr \/>\n<h3>ACEM\u0130 CADI YILLAR GE\u00c7MES\u0130NE RA\u011eMEN HALA HATIRLANIYOR<\/h3>\n<p>Ba\u015frollerini Merve Bolu\u011fur (Ay\u015feg\u00fcl), Cenk G\u00fcrp\u0131nar (Selim) ve <a href=\"https:\/\/www.tgrthaber.com\/mavikadin\/merve-bolugur-kac-yasinda-aslen-nereli-meslegi-ne-murat-dalkilic-ile-yeniden-baristigi-iddia-edildi\/\">Kaan Y\u0131lmaz<\/a> (Toygar)\u2019\u0131n payla\u015ft\u0131\u011f\u0131 dizide, okul ya\u015fam\u0131, gen\u00e7lik a\u015fklar\u0131 ve e\u011flenceli maceralar \u00f6n plandayd\u0131. Renkli karakterleri ve samimi hik\u00e2yesiyle d\u00f6nemin en \u00e7ok konu\u015fulan yap\u0131mlar\u0131ndan biri olan Acemi Cad\u0131, y\u0131llar ge\u00e7mesine ra\u011fmen h\u00e2l\u00e2 hat\u0131rlan\u0131yor.<\/p>\n<p><img loading=\"lazy\" decoding=\"async\" class=\"aligncenter size-full wp-image-308065\" src=\"https:\/\/www.tgrthaber.com\/mavikadin\/wp-content\/uploads\/2026\/03\/Kaan-Yilmaz-2.png\" alt=\"\" width=\"1208\" height=\"680\" title=\"\" srcset=\"https:\/\/www.tgrthaber.com\/mavikadin\/wp-content\/uploads\/2026\/03\/Kaan-Yilmaz-2.png 1208w, https:\/\/www.tgrthaber.com\/mavikadin\/wp-content\/uploads\/2026\/03\/Kaan-Yilmaz-2-300x169.png 300w, https:\/\/www.tgrthaber.com\/mavikadin\/wp-content\/uploads\/2026\/03\/Kaan-Yilmaz-2-1024x576.png 1024w, https:\/\/www.tgrthaber.com\/mavikadin\/wp-content\/uploads\/2026\/03\/Kaan-Yilmaz-2-768x432.png 768w\" sizes=\"(max-width: 1208px) 100vw, 1208px\" \/><\/p>\n<hr \/>\n<p>O d\u00f6nemde fazla g\u00fcndeme gelmese de de\u011feri sonradan anla\u015f\u0131lan karakterlerden biri ise hi\u00e7 ku\u015fkusuz Toygar karakteri olmu\u015ftu.<\/p>\n<p><img loading=\"lazy\" decoding=\"async\" class=\"aligncenter size-full wp-image-308068\" src=\"https:\/\/www.tgrthaber.com\/mavikadin\/wp-content\/uploads\/2026\/03\/Kaan-Yilmaz-5.png\" alt=\"\" width=\"1208\" height=\"680\" title=\"\" srcset=\"https:\/\/www.tgrthaber.com\/mavikadin\/wp-content\/uploads\/2026\/03\/Kaan-Yilmaz-5.png 1208w, https:\/\/www.tgrthaber.com\/mavikadin\/wp-content\/uploads\/2026\/03\/Kaan-Yilmaz-5-300x169.png 300w, https:\/\/www.tgrthaber.com\/mavikadin\/wp-content\/uploads\/2026\/03\/Kaan-Yilmaz-5-1024x576.png 1024w, https:\/\/www.tgrthaber.com\/mavikadin\/wp-content\/uploads\/2026\/03\/Kaan-Yilmaz-5-768x432.png 768w\" sizes=\"(max-width: 1208px) 100vw, 1208px\" \/><\/p>\n<hr \/>\n<p>Ay\u015feg\u00fcl\u2019e deli divane a\u015f\u0131k olan Toygar, dizinin en duygusal karakterlerinden biriydi. A\u011fz\u0131ndan neredeyse sadece Ay\u015feg\u00fcl\u2019\u00fcn ad\u0131 \u00e7\u0131kan Toygar, onun kalbini kazanmak i\u00e7in s\u00fcrekli \u00e7abal\u0131yordu. Ancak Ay\u015feg\u00fcl\u2019\u00fcn kalbi hep Selim\u2019den yanayd\u0131 ve Toygar, bu a\u015fk \u00fc\u00e7geninde \u00e7o\u011fu zaman geri planda kald\u0131.<\/p>\n<p><img loading=\"lazy\" decoding=\"async\" class=\"aligncenter size-full wp-image-308066\" src=\"https:\/\/www.tgrthaber.com\/mavikadin\/wp-content\/uploads\/2026\/03\/Kaan-Yilmaz-3.png\" alt=\"\" width=\"1208\" height=\"680\" title=\"\" srcset=\"https:\/\/www.tgrthaber.com\/mavikadin\/wp-content\/uploads\/2026\/03\/Kaan-Yilmaz-3.png 1208w, https:\/\/www.tgrthaber.com\/mavikadin\/wp-content\/uploads\/2026\/03\/Kaan-Yilmaz-3-300x169.png 300w, https:\/\/www.tgrthaber.com\/mavikadin\/wp-content\/uploads\/2026\/03\/Kaan-Yilmaz-3-1024x576.png 1024w, https:\/\/www.tgrthaber.com\/mavikadin\/wp-content\/uploads\/2026\/03\/Kaan-Yilmaz-3-768x432.png 768w\" sizes=\"(max-width: 1208px) 100vw, 1208px\" \/><\/p>\n<hr \/>\n<p>Yine de lisenin a\u011f\u0131r abisi havas\u0131ndaki Toygar, Ay\u015feg\u00fcl\u2019den bir an olsun vazge\u00e7meyerek y\u0131llar ge\u00e7tik\u00e7e izleyiciler taraf\u0131ndan daha \u00e7ok sahiplenildi. Dizide bu unutulmaz karakteri oynayan Kaan Y\u0131lmaz, Acemi Cad\u0131\u2019n\u0131n ard\u0131ndan ekranlardan uzakla\u015ft\u0131 ve adeta s\u0131rra kadem bast\u0131.<\/p>\n<p><img loading=\"lazy\" decoding=\"async\" class=\"aligncenter size-full wp-image-308067\" src=\"https:\/\/www.tgrthaber.com\/mavikadin\/wp-content\/uploads\/2026\/03\/Kaan-Yilmaz-4.png\" alt=\"\" width=\"1208\" height=\"680\" title=\"\" srcset=\"https:\/\/www.tgrthaber.com\/mavikadin\/wp-content\/uploads\/2026\/03\/Kaan-Yilmaz-4.png 1208w, https:\/\/www.tgrthaber.com\/mavikadin\/wp-content\/uploads\/2026\/03\/Kaan-Yilmaz-4-300x169.png 300w, https:\/\/www.tgrthaber.com\/mavikadin\/wp-content\/uploads\/2026\/03\/Kaan-Yilmaz-4-1024x576.png 1024w, https:\/\/www.tgrthaber.com\/mavikadin\/wp-content\/uploads\/2026\/03\/Kaan-Yilmaz-4-768x432.png 768w\" sizes=\"(max-width: 1208px) 100vw, 1208px\" \/><\/p>\n<hr \/>\n<h3>\u201cAH ZAMAN!\u201d<\/h3>\n<p>Y\u0131llar sonra ortaya \u00e7\u0131kan Kaan Y\u0131lmaz, uzun s\u00fcredir g\u00f6zlerden uzak bir hayat s\u00fcr\u00fcyordu. Murad Salahl\u0131\u2019ya verdi\u011fi \u00f6zel r\u00f6portajla g\u00fcndeme gelen oyuncunun son hali, k\u0131sa s\u00fcrede sosyal medyada b\u00fcy\u00fck ilgi g\u00f6rd\u00fc.<\/p>\n<p><img loading=\"lazy\" decoding=\"async\" class=\"aligncenter size-full wp-image-308070\" src=\"https:\/\/www.tgrthaber.com\/mavikadin\/wp-content\/uploads\/2026\/03\/Kaan-Yilmaz-8.png\" alt=\"\" width=\"1208\" height=\"680\" title=\"\" srcset=\"https:\/\/www.tgrthaber.com\/mavikadin\/wp-content\/uploads\/2026\/03\/Kaan-Yilmaz-8.png 1208w, https:\/\/www.tgrthaber.com\/mavikadin\/wp-content\/uploads\/2026\/03\/Kaan-Yilmaz-8-300x169.png 300w, https:\/\/www.tgrthaber.com\/mavikadin\/wp-content\/uploads\/2026\/03\/Kaan-Yilmaz-8-1024x576.png 1024w, https:\/\/www.tgrthaber.com\/mavikadin\/wp-content\/uploads\/2026\/03\/Kaan-Yilmaz-8-768x432.png 768w\" sizes=\"(max-width: 1208px) 100vw, 1208px\" \/><\/p>\n<hr \/>\n<p>Bir d\u00f6nemin sevilen karakterini \u00fcstlenen Kaan Y\u0131lmaz\u2019\u0131 y\u0131llar sonra g\u00f6renler \u015fa\u015fk\u0131nl\u0131klar\u0131n\u0131 gizleyemezken, sosyal medyada \u201cAh zaman!\u201d yorumlar\u0131 gecikmedi. Oyuncunun y\u0131llar sonraki g\u00f6r\u00fcnt\u00fcs\u00fc, izleyicilere adeta bir nostalji yolculu\u011fu ya\u015fatt\u0131.<\/p>\n","protected":false},"excerpt":{"rendered":"<p>Bir d\u00f6neme damgas\u0131n\u0131 vuran Acemi Cad\u0131 dizisinin unutulmaz karakterlerinden Toygar\u2019\u0131 canland\u0131ran Kaan Y\u0131lmaz, y\u0131llar sonra ilk kez g\u00f6r\u00fcnt\u00fclendi. Oyuncunun son hali, sosyal medyada adeta nostalji r\u00fczgar\u0131 estirdi.<\/p>\n","protected":false},"author":5,"featured_media":308071,"comment_status":"closed","ping_status":"closed","sticky":false,"template":"","format":"standard","meta":{"rank_math_lock_modified_date":false,"footnotes":""},"categories":[76],"tags":[39203,73236,133],"class_list":["post-308063","post","type-post","status-publish","format-standard","has-post-thumbnail","hentry","category-magazin","tag-acemi-cadi","tag-kaan-yilmaz","tag-magazin"],"_links":{"self":[{"href":"https:\/\/www.tgrthaber.com\/mavikadin\/wp-json\/wp\/v2\/posts\/308063"}],"collection":[{"href":"https:\/\/www.tgrthaber.com\/mavikadin\/wp-json\/wp\/v2\/posts"}],"about":[{"href":"https:\/\/www.tgrthaber.com\/mavikadin\/wp-json\/wp\/v2\/types\/post"}],"author":[{"embeddable":true,"href":"https:\/\/www.tgrthaber.com\/mavikadin\/wp-json\/wp\/v2\/users\/5"}],"replies":[{"embeddable":true,"href":"https:\/\/www.tgrthaber.com\/mavikadin\/wp-json\/wp\/v2\/comments?post=308063"}],"version-history":[{"count":2,"href":"https:\/\/www.tgrthaber.com\/mavikadin\/wp-json\/wp\/v2\/posts\/308063\/revisions"}],"predecessor-version":[{"id":308073,"href":"https:\/\/www.tgrthaber.com\/mavikadin\/wp-json\/wp\/v2\/posts\/308063\/revisions\/308073"}],"wp:featuredmedia":[{"embeddable":true,"href":"https:\/\/www.tgrthaber.com\/mavikadin\/wp-json\/wp\/v2\/media\/308071"}],"wp:attachment":[{"href":"https:\/\/www.tgrthaber.com\/mavikadin\/wp-json\/wp\/v2\/media?parent=308063"}],"wp:term":[{"taxonomy":"category","embeddable":true,"href":"https:\/\/www.tgrthaber.com\/mavikadin\/wp-json\/wp\/v2\/categories?post=308063"},{"taxonomy":"post_tag","embeddable":true,"href":"https:\/\/www.tgrthaber.com\/mavikadin\/wp-json\/wp\/v2\/tags?post=308063"}],"curies":[{"name":"wp","href":"https:\/\/api.w.org\/{rel}","templated":true}]}}