{"id":308074,"date":"2026-03-11T10:57:58","date_gmt":"2026-03-11T07:57:58","guid":{"rendered":"https:\/\/www.tgrthaber.com\/mavikadin\/?p=308074"},"modified":"2026-03-11T11:01:11","modified_gmt":"2026-03-11T08:01:11","slug":"derya-tuna-ibrahim-tatlisesi-ove-ove-bitiremedi-hakkini-yiyemem","status":"publish","type":"post","link":"https:\/\/www.tgrthaber.com\/mavikadin\/derya-tuna-ibrahim-tatlisesi-ove-ove-bitiremedi-hakkini-yiyemem\/","title":{"rendered":"Derya Tuna \u0130brahim Tatl\u0131ses&#8217;i \u00f6ve \u00f6ve bitiremedi! &#8220;Hakk\u0131n\u0131 yiyemem&#8221;"},"content":{"rendered":"<p>\u00dcnl\u00fc sanat\u00e7\u0131 \u0130brahim Tatl\u0131ses&#8217;in \u00e7ocuklar\u0131 Ahmet Tatl\u0131ses ile Dilan \u00c7\u0131tak Tatl\u0131ses aras\u0131nda uzun zamand\u0131r ya\u015fanan olaylar y\u00fcz\u00fcnden olu\u015fan gerginlik, magazin g\u00fcndeminde geni\u015f yank\u0131 uyand\u0131rd\u0131. Konuya dair bir a\u00e7\u0131klamada da y\u0131llar \u00f6nce Tatl\u0131ses&#8217;in hayat\u0131nda \u00f6nemli bir yer edinen eski hayat arkada\u015f\u0131 <a href=\"https:\/\/www.tgrthaber.com\/mavikadin\/derya-tunanin-aci-gunu-unlu-oyuncu-sosyal-medyasindan-duyurdu\/\">Derya Tuna<\/a>&#8216;dan geldi. Tuna&#8217;n\u0131n yapt\u0131\u011f\u0131 a\u00e7\u0131klamalarda \u00fcnl\u00fc t\u00fcrk\u00fcc\u00fc \u0130brahim Tatl\u0131ses&#8217;e destek vererek kulland\u0131\u011f\u0131 ifadeler g\u00fcndem oldu. \u0130\u015fte detaylar&#8230;<\/p>\n<h3>DERYA TUNA&#8217;DAN \u0130BRAH\u0130M TATLISES&#8217;E TAM DESTEK!<\/h3>\n<p>\u0130brahim Tatl\u0131ses, bir s\u00fcredir ailesinde ya\u015fad\u0131\u011f\u0131 krizle magazinde s\u0131k s\u0131k yer almaktad\u0131r. \u0130brahim Tatl\u0131ses&#8217;in ge\u00e7ti\u011fimiz g\u00fcnlerde Dilan \u00c7\u0131tak Tatl\u0131ses ve Ahmet Tatl\u0131ses\u2019le ilgili s\u00f6zleri tart\u0131\u015fman\u0131n fitilini ate\u015flemi\u015fti.<a href=\"https:\/\/www.tgrthaber.com\/mavikadin\/derya-tuna-kardesi-perihan-tuna-oba-kimdir-meslegi-nedir-kac-yasinda\/\"> Derya Tuna<\/a>, eski hayat arkada\u015f\u0131 \u0130brahim Tatl\u0131ses\u2019in o\u011flu Ahmet Tatl\u0131ses ve k\u0131z\u0131 Dilan \u00c7\u0131tak Tatl\u0131ses aras\u0131nda ya\u015fanan gerginlik hakk\u0131nda konu\u015ftu ilk kez.<\/p>\n<p><img loading=\"lazy\" decoding=\"async\" class=\"alignnone size-full wp-image-308098\" src=\"https:\/\/www.tgrthaber.com\/mavikadin\/wp-content\/uploads\/2026\/03\/Asli-2026-03-11T103421.611.png\" alt=\"\" width=\"1208\" height=\"680\" title=\"\" srcset=\"https:\/\/www.tgrthaber.com\/mavikadin\/wp-content\/uploads\/2026\/03\/Asli-2026-03-11T103421.611.png 1208w, https:\/\/www.tgrthaber.com\/mavikadin\/wp-content\/uploads\/2026\/03\/Asli-2026-03-11T103421.611-300x169.png 300w, https:\/\/www.tgrthaber.com\/mavikadin\/wp-content\/uploads\/2026\/03\/Asli-2026-03-11T103421.611-1024x576.png 1024w, https:\/\/www.tgrthaber.com\/mavikadin\/wp-content\/uploads\/2026\/03\/Asli-2026-03-11T103421.611-768x432.png 768w\" sizes=\"(max-width: 1208px) 100vw, 1208px\" \/><\/p>\n<hr \/>\n<p>Tatl\u0131ses\u2019le beraberli\u011finden o\u011flu \u0130do Tatl\u0131ses d\u00fcnyaya gelen Derya Tuna, &#8220;Ben olaylar\u0131n i\u00e7inde olmak istemiyorum. Hi\u00e7 konu\u015fmad\u0131m, konu\u015fmayaca\u011f\u0131m da. Hepimizin hatalar\u0131 var, ya\u015fa bakmaz. Sadece bar\u0131\u015f sa\u011flas\u0131nlar isterim. \u0130brahim Bey iyi bir baba onu s\u00f6ylemek isterim. Benimle bir sorun yok. \u0130n\u015fallah bar\u0131\u015f sa\u011flan\u0131r. Herkes iyi olsun. Dedi\u011fim gibi \u0130brahim Bey iyi bir baba, hakk\u0131n\u0131 yiyemem&#8221; ifadelerinde bulundu.<\/p>\n<p><img loading=\"lazy\" decoding=\"async\" class=\"alignnone size-full wp-image-308099\" src=\"https:\/\/www.tgrthaber.com\/mavikadin\/wp-content\/uploads\/2026\/03\/Asli-2026-03-11T103449.622.png\" alt=\"\" width=\"1208\" height=\"680\" title=\"\" srcset=\"https:\/\/www.tgrthaber.com\/mavikadin\/wp-content\/uploads\/2026\/03\/Asli-2026-03-11T103449.622.png 1208w, https:\/\/www.tgrthaber.com\/mavikadin\/wp-content\/uploads\/2026\/03\/Asli-2026-03-11T103449.622-300x169.png 300w, https:\/\/www.tgrthaber.com\/mavikadin\/wp-content\/uploads\/2026\/03\/Asli-2026-03-11T103449.622-1024x576.png 1024w, https:\/\/www.tgrthaber.com\/mavikadin\/wp-content\/uploads\/2026\/03\/Asli-2026-03-11T103449.622-768x432.png 768w\" sizes=\"(max-width: 1208px) 100vw, 1208px\" \/><\/p>\n<hr \/>\n<h3>\u0130BRAH\u0130M TATLISES \u00c7OCUKLARIYLA M\u0130RAS TARTI\u015eMALARI<\/h3>\n<p>Ahmet Tatl\u0131ses en son kat\u0131ld\u0131\u011f\u0131 bir programda, &#8220;Babam \u2018Okul senin neyine\u2019 deyip 14 ya\u015f\u0131mda belime silah koyan, 16 ya\u015f\u0131mda ilk icraat\u0131m\u0131 yapt\u0131ran adamd\u0131r. Beni vurdurtmak i\u00e7in tetik\u00e7i tuttu, kabaday\u0131 aleminden adamlar g\u00f6nderdi&#8221; a\u00e7\u0131klamas\u0131n\u0131 yapm\u0131\u015ft\u0131.<\/p>\n<p><img loading=\"lazy\" decoding=\"async\" class=\"alignnone size-full wp-image-308100\" src=\"https:\/\/www.tgrthaber.com\/mavikadin\/wp-content\/uploads\/2026\/03\/Asli-2026-03-11T103322.023.png\" alt=\"\" width=\"1208\" height=\"680\" title=\"\" srcset=\"https:\/\/www.tgrthaber.com\/mavikadin\/wp-content\/uploads\/2026\/03\/Asli-2026-03-11T103322.023.png 1208w, https:\/\/www.tgrthaber.com\/mavikadin\/wp-content\/uploads\/2026\/03\/Asli-2026-03-11T103322.023-300x169.png 300w, https:\/\/www.tgrthaber.com\/mavikadin\/wp-content\/uploads\/2026\/03\/Asli-2026-03-11T103322.023-1024x576.png 1024w, https:\/\/www.tgrthaber.com\/mavikadin\/wp-content\/uploads\/2026\/03\/Asli-2026-03-11T103322.023-768x432.png 768w\" sizes=\"(max-width: 1208px) 100vw, 1208px\" \/><\/p>\n<hr \/>\n<p>2 \u00e7ocu\u011fuyla da uzun s\u00fcredir konu\u015fmayan Tatl\u0131ses, &#8220;Nefret ediyorum o\u011flum senden nefret! S\u0131k\u0131\u015ft\u0131\u011f\u0131 zaman, &#8216;\u0130brahim Tatl\u0131ses&#8217;in k\u0131z\u0131y\u0131m&#8217;, s\u0131k\u0131\u015fmad\u0131\u011f\u0131 zaman beni tan\u0131m\u0131yor&#8221; ifadeleriyle k\u0131zg\u0131nl\u0131\u011f\u0131n\u0131 bir kez daha ortaya koymu\u015ftu. \u0130mparator ayn\u0131 zamanda pi\u015fmanl\u0131\u011f\u0131n\u0131 da dile getirerek, &#8220;Ke\u015fke \u0130do ve Melek gibi 5 evlad\u0131m olsayd\u0131&#8221; demi\u015fti. \u00dcnl\u00fc t\u00fcrk\u00fcc\u00fc ayr\u0131ca bir program\u0131nda da iki \u00e7ocu\u011funa miras b\u0131rakmayaca\u011f\u0131n\u0131 s\u00f6yledi:<\/p>\n<p>&#8220;Dilan&#8217;a da, Ahmet&#8217;e de bir kuru\u015f b\u0131rak\u0131rsam Allah beni toprak etsin. Sandalye bile b\u0131rakmayaca\u011f\u0131m. Lay\u0131k de\u011filler \u00e7\u00fcnk\u00fc.&#8221;<\/p>\n<p>Tatl\u0131ses&#8217;in miras a\u00e7\u0131klamas\u0131 sonras\u0131 merakla g\u00f6zler \u00e7ocuklar\u0131 Dilan \u00c7\u0131tak ve Ahmet Tatl\u0131ses&#8217;e \u00e7evrildi. Konuya ili\u015fkin konu\u015fan Dilan \u00c7\u0131tak, &#8220;Hi\u00e7bir zaman \u0130brahim Tatl\u0131ses&#8217;in k\u0131z\u0131 olmaktan gurur duymad\u0131m. Mirastan vazge\u00e7meyece\u011fim&#8221; demi\u015fti. Ahmet Tatl\u0131ses ise dikkat \u00e7eken s\u00f6zler sarf etti. Babas\u0131n\u0131n son a\u00e7\u0131klamalar\u0131n\u0131 de\u011ferlendiren Tatl\u0131ses, &#8220;Demans ba\u015flang\u0131c\u0131 olabilir, ya\u015fanan unutkanl\u0131k durumlar\u0131 bunun g\u00f6stergesi olabilir&#8221; ifadelerini kullanm\u0131\u015ft\u0131.<\/p>\n<p><img loading=\"lazy\" decoding=\"async\" class=\"alignnone size-full wp-image-308101\" src=\"https:\/\/www.tgrthaber.com\/mavikadin\/wp-content\/uploads\/2026\/03\/Asli-2026-03-11T103405.338.png\" alt=\"\" width=\"1208\" height=\"680\" title=\"\" srcset=\"https:\/\/www.tgrthaber.com\/mavikadin\/wp-content\/uploads\/2026\/03\/Asli-2026-03-11T103405.338.png 1208w, https:\/\/www.tgrthaber.com\/mavikadin\/wp-content\/uploads\/2026\/03\/Asli-2026-03-11T103405.338-300x169.png 300w, https:\/\/www.tgrthaber.com\/mavikadin\/wp-content\/uploads\/2026\/03\/Asli-2026-03-11T103405.338-1024x576.png 1024w, https:\/\/www.tgrthaber.com\/mavikadin\/wp-content\/uploads\/2026\/03\/Asli-2026-03-11T103405.338-768x432.png 768w\" sizes=\"(max-width: 1208px) 100vw, 1208px\" \/><\/p>\n<hr \/>\n<h3>\u0130BRAH\u0130M TATLISES DOLANDIRICILIK KURBANI OLDU<\/h3>\n<p>\u00dcnl\u00fc sanat\u00e7\u0131, \u0130stanbul&#8217;dan ayr\u0131larak Ege kentine yerle\u015fme s\u00fcrecini ve bu s\u00fcre\u00e7te ya\u015fad\u0131\u011f\u0131 hayal k\u0131r\u0131kl\u0131klar\u0131n\u0131 a\u00e7\u0131klam\u0131\u015ft\u0131. Yakla\u015f\u0131k 4 milyon dolarl\u0131k bir doland\u0131r\u0131c\u0131l\u0131\u011f\u0131n kurban\u0131 oldu\u011funu s\u00f6yleyen sanat\u00e7\u0131, &#8220;Merhametliyim ama vicdan\u0131m baz\u0131 \u015feylere izin vermiyor&#8221; ifadelerinde bulunarak \u00fcz\u00fcnt\u00fcs\u00fcn\u00fc aktarm\u0131\u015ft\u0131.<\/p>\n<p><img loading=\"lazy\" decoding=\"async\" class=\"alignnone size-full wp-image-308102\" src=\"https:\/\/www.tgrthaber.com\/mavikadin\/wp-content\/uploads\/2026\/03\/Asli-2026-03-11T105229.549.png\" alt=\"\" width=\"1208\" height=\"680\" title=\"\" srcset=\"https:\/\/www.tgrthaber.com\/mavikadin\/wp-content\/uploads\/2026\/03\/Asli-2026-03-11T105229.549.png 1208w, https:\/\/www.tgrthaber.com\/mavikadin\/wp-content\/uploads\/2026\/03\/Asli-2026-03-11T105229.549-300x169.png 300w, https:\/\/www.tgrthaber.com\/mavikadin\/wp-content\/uploads\/2026\/03\/Asli-2026-03-11T105229.549-1024x576.png 1024w, https:\/\/www.tgrthaber.com\/mavikadin\/wp-content\/uploads\/2026\/03\/Asli-2026-03-11T105229.549-768x432.png 768w\" sizes=\"(max-width: 1208px) 100vw, 1208px\" \/><\/p>\n<p>Aile i\u00e7i ili\u015fkilerde ya\u015fad\u0131\u011f\u0131 k\u0131rg\u0131nl\u0131klara da de\u011finen Tatl\u0131ses, en yak\u0131n \u00e7evresinden beklemedi\u011fi davran\u0131\u015flarla kar\u015f\u0131la\u015ft\u0131\u011f\u0131n\u0131 s\u00f6yleyerek, &#8220;Akraban\u0131n akrabaya etti\u011fini akrep bile etmezmi\u015f&#8221; demi\u015fti.<\/p>\n","protected":false},"excerpt":{"rendered":"<p>\u00dcnl\u00fc sanat\u00e7\u0131 \u0130brahim Tatl\u0131ses&#8217;in \u00e7ocuklar\u0131 Ahmet Tatl\u0131ses ile Dilan \u00c7\u0131tak Tatl\u0131ses aras\u0131nda ya\u015fanan gerginlik g\u00fcndemdeki yerini korurken, konuya Tatl\u0131ses&#8217;in eski hayat arkada\u015f\u0131 Derya Tuna da dahil oldu. Tuna, yapt\u0131\u011f\u0131 a\u00e7\u0131klamada \u0130brahim Tatl\u0131ses&#8217;i \u00f6ve \u00f6ve bitirememesi dikkat \u00e7ekti.<\/p>\n","protected":false},"author":37,"featured_media":308097,"comment_status":"closed","ping_status":"closed","sticky":false,"template":"","format":"standard","meta":{"rank_math_lock_modified_date":false,"footnotes":""},"categories":[76],"tags":[16999,3784,2640,133,511],"class_list":["post-308074","post","type-post","status-publish","format-standard","has-post-thumbnail","hentry","category-magazin","tag-ahmet-tatlises","tag-derya-tuna","tag-ibrahim-tatlises","tag-magazin","tag-tatlises"],"_links":{"self":[{"href":"https:\/\/www.tgrthaber.com\/mavikadin\/wp-json\/wp\/v2\/posts\/308074"}],"collection":[{"href":"https:\/\/www.tgrthaber.com\/mavikadin\/wp-json\/wp\/v2\/posts"}],"about":[{"href":"https:\/\/www.tgrthaber.com\/mavikadin\/wp-json\/wp\/v2\/types\/post"}],"author":[{"embeddable":true,"href":"https:\/\/www.tgrthaber.com\/mavikadin\/wp-json\/wp\/v2\/users\/37"}],"replies":[{"embeddable":true,"href":"https:\/\/www.tgrthaber.com\/mavikadin\/wp-json\/wp\/v2\/comments?post=308074"}],"version-history":[{"count":4,"href":"https:\/\/www.tgrthaber.com\/mavikadin\/wp-json\/wp\/v2\/posts\/308074\/revisions"}],"predecessor-version":[{"id":308110,"href":"https:\/\/www.tgrthaber.com\/mavikadin\/wp-json\/wp\/v2\/posts\/308074\/revisions\/308110"}],"wp:featuredmedia":[{"embeddable":true,"href":"https:\/\/www.tgrthaber.com\/mavikadin\/wp-json\/wp\/v2\/media\/308097"}],"wp:attachment":[{"href":"https:\/\/www.tgrthaber.com\/mavikadin\/wp-json\/wp\/v2\/media?parent=308074"}],"wp:term":[{"taxonomy":"category","embeddable":true,"href":"https:\/\/www.tgrthaber.com\/mavikadin\/wp-json\/wp\/v2\/categories?post=308074"},{"taxonomy":"post_tag","embeddable":true,"href":"https:\/\/www.tgrthaber.com\/mavikadin\/wp-json\/wp\/v2\/tags?post=308074"}],"curies":[{"name":"wp","href":"https:\/\/api.w.org\/{rel}","templated":true}]}}