{"id":308076,"date":"2026-03-11T09:39:15","date_gmt":"2026-03-11T06:39:15","guid":{"rendered":"https:\/\/www.tgrthaber.com\/mavikadin\/?p=308076"},"modified":"2026-03-11T09:40:14","modified_gmt":"2026-03-11T06:40:14","slug":"hulya-diken-hulya-avsarin-gencligini-oynuyor-ayni-yagmur-altinda-tam-gaz-devam-ediyor","status":"publish","type":"post","link":"https:\/\/www.tgrthaber.com\/mavikadin\/hulya-diken-hulya-avsarin-gencligini-oynuyor-ayni-yagmur-altinda-tam-gaz-devam-ediyor\/","title":{"rendered":"H\u00fclya Diken H\u00fclya Av\u015far\u2019\u0131n gen\u00e7li\u011fini oynuyor! Ayn\u0131 Ya\u011fmur Alt\u0131nda tam gaz devam ediyor"},"content":{"rendered":"<p>Baba Yap\u0131m\u2019\u0131n imzas\u0131n\u0131 ta\u015f\u0131yan \u201cAyn\u0131 Ya\u011fmur Alt\u0131nda\u201d, pazar ak\u015famlar\u0131 izleyicisiyle bulu\u015fuyor. Dizinin yeni b\u00f6l\u00fcm\u00fcnde ise izleyiciler, H\u00fclya Av\u015far\u2019\u0131n oynad\u0131\u011f\u0131 Fazilet karakterinin ge\u00e7mi\u015fine \u0131\u015f\u0131k tutan sahnelerle kar\u015f\u0131la\u015facak. Bu sahnelerde Fazilet\u2019in gen\u00e7li\u011fini ise <a href=\"https:\/\/www.tgrthaber.com\/mavikadin\/ayni-yagmur-altinda-korayin-annesi-tulin-karanoglu-kimdir-mine-cayiroglu-kimdir-hangi-dizilerde-oynadi\/\">H\u00fclya Diken<\/a> oynayacak.<\/p>\n<h3>H\u00dcLYA D\u0130KEN H\u00dcLYA AV\u015eAR\u2019IN GEN\u00c7L\u0130\u011e\u0130N\u0130 OYNUYOR<\/h3>\n<p><a href=\"https:\/\/www.tgrthaber.com\/mavikadin\/ayni-yagmur-altinda-dizisi-humeyra-kim-ayni-yagmur-altinda-humeyrayi-kim-oynuyor\/\">H\u00fclya Diken<\/a>\u2019in oynad\u0131\u011f\u0131 sahneler, Fazilet\u2019in gen\u00e7lik y\u0131llar\u0131ndaki hayat\u0131na \u0131\u015f\u0131k tutarken, karakterin ge\u00e7mi\u015fte ya\u015fad\u0131\u011f\u0131 olaylar\u0131n g\u00fcn\u00fcm\u00fczdeki hik\u00e2yeye etkilerini de g\u00f6zler \u00f6n\u00fcne seriyor. \u00d6zellikle dizinin merakla beklenen bu sahneleri, hem g\u00f6rselli\u011fi hem de oyunculuk performans\u0131yla sosyal medyada k\u0131sa s\u00fcrede g\u00fcndem oldu.<\/p>\n<p><img loading=\"lazy\" decoding=\"async\" class=\"aligncenter size-full wp-image-308077\" src=\"https:\/\/www.tgrthaber.com\/mavikadin\/wp-content\/uploads\/2026\/03\/Hulya-Diken-3.jpg\" alt=\"\" width=\"759\" height=\"1012\" title=\"\" srcset=\"https:\/\/www.tgrthaber.com\/mavikadin\/wp-content\/uploads\/2026\/03\/Hulya-Diken-3.jpg 759w, https:\/\/www.tgrthaber.com\/mavikadin\/wp-content\/uploads\/2026\/03\/Hulya-Diken-3-225x300.jpg 225w\" sizes=\"(max-width: 759px) 100vw, 759px\" \/><\/p>\n<hr \/>\n<h3>ADINI H\u00dcLYA AV\u015eAR\u2019DAN ALDI<\/h3>\n<p>H\u00fclya Diken, ad\u0131n\u0131n H\u00fclya Av\u015far\u2019dan geldi\u011fini a\u00e7\u0131klad\u0131. Diken, babas\u0131n\u0131n Av\u015far\u2019a olan hayranl\u0131\u011f\u0131 nedeniyle kendisine bu ismi verdi\u011fini belirtti. Bu nedenle dizide Av\u015far\u2019\u0131n gen\u00e7li\u011fini oynamas\u0131n\u0131n kendisi i\u00e7in \u00f6zel bir anlam ta\u015f\u0131d\u0131\u011f\u0131n\u0131 ifade etti.<\/p>\n<p><img loading=\"lazy\" decoding=\"async\" class=\"aligncenter size-full wp-image-308078\" src=\"https:\/\/www.tgrthaber.com\/mavikadin\/wp-content\/uploads\/2026\/03\/Hulya-Diken-10.jpg\" alt=\"\" width=\"1080\" height=\"1440\" title=\"\" srcset=\"https:\/\/www.tgrthaber.com\/mavikadin\/wp-content\/uploads\/2026\/03\/Hulya-Diken-10.jpg 1080w, https:\/\/www.tgrthaber.com\/mavikadin\/wp-content\/uploads\/2026\/03\/Hulya-Diken-10-225x300.jpg 225w, https:\/\/www.tgrthaber.com\/mavikadin\/wp-content\/uploads\/2026\/03\/Hulya-Diken-10-768x1024.jpg 768w\" sizes=\"(max-width: 1080px) 100vw, 1080px\" \/><\/p>\n<hr \/>\n<p>\u201cFazilet\u201din gen\u00e7li\u011fine ait sahnelerde ba\u015f\u0131n\u0131n a\u00e7\u0131k oldu\u011fu g\u00f6r\u00fcnt\u00fcler, hem karakterin ge\u00e7mi\u015fine dair ipu\u00e7lar\u0131 veriyor hem de H\u00fclya Diken\u2019in oyunculuk yetene\u011fini sergilemesine olanak tan\u0131yor.<\/p>\n<p><img loading=\"lazy\" decoding=\"async\" class=\"aligncenter size-full wp-image-308079\" src=\"https:\/\/www.tgrthaber.com\/mavikadin\/wp-content\/uploads\/2026\/03\/Hulya-Avsar.jpg\" alt=\"\" width=\"820\" height=\"547\" title=\"\" srcset=\"https:\/\/www.tgrthaber.com\/mavikadin\/wp-content\/uploads\/2026\/03\/Hulya-Avsar.jpg 820w, https:\/\/www.tgrthaber.com\/mavikadin\/wp-content\/uploads\/2026\/03\/Hulya-Avsar-300x200.jpg 300w, https:\/\/www.tgrthaber.com\/mavikadin\/wp-content\/uploads\/2026\/03\/Hulya-Avsar-768x512.jpg 768w\" sizes=\"(max-width: 820px) 100vw, 820px\" \/><\/p>\n<hr \/>\n<h3>H\u00dcLYA D\u0130KEN\u2019\u0130N KAR\u0130YER\u0130NDE YEN\u0130 B\u0130R ADIM<\/h3>\n<p>Daha \u00f6nce \u201cElif Ana\u201d, \u201c3310\u2019dan Birimlere\u201d ve \u0130ran\u2019da \u00e7ekti\u011fi \u201cH\u00fclya\u201d filmiyle ad\u0131ndan s\u00f6z ettiren H\u00fclya Diken, kariyerine bir ba\u015fka \u00f6nemli projeyle devam ediyor. Diken, gen\u00e7 ya\u015f\u0131na ra\u011fmen farkl\u0131 yap\u0131mlarda ald\u0131\u011f\u0131 rollerle dikkat \u00e7ekiyor ve \u00f6zellikle dram t\u00fcr\u00fcnde g\u00fc\u00e7l\u00fc performans sergilemesiyle tan\u0131n\u0131yor.<\/p>\n<p><img loading=\"lazy\" decoding=\"async\" class=\"aligncenter size-full wp-image-308080\" src=\"https:\/\/www.tgrthaber.com\/mavikadin\/wp-content\/uploads\/2026\/03\/Hulya-Diken-6.jpg\" alt=\"\" width=\"1080\" height=\"1440\" title=\"\" srcset=\"https:\/\/www.tgrthaber.com\/mavikadin\/wp-content\/uploads\/2026\/03\/Hulya-Diken-6.jpg 1080w, https:\/\/www.tgrthaber.com\/mavikadin\/wp-content\/uploads\/2026\/03\/Hulya-Diken-6-225x300.jpg 225w, https:\/\/www.tgrthaber.com\/mavikadin\/wp-content\/uploads\/2026\/03\/Hulya-Diken-6-768x1024.jpg 768w\" sizes=\"(max-width: 1080px) 100vw, 1080px\" \/><\/p>\n<hr \/>\n<p>Diken\u2019in H\u00fclya Av\u015far\u2019\u0131n gen\u00e7li\u011fini oynamas\u0131, hem izleyiciler i\u00e7in merak uyand\u0131ran bir detay hem de oyuncu i\u00e7in kariyerinde \u00f6zel bir d\u00f6n\u00fcm noktas\u0131 olarak g\u00f6r\u00fcl\u00fcyor. Dizinin ilerleyen b\u00f6l\u00fcmlerinde, Fazilet\u2019in ge\u00e7mi\u015fte ya\u015fad\u0131\u011f\u0131 olaylar\u0131n karakterin bug\u00fcnk\u00fc hayat\u0131na nas\u0131l yans\u0131d\u0131\u011f\u0131, izleyiciyle bulu\u015fturulacak.<\/p>\n<p><img loading=\"lazy\" decoding=\"async\" class=\"aligncenter size-full wp-image-308081\" src=\"https:\/\/www.tgrthaber.com\/mavikadin\/wp-content\/uploads\/2026\/03\/Hulya-Diken-9.jpg\" alt=\"\" width=\"1024\" height=\"513\" title=\"\" srcset=\"https:\/\/www.tgrthaber.com\/mavikadin\/wp-content\/uploads\/2026\/03\/Hulya-Diken-9.jpg 1024w, https:\/\/www.tgrthaber.com\/mavikadin\/wp-content\/uploads\/2026\/03\/Hulya-Diken-9-300x150.jpg 300w, https:\/\/www.tgrthaber.com\/mavikadin\/wp-content\/uploads\/2026\/03\/Hulya-Diken-9-768x385.jpg 768w\" sizes=\"(max-width: 1024px) 100vw, 1024px\" \/><\/p>\n<hr \/>\n<h3>\u0130ZLEY\u0130C\u0130LERDEN \u0130LG\u0130 B\u00dcY\u00dcK<\/h3>\n<p>Dizinin yeni b\u00f6l\u00fcm fragmanlar\u0131 yay\u0131nland\u0131\u011f\u0131ndan beri sosyal medya platformlar\u0131nda b\u00fcy\u00fck ilgi g\u00f6rd\u00fc. H\u00fclya Diken\u2019in performans\u0131, dizinin hem eski hem de yeni izleyicileri taraf\u0131ndan be\u011feniyle kar\u015f\u0131land\u0131. \u0130zleyiciler, \u00f6zellikle karakterin gen\u00e7lik sahnelerindeki duygu yo\u011funlu\u011funu ve oyuncunun do\u011fal performans\u0131n\u0131 \u00f6vg\u00fcyle yorumlad\u0131.<\/p>\n<p><img loading=\"lazy\" decoding=\"async\" class=\"aligncenter size-full wp-image-308082\" src=\"https:\/\/www.tgrthaber.com\/mavikadin\/wp-content\/uploads\/2026\/03\/Hulya-Diken-5.jpg\" alt=\"\" width=\"1066\" height=\"1421\" title=\"\" srcset=\"https:\/\/www.tgrthaber.com\/mavikadin\/wp-content\/uploads\/2026\/03\/Hulya-Diken-5.jpg 1066w, https:\/\/www.tgrthaber.com\/mavikadin\/wp-content\/uploads\/2026\/03\/Hulya-Diken-5-225x300.jpg 225w, https:\/\/www.tgrthaber.com\/mavikadin\/wp-content\/uploads\/2026\/03\/Hulya-Diken-5-768x1024.jpg 768w\" sizes=\"(max-width: 1066px) 100vw, 1066px\" \/><\/p>\n<hr \/>\n<p>\u201cAyn\u0131 Ya\u011fmur Alt\u0131nda\u201d, gen\u00e7lik sahneleri ve karakter derinli\u011fiyle dram severlerin ilgisini \u00e7ekmeye devam ediyor. H\u00fclya Diken\u2019in H\u00fclya Av\u015far rol\u00fcne hayat vermesi, dizinin \u00f6n\u00fcm\u00fczdeki b\u00f6l\u00fcmlerine dair beklentiyi art\u0131ran \u00f6nemli bir detay olarak \u00f6ne \u00e7\u0131k\u0131yor.<\/p>\n","protected":false},"excerpt":{"rendered":"<p>Baba Yap\u0131m imzal\u0131 \u201cAyn\u0131 Ya\u011fmur Alt\u0131nda\u201d dizisi, pazar ak\u015famlar\u0131 izleyicisiyle bulu\u015fmaya devam ediyor. Dizinin yeni b\u00f6l\u00fcm\u00fcnde izleyiciler, H\u00fclya Av\u015far\u2019\u0131n oynad\u0131\u011f\u0131 Fazilet karakterinin ge\u00e7mi\u015f y\u0131llar\u0131na tan\u0131kl\u0131k edecek. Bu \u00f6zel sahnelerde Av\u015far\u2019\u0131n gen\u00e7li\u011fini H\u00fclya Diken oynuyor.<\/p>\n","protected":false},"author":5,"featured_media":308083,"comment_status":"closed","ping_status":"closed","sticky":false,"template":"","format":"standard","meta":{"rank_math_lock_modified_date":false,"footnotes":""},"categories":[602],"tags":[68374,3602,271,73237],"class_list":["post-308076","post","type-post","status-publish","format-standard","has-post-thumbnail","hentry","category-diziler","tag-ayni-yagmur-altinda","tag-diziler","tag-hulya-avsar","tag-hulya-diken"],"_links":{"self":[{"href":"https:\/\/www.tgrthaber.com\/mavikadin\/wp-json\/wp\/v2\/posts\/308076"}],"collection":[{"href":"https:\/\/www.tgrthaber.com\/mavikadin\/wp-json\/wp\/v2\/posts"}],"about":[{"href":"https:\/\/www.tgrthaber.com\/mavikadin\/wp-json\/wp\/v2\/types\/post"}],"author":[{"embeddable":true,"href":"https:\/\/www.tgrthaber.com\/mavikadin\/wp-json\/wp\/v2\/users\/5"}],"replies":[{"embeddable":true,"href":"https:\/\/www.tgrthaber.com\/mavikadin\/wp-json\/wp\/v2\/comments?post=308076"}],"version-history":[{"count":2,"href":"https:\/\/www.tgrthaber.com\/mavikadin\/wp-json\/wp\/v2\/posts\/308076\/revisions"}],"predecessor-version":[{"id":308085,"href":"https:\/\/www.tgrthaber.com\/mavikadin\/wp-json\/wp\/v2\/posts\/308076\/revisions\/308085"}],"wp:featuredmedia":[{"embeddable":true,"href":"https:\/\/www.tgrthaber.com\/mavikadin\/wp-json\/wp\/v2\/media\/308083"}],"wp:attachment":[{"href":"https:\/\/www.tgrthaber.com\/mavikadin\/wp-json\/wp\/v2\/media?parent=308076"}],"wp:term":[{"taxonomy":"category","embeddable":true,"href":"https:\/\/www.tgrthaber.com\/mavikadin\/wp-json\/wp\/v2\/categories?post=308076"},{"taxonomy":"post_tag","embeddable":true,"href":"https:\/\/www.tgrthaber.com\/mavikadin\/wp-json\/wp\/v2\/tags?post=308076"}],"curies":[{"name":"wp","href":"https:\/\/api.w.org\/{rel}","templated":true}]}}