{"id":308086,"date":"2026-03-11T10:00:31","date_gmt":"2026-03-11T07:00:31","guid":{"rendered":"https:\/\/www.tgrthaber.com\/mavikadin\/?p=308086"},"modified":"2026-03-11T10:00:32","modified_gmt":"2026-03-11T07:00:32","slug":"orhan-kaynak-esi-kimdir-orhan-kaynak-cocuklari-var-miydi","status":"publish","type":"post","link":"https:\/\/www.tgrthaber.com\/mavikadin\/orhan-kaynak-esi-kimdir-orhan-kaynak-cocuklari-var-miydi\/","title":{"rendered":"Orhan Kaynak e\u015fi kimdir? Orhan Kaynak \u00e7ocuklar\u0131 var m\u0131yd\u0131?"},"content":{"rendered":"<p>Spor severlerin merakla ara\u015ft\u0131rd\u0131\u011f\u0131 isimlerden biri olan Orhan Kaynak, \u00f6zel hayat\u0131yla merak edildi. \u00d6zellikle de e\u015fi ve \u00e7ocuklar\u0131yla en \u00e7ok arat\u0131lan isimler aras\u0131nda yer ald\u0131. Peki, Orhan Kaynak e\u015fi kimdir? Orhan Kaynak \u00e7ocuklar\u0131 var m\u0131yd\u0131? sorular\u0131n\u0131 sizin i\u00e7in ara\u015ft\u0131rd\u0131k. \u0130\u015fte detaylar\u2026<\/p>\n<h3>ORHAN KAYNAK E\u015e\u0130 K\u0130MD\u0130R?<\/h3>\n<p>Orhan Kaynak, 1 Mart 1970 y\u0131l\u0131nda Adana\u2019n\u0131n Ceyhan il\u00e7esinde d\u00fcnyaya geldi. Sekiz ki\u015filik ailenin en k\u00fc\u00e7\u00fc\u011f\u00fc olan Orhan Kaynak, futbol hayat\u0131yla b\u00fcy\u00fcm\u00fc\u015f ve t\u00fcm ya\u015fam\u0131n\u0131 futbol sahalar\u0131nda geli\u015ftirmi\u015ftir.<\/p>\n<p><img loading=\"lazy\" decoding=\"async\" class=\"alignnone size-full wp-image-308093\" src=\"https:\/\/www.tgrthaber.com\/mavikadin\/wp-content\/uploads\/2026\/03\/ARZU-33-1.jpg\" alt=\"Orhan Kaynak e\u015fi kimdir? Orhan Kaynak \u00e7ocuklar\u0131 var m\u0131yd\u0131?\" width=\"1208\" height=\"680\" title=\"\" srcset=\"https:\/\/www.tgrthaber.com\/mavikadin\/wp-content\/uploads\/2026\/03\/ARZU-33-1.jpg 1208w, https:\/\/www.tgrthaber.com\/mavikadin\/wp-content\/uploads\/2026\/03\/ARZU-33-1-300x169.jpg 300w, https:\/\/www.tgrthaber.com\/mavikadin\/wp-content\/uploads\/2026\/03\/ARZU-33-1-1024x576.jpg 1024w, https:\/\/www.tgrthaber.com\/mavikadin\/wp-content\/uploads\/2026\/03\/ARZU-33-1-768x432.jpg 768w\" sizes=\"(max-width: 1208px) 100vw, 1208px\" \/><\/p>\n<hr \/>\n<p>Futbol sadece onun de\u011fil ailesinin de hayat\u0131n\u0131 de\u011fi\u015ftirmi\u015ftir. Trabzonspor\u2019da oynad\u0131\u011f\u0131 d\u00f6nemlerde \u2018K\u00fc\u00e7\u00fck Orhan\u2019 lakab\u0131yla an\u0131lm\u0131\u015f ve kariyerinin sonuna kadar bu isimle bilinmektedir. Futbol kariyeriyle adeta dikkatleri hep \u00fczerine \u00e7eken Orhan Kaynak, T\u00fcrk futbolunda en dikkat \u00e7eken forvetlerden biri oldu\u011fu bilinmektedir.<\/p>\n<p><img loading=\"lazy\" decoding=\"async\" class=\"alignnone size-full wp-image-308092\" src=\"https:\/\/www.tgrthaber.com\/mavikadin\/wp-content\/uploads\/2026\/03\/ARZU-34.jpg\" alt=\"Orhan Kaynak e\u015fi kimdir? Orhan Kaynak \u00e7ocuklar\u0131 var m\u0131yd\u0131?\" width=\"1208\" height=\"680\" title=\"\" srcset=\"https:\/\/www.tgrthaber.com\/mavikadin\/wp-content\/uploads\/2026\/03\/ARZU-34.jpg 1208w, https:\/\/www.tgrthaber.com\/mavikadin\/wp-content\/uploads\/2026\/03\/ARZU-34-300x169.jpg 300w, https:\/\/www.tgrthaber.com\/mavikadin\/wp-content\/uploads\/2026\/03\/ARZU-34-1024x576.jpg 1024w, https:\/\/www.tgrthaber.com\/mavikadin\/wp-content\/uploads\/2026\/03\/ARZU-34-768x432.jpg 768w\" sizes=\"(max-width: 1208px) 100vw, 1208px\" \/><\/p>\n<hr \/>\n<p>Ablas\u0131 ve abisinin d\u0131\u015f\u0131nda t\u00fcm karde\u015fleri kendisi gibi futbolcudur. Adana\u2019n\u0131n sevilen futbolcular\u0131ndan olan Orhan Kaynak ve ailesi spor camias\u0131n\u0131n da en \u00e7ok dikkat \u00e7eken ki\u015filerinden olmu\u015ftur.<\/p>\n<p><img loading=\"lazy\" decoding=\"async\" class=\"alignnone size-full wp-image-308091\" src=\"https:\/\/www.tgrthaber.com\/mavikadin\/wp-content\/uploads\/2026\/03\/ARZU-35.jpg\" alt=\"Orhan Kaynak e\u015fi kimdir? Orhan Kaynak \u00e7ocuklar\u0131 var m\u0131yd\u0131?\" width=\"1208\" height=\"680\" title=\"\" srcset=\"https:\/\/www.tgrthaber.com\/mavikadin\/wp-content\/uploads\/2026\/03\/ARZU-35.jpg 1208w, https:\/\/www.tgrthaber.com\/mavikadin\/wp-content\/uploads\/2026\/03\/ARZU-35-300x169.jpg 300w, https:\/\/www.tgrthaber.com\/mavikadin\/wp-content\/uploads\/2026\/03\/ARZU-35-1024x576.jpg 1024w, https:\/\/www.tgrthaber.com\/mavikadin\/wp-content\/uploads\/2026\/03\/ARZU-35-768x432.jpg 768w\" sizes=\"(max-width: 1208px) 100vw, 1208px\" \/><\/p>\n<hr \/>\n<p>Ba\u015far\u0131l\u0131 futbolcu Orhan Kaynak, edinilen son bilgilere g\u00f6re, 56 ya\u015f\u0131nda hayat\u0131n\u0131 kaybetti. Trabzonspor\u2019dan gelen a\u00e7\u0131klamalar ile spor camias\u0131n\u0131 derinden \u00fczen Orhan Kaynak, \u00f6zel hayat\u0131yla ara\u015ft\u0131r\u0131lmaya ba\u015fland\u0131. Orhan Kaynak\u2019\u0131n e\u015fi en \u00e7ok merak edilen konulardan biri oldu.<\/p>\n<p><img loading=\"lazy\" decoding=\"async\" class=\"alignnone size-full wp-image-308089\" src=\"https:\/\/www.tgrthaber.com\/mavikadin\/wp-content\/uploads\/2026\/03\/ARZU-37-1.jpg\" alt=\"Orhan Kaynak e\u015fi kimdir? Orhan Kaynak \u00e7ocuklar\u0131 var m\u0131yd\u0131?\" width=\"1208\" height=\"680\" title=\"\" srcset=\"https:\/\/www.tgrthaber.com\/mavikadin\/wp-content\/uploads\/2026\/03\/ARZU-37-1.jpg 1208w, https:\/\/www.tgrthaber.com\/mavikadin\/wp-content\/uploads\/2026\/03\/ARZU-37-1-300x169.jpg 300w, https:\/\/www.tgrthaber.com\/mavikadin\/wp-content\/uploads\/2026\/03\/ARZU-37-1-1024x576.jpg 1024w, https:\/\/www.tgrthaber.com\/mavikadin\/wp-content\/uploads\/2026\/03\/ARZU-37-1-768x432.jpg 768w\" sizes=\"(max-width: 1208px) 100vw, 1208px\" \/><\/p>\n<hr \/>\n<p>Orhan Kaynak, Be\u015fikta\u015f d\u00f6neminde ni\u015fanl\u0131 olan Aynur S\u00fcleyman ile evlenmi\u015ftir. \u00c7iftin \u00e7ocuklar\u0131n\u0131n olup olmad\u0131\u011f\u0131 da ara\u015ft\u0131r\u0131lan konular aras\u0131nda s\u0131kl\u0131klar yer ald\u0131. Arama motorlar\u0131nda Orhan Kaynak\u2019\u0131n ara\u015ft\u0131r\u0131ld\u0131.<\/p>\n<h3><img loading=\"lazy\" decoding=\"async\" class=\"alignnone size-full wp-image-308088\" src=\"https:\/\/www.tgrthaber.com\/mavikadin\/wp-content\/uploads\/2026\/03\/ARZU-38-1.jpg\" alt=\"Orhan Kaynak e\u015fi kimdir? Orhan Kaynak \u00e7ocuklar\u0131 var m\u0131yd\u0131?\" width=\"1208\" height=\"680\" title=\"\" srcset=\"https:\/\/www.tgrthaber.com\/mavikadin\/wp-content\/uploads\/2026\/03\/ARZU-38-1.jpg 1208w, https:\/\/www.tgrthaber.com\/mavikadin\/wp-content\/uploads\/2026\/03\/ARZU-38-1-300x169.jpg 300w, https:\/\/www.tgrthaber.com\/mavikadin\/wp-content\/uploads\/2026\/03\/ARZU-38-1-1024x576.jpg 1024w, https:\/\/www.tgrthaber.com\/mavikadin\/wp-content\/uploads\/2026\/03\/ARZU-38-1-768x432.jpg 768w\" sizes=\"(max-width: 1208px) 100vw, 1208px\" \/><\/h3>\n<hr \/>\n<h3>ORHAN KAYNAK \u00c7OCUKLARI VAR MIYDI?<\/h3>\n<p>Futbol kariyerine Adana\u2019da ba\u015flayan ve daha sonra birbirinden \u00e7e\u015fitli kul\u00fcplerde oynayan Orhan Kaynak, ba\u015far\u0131l\u0131 bir futbol kariyeri y\u00f6netiminin ard\u0131ndan Trabzonspor\u2019da teknik direkt\u00f6rl\u00fck yapma karar\u0131 alm\u0131\u015ft\u0131. Ancak ge\u00e7ti\u011fimiz saatlerde hayat\u0131n\u0131 kaybeden Orhan Kaynak, arama motorlar\u0131n\u0131n da en \u00e7ok aratt\u0131\u011f\u0131 ki\u015filerden biri oldu.<\/p>\n<p><img loading=\"lazy\" decoding=\"async\" class=\"alignnone size-full wp-image-308087\" src=\"https:\/\/www.tgrthaber.com\/mavikadin\/wp-content\/uploads\/2026\/03\/ARZU-39-1.jpg\" alt=\"Orhan Kaynak e\u015fi kimdir? Orhan Kaynak \u00e7ocuklar\u0131 var m\u0131yd\u0131?\" width=\"1208\" height=\"680\" title=\"\" srcset=\"https:\/\/www.tgrthaber.com\/mavikadin\/wp-content\/uploads\/2026\/03\/ARZU-39-1.jpg 1208w, https:\/\/www.tgrthaber.com\/mavikadin\/wp-content\/uploads\/2026\/03\/ARZU-39-1-300x169.jpg 300w, https:\/\/www.tgrthaber.com\/mavikadin\/wp-content\/uploads\/2026\/03\/ARZU-39-1-1024x576.jpg 1024w, https:\/\/www.tgrthaber.com\/mavikadin\/wp-content\/uploads\/2026\/03\/ARZU-39-1-768x432.jpg 768w\" sizes=\"(max-width: 1208px) 100vw, 1208px\" \/><\/p>\n<hr \/>\n<p>Orhan Kaynak\u2019\u0131n \u00e7ocuklar\u0131 da merak edilmeye ba\u015fland\u0131. Kamuoyunda yer alan bilgilere g\u00f6re Orhan Kaynak\u2019\u0131n 2 tane \u00e7ocu\u011fu bulunuyor. Biri k\u0131z biri erkek olan \u00e7ocuklardan k\u0131z olan\u0131 da babas\u0131 gibi spor alan\u0131nda kendini kan\u0131tlam\u0131\u015f isimlerden biri oluyor.<\/p>\n","protected":false},"excerpt":{"rendered":"<p>Futbol d\u00fcnyas\u0131nda sevilen isimlerden biri olan Orhan Kaynak, \u00f6zel hayat\u0131yla g\u00fcndem oldu. E\u015fi ve \u00e7ocuklar\u0131 arama motorlar\u0131nda ara\u015ft\u0131r\u0131lmaya ba\u015fland\u0131. Peki, Orhan Kaynak e\u015fi kimdir? Orhan Kaynak \u00e7ocuklar\u0131 var m\u0131yd\u0131? \u0130\u015fte detaylar\u2026<\/p>\n","protected":false},"author":34,"featured_media":308090,"comment_status":"closed","ping_status":"closed","sticky":false,"template":"","format":"standard","meta":{"rank_math_lock_modified_date":false,"footnotes":""},"categories":[491],"tags":[16521,73238,73241,73239,73240],"class_list":["post-308086","post","type-post","status-publish","format-standard","has-post-thumbnail","hentry","category-biyografi","tag-biyografi-haberleri","tag-orhan-kaynak","tag-orhan-kaynak-cocuklari","tag-orhan-kaynak-esi","tag-orhan-kaynak-kimdir"],"_links":{"self":[{"href":"https:\/\/www.tgrthaber.com\/mavikadin\/wp-json\/wp\/v2\/posts\/308086"}],"collection":[{"href":"https:\/\/www.tgrthaber.com\/mavikadin\/wp-json\/wp\/v2\/posts"}],"about":[{"href":"https:\/\/www.tgrthaber.com\/mavikadin\/wp-json\/wp\/v2\/types\/post"}],"author":[{"embeddable":true,"href":"https:\/\/www.tgrthaber.com\/mavikadin\/wp-json\/wp\/v2\/users\/34"}],"replies":[{"embeddable":true,"href":"https:\/\/www.tgrthaber.com\/mavikadin\/wp-json\/wp\/v2\/comments?post=308086"}],"version-history":[{"count":1,"href":"https:\/\/www.tgrthaber.com\/mavikadin\/wp-json\/wp\/v2\/posts\/308086\/revisions"}],"predecessor-version":[{"id":308094,"href":"https:\/\/www.tgrthaber.com\/mavikadin\/wp-json\/wp\/v2\/posts\/308086\/revisions\/308094"}],"wp:featuredmedia":[{"embeddable":true,"href":"https:\/\/www.tgrthaber.com\/mavikadin\/wp-json\/wp\/v2\/media\/308090"}],"wp:attachment":[{"href":"https:\/\/www.tgrthaber.com\/mavikadin\/wp-json\/wp\/v2\/media?parent=308086"}],"wp:term":[{"taxonomy":"category","embeddable":true,"href":"https:\/\/www.tgrthaber.com\/mavikadin\/wp-json\/wp\/v2\/categories?post=308086"},{"taxonomy":"post_tag","embeddable":true,"href":"https:\/\/www.tgrthaber.com\/mavikadin\/wp-json\/wp\/v2\/tags?post=308086"}],"curies":[{"name":"wp","href":"https:\/\/api.w.org\/{rel}","templated":true}]}}