{"id":308103,"date":"2026-03-11T11:07:43","date_gmt":"2026-03-11T08:07:43","guid":{"rendered":"https:\/\/www.tgrthaber.com\/mavikadin\/?p=308103"},"modified":"2026-03-11T11:07:44","modified_gmt":"2026-03-11T08:07:44","slug":"survivorda-roportaj-krizi-murat-arkin-yine-seren-ayin-roportajini-dinledi","status":"publish","type":"post","link":"https:\/\/www.tgrthaber.com\/mavikadin\/survivorda-roportaj-krizi-murat-arkin-yine-seren-ayin-roportajini-dinledi\/","title":{"rendered":"Survivor\u2019da r\u00f6portaj krizi! Murat Ark\u0131n yine Seren Ay\u2019\u0131n r\u00f6portaj\u0131n\u0131 dinledi"},"content":{"rendered":"<p><a href=\"https:\/\/www.tgrthaber.com\/mavikadin\/survivor-10-mart-2026-dokunulmazlik-oyununu-hangi-takim-kazandi-survivor-ikinci-eleme-adayi-hangi-yarismaci-oldu\/\">Survivor<\/a> T\u00fcrkiye adas\u0131nda Seren Ay\u2019\u0131n r\u00f6portaj\u0131 s\u0131ras\u0131nda bir kez daha ilgin\u00e7 anlar ya\u015fand\u0131. Yar\u0131\u015fmac\u0131lardan Murat Ark\u0131n\u2019\u0131n, Seren Ay r\u00f6portaj verdi\u011fi s\u0131rada arka planda belirmesi dikkat \u00e7ekti.<\/p>\n<h3>SURV\u0130VOR\u2019DA R\u00d6PORTAJ KR\u0130Z\u0130<\/h3>\n<p>Daha \u00f6nce de benzer bir durum ya\u015fayan ikili, bu kez de ayn\u0131 s\u00fcrprizi ya\u015fay\u0131nca ortaya komik ve e\u011flenceli g\u00f6r\u00fcnt\u00fcler \u00e7\u0131kt\u0131. Sosyal medyada h\u0131zla yay\u0131lan k\u0131sa videolar, takip\u00e7ileri taraf\u0131ndan b\u00fcy\u00fck ilgi g\u00f6rd\u00fc. \u0130zleyiciler, adadaki bu samimi ve do\u011fal anlar\u0131n yar\u0131\u015fman\u0131n e\u011flenceli yan\u0131n\u0131 bir kez daha g\u00f6zler \u00f6n\u00fcne serdi\u011fini belirtti.<\/p>\n<p><img loading=\"lazy\" decoding=\"async\" class=\"aligncenter size-full wp-image-308104\" src=\"https:\/\/www.tgrthaber.com\/mavikadin\/wp-content\/uploads\/2026\/03\/survivor-1.png\" alt=\"\" width=\"1208\" height=\"680\" title=\"\" srcset=\"https:\/\/www.tgrthaber.com\/mavikadin\/wp-content\/uploads\/2026\/03\/survivor-1.png 1208w, https:\/\/www.tgrthaber.com\/mavikadin\/wp-content\/uploads\/2026\/03\/survivor-1-300x169.png 300w, https:\/\/www.tgrthaber.com\/mavikadin\/wp-content\/uploads\/2026\/03\/survivor-1-1024x576.png 1024w, https:\/\/www.tgrthaber.com\/mavikadin\/wp-content\/uploads\/2026\/03\/survivor-1-768x432.png 768w\" sizes=\"(max-width: 1208px) 100vw, 1208px\" \/><\/p>\n<hr \/>\n<h3>DAHA \u00d6NCE DE BENZER B\u0130R DURUM YA\u015eANDI<\/h3>\n<p><a href=\"https:\/\/www.tgrthaber.com\/mavikadin\/survivor-2026ya-veda-eden-onur-alp-final-dortlusu-acikladi-onur-alpin-ramazanla-ilgili-aciklamasi\/\">Survivor<\/a> T\u00fcrkiye son g\u00fcnlerde tart\u0131\u015fmal\u0131 anlara sahne oldu. Yar\u0131\u015fman\u0131n iddial\u0131 isimlerinden Seren Ay, verdi\u011fi r\u00f6portajda dikkat \u00e7eken bir iddiada bulundu. Ay, bir ba\u015fka yar\u0131\u015fmac\u0131n\u0131n kendisini gizlice dinledi\u011fini \u00f6ne s\u00fcrd\u00fc.<\/p>\n<p><img loading=\"lazy\" decoding=\"async\" class=\"aligncenter size-full wp-image-308109\" src=\"https:\/\/www.tgrthaber.com\/mavikadin\/wp-content\/uploads\/2026\/03\/survivor-3.png\" alt=\"\" width=\"1208\" height=\"680\" title=\"\" srcset=\"https:\/\/www.tgrthaber.com\/mavikadin\/wp-content\/uploads\/2026\/03\/survivor-3.png 1208w, https:\/\/www.tgrthaber.com\/mavikadin\/wp-content\/uploads\/2026\/03\/survivor-3-300x169.png 300w, https:\/\/www.tgrthaber.com\/mavikadin\/wp-content\/uploads\/2026\/03\/survivor-3-1024x576.png 1024w, https:\/\/www.tgrthaber.com\/mavikadin\/wp-content\/uploads\/2026\/03\/survivor-3-768x432.png 768w\" sizes=\"(max-width: 1208px) 100vw, 1208px\" \/><\/p>\n<hr \/>\n<p>R\u00f6portaj s\u0131ras\u0131nda olaylar beklenmedik bir \u015fekilde Murat Ark\u0131n\u2019\u0131n m\u00fcdahalesiyle alevlendi. Seren Ay, Ark\u0131n i\u00e7in \u201cOrada duruyor. Gizli gizli dinliyor\u201d ifadelerini kullan\u0131rken, Murat Ark\u0131n kendisine yakla\u015farak asl\u0131nda g\u00f6zl\u00fc\u011f\u00fcn\u00fc almak i\u00e7in geldi\u011fini ve Ay\u2019\u0131n yanl\u0131\u015f bir yolda oldu\u011funu s\u00f6yledi.<\/p>\n<p><img loading=\"lazy\" decoding=\"async\" class=\"aligncenter size-full wp-image-308112\" src=\"https:\/\/www.tgrthaber.com\/mavikadin\/wp-content\/uploads\/2026\/03\/survivor-1.webp\" alt=\"\" width=\"1280\" height=\"720\" title=\"\" srcset=\"https:\/\/www.tgrthaber.com\/mavikadin\/wp-content\/uploads\/2026\/03\/survivor-1.webp 1280w, https:\/\/www.tgrthaber.com\/mavikadin\/wp-content\/uploads\/2026\/03\/survivor-1-300x169.webp 300w, https:\/\/www.tgrthaber.com\/mavikadin\/wp-content\/uploads\/2026\/03\/survivor-1-1024x576.webp 1024w, https:\/\/www.tgrthaber.com\/mavikadin\/wp-content\/uploads\/2026\/03\/survivor-1-768x432.webp 768w\" sizes=\"(max-width: 1280px) 100vw, 1280px\" \/><\/p>\n<hr \/>\n<p>Gerilimi art\u0131ran a\u00e7\u0131klamalar burada bitmedi. Seren Ay, Ark\u0131n\u2019a y\u00f6nelik ele\u015ftirilerini s\u00fcrd\u00fcrerek, \u201cGizli gizli dinlemeyi \u00f6\u011fret. Bence ay\u0131p olan senin dinlemen. T\u0131pk\u0131 Meryem ve Serhan\u2019\u0131 dinledi\u011fin gibi\u201d s\u00f6zleriyle tart\u0131\u015fmay\u0131 k\u0131z\u0131\u015ft\u0131rd\u0131. Bu a\u00e7\u0131klamalar, Survivor izleyicileri aras\u0131nda \u201cgizli dinleme\u201d tart\u0131\u015fmas\u0131n\u0131 yeniden alevlendirdi.<\/p>\n<p><img loading=\"lazy\" decoding=\"async\" class=\"aligncenter size-full wp-image-308106\" src=\"https:\/\/www.tgrthaber.com\/mavikadin\/wp-content\/uploads\/2026\/03\/survivor-2-1.jpg\" alt=\"\" width=\"1200\" height=\"621\" title=\"\" srcset=\"https:\/\/www.tgrthaber.com\/mavikadin\/wp-content\/uploads\/2026\/03\/survivor-2-1.jpg 1200w, https:\/\/www.tgrthaber.com\/mavikadin\/wp-content\/uploads\/2026\/03\/survivor-2-1-300x155.jpg 300w, https:\/\/www.tgrthaber.com\/mavikadin\/wp-content\/uploads\/2026\/03\/survivor-2-1-1024x530.jpg 1024w, https:\/\/www.tgrthaber.com\/mavikadin\/wp-content\/uploads\/2026\/03\/survivor-2-1-768x397.jpg 768w\" sizes=\"(max-width: 1200px) 100vw, 1200px\" \/><\/p>\n<hr \/>\n<p>Yar\u0131\u015fmadaki bu gerilim, hem yar\u0131\u015fmac\u0131lar aras\u0131nda hem de sosyal medyada b\u00fcy\u00fck yank\u0131 uyand\u0131rd\u0131. \u0130zleyiciler, Seren Ay ve Murat Ark\u0131n aras\u0131ndaki s\u00fcrt\u00fc\u015fmenin nas\u0131l bir boyut kazanaca\u011f\u0131n\u0131 merakla takip ediyor.<\/p>\n<h3>SURV\u0130VOR SEREN AY K\u0130MD\u0130R?<\/h3>\n<p>Survivor T\u00fcrkiye\u2019nin bu sezonki dikkat \u00e7eken isimlerinden Seren Ay, milli boks\u00f6r kimli\u011fiyle \u00f6n plana \u00e7\u0131k\u0131yor. 28 ya\u015f\u0131ndaki sporcu, g\u00fc\u00e7l\u00fc fizi\u011fi ve kararl\u0131 ki\u015fili\u011fiyle yar\u0131\u015fmada hem parkur performanslar\u0131 hem de yar\u0131\u015fmac\u0131lar aras\u0131ndaki gerilimlerle izleyicilerin ilgisini \u00e7ekiyor. Yar\u0131\u015fmada zaman zaman tart\u0131\u015fmal\u0131 anlar\u0131n merkezinde yer alan Seren Ay, disiplinli ve m\u00fccadeleci tavr\u0131yla Survivor izleyicileri taraf\u0131ndan konu\u015fulan isimlerden biri haline geldi.<\/p>\n<p><img loading=\"lazy\" decoding=\"async\" class=\"aligncenter size-full wp-image-308108\" src=\"https:\/\/www.tgrthaber.com\/mavikadin\/wp-content\/uploads\/2026\/03\/survivor-2-1.png\" alt=\"\" width=\"1208\" height=\"680\" title=\"\" srcset=\"https:\/\/www.tgrthaber.com\/mavikadin\/wp-content\/uploads\/2026\/03\/survivor-2-1.png 1208w, https:\/\/www.tgrthaber.com\/mavikadin\/wp-content\/uploads\/2026\/03\/survivor-2-1-300x169.png 300w, https:\/\/www.tgrthaber.com\/mavikadin\/wp-content\/uploads\/2026\/03\/survivor-2-1-1024x576.png 1024w, https:\/\/www.tgrthaber.com\/mavikadin\/wp-content\/uploads\/2026\/03\/survivor-2-1-768x432.png 768w\" sizes=\"(max-width: 1208px) 100vw, 1208px\" \/><\/p>\n<hr \/>\n<h3>Ba\u015far\u0131lar\u0131<\/h3>\n<p>Seren Ay, profesyonel boks kariyerinde \u00f6nemli ba\u015far\u0131lara imza atm\u0131\u015f bir sporcu olarak biliniyor:<\/p>\n<p>WBC G\u00fcm\u00fc\u015f Kemer sahibi olarak, bu kemeri kazanan ilk T\u00fcrk kad\u0131n boks\u00f6r unvan\u0131n\u0131 elde etti.<\/p>\n<p>Bu ba\u015far\u0131y\u0131, iki kez d\u00fcnya \u015fampiyonu olan rakibini nakavt ederek sa\u011flad\u0131.<\/p>\n","protected":false},"excerpt":{"rendered":"<p>Survivor\u2019da bir r\u00f6portaj krizi daha ya\u015fand\u0131. Yar\u0131\u015fmac\u0131lardan Murat Ark\u0131n\u2019\u0131n Seren Ay r\u00f6portaj verdi\u011fi s\u0131rada arkada belirmesi adada komik anlar\u0131n ya\u015fanmas\u0131na neden oldu. Daha \u00f6nce de benzer bir durum ya\u015fayan ikili yeniden ayn\u0131 \u015feyi ya\u015fay\u0131nca ortaya ilgin\u00e7 anlar \u00e7\u0131kt\u0131.<\/p>\n","protected":false},"author":5,"featured_media":308111,"comment_status":"closed","ping_status":"closed","sticky":false,"template":"","format":"standard","meta":{"rank_math_lock_modified_date":false,"footnotes":""},"categories":[76],"tags":[133,50593,72610,73242,2366],"class_list":["post-308103","post","type-post","status-publish","format-standard","has-post-thumbnail","hentry","category-magazin","tag-magazin","tag-murat-arkin","tag-seren-ay","tag-seren-ay-roportaj","tag-survivor"],"_links":{"self":[{"href":"https:\/\/www.tgrthaber.com\/mavikadin\/wp-json\/wp\/v2\/posts\/308103"}],"collection":[{"href":"https:\/\/www.tgrthaber.com\/mavikadin\/wp-json\/wp\/v2\/posts"}],"about":[{"href":"https:\/\/www.tgrthaber.com\/mavikadin\/wp-json\/wp\/v2\/types\/post"}],"author":[{"embeddable":true,"href":"https:\/\/www.tgrthaber.com\/mavikadin\/wp-json\/wp\/v2\/users\/5"}],"replies":[{"embeddable":true,"href":"https:\/\/www.tgrthaber.com\/mavikadin\/wp-json\/wp\/v2\/comments?post=308103"}],"version-history":[{"count":1,"href":"https:\/\/www.tgrthaber.com\/mavikadin\/wp-json\/wp\/v2\/posts\/308103\/revisions"}],"predecessor-version":[{"id":308113,"href":"https:\/\/www.tgrthaber.com\/mavikadin\/wp-json\/wp\/v2\/posts\/308103\/revisions\/308113"}],"wp:featuredmedia":[{"embeddable":true,"href":"https:\/\/www.tgrthaber.com\/mavikadin\/wp-json\/wp\/v2\/media\/308111"}],"wp:attachment":[{"href":"https:\/\/www.tgrthaber.com\/mavikadin\/wp-json\/wp\/v2\/media?parent=308103"}],"wp:term":[{"taxonomy":"category","embeddable":true,"href":"https:\/\/www.tgrthaber.com\/mavikadin\/wp-json\/wp\/v2\/categories?post=308103"},{"taxonomy":"post_tag","embeddable":true,"href":"https:\/\/www.tgrthaber.com\/mavikadin\/wp-json\/wp\/v2\/tags?post=308103"}],"curies":[{"name":"wp","href":"https:\/\/api.w.org\/{rel}","templated":true}]}}