{"id":308114,"date":"2026-03-11T12:06:44","date_gmt":"2026-03-11T09:06:44","guid":{"rendered":"https:\/\/www.tgrthaber.com\/mavikadin\/?p=308114"},"modified":"2026-03-13T15:41:19","modified_gmt":"2026-03-13T12:41:19","slug":"ilber-ortaylinin-kizi-tuna-ortayli-kazici-kimdir-kiminle-evli-tuna-ortayli-kazici-ne-is-yapiyor","status":"publish","type":"post","link":"https:\/\/www.tgrthaber.com\/mavikadin\/ilber-ortaylinin-kizi-tuna-ortayli-kazici-kimdir-kiminle-evli-tuna-ortayli-kazici-ne-is-yapiyor\/","title":{"rendered":"\u0130lber Ortayl\u0131&#8217;n\u0131n k\u0131z\u0131 Tuna Ortayl\u0131 Kaz\u0131c\u0131 kimdir, kiminle evli? Tuna Ortayl\u0131 Kaz\u0131c\u0131 ne i\u015f yap\u0131yor?"},"content":{"rendered":"<p>T\u00fcrkiye&#8217;nin en tan\u0131nm\u0131\u015f tarih\u00e7ilerinden biri olan Prof.Dr.<a href=\"https:\/\/www.tgrthaber.com\/mavikadin\/ilber-ortaylinin-hastaligi-nedir-ilber-ortayli-kac-yasinda\/\">\u0130lber Ortayl\u0131<\/a>, yaln\u0131zca akademik \u00e7al\u0131\u015fmalar\u0131yla de\u011fil ayn\u0131 zamanda \u00f6zel hayat\u0131yla da kamuoyunun ilgilisini \u00e7ekmektedir. Ortayl\u0131 ile ilgili son d\u00f6nemde arama motorlar\u0131nda en \u00e7ok merak edilen konulardan biri, \u0130lber Ortayl\u0131&#8217;n\u0131n k\u0131z\u0131 Tuna Ortayl\u0131 Kaz\u0131c\u0131&#8217;d\u0131r. Tuna Ortayl\u0131 Kaz\u0131c\u0131 hakk\u0131nda &#8220;kimdir, kiminle evli? Tuna Ortayl\u0131 Kaz\u0131c\u0131 ne i\u015f yap\u0131yor?&#8221; gibi sorular\u0131n cevaplar\u0131 ara\u015ft\u0131r\u0131lmaktad\u0131r. \u0130\u015fte merak edilen t\u00fcm detaylar&#8230;<\/p>\n<h3>TUNA ORTAYLI KAZICI K\u0130MD\u0130R?<\/h3>\n<p>&#8220;\u0130lber Ortayl\u0131&#8217;n\u0131n k\u0131z\u0131 Tuna Ortayl\u0131 Kaz\u0131c\u0131 kimdir?&#8221; sorusu, son d\u00f6nemde daha fazla merak edilen konular aras\u0131na girmi\u015ftir. Akademik bir kimli\u011fe sahip olan Tuna Ortayl\u0131 Kaz\u0131c\u0131, babas\u0131 <a href=\"https:\/\/www.tgrthaber.com\/mavikadin\/ilber-ortayli-kiminle-evli-ilber-ortayli-kac-cocugu-var\/\">\u0130lber Ortayl\u0131<\/a> gibi k\u00fclt\u00fcrel de\u011ferlere \u00f6nem veren, entelekt\u00fcel bir ki\u015filik olarak tan\u0131nmaktad\u0131r.<\/p>\n<p><img loading=\"lazy\" decoding=\"async\" class=\"alignnone size-full wp-image-308116\" src=\"https:\/\/www.tgrthaber.com\/mavikadin\/wp-content\/uploads\/2026\/03\/Asli-2026-03-11T113628.483.png\" alt=\"\" width=\"1208\" height=\"680\" title=\"\" srcset=\"https:\/\/www.tgrthaber.com\/mavikadin\/wp-content\/uploads\/2026\/03\/Asli-2026-03-11T113628.483.png 1208w, https:\/\/www.tgrthaber.com\/mavikadin\/wp-content\/uploads\/2026\/03\/Asli-2026-03-11T113628.483-300x169.png 300w, https:\/\/www.tgrthaber.com\/mavikadin\/wp-content\/uploads\/2026\/03\/Asli-2026-03-11T113628.483-1024x576.png 1024w, https:\/\/www.tgrthaber.com\/mavikadin\/wp-content\/uploads\/2026\/03\/Asli-2026-03-11T113628.483-768x432.png 768w\" sizes=\"(max-width: 1208px) 100vw, 1208px\" \/><\/p>\n<hr \/>\n<p>Hakk\u0131nda \u00e7ok fazla detayl\u0131 bilgi bulunmasa da, kariyerine g\u00f6sterdi\u011fi \u00f6zen, ya\u015fam tarz\u0131ndaki sade duru\u015f ve akademik ba\u015far\u0131s\u0131yla dikkat \u00e7eken isimlerden biridir. Tuna Ortayl\u0131 Kaz\u0131c\u0131&#8217;n\u0131n \u00f6zel hayat\u0131n\u0131 koruma kararl\u0131l\u0131\u011f\u0131 da bir\u00e7ok ki\u015fi taraf\u0131ndan takdir edilmektedir.<\/p>\n<p><img loading=\"lazy\" decoding=\"async\" class=\"alignnone size-full wp-image-308118\" src=\"https:\/\/www.tgrthaber.com\/mavikadin\/wp-content\/uploads\/2026\/03\/Asli-2026-03-11T113819.176.png\" alt=\"\" width=\"1208\" height=\"680\" title=\"\" srcset=\"https:\/\/www.tgrthaber.com\/mavikadin\/wp-content\/uploads\/2026\/03\/Asli-2026-03-11T113819.176.png 1208w, https:\/\/www.tgrthaber.com\/mavikadin\/wp-content\/uploads\/2026\/03\/Asli-2026-03-11T113819.176-300x169.png 300w, https:\/\/www.tgrthaber.com\/mavikadin\/wp-content\/uploads\/2026\/03\/Asli-2026-03-11T113819.176-1024x576.png 1024w, https:\/\/www.tgrthaber.com\/mavikadin\/wp-content\/uploads\/2026\/03\/Asli-2026-03-11T113819.176-768x432.png 768w\" sizes=\"(max-width: 1208px) 100vw, 1208px\" \/><\/p>\n<hr \/>\n<h3>TUNA ORTAYLI K\u0130M\u0130NLE EVL\u0130D\u0130R?<\/h3>\n<p>Serta\u00e7 Kaz\u0131c\u0131, Prof. Dr. <a href=\"https:\/\/www.tgrthaber.com\/mavikadin\/ilber-ortayli-esi-kim-ilber-ortaylinin-cocuklari-var-mi\/\">\u0130lber Ortayl\u0131<\/a>\u2019n\u0131n k\u0131z\u0131 olan akademisyen Tuna Ortayl\u0131 Kaz\u0131c\u0131\u2019n\u0131n e\u015fi oldu\u011fu bilinmektedir. Akademik d\u00fcnya ile i\u015f d\u00fcnyas\u0131n\u0131 bir araya getiren bu evlilik, kamuoyunun da ilgisini \u00e7ekmektedir. Tuna Ortayl\u0131 Kaz\u0131c\u0131\u2019n\u0131n akademik kimli\u011fi ve \u0130lber Ortayl\u0131\u2019n\u0131n T\u00fcrkiye\u2019deki g\u00fc\u00e7l\u00fc entelekt\u00fcel etkisi, aileyi do\u011fal olarak g\u00fcndemde tutmaktad\u0131r. Serta\u00e7 Kaz\u0131c\u0131, \u00f6zel ya\u015fam\u0131n\u0131 g\u00f6z \u00f6n\u00fcnde ya\u015famamay\u0131 tercih eden isimler aras\u0131nda yer almaktad\u0131r.<\/p>\n<p><img loading=\"lazy\" decoding=\"async\" class=\"alignnone size-full wp-image-308119\" src=\"https:\/\/www.tgrthaber.com\/mavikadin\/wp-content\/uploads\/2026\/03\/Asli-2026-03-11T114137.166.png\" alt=\"\" width=\"1208\" height=\"680\" title=\"\" srcset=\"https:\/\/www.tgrthaber.com\/mavikadin\/wp-content\/uploads\/2026\/03\/Asli-2026-03-11T114137.166.png 1208w, https:\/\/www.tgrthaber.com\/mavikadin\/wp-content\/uploads\/2026\/03\/Asli-2026-03-11T114137.166-300x169.png 300w, https:\/\/www.tgrthaber.com\/mavikadin\/wp-content\/uploads\/2026\/03\/Asli-2026-03-11T114137.166-1024x576.png 1024w, https:\/\/www.tgrthaber.com\/mavikadin\/wp-content\/uploads\/2026\/03\/Asli-2026-03-11T114137.166-768x432.png 768w\" sizes=\"(max-width: 1208px) 100vw, 1208px\" \/><\/p>\n<hr \/>\n<h3>TUNA ORATAYLI KAZICI NE \u0130\u015e YAPIYOR?<\/h3>\n<p>Tuna Ortayl\u0131 Kaz\u0131c\u0131\u2019n\u0131n mesle\u011fi akademisyenliktir. Sosyal bilimler alan\u0131nda \u00e7al\u0131\u015fmalar y\u00fcr\u00fcten Kaz\u0131c\u0131, farkl\u0131 \u00fcniversitelerde dersler vermi\u015f, seminer ve konferanslara kat\u0131lm\u0131\u015ft\u0131r. K\u00fclt\u00fcr, sanat ve toplumsal meseleler \u00fczerine yapt\u0131\u011f\u0131 analizler, onu kendi alan\u0131nda dikkat \u00e7eken akademisyenler aras\u0131na ta\u015f\u0131m\u0131\u015ft\u0131r. Babas\u0131 \u0130lber Ortayl\u0131\u2019n\u0131n tarih alan\u0131ndaki miras\u0131, Kaz\u0131c\u0131\u2019n\u0131n perspektifini zenginle\u015ftirse de, o kendi akademik yolunu ba\u011f\u0131ms\u0131z bir \u015fekilde s\u00fcrd\u00fcrmeyi tercih etmi\u015ftir.<\/p>\n<p><img loading=\"lazy\" decoding=\"async\" class=\"alignnone size-full wp-image-308120\" src=\"https:\/\/www.tgrthaber.com\/mavikadin\/wp-content\/uploads\/2026\/03\/Asli-2026-03-11T114236.882.png\" alt=\"\" width=\"1208\" height=\"680\" title=\"\" srcset=\"https:\/\/www.tgrthaber.com\/mavikadin\/wp-content\/uploads\/2026\/03\/Asli-2026-03-11T114236.882.png 1208w, https:\/\/www.tgrthaber.com\/mavikadin\/wp-content\/uploads\/2026\/03\/Asli-2026-03-11T114236.882-300x169.png 300w, https:\/\/www.tgrthaber.com\/mavikadin\/wp-content\/uploads\/2026\/03\/Asli-2026-03-11T114236.882-1024x576.png 1024w, https:\/\/www.tgrthaber.com\/mavikadin\/wp-content\/uploads\/2026\/03\/Asli-2026-03-11T114236.882-768x432.png 768w\" sizes=\"(max-width: 1208px) 100vw, 1208px\" \/><\/p>\n<hr \/>\n<h3>TUNA ORTAYLI KAZICI\u2019NIN E\u015e\u0130 SERTA\u00c7 KAZICI NE \u0130\u015e YAPIYOR?<\/h3>\n<p>Kaz\u0131c\u0131, profesyonel kariyerine muhasebe ve mali m\u00fc\u015favirlik alanlar\u0131nda ad\u0131m att\u0131. Zaman i\u00e7inde finansal dan\u0131\u015fmanl\u0131k ve proje geli\u015ftirme konular\u0131nda uzmanla\u015ft\u0131. Halihaz\u0131rda Karden Partners b\u00fcnyesinde Y\u00f6netici Ortak olarak g\u00f6rev yapan Serta\u00e7 Kaz\u0131c\u0131, finansal dan\u0131\u015fmanl\u0131k, mali yap\u0131land\u0131rma ve proje y\u00f6netimi alanlar\u0131nda \u00e7al\u0131\u015fmalar y\u00fcr\u00fct\u00fcyor.<\/p>\n<p><img loading=\"lazy\" decoding=\"async\" class=\"alignnone size-full wp-image-308121\" src=\"https:\/\/www.tgrthaber.com\/mavikadin\/wp-content\/uploads\/2026\/03\/Asli-2026-03-11T113855.296.png\" alt=\"\" width=\"1208\" height=\"680\" title=\"\" srcset=\"https:\/\/www.tgrthaber.com\/mavikadin\/wp-content\/uploads\/2026\/03\/Asli-2026-03-11T113855.296.png 1208w, https:\/\/www.tgrthaber.com\/mavikadin\/wp-content\/uploads\/2026\/03\/Asli-2026-03-11T113855.296-300x169.png 300w, https:\/\/www.tgrthaber.com\/mavikadin\/wp-content\/uploads\/2026\/03\/Asli-2026-03-11T113855.296-1024x576.png 1024w, https:\/\/www.tgrthaber.com\/mavikadin\/wp-content\/uploads\/2026\/03\/Asli-2026-03-11T113855.296-768x432.png 768w\" sizes=\"(max-width: 1208px) 100vw, 1208px\" \/><\/p>\n<p>\u00d6zellikle \u015firketlerin finansal s\u00fcre\u00e7lerinin planlanmas\u0131 ve b\u00fcy\u00fck \u00f6l\u00e7ekli projelerin y\u00f6netimi konusunda deneyim sahibi oldu\u011fu s\u00f6yleniyor.<\/p>\n","protected":false},"excerpt":{"rendered":"<p>\u00dcnl\u00fc tarih\u00e7ilerden Prof. Dr. \u0130lber Ortayl\u0131, ya\u015fad\u0131\u011f\u0131 sa\u011fl\u0131k sorunlar\u0131 nedeniyle sa\u011fl\u0131k durumunun kritik oldu\u011fu a\u00e7\u0131klanmas\u0131yla g\u00fcndemde. \u0130lber Ortayl\u0131&#8217;n\u0131n \u00f6zel hayat\u0131yla ilgili geli\u015fmeler de merak ediliyor. En \u00e7ok merak edilen konulardan biri ise k\u0131z\u0131 Tuna Ortayl\u0131 Kaz\u0131c\u0131 oldu.<\/p>\n","protected":false},"author":37,"featured_media":308117,"comment_status":"closed","ping_status":"closed","sticky":false,"template":"","format":"standard","meta":{"rank_math_lock_modified_date":false,"footnotes":""},"categories":[491],"tags":[3374,73243,73244,63570,73245],"class_list":["post-308114","post","type-post","status-publish","format-standard","has-post-thumbnail","hentry","category-biyografi","tag-biyografi","tag-ilber-ortyali","tag-prof-dr-ilber-ortayli","tag-tuna-ortayli-kazici","tag-tuna-ortayli-kazici-kimdir"],"_links":{"self":[{"href":"https:\/\/www.tgrthaber.com\/mavikadin\/wp-json\/wp\/v2\/posts\/308114"}],"collection":[{"href":"https:\/\/www.tgrthaber.com\/mavikadin\/wp-json\/wp\/v2\/posts"}],"about":[{"href":"https:\/\/www.tgrthaber.com\/mavikadin\/wp-json\/wp\/v2\/types\/post"}],"author":[{"embeddable":true,"href":"https:\/\/www.tgrthaber.com\/mavikadin\/wp-json\/wp\/v2\/users\/37"}],"replies":[{"embeddable":true,"href":"https:\/\/www.tgrthaber.com\/mavikadin\/wp-json\/wp\/v2\/comments?post=308114"}],"version-history":[{"count":4,"href":"https:\/\/www.tgrthaber.com\/mavikadin\/wp-json\/wp\/v2\/posts\/308114\/revisions"}],"predecessor-version":[{"id":308126,"href":"https:\/\/www.tgrthaber.com\/mavikadin\/wp-json\/wp\/v2\/posts\/308114\/revisions\/308126"}],"wp:featuredmedia":[{"embeddable":true,"href":"https:\/\/www.tgrthaber.com\/mavikadin\/wp-json\/wp\/v2\/media\/308117"}],"wp:attachment":[{"href":"https:\/\/www.tgrthaber.com\/mavikadin\/wp-json\/wp\/v2\/media?parent=308114"}],"wp:term":[{"taxonomy":"category","embeddable":true,"href":"https:\/\/www.tgrthaber.com\/mavikadin\/wp-json\/wp\/v2\/categories?post=308114"},{"taxonomy":"post_tag","embeddable":true,"href":"https:\/\/www.tgrthaber.com\/mavikadin\/wp-json\/wp\/v2\/tags?post=308114"}],"curies":[{"name":"wp","href":"https:\/\/api.w.org\/{rel}","templated":true}]}}