{"id":308124,"date":"2026-03-11T12:24:46","date_gmt":"2026-03-11T09:24:46","guid":{"rendered":"https:\/\/www.tgrthaber.com\/mavikadin\/?p=308124"},"modified":"2026-03-11T12:24:46","modified_gmt":"2026-03-11T09:24:46","slug":"mevsim-gecisleri-icin-tigla-orulen-ince-omuz-sallar-2026","status":"publish","type":"post","link":"https:\/\/www.tgrthaber.com\/mavikadin\/mevsim-gecisleri-icin-tigla-orulen-ince-omuz-sallar-2026\/","title":{"rendered":"Mevsim ge\u00e7i\u015fleri i\u00e7in t\u0131\u011fla \u00f6r\u00fclen ince omuz \u015fallar 2026"},"content":{"rendered":"<p>Mevsim ge\u00e7i\u015fleri, moda tutkunlar\u0131 i\u00e7in her zaman hem heyecan verici hem de ufak bir meydan okuma niteli\u011findedir. Gard\u0131roplar yeniden \u015fekillenirken, stil detaylar\u0131 \u00f6n plana \u00e7\u0131kar. 2026\u2019n\u0131n dikkat \u00e7eken trendlerinden biri ise t\u0131\u011f i\u015fiyle \u00f6r\u00fclm\u00fc\u015f ince <a href=\"https:\/\/www.tgrthaber.com\/mavikadin\/en-iyi-pofuduk-orgu-omuz-sal-modelleri-2026\/\">omuz \u015fallar\u0131<\/a>. Hafif dokular\u0131, zarif desenleri ve \u00e7ok y\u00f6nl\u00fc kullan\u0131m\u0131yla bu \u015fallar, her ya\u015fa ve tarza uyum sa\u011flayarak gard\u0131roplar\u0131n vazge\u00e7ilmezi haline geliyor.<\/p>\n<h3>TI\u011eLA \u00d6R\u00dcLEN \u0130NCE OMUZ \u015eALLAR \u015eIKLI\u011eINIZA \u015eIKLIK KATIYOR<\/h3>\n<p>T\u0131\u011fla \u00f6r\u00fclen <a href=\"https:\/\/www.tgrthaber.com\/mavikadin\/2025-iki-sisle-kolay-orgu-tasarimlari-bebek-battaniyesinden-sala-harika-secenekler\/\">omuz \u015fallar\u0131n<\/a> en b\u00fcy\u00fck avantaj\u0131, hafif ama dikkat \u00e7ekici bir g\u00f6r\u00fcn\u00fcm sunmalar\u0131d\u0131r. \u00d6zellikle bahar ve sonbahar aylar\u0131nda, ince dokular\u0131 sayesinde serin havalarda s\u0131cakl\u0131k sa\u011flarken, k\u0131yafetlere romantik ve sofistike bir hava kat\u0131yor. G\u00fcnl\u00fck kombinlerden \u00f6zel davetlere kadar her stil ile uyum sa\u011flayabilen bu \u015fallar, minimalist ve klasik giyim tercih edenler i\u00e7in ideal bir tamamlay\u0131c\u0131 olarak \u00f6ne \u00e7\u0131k\u0131yor.<\/p>\n<p><img loading=\"lazy\" decoding=\"async\" class=\"aligncenter size-full wp-image-308128\" src=\"https:\/\/www.tgrthaber.com\/mavikadin\/wp-content\/uploads\/2026\/03\/Sal-2.png\" alt=\"\" width=\"1208\" height=\"680\" title=\"\" srcset=\"https:\/\/www.tgrthaber.com\/mavikadin\/wp-content\/uploads\/2026\/03\/Sal-2.png 1208w, https:\/\/www.tgrthaber.com\/mavikadin\/wp-content\/uploads\/2026\/03\/Sal-2-300x169.png 300w, https:\/\/www.tgrthaber.com\/mavikadin\/wp-content\/uploads\/2026\/03\/Sal-2-1024x576.png 1024w, https:\/\/www.tgrthaber.com\/mavikadin\/wp-content\/uploads\/2026\/03\/Sal-2-768x432.png 768w\" sizes=\"(max-width: 1208px) 100vw, 1208px\" \/><\/p>\n<hr \/>\n<h3>RENK VE DESEN \u00c7E\u015e\u0130TL\u0130L\u0130\u011e\u0130<\/h3>\n<p>2026 trendleri, renk se\u00e7iminde geni\u015f bir yelpaze sunuyor. Pastel tonlardan canl\u0131 ve enerji dolu renklere kadar her zevke uygun se\u00e7enekler mevcut. Ayr\u0131ca t\u0131\u011f i\u015finin sundu\u011fu farkl\u0131 doku ve desenler, \u015fallara karakter kazand\u0131r\u0131yor. \u00c7i\u00e7ek motifleri, geometrik desenler ve hafif dantel i\u015f\u00e7ili\u011fi, hem modern hem de geleneksel bir dokunu\u015f sunuyor. Moda edit\u00f6rleri, bu \u00e7e\u015fitlili\u011fin \u015fallar\u0131 sadece bir aksesuar olmaktan \u00e7\u0131kar\u0131p, stilin odak noktas\u0131 h\u00e2line getirdi\u011fini belirtiyor.<\/p>\n<p><img loading=\"lazy\" decoding=\"async\" class=\"aligncenter size-full wp-image-308129\" src=\"https:\/\/www.tgrthaber.com\/mavikadin\/wp-content\/uploads\/2026\/03\/Sal-1.png\" alt=\"\" width=\"1208\" height=\"680\" title=\"\" srcset=\"https:\/\/www.tgrthaber.com\/mavikadin\/wp-content\/uploads\/2026\/03\/Sal-1.png 1208w, https:\/\/www.tgrthaber.com\/mavikadin\/wp-content\/uploads\/2026\/03\/Sal-1-300x169.png 300w, https:\/\/www.tgrthaber.com\/mavikadin\/wp-content\/uploads\/2026\/03\/Sal-1-1024x576.png 1024w, https:\/\/www.tgrthaber.com\/mavikadin\/wp-content\/uploads\/2026\/03\/Sal-1-768x432.png 768w\" sizes=\"(max-width: 1208px) 100vw, 1208px\" \/><\/p>\n<hr \/>\n<h3>EL \u0130\u015e\u00c7\u0130L\u0130\u011e\u0130 VE S\u00dcRD\u00dcR\u00dcLEB\u0130L\u0130R MODA<\/h3>\n<p>T\u0131\u011fla \u00f6r\u00fclen \u015fallar, sadece estetik de\u011ferleriyle de\u011fil, ayn\u0131 zamanda s\u00fcrd\u00fcr\u00fclebilir modan\u0131n bir sembol\u00fc olarak da \u00f6nem kazan\u0131yor. Kendi el eme\u011fiyle yap\u0131lan par\u00e7alar, h\u0131zl\u0131 moda \u00fcr\u00fcnlerinin aksine ki\u015fisel ve \u00f6zg\u00fcn bir ifade sunuyor. El i\u015f\u00e7ili\u011fi, \u015fal\u0131n her par\u00e7as\u0131na farkl\u0131 bir karakter katarken, modaseverlere benzersiz ve \u00f6zel bir stil se\u00e7ene\u011fi sunuyor. Bu durum, hem el eme\u011fini de\u011ferli k\u0131l\u0131yor hem de \u00e7evre dostu bir moda anlay\u0131\u015f\u0131n\u0131 te\u015fvik ediyor.<\/p>\n<p><img loading=\"lazy\" decoding=\"async\" class=\"aligncenter size-full wp-image-308130\" src=\"https:\/\/www.tgrthaber.com\/mavikadin\/wp-content\/uploads\/2026\/03\/Sal-3.png\" alt=\"\" width=\"1208\" height=\"680\" title=\"\" srcset=\"https:\/\/www.tgrthaber.com\/mavikadin\/wp-content\/uploads\/2026\/03\/Sal-3.png 1208w, https:\/\/www.tgrthaber.com\/mavikadin\/wp-content\/uploads\/2026\/03\/Sal-3-300x169.png 300w, https:\/\/www.tgrthaber.com\/mavikadin\/wp-content\/uploads\/2026\/03\/Sal-3-1024x576.png 1024w, https:\/\/www.tgrthaber.com\/mavikadin\/wp-content\/uploads\/2026\/03\/Sal-3-768x432.png 768w\" sizes=\"(max-width: 1208px) 100vw, 1208px\" \/><\/p>\n<hr \/>\n<h3>G\u00dcNL\u00dcK HAYATTA VE \u00d6ZEL ANLARDA KULLANIM<\/h3>\n<p>T\u0131\u011f i\u015fi \u015fallar, kombinlere zarif bir dokunu\u015f katman\u0131n yan\u0131 s\u0131ra \u00e7ok y\u00f6nl\u00fc kullan\u0131m avantaj\u0131 da sunuyor. Ofiste, arkada\u015f bulu\u015fmalar\u0131nda veya ak\u015fam davetlerinde rahatl\u0131kla kullan\u0131labilir.<\/p>\n<p><img loading=\"lazy\" decoding=\"async\" class=\"aligncenter size-full wp-image-308132\" src=\"https:\/\/www.tgrthaber.com\/mavikadin\/wp-content\/uploads\/2026\/03\/Sal-6.png\" alt=\"\" width=\"1208\" height=\"680\" title=\"\" srcset=\"https:\/\/www.tgrthaber.com\/mavikadin\/wp-content\/uploads\/2026\/03\/Sal-6.png 1208w, https:\/\/www.tgrthaber.com\/mavikadin\/wp-content\/uploads\/2026\/03\/Sal-6-300x169.png 300w, https:\/\/www.tgrthaber.com\/mavikadin\/wp-content\/uploads\/2026\/03\/Sal-6-1024x576.png 1024w, https:\/\/www.tgrthaber.com\/mavikadin\/wp-content\/uploads\/2026\/03\/Sal-6-768x432.png 768w\" sizes=\"(max-width: 1208px) 100vw, 1208px\" \/><\/p>\n<hr \/>\n<p>\u015eal\u0131n omuzlara hafif\u00e7e serilmesiyle elde edilen do\u011fal d\u00fc\u015f\u00fc\u015f, k\u0131yafetin genel g\u00f6r\u00fcn\u00fcm\u00fcn\u00fc yumu\u015fat\u0131yor ve \u015f\u0131kl\u0131\u011f\u0131 \u00f6n plana \u00e7\u0131kar\u0131yor. Ayr\u0131ca ince dokusu sayesinde \u00e7antaya kolayca katlan\u0131p ta\u015f\u0131nabilir. Bu da mevsim ge\u00e7i\u015flerinde pratik bir aksesuar olmas\u0131n\u0131 sa\u011fl\u0131yor.<\/p>\n<p><img loading=\"lazy\" decoding=\"async\" class=\"aligncenter size-full wp-image-308131\" src=\"https:\/\/www.tgrthaber.com\/mavikadin\/wp-content\/uploads\/2026\/03\/Sal-5.png\" alt=\"\" width=\"1208\" height=\"680\" title=\"\" srcset=\"https:\/\/www.tgrthaber.com\/mavikadin\/wp-content\/uploads\/2026\/03\/Sal-5.png 1208w, https:\/\/www.tgrthaber.com\/mavikadin\/wp-content\/uploads\/2026\/03\/Sal-5-300x169.png 300w, https:\/\/www.tgrthaber.com\/mavikadin\/wp-content\/uploads\/2026\/03\/Sal-5-1024x576.png 1024w, https:\/\/www.tgrthaber.com\/mavikadin\/wp-content\/uploads\/2026\/03\/Sal-5-768x432.png 768w\" sizes=\"(max-width: 1208px) 100vw, 1208px\" \/><\/p>\n<hr \/>\n<h3>2026\u2019DA TI\u011e \u0130\u015e\u0130 \u015eALLARIN \u00d6NEM\u0130<\/h3>\n<p>2026\u2019n\u0131n mevsim ge\u00e7i\u015flerinde stilini farkl\u0131la\u015ft\u0131rmak isteyenler i\u00e7in t\u0131\u011fla \u00f6r\u00fclen ince omuz \u015fallar, vazge\u00e7ilmez bir trend olarak \u00f6ne \u00e7\u0131k\u0131yor. Zarif dokusu, geni\u015f renk ve desen se\u00e7enekleri ve el eme\u011fi de\u011feriyle, modern gard\u0131roplar\u0131n \u00f6nemli bir par\u00e7as\u0131 h\u00e2line geliyor. Moda d\u00fcnyas\u0131, bu \u015fallar\u0131 sadece bir aksesuar de\u011fil, ayn\u0131 zamanda ki\u015fisel ifadenin ve esteti\u011fin bir simgesi olarak kabul ediyor.<\/p>\n","protected":false},"excerpt":{"rendered":"<p>Mevsim ge\u00e7i\u015fleri, modaseverler i\u00e7in hem heyecan verici hem de zorlu bir d\u00f6nemdir. Gard\u0131roplar\u0131n yeniden d\u00fczenlendi\u011fi bu s\u00fcre\u00e7te, stil sahibi detaylar \u00f6n plana \u00e7\u0131kar. 2026\u2019n\u0131n \u00f6ne \u00e7\u0131kan trendlerinden biri, t\u0131\u011fla \u00f6r\u00fclen ince omuz \u015fallar oldu. Hafif dokular\u0131, zarif desenleri ve \u00e7ok y\u00f6nl\u00fc kullan\u0131m\u0131yla \u015fallar, her ya\u015f ve tarza hitap ediyor.<\/p>\n","protected":false},"author":5,"featured_media":308133,"comment_status":"closed","ping_status":"closed","sticky":false,"template":"","format":"standard","meta":{"rank_math_lock_modified_date":false,"footnotes":""},"categories":[1797],"tags":[73246,24835,73247],"class_list":["post-308124","post","type-post","status-publish","format-standard","has-post-thumbnail","hentry","category-orgu-hobi","tag-omuz-sallar","tag-orgu-hobi","tag-orgu-omuz-sallar"],"_links":{"self":[{"href":"https:\/\/www.tgrthaber.com\/mavikadin\/wp-json\/wp\/v2\/posts\/308124"}],"collection":[{"href":"https:\/\/www.tgrthaber.com\/mavikadin\/wp-json\/wp\/v2\/posts"}],"about":[{"href":"https:\/\/www.tgrthaber.com\/mavikadin\/wp-json\/wp\/v2\/types\/post"}],"author":[{"embeddable":true,"href":"https:\/\/www.tgrthaber.com\/mavikadin\/wp-json\/wp\/v2\/users\/5"}],"replies":[{"embeddable":true,"href":"https:\/\/www.tgrthaber.com\/mavikadin\/wp-json\/wp\/v2\/comments?post=308124"}],"version-history":[{"count":2,"href":"https:\/\/www.tgrthaber.com\/mavikadin\/wp-json\/wp\/v2\/posts\/308124\/revisions"}],"predecessor-version":[{"id":308135,"href":"https:\/\/www.tgrthaber.com\/mavikadin\/wp-json\/wp\/v2\/posts\/308124\/revisions\/308135"}],"wp:featuredmedia":[{"embeddable":true,"href":"https:\/\/www.tgrthaber.com\/mavikadin\/wp-json\/wp\/v2\/media\/308133"}],"wp:attachment":[{"href":"https:\/\/www.tgrthaber.com\/mavikadin\/wp-json\/wp\/v2\/media?parent=308124"}],"wp:term":[{"taxonomy":"category","embeddable":true,"href":"https:\/\/www.tgrthaber.com\/mavikadin\/wp-json\/wp\/v2\/categories?post=308124"},{"taxonomy":"post_tag","embeddable":true,"href":"https:\/\/www.tgrthaber.com\/mavikadin\/wp-json\/wp\/v2\/tags?post=308124"}],"curies":[{"name":"wp","href":"https:\/\/api.w.org\/{rel}","templated":true}]}}