{"id":308166,"date":"2026-03-11T14:12:06","date_gmt":"2026-03-11T11:12:06","guid":{"rendered":"https:\/\/www.tgrthaber.com\/mavikadin\/?p=308166"},"modified":"2026-03-11T14:24:07","modified_gmt":"2026-03-11T11:24:07","slug":"sehnaz-dilan-kimdir-kac-yasinda-sehnaz-dilan-kimin-kizi","status":"publish","type":"post","link":"https:\/\/www.tgrthaber.com\/mavikadin\/sehnaz-dilan-kimdir-kac-yasinda-sehnaz-dilan-kimin-kizi\/","title":{"rendered":"\u015eehnaz Dilan kimdir, ka\u00e7 ya\u015f\u0131nda? \u015eehnaz Dilan kimin k\u0131z\u0131?"},"content":{"rendered":"<p>T\u00fcrk sinemas\u0131n\u0131n tan\u0131nm\u0131\u015f isimlerinden biri olan \u015eehnaz Dilan, verdi\u011fi r\u00f6portajda hayat\u0131n\u0131n en zor d\u00f6nemlerinden birini anlat\u0131rken duygusal anlar ya\u015fam\u0131\u015ft\u0131. <a href=\"https:\/\/www.tgrthaber.com\/mavikadin\/yesilcamin-usta-isimlerinden-sehnaz-dilan-yeni-nesil-oyunculara-ates-puskurdu-bunlar-bu-paralari-nasil-aliyor\/\">\u015eehnaz Dilan<\/a>, zor g\u00fcnlerinde eski dostu <a href=\"https:\/\/www.tgrthaber.com\/mavikadin\/ibrahim-tatlisesin-eski-karisi-aysegul-yildizdan-sert-sozler-13-yildir-sizden-kurtulmaya-calisiyorum\/\">\u0130brahim Tatl\u0131ses<\/a>&#8216;in kendisine yard\u0131m etti\u011fini s\u00f6yledi\u011fi anlarla g\u00fcndeme gelmi\u015fti. Ye\u015fil\u00e7am&#8217;\u0131n usta oyuncular\u0131ndan olan \u015eehnaz Dilan hakk\u0131nda, &#8220;\u015eehnaz Dilan kimdir, ka\u00e7 ya\u015f\u0131nda? \u015eehnaz Dilan kimin k\u0131z\u0131?&#8221; gibi sorular arama motorlar\u0131nda s\u0131k\u00e7a ara\u015ft\u0131r\u0131l\u0131yor. \u0130\u015fte \u00fcnl\u00fc oyuncu \u015eehnaz Dilan&#8217;\u0131n hayat\u0131na ve kariyerine dair merak edilen t\u00fcm detaylar&#8230;<\/p>\n<h3>\u015eEHNAZ D\u0130LAN K\u0130MD\u0130R?<\/h3>\n<p>1960 do\u011fumlu \u015eehnaz Dilan, Yugoslavya k\u00f6kenli bir ailenin k\u0131z\u0131 olarak \u0130zmir&#8217;de d\u00fcnyaya geldi. Gen\u00e7 ya\u015fta spora ilgi duyan Dilan, 1979 y\u0131l\u0131nda bayan futbol kul\u00fcplerinden \u0130zmir Filizspor&#8217;da futbol oynamaya ba\u015flad\u0131 ve k\u0131sa s\u00fcre sonra kaptanl\u0131k yaparak tak\u0131m\u0131 \u015fampiyonlu\u011fa ta\u015f\u0131d\u0131.<\/p>\n<p><img loading=\"lazy\" decoding=\"async\" class=\"alignnone size-full wp-image-308178\" src=\"https:\/\/www.tgrthaber.com\/mavikadin\/wp-content\/uploads\/2026\/03\/Asli-2026-03-11T140715.254.png\" alt=\"\" width=\"1208\" height=\"680\" title=\"\" srcset=\"https:\/\/www.tgrthaber.com\/mavikadin\/wp-content\/uploads\/2026\/03\/Asli-2026-03-11T140715.254.png 1208w, https:\/\/www.tgrthaber.com\/mavikadin\/wp-content\/uploads\/2026\/03\/Asli-2026-03-11T140715.254-300x169.png 300w, https:\/\/www.tgrthaber.com\/mavikadin\/wp-content\/uploads\/2026\/03\/Asli-2026-03-11T140715.254-1024x576.png 1024w, https:\/\/www.tgrthaber.com\/mavikadin\/wp-content\/uploads\/2026\/03\/Asli-2026-03-11T140715.254-768x432.png 768w\" sizes=\"(max-width: 1208px) 100vw, 1208px\" \/><\/p>\n<hr \/>\n<p>Futbolun yan\u0131 s\u0131ra fotomodellik kariyerine de devam eden Dilan, ayn\u0131 d\u00f6nemde sinema d\u00fcnyas\u0131na ad\u0131m att\u0131. 1982 y\u0131l\u0131nda \u0130stanbul&#8217;a ta\u015f\u0131narak oyunculu\u011fa odakland\u0131 ve k\u0131sa s\u00fcrede dikkat \u00e7ekti. 1985 y\u0131l\u0131nda Ertem E\u011filmez&#8217;in &#8220;A\u015f\u0131k Oldum&#8221; filminde ve 1986&#8217;da Zeki \u00d6kten&#8217;in &#8220;Yoksul&#8221; filminde sergiledi\u011fi performanslarla Ye\u015fil\u00e7am&#8217;da ad\u0131n\u0131 duyurdu.<\/p>\n<p><img loading=\"lazy\" decoding=\"async\" class=\"alignnone size-full wp-image-308179\" src=\"https:\/\/www.tgrthaber.com\/mavikadin\/wp-content\/uploads\/2026\/03\/Asli-2026-03-11T140834.645.png\" alt=\"\" width=\"1208\" height=\"680\" title=\"\" srcset=\"https:\/\/www.tgrthaber.com\/mavikadin\/wp-content\/uploads\/2026\/03\/Asli-2026-03-11T140834.645.png 1208w, https:\/\/www.tgrthaber.com\/mavikadin\/wp-content\/uploads\/2026\/03\/Asli-2026-03-11T140834.645-300x169.png 300w, https:\/\/www.tgrthaber.com\/mavikadin\/wp-content\/uploads\/2026\/03\/Asli-2026-03-11T140834.645-1024x576.png 1024w, https:\/\/www.tgrthaber.com\/mavikadin\/wp-content\/uploads\/2026\/03\/Asli-2026-03-11T140834.645-768x432.png 768w\" sizes=\"(max-width: 1208px) 100vw, 1208px\" \/><\/p>\n<hr \/>\n<h3>\u015eEHNAZ D\u0130LAN K\u0130M\u0130N KIZI?<\/h3>\n<p>Ye\u015fil\u00e7am oyuncusu ve eski futbolcu \u015eehnaz Dilan (\u015eehnaz Vreskala), Yugoslavya k\u00f6kenli bir ailenin k\u0131z\u0131 olarak 1960 y\u0131l\u0131nda \u0130zmir&#8217;de do\u011fmu\u015ftur. Annesinin ad\u0131 Cavidan Dora oldu\u011fu bilinmektedir. 1980&#8217;lerden bu yana sinema ve dizi sekt\u00f6r\u00fcnde yer almaktad\u0131r.<\/p>\n<h3><img loading=\"lazy\" decoding=\"async\" class=\"alignnone size-full wp-image-308180\" src=\"https:\/\/www.tgrthaber.com\/mavikadin\/wp-content\/uploads\/2026\/03\/Asli-2026-03-11T141012.556.png\" alt=\"\" width=\"1208\" height=\"680\" title=\"\" srcset=\"https:\/\/www.tgrthaber.com\/mavikadin\/wp-content\/uploads\/2026\/03\/Asli-2026-03-11T141012.556.png 1208w, https:\/\/www.tgrthaber.com\/mavikadin\/wp-content\/uploads\/2026\/03\/Asli-2026-03-11T141012.556-300x169.png 300w, https:\/\/www.tgrthaber.com\/mavikadin\/wp-content\/uploads\/2026\/03\/Asli-2026-03-11T141012.556-1024x576.png 1024w, https:\/\/www.tgrthaber.com\/mavikadin\/wp-content\/uploads\/2026\/03\/Asli-2026-03-11T141012.556-768x432.png 768w\" sizes=\"(max-width: 1208px) 100vw, 1208px\" \/><\/h3>\n<hr \/>\n<h3>\u015eEHNAZ D\u0130LAN\u2019IN O\u011eLUNUN RAHATSIZLI\u011eI SON DURUM<\/h3>\n<p>Dilan, o\u011flunun uzun s\u00fcren hastane tedavisinin kendisi i\u00e7in ne kadar a\u011f\u0131r bir y\u00fck oldu\u011funu belirtti. &#8220;8 ay kadar L\u00d6SANTE&#8217;de kald\u0131k. Devletin yard\u0131m\u0131 \u00fc\u00e7 ay s\u00fcrd\u00fc, sonras\u0131nda kendi ba\u015f\u0131m\u0131za devam etmek zorunda kald\u0131k. Ben \u00e7al\u0131\u015fmay\u0131 b\u0131rakamad\u0131m, dertlerimi kimseye anlatamad\u0131m,&#8221; diyerek o g\u00fcnlerde ya\u015fad\u0131\u011f\u0131 \u00e7aresizli\u011fi g\u00f6zler \u00f6n\u00fcne serdi. Sa\u011fl\u0131k sorunlar\u0131n\u0131n da bu d\u00f6nemde iyice artt\u0131\u011f\u0131n\u0131 bir \u00e7\u0131k\u0131\u015f yolu bulamad\u0131\u011f\u0131 anda <a href=\"https:\/\/www.tgrthaber.com\/mavikadin\/derya-tuna-ibrahim-tatlisesi-ove-ove-bitiremedi-hakkini-yiyemem\/\">\u0130brahim Tatl\u0131ses<\/a>&#8216;i arad\u0131\u011f\u0131n\u0131 ve ondan yard\u0131m istedi\u011fini a\u00e7\u0131klad\u0131.<\/p>\n<p><img loading=\"lazy\" decoding=\"async\" class=\"alignnone size-full wp-image-308181\" src=\"https:\/\/www.tgrthaber.com\/mavikadin\/wp-content\/uploads\/2026\/03\/Asli-2026-03-11T140747.251.png\" alt=\"\" width=\"1208\" height=\"680\" title=\"\" srcset=\"https:\/\/www.tgrthaber.com\/mavikadin\/wp-content\/uploads\/2026\/03\/Asli-2026-03-11T140747.251.png 1208w, https:\/\/www.tgrthaber.com\/mavikadin\/wp-content\/uploads\/2026\/03\/Asli-2026-03-11T140747.251-300x169.png 300w, https:\/\/www.tgrthaber.com\/mavikadin\/wp-content\/uploads\/2026\/03\/Asli-2026-03-11T140747.251-1024x576.png 1024w, https:\/\/www.tgrthaber.com\/mavikadin\/wp-content\/uploads\/2026\/03\/Asli-2026-03-11T140747.251-768x432.png 768w\" sizes=\"(max-width: 1208px) 100vw, 1208px\" \/><\/p>\n<hr \/>\n<h3>\u015eEHNAZ D\u0130LAN\u2019IN KAR\u0130YER\u0130<\/h3>\n<p>1960 do\u011fumlu \u015eehnaz Dilan, \u0130zmir&#8217;de d\u00fcnyaya geldi. Gen\u00e7 ya\u015fta futbola ilgi duyarak 1979&#8217;da \u0130zmir Filizspor&#8217;da oynamaya ba\u015flad\u0131 ve kaptanl\u0131\u011fa kadar y\u00fckseldi. Futbolculuk kariyerinin yan\u0131 s\u0131ra fotomodellik yapan Dilan, 1982&#8217;de \u0130stanbul&#8217;a gelerek oyunculu\u011fa ad\u0131m att\u0131. 1985 yap\u0131m\u0131 &#8220;A\u015f\u0131k Oldum&#8221; ve 1986 yap\u0131m\u0131 &#8220;Yoksul&#8221; gibi filmlerle Ye\u015fil\u00e7am&#8217;da tan\u0131nd\u0131.<\/p>\n<p><img loading=\"lazy\" decoding=\"async\" class=\"alignnone size-full wp-image-308182\" src=\"https:\/\/www.tgrthaber.com\/mavikadin\/wp-content\/uploads\/2026\/03\/Asli-2026-03-11T140804.579.png\" alt=\"\" width=\"1208\" height=\"680\" title=\"\" srcset=\"https:\/\/www.tgrthaber.com\/mavikadin\/wp-content\/uploads\/2026\/03\/Asli-2026-03-11T140804.579.png 1208w, https:\/\/www.tgrthaber.com\/mavikadin\/wp-content\/uploads\/2026\/03\/Asli-2026-03-11T140804.579-300x169.png 300w, https:\/\/www.tgrthaber.com\/mavikadin\/wp-content\/uploads\/2026\/03\/Asli-2026-03-11T140804.579-1024x576.png 1024w, https:\/\/www.tgrthaber.com\/mavikadin\/wp-content\/uploads\/2026\/03\/Asli-2026-03-11T140804.579-768x432.png 768w\" sizes=\"(max-width: 1208px) 100vw, 1208px\" \/><\/p>\n<p>\u00d6zellikle &#8220;Yoksul&#8221; filminde Kemal Sunal ile ba\u015frol\u00fc payla\u015ft\u0131. 2000&#8217;lerden itibaren ise televizyon dizileriyle de izleyici kar\u015f\u0131s\u0131na \u00e7\u0131kmaya devam etti. 2021 yap\u0131m\u0131 &#8220;Sir\u2011Ayet: \u00d6l\u00fc Do\u011fan&#8221; ve 2023 yap\u0131m\u0131 &#8220;S\u0131r \u015eeytan\u0131n Kurbanlar\u0131&#8221; gibi son projeleriyle de aktifli\u011fini s\u00fcrd\u00fcrmektedir.<\/p>\n","protected":false},"excerpt":{"rendered":"<p>Ye\u015fil\u00e7am&#8217;\u0131n tan\u0131nm\u0131\u015f isimlerinden bir olan usta oyuncu \u015eehnaz Dilan, yak\u0131n zamanda yapt\u0131\u011f\u0131 a\u00e7\u0131klamada hayat\u0131n\u0131n zor d\u00f6nemlerinden bahsetti ve eski dostu \u0130brahim Tatl\u0131ses&#8217;in kendisine yard\u0131m etti\u011fini s\u00f6ylemi\u015fti. Peki, \u015eehnaz Dilan kimdir, ka\u00e7 ya\u015f\u0131nda ve kimin k\u0131z\u0131? \u0130\u015fte merak edilen t\u00fcm detaylar&#8230;<\/p>\n","protected":false},"author":37,"featured_media":308177,"comment_status":"closed","ping_status":"closed","sticky":false,"template":"","format":"standard","meta":{"rank_math_lock_modified_date":false,"footnotes":""},"categories":[491],"tags":[3374,2640,17940,73253],"class_list":["post-308166","post","type-post","status-publish","format-standard","has-post-thumbnail","hentry","category-biyografi","tag-biyografi","tag-ibrahim-tatlises","tag-sehnaz-dilan","tag-sehnaz-dilan-kimdir"],"_links":{"self":[{"href":"https:\/\/www.tgrthaber.com\/mavikadin\/wp-json\/wp\/v2\/posts\/308166"}],"collection":[{"href":"https:\/\/www.tgrthaber.com\/mavikadin\/wp-json\/wp\/v2\/posts"}],"about":[{"href":"https:\/\/www.tgrthaber.com\/mavikadin\/wp-json\/wp\/v2\/types\/post"}],"author":[{"embeddable":true,"href":"https:\/\/www.tgrthaber.com\/mavikadin\/wp-json\/wp\/v2\/users\/37"}],"replies":[{"embeddable":true,"href":"https:\/\/www.tgrthaber.com\/mavikadin\/wp-json\/wp\/v2\/comments?post=308166"}],"version-history":[{"count":4,"href":"https:\/\/www.tgrthaber.com\/mavikadin\/wp-json\/wp\/v2\/posts\/308166\/revisions"}],"predecessor-version":[{"id":308196,"href":"https:\/\/www.tgrthaber.com\/mavikadin\/wp-json\/wp\/v2\/posts\/308166\/revisions\/308196"}],"wp:featuredmedia":[{"embeddable":true,"href":"https:\/\/www.tgrthaber.com\/mavikadin\/wp-json\/wp\/v2\/media\/308177"}],"wp:attachment":[{"href":"https:\/\/www.tgrthaber.com\/mavikadin\/wp-json\/wp\/v2\/media?parent=308166"}],"wp:term":[{"taxonomy":"category","embeddable":true,"href":"https:\/\/www.tgrthaber.com\/mavikadin\/wp-json\/wp\/v2\/categories?post=308166"},{"taxonomy":"post_tag","embeddable":true,"href":"https:\/\/www.tgrthaber.com\/mavikadin\/wp-json\/wp\/v2\/tags?post=308166"}],"curies":[{"name":"wp","href":"https:\/\/api.w.org\/{rel}","templated":true}]}}