{"id":308167,"date":"2026-03-11T13:50:11","date_gmt":"2026-03-11T10:50:11","guid":{"rendered":"https:\/\/www.tgrthaber.com\/mavikadin\/?p=308167"},"modified":"2026-03-11T13:50:11","modified_gmt":"2026-03-11T10:50:11","slug":"ipek-arkan-kimdir-kac-yasinda-ipek-arkan-hangi-dizilerde-oynadi","status":"publish","type":"post","link":"https:\/\/www.tgrthaber.com\/mavikadin\/ipek-arkan-kimdir-kac-yasinda-ipek-arkan-hangi-dizilerde-oynadi\/","title":{"rendered":"\u0130pek Arkan kimdir, ka\u00e7 ya\u015f\u0131nda? \u0130pek Arkan hangi dizilerde oynad\u0131?"},"content":{"rendered":"<p>\u0130pek Arkan, \u015fimdilerde ba\u015far\u0131l\u0131 oyunculuk kariyeriyle ad\u0131ndan s\u00f6z ettiriyor. Gen\u00e7 ku\u015fa\u011f\u0131n g\u00f6zde isimleri aras\u0131nda yer alan \u0130pek Arkan\u2019\u0131n \u00f6zel hayat\u0131 da merak ediliyor. Son olarak Uzak \u015eehir dizisine \u2018M\u00fcjgan\u2019 karakteriyle dahil olan \u00fcnl\u00fc oyuncunun kim oldu\u011fu ara\u015ft\u0131r\u0131l\u0131yor. Oyunculuk performans\u0131yla b\u00fcy\u00fck ses getiren ve t\u00fcm h\u0131z\u0131yla kariyerine devam eden \u0130pek Arkan, ba\u015far\u0131l\u0131 projelere imza atmaya devam ediyor. Oyunculuk kariyeri kadar \u00f6zel hayat\u0131yla da ad\u0131ndan s\u00f6z ettiren \u0130pek Arkan\u2019\u0131n hangi dizilerde rol ald\u0131\u011f\u0131 da merak edilenler aras\u0131nda yerini al\u0131yor. Peki, \u0130pek Arkan kimdir? \u0130pek Arkan ka\u00e7 ya\u015f\u0131nda? \u0130pek Arkan hangi dizilerde oynad\u0131? \u0130pek Arkan hakk\u0131nda merak edilenleri sizin i\u00e7in ara\u015ft\u0131rd\u0131k. \u0130\u015fte \u0130pek Arkan\u2019a dair bilinmeyenler\u2026<\/p>\n<h3>\u0130PEK ARKAN K\u0130MD\u0130R?<\/h3>\n<p><a href=\"https:\/\/www.tgrthaber.com\/mavikadin\/uzak-sehir-dizisinde-meryemin-kardesi-mujgan-kimdir-uzak-sehir-mujgan-karakterini-kim-oynuyor\/?p=4\">\u0130pek Arkan<\/a>, dizi, film ve sinema oyuncusudur. Gen\u00e7 ku\u015fa\u011f\u0131n ba\u015far\u0131l\u0131 oyuncular\u0131 aras\u0131na ismini yazd\u0131ran Arkan, kariyerine t\u00fcm h\u0131z\u0131yla devam ediyor. \u00d6zellikle oyuncu kimli\u011fiyle \u00f6n plana \u00e7\u0131kan Arkan, ilkokul, ortaokul ve lise e\u011fitimini ba\u015far\u0131yla tamamlad\u0131.<\/p>\n<p><img loading=\"lazy\" decoding=\"async\" class=\"size-full wp-image-308171\" src=\"https:\/\/www.tgrthaber.com\/mavikadin\/wp-content\/uploads\/2026\/03\/Ipek-Arkan-5.jpg\" alt=\"\u0130pek Arkan kimdir, ka\u00e7 ya\u015f\u0131nda? \u0130pek Arkan hangi dizilerde oynad\u0131?\" width=\"1208\" height=\"680\" title=\"\" srcset=\"https:\/\/www.tgrthaber.com\/mavikadin\/wp-content\/uploads\/2026\/03\/Ipek-Arkan-5.jpg 1208w, https:\/\/www.tgrthaber.com\/mavikadin\/wp-content\/uploads\/2026\/03\/Ipek-Arkan-5-300x169.jpg 300w, https:\/\/www.tgrthaber.com\/mavikadin\/wp-content\/uploads\/2026\/03\/Ipek-Arkan-5-1024x576.jpg 1024w, https:\/\/www.tgrthaber.com\/mavikadin\/wp-content\/uploads\/2026\/03\/Ipek-Arkan-5-768x432.jpg 768w\" sizes=\"(max-width: 1208px) 100vw, 1208px\" \/><\/p>\n<hr \/>\n<p>\u00d6zel hayat\u0131 hakk\u0131nda kamuoyunda s\u0131n\u0131rl\u0131 bilgisi olan \u0130pek Arkan, y\u00fcksek\u00f6\u011frenimini Marmara \u00dcniversitesi Resim \u00d6\u011fretmenli\u011fi B\u00f6l\u00fcm\u00fc\u2019nde tamamlad\u0131. \u00dcniversite e\u011fitiminin yan\u0131 s\u0131ra kariyerini oyunculuk alan\u0131nda devam ettirmek isteyen Arkan, bu s\u00fcre\u00e7te bir\u00e7ok e\u011fitimden ge\u00e7ti.<\/p>\n<p><img loading=\"lazy\" decoding=\"async\" class=\"size-full wp-image-308170\" src=\"https:\/\/www.tgrthaber.com\/mavikadin\/wp-content\/uploads\/2026\/03\/Ipek-Arkan-4.jpg\" alt=\"\u0130pek Arkan kimdir, ka\u00e7 ya\u015f\u0131nda? \u0130pek Arkan hangi dizilerde oynad\u0131?\" width=\"1208\" height=\"680\" title=\"\" srcset=\"https:\/\/www.tgrthaber.com\/mavikadin\/wp-content\/uploads\/2026\/03\/Ipek-Arkan-4.jpg 1208w, https:\/\/www.tgrthaber.com\/mavikadin\/wp-content\/uploads\/2026\/03\/Ipek-Arkan-4-300x169.jpg 300w, https:\/\/www.tgrthaber.com\/mavikadin\/wp-content\/uploads\/2026\/03\/Ipek-Arkan-4-1024x576.jpg 1024w, https:\/\/www.tgrthaber.com\/mavikadin\/wp-content\/uploads\/2026\/03\/Ipek-Arkan-4-768x432.jpg 768w\" sizes=\"(max-width: 1208px) 100vw, 1208px\" \/><\/p>\n<hr \/>\n<p>Okudu\u011fu b\u00f6l\u00fcm\u00fcn d\u0131\u015f\u0131na \u00e7\u0131karak farkl\u0131 bir alana y\u00f6nelen \u0130pek Arkan, kariyerinde oyunculuk \u00fczerine ilerlemeyi tercih etti. Ald\u0131\u011f\u0131 oyunculuk e\u011fitimleriyle k\u0131sa s\u00fcrede b\u00fcy\u00fck bir ba\u015far\u0131 elde eden Arkan, \u00e7e\u015fitli reklam filmlerinde boy g\u00f6sterdi. Reklam projelerinin yan\u0131 s\u0131ra dizi ve film \u00e7al\u0131\u015fmalar\u0131nda da boy g\u00f6steren Arkan, \u015fimdilerde kariyerini t\u00fcm h\u0131z\u0131yla ilerletiyor.<\/p>\n<p><img loading=\"lazy\" decoding=\"async\" class=\"size-full wp-image-308172\" src=\"https:\/\/www.tgrthaber.com\/mavikadin\/wp-content\/uploads\/2026\/03\/Ipek-Arkan-6.jpg\" alt=\"\u0130pek Arkan kimdir, ka\u00e7 ya\u015f\u0131nda? \u0130pek Arkan hangi dizilerde oynad\u0131?\" width=\"1208\" height=\"680\" title=\"\" srcset=\"https:\/\/www.tgrthaber.com\/mavikadin\/wp-content\/uploads\/2026\/03\/Ipek-Arkan-6.jpg 1208w, https:\/\/www.tgrthaber.com\/mavikadin\/wp-content\/uploads\/2026\/03\/Ipek-Arkan-6-300x169.jpg 300w, https:\/\/www.tgrthaber.com\/mavikadin\/wp-content\/uploads\/2026\/03\/Ipek-Arkan-6-1024x576.jpg 1024w, https:\/\/www.tgrthaber.com\/mavikadin\/wp-content\/uploads\/2026\/03\/Ipek-Arkan-6-768x432.jpg 768w\" sizes=\"(max-width: 1208px) 100vw, 1208px\" \/><\/p>\n<hr \/>\n<h3>\u0130PEK ARKAN KA\u00c7 YA\u015eINDA?<\/h3>\n<p><a href=\"https:\/\/www.tgrthaber.com\/mavikadin\/uzak-sehir-dizisinde-meryemin-kardesi-mujgan-kimdir-uzak-sehir-mujgan-karakterini-kim-oynuyor\/?p=4\">\u0130pek Arkan<\/a>, 19 \u015eubat 1997 y\u0131l\u0131nda \u0130stanbul\u2019da d\u00fcnyaya geldi. 2026 y\u0131l\u0131 itibar\u0131yla 29 ya\u015f\u0131nda olan Arkan, Burak Sar\u0131mola Kamera \u00d6n\u00fc Oyunculuk E\u011fitimi, Ay\u015fe Tunaboylu Oyunculuk E\u011fitimi, Diksiyon E\u011fitimi (Kubilay Karsl\u0131o\u011flu) ve Sahne D\u00f6v\u00fc\u015f Teknikleri (\u00c7a\u011fda\u015f Agun) gibi e\u011fitimlerle kendini geli\u015ftirdi.<\/p>\n<p><img loading=\"lazy\" decoding=\"async\" class=\"size-full wp-image-308173\" src=\"https:\/\/www.tgrthaber.com\/mavikadin\/wp-content\/uploads\/2026\/03\/Ipek-Arkan-1.jpg\" alt=\"\u0130pek Arkan kimdir, ka\u00e7 ya\u015f\u0131nda? \u0130pek Arkan hangi dizilerde oynad\u0131?\" width=\"1208\" height=\"680\" title=\"\" srcset=\"https:\/\/www.tgrthaber.com\/mavikadin\/wp-content\/uploads\/2026\/03\/Ipek-Arkan-1.jpg 1208w, https:\/\/www.tgrthaber.com\/mavikadin\/wp-content\/uploads\/2026\/03\/Ipek-Arkan-1-300x169.jpg 300w, https:\/\/www.tgrthaber.com\/mavikadin\/wp-content\/uploads\/2026\/03\/Ipek-Arkan-1-1024x576.jpg 1024w, https:\/\/www.tgrthaber.com\/mavikadin\/wp-content\/uploads\/2026\/03\/Ipek-Arkan-1-768x432.jpg 768w\" sizes=\"(max-width: 1208px) 100vw, 1208px\" \/><\/p>\n<hr \/>\n<p>Oyunculuk alan\u0131nda bir\u00e7ok farkl\u0131 e\u011fitim alan \u0130pek Arkan, 1.73 cm boyunda, 53 kilodad\u0131r. Kamera \u00f6n\u00fc oyunculuk e\u011fitimi alan Arkan, ayn\u0131 zamanda \u0130ngilizce bilmektedir. T\u00fcmay \u00d6zokur ajans\u0131n oyuncusu olan \u0130pek Arkan, reklam ve tiyatro \u00e7al\u0131\u015fmalar\u0131 yan\u0131 s\u0131ra 2021 y\u0131l\u0131ndan itibaren T\u00fcrkan Han\u0131m\u2019\u0131n Kona\u011f\u0131, Emanet gibi \u00e7e\u015fitli film ve dizilerde rol ald\u0131.<\/p>\n<p><img loading=\"lazy\" decoding=\"async\" class=\"size-full wp-image-308168\" src=\"https:\/\/www.tgrthaber.com\/mavikadin\/wp-content\/uploads\/2026\/03\/Ipek-Arkan-2.jpg\" alt=\"\u0130pek Arkan kimdir, ka\u00e7 ya\u015f\u0131nda? \u0130pek Arkan hangi dizilerde oynad\u0131?\" width=\"1208\" height=\"680\" title=\"\" srcset=\"https:\/\/www.tgrthaber.com\/mavikadin\/wp-content\/uploads\/2026\/03\/Ipek-Arkan-2.jpg 1208w, https:\/\/www.tgrthaber.com\/mavikadin\/wp-content\/uploads\/2026\/03\/Ipek-Arkan-2-300x169.jpg 300w, https:\/\/www.tgrthaber.com\/mavikadin\/wp-content\/uploads\/2026\/03\/Ipek-Arkan-2-1024x576.jpg 1024w, https:\/\/www.tgrthaber.com\/mavikadin\/wp-content\/uploads\/2026\/03\/Ipek-Arkan-2-768x432.jpg 768w\" sizes=\"(max-width: 1208px) 100vw, 1208px\" \/><\/p>\n<hr \/>\n<p>Oyunculuk kariyerine t\u00fcm h\u0131z\u0131yla devam eden \u0130pek Arkan, yeni projelerde boy g\u00f6steriyor. Son olarak TRT Tabii\u2019nin iddial\u0131 projeleri aras\u0131nda yer alan \u2018Binbir Gece Masallar\u0131\u2019nda \u0130brahim \u00c7elikkol\u2019un oynad\u0131\u011f\u0131 \u015eehriyar\u2019\u0131n \u00f6len e\u015fi G\u00fclendam Sultan karakteriyle kamera kar\u015f\u0131s\u0131na \u00e7\u0131kan Arkan, Kanal D ekranlar\u0131n\u0131n reyting rekortmeni dizisi Uzak \u015eehir\u2019de \u2018M\u00fcjgan\u2019 karakterini \u00fcstleniyor.<\/p>\n<p><img loading=\"lazy\" decoding=\"async\" class=\"size-full wp-image-308174\" src=\"https:\/\/www.tgrthaber.com\/mavikadin\/wp-content\/uploads\/2026\/03\/Uzak-Sehir-Mujgan-4-1.jpg\" alt=\"\u0130pek Arkan kimdir, ka\u00e7 ya\u015f\u0131nda? \u0130pek Arkan hangi dizilerde oynad\u0131?\" width=\"1208\" height=\"680\" title=\"\" srcset=\"https:\/\/www.tgrthaber.com\/mavikadin\/wp-content\/uploads\/2026\/03\/Uzak-Sehir-Mujgan-4-1.jpg 1208w, https:\/\/www.tgrthaber.com\/mavikadin\/wp-content\/uploads\/2026\/03\/Uzak-Sehir-Mujgan-4-1-300x169.jpg 300w, https:\/\/www.tgrthaber.com\/mavikadin\/wp-content\/uploads\/2026\/03\/Uzak-Sehir-Mujgan-4-1-1024x576.jpg 1024w, https:\/\/www.tgrthaber.com\/mavikadin\/wp-content\/uploads\/2026\/03\/Uzak-Sehir-Mujgan-4-1-768x432.jpg 768w\" sizes=\"(max-width: 1208px) 100vw, 1208px\" \/><\/p>\n<hr \/>\n<h3>\u0130PEK ARKAN HANG\u0130 D\u0130Z\u0130LERDE OYNADI?<\/h3>\n<p>Uzak \u015eehir<\/p>\n<p>Binbir Gece Masallar\u0131<\/p>\n<p>Kurulu\u015f Orhan<\/p>\n<p>K\u0131z\u0131lc\u0131k \u015eerbeti<\/p>\n<p>T\u00fcrkan Han\u0131m\u2019\u0131n Kona\u011f\u0131<\/p>\n<p>Emanet<\/p>\n","protected":false},"excerpt":{"rendered":"<p>Gen\u00e7 ku\u015fa\u011f\u0131n ba\u015far\u0131l\u0131 oyuncular\u0131 aras\u0131nda yer alan \u0130pek Arkan\u2019\u0131n \u00f6zel hayat\u0131na dair detaylar merakla ara\u015ft\u0131r\u0131l\u0131yor. \u015eimdilerde oyunculuk kariyeriyle b\u00fcy\u00fck ses getiren \u0130pek Arkan\u2019\u0131n kim oldu\u011fu merak ediliyor. Peki, \u0130pek Arkan kimdir, ka\u00e7 ya\u015f\u0131nda? \u0130pek Arkan hangi dizilerde oynad\u0131? \u0130\u015fte detaylar\u2026<\/p>\n","protected":false},"author":26,"featured_media":308169,"comment_status":"closed","ping_status":"closed","sticky":false,"template":"","format":"standard","meta":{"rank_math_lock_modified_date":false,"footnotes":""},"categories":[491],"tags":[3374,16521,60798,62379,73252,73250],"class_list":["post-308167","post","type-post","status-publish","format-standard","has-post-thumbnail","hentry","category-biyografi","tag-biyografi","tag-biyografi-haberleri","tag-ipek-arkan","tag-ipek-arkan-kimdir","tag-ipek-arkan-uzak-sehir","tag-uzak-sehir-mujgan"],"_links":{"self":[{"href":"https:\/\/www.tgrthaber.com\/mavikadin\/wp-json\/wp\/v2\/posts\/308167"}],"collection":[{"href":"https:\/\/www.tgrthaber.com\/mavikadin\/wp-json\/wp\/v2\/posts"}],"about":[{"href":"https:\/\/www.tgrthaber.com\/mavikadin\/wp-json\/wp\/v2\/types\/post"}],"author":[{"embeddable":true,"href":"https:\/\/www.tgrthaber.com\/mavikadin\/wp-json\/wp\/v2\/users\/26"}],"replies":[{"embeddable":true,"href":"https:\/\/www.tgrthaber.com\/mavikadin\/wp-json\/wp\/v2\/comments?post=308167"}],"version-history":[{"count":2,"href":"https:\/\/www.tgrthaber.com\/mavikadin\/wp-json\/wp\/v2\/posts\/308167\/revisions"}],"predecessor-version":[{"id":308176,"href":"https:\/\/www.tgrthaber.com\/mavikadin\/wp-json\/wp\/v2\/posts\/308167\/revisions\/308176"}],"wp:featuredmedia":[{"embeddable":true,"href":"https:\/\/www.tgrthaber.com\/mavikadin\/wp-json\/wp\/v2\/media\/308169"}],"wp:attachment":[{"href":"https:\/\/www.tgrthaber.com\/mavikadin\/wp-json\/wp\/v2\/media?parent=308167"}],"wp:term":[{"taxonomy":"category","embeddable":true,"href":"https:\/\/www.tgrthaber.com\/mavikadin\/wp-json\/wp\/v2\/categories?post=308167"},{"taxonomy":"post_tag","embeddable":true,"href":"https:\/\/www.tgrthaber.com\/mavikadin\/wp-json\/wp\/v2\/tags?post=308167"}],"curies":[{"name":"wp","href":"https:\/\/api.w.org\/{rel}","templated":true}]}}