{"id":308199,"date":"2026-03-11T14:43:26","date_gmt":"2026-03-11T11:43:26","guid":{"rendered":"https:\/\/www.tgrthaber.com\/mavikadin\/?p=308199"},"modified":"2026-03-11T16:23:14","modified_gmt":"2026-03-11T13:23:14","slug":"gelinim-mutfakta-ceyrek-altini-kim-aldi-gelinim-mutfakta-11-mart-2026-birinci-kim-oldu","status":"publish","type":"post","link":"https:\/\/www.tgrthaber.com\/mavikadin\/gelinim-mutfakta-ceyrek-altini-kim-aldi-gelinim-mutfakta-11-mart-2026-birinci-kim-oldu\/","title":{"rendered":"Gelinim Mutfakta \u00e7eyrek alt\u0131n\u0131 kim ald\u0131? Gelinim Mutfakta 11 Mart 2026 birinci kim oldu?"},"content":{"rendered":"<p>Kanal D ekranlar\u0131nda hafta i\u00e7i her g\u00fcn 14:00&#8217;de yay\u0131nlanan Gelinim Mutfakta&#8217;n\u0131n yeni b\u00f6l\u00fcm\u00fc ekranlara adeta damga vurdu. Yar\u0131\u015fmaya veda edenler ve yar\u0131\u015fmaya yeni kat\u0131lanlar Gelinim Mutfakta&#8217;da t\u00fcm dengeleri de\u011fi\u015ftirirken, g\u00fcn sonu \u00e7eyrek alt\u0131n\u0131 kimin ald\u0131\u011f\u0131 da merak konusu oldu. Peki 11 Mart 2026 \u00c7ar\u015famba <a href=\"https:\/\/www.tgrthaber.com\/mavikadin\/gelinim-mutfakta-emre-kimdir-gelinim-mutfaktanin-ilk-damat-yarismacisina-begeni-yagdi\/\">\u00e7eyrek alt\u0131n<\/a>\u0131 kim ald\u0131, g\u00fcn birincisi kim oldu? \u0130\u015fte detaylar&#8230;<\/p>\n<h3>GEL\u0130N\u0130M MUTFAKTA \u00c7EYREK ALTINI K\u0130M ALDI?<\/h3>\n<p>Gelinim Mutfakta&#8217;da bug\u00fcn gelinlere Kayseri ya\u011f mant\u0131s\u0131 yeme\u011fi verildi. En lezzetli yeme\u011fi yapan ve en y\u00fcksek puan\u0131 alan g\u00fcn sonu \u00e7eyrek alt\u0131n\u0131n da sahibi olacak. Peki Gelinim Mutfakta&#8217;da kim \u00e7eyrek ald\u0131? 11 Mart 2026 \u00c7ar\u015famba g\u00fcn\u00fc \u00e7eyrek alt\u0131n\u0131n sahibi Tu\u011fba oldu.\u00a0 Kayseri ya\u011f mant\u0131s\u0131n\u0131 en lezzetli \u015fekilde haz\u0131rlayan Tu\u011fba, en y\u00fcksek puan\u0131 alarak \u00e7eyrek alt\u0131n\u0131 yakas\u0131na takt\u0131.<\/p>\n<p><img loading=\"lazy\" decoding=\"async\" class=\"alignnone wp-image-308201 size-full\" src=\"https:\/\/www.tgrthaber.com\/mavikadin\/wp-content\/uploads\/2026\/03\/Adsiz-tasarim-27-scaled.jpg\" alt=\"\" width=\"2560\" height=\"1440\" title=\"\" srcset=\"https:\/\/www.tgrthaber.com\/mavikadin\/wp-content\/uploads\/2026\/03\/Adsiz-tasarim-27-scaled.jpg 2560w, https:\/\/www.tgrthaber.com\/mavikadin\/wp-content\/uploads\/2026\/03\/Adsiz-tasarim-27-300x169.jpg 300w, https:\/\/www.tgrthaber.com\/mavikadin\/wp-content\/uploads\/2026\/03\/Adsiz-tasarim-27-1024x576.jpg 1024w, https:\/\/www.tgrthaber.com\/mavikadin\/wp-content\/uploads\/2026\/03\/Adsiz-tasarim-27-768x432.jpg 768w, https:\/\/www.tgrthaber.com\/mavikadin\/wp-content\/uploads\/2026\/03\/Adsiz-tasarim-27-1536x864.jpg 1536w, https:\/\/www.tgrthaber.com\/mavikadin\/wp-content\/uploads\/2026\/03\/Adsiz-tasarim-27-2048x1152.jpg 2048w\" sizes=\"(max-width: 2560px) 100vw, 2560px\" \/><\/p>\n<hr \/>\n<h3>GEL\u0130N\u0130M MUTFAKTA 11 MART 2026 \u00c7AR\u015eAMBA B\u0130R\u0130NC\u0130 K\u0130M OLDU?<\/h3>\n<p><a href=\"https:\/\/www.tgrthaber.com\/mavikadin\/gelinim-mutfaktaya-alimenin-ablasindan-soke-eden-baskin-dun-telefonla-baglandi-bugun-studyo-ayaga-kalkti\/\">Gelinim Mutfakta<\/a>&#8216;da d\u00fcn ya\u015fanan sa\u011fl\u0131k sorunlar\u0131 nedeniyle Ayten ve H\u00fcr\u00fc Han\u0131m&#8217;\u0131n ayr\u0131lmas\u0131ndan sonra yar\u0131\u015fmaya Cansu ve kay\u0131nvalidesi D\u00f6n\u00fc\u015f dahil oldu. Bununla beraber M\u00fcr\u00fcvet Han\u0131m&#8217;\u0131n gelini Dilanay&#8217;da yar\u0131\u015fmaya kat\u0131lan bir di\u011fer yar\u0131\u015fmac\u0131 oldu.<\/p>\n<p><img loading=\"lazy\" decoding=\"async\" class=\"alignnone wp-image-308202 size-full\" src=\"https:\/\/www.tgrthaber.com\/mavikadin\/wp-content\/uploads\/2026\/03\/Ekran-goruntusu-2026-03-11-143137.png\" alt=\"\" width=\"1789\" height=\"965\" title=\"\" srcset=\"https:\/\/www.tgrthaber.com\/mavikadin\/wp-content\/uploads\/2026\/03\/Ekran-goruntusu-2026-03-11-143137.png 1789w, https:\/\/www.tgrthaber.com\/mavikadin\/wp-content\/uploads\/2026\/03\/Ekran-goruntusu-2026-03-11-143137-300x162.png 300w, https:\/\/www.tgrthaber.com\/mavikadin\/wp-content\/uploads\/2026\/03\/Ekran-goruntusu-2026-03-11-143137-1024x552.png 1024w, https:\/\/www.tgrthaber.com\/mavikadin\/wp-content\/uploads\/2026\/03\/Ekran-goruntusu-2026-03-11-143137-768x414.png 768w, https:\/\/www.tgrthaber.com\/mavikadin\/wp-content\/uploads\/2026\/03\/Ekran-goruntusu-2026-03-11-143137-1536x829.png 1536w\" sizes=\"(max-width: 1789px) 100vw, 1789px\" \/><\/p>\n<hr \/>\n<p>Kartlar\u0131n yeniden da\u011f\u0131t\u0131ld\u0131\u011f\u0131 <a href=\"https:\/\/www.tgrthaber.com\/mavikadin\/gelinim-mutfakta-tugba-ve-suheyla-arasinda-kritik-gelisme-kayinvalidenin-sok-ifsasi-sonrasi-ortalik-alev-alev\/\">Gelinim Mutfakta<\/a>&#8216;da rekabet doruk noktas\u0131nda ya\u015fan\u0131rken, g\u00fcn birincisi kim oldu merak ediliyor. Gelinim Mutfakta&#8217;da g\u00fcn birincisi ve puan tablosu a\u00e7\u0131kland\u0131. \u0130\u015fte 11 Mart 2026 \u00c7ar\u015famba Gelinim Mutfakta puan tablosu&#8230;<\/p>\n<p>Tu\u011fba &#8211; 22<\/p>\n<p>Alime &#8211; 20<\/p>\n<p><img loading=\"lazy\" decoding=\"async\" class=\"alignnone wp-image-308251\" src=\"https:\/\/www.tgrthaber.com\/mavikadin\/wp-content\/uploads\/2026\/03\/Ekran-goruntusu-2026-03-11-161939-300x169.png\" alt=\"\" width=\"1208\" height=\"679\" title=\"\" srcset=\"https:\/\/www.tgrthaber.com\/mavikadin\/wp-content\/uploads\/2026\/03\/Ekran-goruntusu-2026-03-11-161939-300x169.png 300w, https:\/\/www.tgrthaber.com\/mavikadin\/wp-content\/uploads\/2026\/03\/Ekran-goruntusu-2026-03-11-161939-1024x575.png 1024w, https:\/\/www.tgrthaber.com\/mavikadin\/wp-content\/uploads\/2026\/03\/Ekran-goruntusu-2026-03-11-161939-768x431.png 768w, https:\/\/www.tgrthaber.com\/mavikadin\/wp-content\/uploads\/2026\/03\/Ekran-goruntusu-2026-03-11-161939-1536x863.png 1536w, https:\/\/www.tgrthaber.com\/mavikadin\/wp-content\/uploads\/2026\/03\/Ekran-goruntusu-2026-03-11-161939.png 1919w\" sizes=\"(max-width: 1208px) 100vw, 1208px\" \/><\/p>\n<hr \/>\n<p>Dilanay &#8211; 8<\/p>\n<p>Cansu &#8211; 7<\/p>\n<p><img loading=\"lazy\" decoding=\"async\" class=\"alignnone wp-image-308205 size-full\" src=\"https:\/\/www.tgrthaber.com\/mavikadin\/wp-content\/uploads\/2026\/03\/Ekran-goruntusu-2026-03-11-143231.png\" alt=\"\" width=\"1303\" height=\"726\" title=\"\" srcset=\"https:\/\/www.tgrthaber.com\/mavikadin\/wp-content\/uploads\/2026\/03\/Ekran-goruntusu-2026-03-11-143231.png 1303w, https:\/\/www.tgrthaber.com\/mavikadin\/wp-content\/uploads\/2026\/03\/Ekran-goruntusu-2026-03-11-143231-300x167.png 300w, https:\/\/www.tgrthaber.com\/mavikadin\/wp-content\/uploads\/2026\/03\/Ekran-goruntusu-2026-03-11-143231-1024x571.png 1024w, https:\/\/www.tgrthaber.com\/mavikadin\/wp-content\/uploads\/2026\/03\/Ekran-goruntusu-2026-03-11-143231-768x428.png 768w\" sizes=\"(max-width: 1303px) 100vw, 1303px\" \/><\/p>\n<hr \/>\n<h3>GEL\u0130N\u0130M MUTFAKTA 10 MART SALI \u00c7EYREK ALTINI K\u0130M ALDI?<\/h3>\n<p>Gelinim Mutfakta&#8217;da kuraya kalan Tu\u011fba ve Ayten odu. Tu\u011fba kendi iste\u011fiyle, yar\u0131\u015fmay\u0131 o g\u00fcn b\u0131rakmak zorunda kalan Alime&#8217;ye \u00e7eyrek alt\u0131n\u0131 verdi. Kura da \u00e7ekilmedi.<\/p>\n<p>Ayten \u2013 16<\/p>\n<p>Tu\u011fba \u2013 16<\/p>\n<p><img loading=\"lazy\" decoding=\"async\" class=\"alignnone wp-image-308206 \" src=\"https:\/\/www.tgrthaber.com\/mavikadin\/wp-content\/uploads\/2026\/03\/Ekran-goruntusu-2026-03-10-125713.png\" alt=\"\" width=\"1155\" height=\"637\" title=\"\" srcset=\"https:\/\/www.tgrthaber.com\/mavikadin\/wp-content\/uploads\/2026\/03\/Ekran-goruntusu-2026-03-10-125713.png 1095w, https:\/\/www.tgrthaber.com\/mavikadin\/wp-content\/uploads\/2026\/03\/Ekran-goruntusu-2026-03-10-125713-300x165.png 300w, https:\/\/www.tgrthaber.com\/mavikadin\/wp-content\/uploads\/2026\/03\/Ekran-goruntusu-2026-03-10-125713-1024x565.png 1024w, https:\/\/www.tgrthaber.com\/mavikadin\/wp-content\/uploads\/2026\/03\/Ekran-goruntusu-2026-03-10-125713-768x424.png 768w\" sizes=\"(max-width: 1155px) 100vw, 1155px\" \/><\/p>\n<hr \/>\n<p>Dilanay \u2013 13<\/p>\n<p>Alime \u2013 11<\/p>\n<h3><img loading=\"lazy\" decoding=\"async\" class=\"alignnone wp-image-308207 size-full\" src=\"https:\/\/www.tgrthaber.com\/mavikadin\/wp-content\/uploads\/2026\/03\/Ekran-goruntusu-2026-03-09-162059-1.png\" alt=\"\" width=\"1844\" height=\"968\" title=\"\" srcset=\"https:\/\/www.tgrthaber.com\/mavikadin\/wp-content\/uploads\/2026\/03\/Ekran-goruntusu-2026-03-09-162059-1.png 1844w, https:\/\/www.tgrthaber.com\/mavikadin\/wp-content\/uploads\/2026\/03\/Ekran-goruntusu-2026-03-09-162059-1-300x157.png 300w, https:\/\/www.tgrthaber.com\/mavikadin\/wp-content\/uploads\/2026\/03\/Ekran-goruntusu-2026-03-09-162059-1-1024x538.png 1024w, https:\/\/www.tgrthaber.com\/mavikadin\/wp-content\/uploads\/2026\/03\/Ekran-goruntusu-2026-03-09-162059-1-768x403.png 768w, https:\/\/www.tgrthaber.com\/mavikadin\/wp-content\/uploads\/2026\/03\/Ekran-goruntusu-2026-03-09-162059-1-1536x806.png 1536w\" sizes=\"(max-width: 1844px) 100vw, 1844px\" \/><\/h3>\n<hr \/>\n<h3>GEL\u0130N\u0130M MUTFAKTA 9 MART 2026 \u00c7EYREK ALTINI K\u0130M ALDI?<\/h3>\n<p>Gelinim Mutfakta&#8217;da Pazartesi g\u00fcn\u00fc yar\u0131\u015fmada ilk damat olarak yar\u0131\u015fan Emre, g\u00fcn sonu \u00e7eyrek alt\u0131n\u0131 alan yar\u0131\u015fmac\u0131 oldu.<\/p>\n<p>Emre \u2013 15<\/p>\n<p>Ayten \u2013 14<\/p>\n<p>Tu\u011fba \u2013 13<\/p>\n<p>Alime \u2013 10<\/p>\n<p><img loading=\"lazy\" decoding=\"async\" class=\"alignnone wp-image-308203 size-full\" src=\"https:\/\/www.tgrthaber.com\/mavikadin\/wp-content\/uploads\/2026\/03\/Ekran-goruntusu-2026-03-11-143146.png\" alt=\"\" width=\"1919\" height=\"1078\" title=\"\" srcset=\"https:\/\/www.tgrthaber.com\/mavikadin\/wp-content\/uploads\/2026\/03\/Ekran-goruntusu-2026-03-11-143146.png 1919w, https:\/\/www.tgrthaber.com\/mavikadin\/wp-content\/uploads\/2026\/03\/Ekran-goruntusu-2026-03-11-143146-300x169.png 300w, https:\/\/www.tgrthaber.com\/mavikadin\/wp-content\/uploads\/2026\/03\/Ekran-goruntusu-2026-03-11-143146-1024x575.png 1024w, https:\/\/www.tgrthaber.com\/mavikadin\/wp-content\/uploads\/2026\/03\/Ekran-goruntusu-2026-03-11-143146-768x431.png 768w, https:\/\/www.tgrthaber.com\/mavikadin\/wp-content\/uploads\/2026\/03\/Ekran-goruntusu-2026-03-11-143146-1536x863.png 1536w\" sizes=\"(max-width: 1919px) 100vw, 1919px\" \/><\/p>\n<hr \/>\n<h3>GEL\u0130N\u0130M MUTFAKTA 6 MART CUMA 10 ALTIN B\u0130LEZ\u0130\u011e\u0130 K\u0130M ALDI?<\/h3>\n<p>Gelinim Mutfakta&#8217;da Cuma g\u00fcn\u00fc B\u00fc\u015fra ve Emine Han\u0131m yar\u0131\u015fmaya veda ederken, 10 alt\u0131n bilezi\u011fi alan Tu\u011fba oldu.<\/p>\n<p>Tu\u011fba &#8211; 84<\/p>\n<p>Ayten &#8211; 77<\/p>\n<p>Alime &#8211; 59<\/p>\n<p>B\u00fc\u015fra &#8211; 55<\/p>\n","protected":false},"excerpt":{"rendered":"<p>Gelinim Mutfakta 11 Mart 2026 \u00c7ar\u015famba yay\u0131n\u0131 ba\u015flar ba\u015flamaz, hangi gelinin \u00e7eyrek alt\u0131n kazand\u0131\u011f\u0131 da merak konusu. Peki Gelinim Mutfakta \u00e7eyrek alt\u0131n\u0131 alan belli oldu mu? Gelinim Mutfakta g\u00fcn birincisi kim oldu? Gelinim Mutfakta 11 Mart \u00c7ar\u015famba puan tablosu a\u00e7\u0131kland\u0131 m\u0131? \u0130\u015fte Gelinim Mutfakta&#8217;ya dair merak edilenler&#8230;<\/p>\n","protected":false},"author":35,"featured_media":308200,"comment_status":"closed","ping_status":"closed","sticky":false,"template":"","format":"standard","meta":{"rank_math_lock_modified_date":false,"footnotes":""},"categories":[76],"tags":[24691,73256,71487,2766,133],"class_list":["post-308199","post","type-post","status-publish","format-standard","has-post-thumbnail","hentry","category-magazin","tag-ceyrek-altin","tag-gelinim-mutfakta-11-mart-2026","tag-gelinim-mutfakta-ceyrek-altin","tag-kanal-d","tag-magazin"],"_links":{"self":[{"href":"https:\/\/www.tgrthaber.com\/mavikadin\/wp-json\/wp\/v2\/posts\/308199"}],"collection":[{"href":"https:\/\/www.tgrthaber.com\/mavikadin\/wp-json\/wp\/v2\/posts"}],"about":[{"href":"https:\/\/www.tgrthaber.com\/mavikadin\/wp-json\/wp\/v2\/types\/post"}],"author":[{"embeddable":true,"href":"https:\/\/www.tgrthaber.com\/mavikadin\/wp-json\/wp\/v2\/users\/35"}],"replies":[{"embeddable":true,"href":"https:\/\/www.tgrthaber.com\/mavikadin\/wp-json\/wp\/v2\/comments?post=308199"}],"version-history":[{"count":3,"href":"https:\/\/www.tgrthaber.com\/mavikadin\/wp-json\/wp\/v2\/posts\/308199\/revisions"}],"predecessor-version":[{"id":308252,"href":"https:\/\/www.tgrthaber.com\/mavikadin\/wp-json\/wp\/v2\/posts\/308199\/revisions\/308252"}],"wp:featuredmedia":[{"embeddable":true,"href":"https:\/\/www.tgrthaber.com\/mavikadin\/wp-json\/wp\/v2\/media\/308200"}],"wp:attachment":[{"href":"https:\/\/www.tgrthaber.com\/mavikadin\/wp-json\/wp\/v2\/media?parent=308199"}],"wp:term":[{"taxonomy":"category","embeddable":true,"href":"https:\/\/www.tgrthaber.com\/mavikadin\/wp-json\/wp\/v2\/categories?post=308199"},{"taxonomy":"post_tag","embeddable":true,"href":"https:\/\/www.tgrthaber.com\/mavikadin\/wp-json\/wp\/v2\/tags?post=308199"}],"curies":[{"name":"wp","href":"https:\/\/api.w.org\/{rel}","templated":true}]}}