{"id":308209,"date":"2026-03-11T15:20:40","date_gmt":"2026-03-11T12:20:40","guid":{"rendered":"https:\/\/www.tgrthaber.com\/mavikadin\/?p=308209"},"modified":"2026-03-11T15:20:41","modified_gmt":"2026-03-11T12:20:41","slug":"delikanli-dizisi-oyuncu-kadrosunu-buyutuyor-firat-altunmese-saffet-roluyle-ekranlara-geri-donuyor","status":"publish","type":"post","link":"https:\/\/www.tgrthaber.com\/mavikadin\/delikanli-dizisi-oyuncu-kadrosunu-buyutuyor-firat-altunmese-saffet-roluyle-ekranlara-geri-donuyor\/","title":{"rendered":"Delikanl\u0131 dizisi oyuncu kadrosunu b\u00fcy\u00fct\u00fcyor! F\u0131rat Altunme\u015fe Saffet rol\u00fcyle ekranlara geri d\u00f6n\u00fcyor"},"content":{"rendered":"<p><a href=\"https:\/\/www.tgrthaber.com\/magazin\/imajini-yenileyen-mert-ramazan-demirin-son-hali-hayranlarini-sasirtti-3284446\">Delikanl\u0131<\/a> dizisi, yeni sezonun b\u00fcy\u00fck bir merakla beklenen projeleri aras\u0131nda yer al\u0131yor. \u00c7al\u0131\u015fmalar\u0131na t\u00fcm h\u0131z\u0131yla devam edilen ve yak\u0131nda Show TV ekranlar\u0131nda izleyici kar\u015f\u0131s\u0131na \u00e7\u0131kacak olan dizi, oyuncu kadrosuna yeni bir isim daha kat\u0131yor. Ekranlar\u0131n yeni iddial\u0131 dizilerinden biri haline gelecek olan Delikanl\u0131 dizisi, kadrosunu b\u00fcy\u00fctmeye devam ediyor. Haz\u0131rl\u0131klar\u0131na t\u00fcm h\u0131z\u0131yla devam edilen dizinin oyuncu kadrosu her ge\u00e7en g\u00fcn geni\u015fliyor. OGM Pictures imzal\u0131 iddial\u0131 projeye ba\u015far\u0131l\u0131 oyuncu F\u0131rat Altunme\u015fe dahil oldu. F\u0131rat Altunme\u015fe\u2019nin Delikanl\u0131 dizisine \u2018Saffet\u2019 rol\u00fcyle kat\u0131laca\u011f\u0131 \u00f6\u011frenildi. Saffet rol\u00fcyle ekranlara geri d\u00f6nen F\u0131rat Altunme\u015fe\u2019nin heyecanla beklenen dizideki performans\u0131 \u015fimdiden merak edildi.<\/p>\n<h3>DEL\u0130KANLI D\u0130Z\u0130S\u0130 OYUNCU KADROSUNU B\u00dcY\u00dcT\u00dcYOR!<\/h3>\n<p>Ekranlar\u0131n b\u00fcy\u00fck bir merakla beklenen dizisi <a href=\"https:\/\/www.tgrthaber.com\/medya\/delikanli-dizisinin-oyuncu-kadrosuna-bomba-transfer-tuana-naz-tiryaki-elif-roluyle-ge-3286826\">Delikanl\u0131<\/a>, oyuncu kadrosunu b\u00fcy\u00fctmeye devam ediyor. Delikanl\u0131 dizisi i\u00e7in t\u00fcm haz\u0131rl\u0131klar h\u0131zla s\u00fcrerken, oyuncu kadrosuna bomba bir transfer ger\u00e7ekle\u015ftirdi. Y\u00f6netmen koltu\u011funda Zeynep G\u00fcnay ve Recai Karag\u00f6z\u2019\u00fcn oturdu\u011fu Delikanl\u0131 dizisi, ekranlar\u0131n yeni iddial\u0131 projelerinden biri olmaya haz\u0131rlan\u0131yor. G\u00fc\u00e7l\u00fc bir intikam \u00f6yk\u00fcs\u00fcn\u00fc ekranlara ta\u015f\u0131maya haz\u0131rlanan dizinin oyuncu kadrosu her ge\u00e7en g\u00fcn b\u00fcy\u00fcyor.<\/p>\n<p><img loading=\"lazy\" decoding=\"async\" class=\"size-full wp-image-308216\" src=\"https:\/\/www.tgrthaber.com\/mavikadin\/wp-content\/uploads\/2026\/03\/delikanli-2.jpg\" alt=\"Delikanl\u0131 dizisi oyuncu kadrosunu b\u00fcy\u00fct\u00fcyor! F\u0131rat Altunme\u015fe Saffet rol\u00fcyle ekranlara geri d\u00f6n\u00fcyor\" width=\"1208\" height=\"680\" title=\"\" srcset=\"https:\/\/www.tgrthaber.com\/mavikadin\/wp-content\/uploads\/2026\/03\/delikanli-2.jpg 1208w, https:\/\/www.tgrthaber.com\/mavikadin\/wp-content\/uploads\/2026\/03\/delikanli-2-300x169.jpg 300w, https:\/\/www.tgrthaber.com\/mavikadin\/wp-content\/uploads\/2026\/03\/delikanli-2-1024x576.jpg 1024w, https:\/\/www.tgrthaber.com\/mavikadin\/wp-content\/uploads\/2026\/03\/delikanli-2-768x432.jpg 768w\" sizes=\"(max-width: 1208px) 100vw, 1208px\" \/><\/p>\n<hr \/>\n<p>\u00c7al\u0131\u015fmalar\u0131na t\u00fcm h\u0131z\u0131yla devam edilen Delikanl\u0131 dizisi, oyuncu kadrosunu yava\u015f yava\u015f tamaml\u0131yor. Yeni sezonda izleyiciyle bulu\u015fmas\u0131 beklenen dizi, g\u00fc\u00e7l\u00fc oyuncu kadrosu ve etkileyici hikayesiyle dikkatleri \u00fczerine \u00e7ekiyor. Show TV ekranlar\u0131nda yay\u0131nlanmas\u0131 planlanan OGM Pictures imzal\u0131 Delikanl\u0131 dizisi, oyuncu kadrosuna yeni bir isim daha katt\u0131. \u00c7ekimleri t\u00fcm h\u0131z\u0131yla devam eden diziye iddial\u0131 bir isim dahil oldu.<\/p>\n<p><img loading=\"lazy\" decoding=\"async\" class=\"size-full wp-image-308217\" src=\"https:\/\/www.tgrthaber.com\/mavikadin\/wp-content\/uploads\/2026\/03\/delikanli-3.jpg\" alt=\"Delikanl\u0131 dizisi oyuncu kadrosunu b\u00fcy\u00fct\u00fcyor! F\u0131rat Altunme\u015fe Saffet rol\u00fcyle ekranlara geri d\u00f6n\u00fcyor\" width=\"1208\" height=\"680\" title=\"\" srcset=\"https:\/\/www.tgrthaber.com\/mavikadin\/wp-content\/uploads\/2026\/03\/delikanli-3.jpg 1208w, https:\/\/www.tgrthaber.com\/mavikadin\/wp-content\/uploads\/2026\/03\/delikanli-3-300x169.jpg 300w, https:\/\/www.tgrthaber.com\/mavikadin\/wp-content\/uploads\/2026\/03\/delikanli-3-1024x576.jpg 1024w, https:\/\/www.tgrthaber.com\/mavikadin\/wp-content\/uploads\/2026\/03\/delikanli-3-768x432.jpg 768w\" sizes=\"(max-width: 1208px) 100vw, 1208px\" \/><\/p>\n<hr \/>\n<p>Son zamanlar\u0131n b\u00fcy\u00fck bir merakla beklenen dizisi Delikanl\u0131, bir yandan \u00e7ekimlerine devam ederken, di\u011fer yandan oyuncu kadrosunda b\u00fcy\u00fcmeye devam ediyor. Ba\u015frollerinde Mert Ramazan Demir, Melis Sezen, Salih Bademci ve Mina Demirta\u015f gibi birbirinden ba\u015far\u0131l\u0131 isimlerin yer alaca\u011f\u0131 Delikanl\u0131 dizisine bomba bir transferin ger\u00e7ekle\u015fti\u011fi duyuruldu.<\/p>\n<p><img loading=\"lazy\" decoding=\"async\" class=\"size-full wp-image-308213\" src=\"https:\/\/www.tgrthaber.com\/mavikadin\/wp-content\/uploads\/2026\/03\/firat-altunmese-4.jpg\" alt=\"Delikanl\u0131 dizisi oyuncu kadrosunu b\u00fcy\u00fct\u00fcyor! F\u0131rat Altunme\u015fe Saffet rol\u00fcyle ekranlara geri d\u00f6n\u00fcyor\" width=\"1208\" height=\"680\" title=\"\" srcset=\"https:\/\/www.tgrthaber.com\/mavikadin\/wp-content\/uploads\/2026\/03\/firat-altunmese-4.jpg 1208w, https:\/\/www.tgrthaber.com\/mavikadin\/wp-content\/uploads\/2026\/03\/firat-altunmese-4-300x169.jpg 300w, https:\/\/www.tgrthaber.com\/mavikadin\/wp-content\/uploads\/2026\/03\/firat-altunmese-4-1024x576.jpg 1024w, https:\/\/www.tgrthaber.com\/mavikadin\/wp-content\/uploads\/2026\/03\/firat-altunmese-4-768x432.jpg 768w\" sizes=\"(max-width: 1208px) 100vw, 1208px\" \/><\/p>\n<hr \/>\n<p>Gazeteci Birsen Altunta\u015f\u2019\u0131n haberine g\u00f6re; OGM Pictures imzal\u0131 dizinin g\u00fc\u00e7l\u00fc oyuncu kadrosuna iddial\u0131 bir isim daha kat\u0131ld\u0131. Aybike Ert\u00fcrk ve ekip arkada\u015flar\u0131n\u0131n kaleme ald\u0131\u011f\u0131 Delikanl\u0131 dizisinin oyuncu kadrosuna ba\u015far\u0131l\u0131 oyuncu F\u0131rat Altunme\u015fe dahil oldu.<\/p>\n<p><img loading=\"lazy\" decoding=\"async\" class=\"size-full wp-image-308215\" src=\"https:\/\/www.tgrthaber.com\/mavikadin\/wp-content\/uploads\/2026\/03\/firat-altunmese-1.jpg\" alt=\"Delikanl\u0131 dizisi oyuncu kadrosunu b\u00fcy\u00fct\u00fcyor! F\u0131rat Altunme\u015fe Saffet rol\u00fcyle ekranlara geri d\u00f6n\u00fcyor\" width=\"1208\" height=\"680\" title=\"\" srcset=\"https:\/\/www.tgrthaber.com\/mavikadin\/wp-content\/uploads\/2026\/03\/firat-altunmese-1.jpg 1208w, https:\/\/www.tgrthaber.com\/mavikadin\/wp-content\/uploads\/2026\/03\/firat-altunmese-1-300x169.jpg 300w, https:\/\/www.tgrthaber.com\/mavikadin\/wp-content\/uploads\/2026\/03\/firat-altunmese-1-1024x576.jpg 1024w, https:\/\/www.tgrthaber.com\/mavikadin\/wp-content\/uploads\/2026\/03\/firat-altunmese-1-768x432.jpg 768w\" sizes=\"(max-width: 1208px) 100vw, 1208px\" \/><\/p>\n<hr \/>\n<h3>FIRAT ALTUNME\u015eE DEL\u0130KANLI D\u0130Z\u0130S\u0130NDE SAFFET ROL\u00dcYLE EKRANLARA GER\u0130 D\u00d6N\u00dcYOR!<\/h3>\n<p>F\u0131rat Altunme\u015fe, merakla beklenen <a href=\"https:\/\/www.tgrthaber.com\/medya\/delikanli-dizisinin-oyuncu-kadrosuna-bomba-transfer-tuana-naz-tiryaki-elif-roluyle-ge-3286826\">Delikanl\u0131<\/a> dizisinin \u2018Saffet\u2019i oldu. Son olarak Kanal D ekranlar\u0131nda 2025 y\u0131l\u0131nda yay\u0131nlanan \u2018Piyasa\u2019 dizisiyle ekranlara gelen \u00fcnl\u00fc oyuncu, \u015fimdilerde Show TV\u2019nin yeni iddial\u0131 dizisi Delikanl\u0131\u2019yla ekranlara geri d\u00f6n\u00fcyor.<\/p>\n<p><img loading=\"lazy\" decoding=\"async\" class=\"size-full wp-image-308212\" src=\"https:\/\/www.tgrthaber.com\/mavikadin\/wp-content\/uploads\/2026\/03\/firat-altunmese-3.jpg\" alt=\"Delikanl\u0131 dizisi oyuncu kadrosunu b\u00fcy\u00fct\u00fcyor! F\u0131rat Altunme\u015fe Saffet rol\u00fcyle ekranlara geri d\u00f6n\u00fcyor\" width=\"1208\" height=\"680\" title=\"\" srcset=\"https:\/\/www.tgrthaber.com\/mavikadin\/wp-content\/uploads\/2026\/03\/firat-altunmese-3.jpg 1208w, https:\/\/www.tgrthaber.com\/mavikadin\/wp-content\/uploads\/2026\/03\/firat-altunmese-3-300x169.jpg 300w, https:\/\/www.tgrthaber.com\/mavikadin\/wp-content\/uploads\/2026\/03\/firat-altunmese-3-1024x576.jpg 1024w, https:\/\/www.tgrthaber.com\/mavikadin\/wp-content\/uploads\/2026\/03\/firat-altunmese-3-768x432.jpg 768w\" sizes=\"(max-width: 1208px) 100vw, 1208px\" \/><\/p>\n<hr \/>\n<p>F\u0131rat Altunme\u015fe \u2018Delikanl\u0131\u2019 dizisiyle anla\u015ft\u0131. Saffet rol\u00fcyle ekranlara gelecek olan ba\u015far\u0131l\u0131 oyuncunun Yusuf\u2019un (Mert Ramazan Demir) intikam \u00f6yk\u00fcs\u00fcnde kilit bir karakteri oynayaca\u011f\u0131 \u00f6\u011frenildi. Saffet rol\u00fcyle ekranlara geri d\u00f6nen F\u0131rat Altunme\u015fe\u2019nin heyecanla beklenen dizideki performans\u0131 \u015fimdiden merak edildi.<\/p>\n","protected":false},"excerpt":{"rendered":"<p>Son zamanlar\u0131n b\u00fcy\u00fck bir ilgiyle beklenen dizisi Delikanl\u0131\u2019ya bomba bir transfer ger\u00e7ekle\u015fiyor. F\u0131rat Altunme\u015fe, Delikanl\u0131 dizisinin oyuncu kadrosuna dahil oluyor. Ba\u015far\u0131l\u0131 oyuncu, Saffet rol\u00fcyle ekranlara geri d\u00f6n\u00fcyor. F\u0131rat Altunme\u015fe\u2019nin heyecanla beklenen dizideki performans\u0131 \u015fimdiden merak ediliyor. \u0130\u015fte detaylar\u2026<\/p>\n","protected":false},"author":26,"featured_media":308214,"comment_status":"closed","ping_status":"closed","sticky":false,"template":"","format":"standard","meta":{"rank_math_lock_modified_date":false,"footnotes":""},"categories":[602],"tags":[73257,73258,73259,32159,2628,3602],"class_list":["post-308209","post","type-post","status-publish","format-standard","has-post-thumbnail","hentry","category-diziler","tag-delikanli-dizi","tag-delikanli-dizisi-firat-altunmese","tag-delikanli-saffet","tag-dizi","tag-dizi-haberleri","tag-diziler"],"_links":{"self":[{"href":"https:\/\/www.tgrthaber.com\/mavikadin\/wp-json\/wp\/v2\/posts\/308209"}],"collection":[{"href":"https:\/\/www.tgrthaber.com\/mavikadin\/wp-json\/wp\/v2\/posts"}],"about":[{"href":"https:\/\/www.tgrthaber.com\/mavikadin\/wp-json\/wp\/v2\/types\/post"}],"author":[{"embeddable":true,"href":"https:\/\/www.tgrthaber.com\/mavikadin\/wp-json\/wp\/v2\/users\/26"}],"replies":[{"embeddable":true,"href":"https:\/\/www.tgrthaber.com\/mavikadin\/wp-json\/wp\/v2\/comments?post=308209"}],"version-history":[{"count":1,"href":"https:\/\/www.tgrthaber.com\/mavikadin\/wp-json\/wp\/v2\/posts\/308209\/revisions"}],"predecessor-version":[{"id":308218,"href":"https:\/\/www.tgrthaber.com\/mavikadin\/wp-json\/wp\/v2\/posts\/308209\/revisions\/308218"}],"wp:featuredmedia":[{"embeddable":true,"href":"https:\/\/www.tgrthaber.com\/mavikadin\/wp-json\/wp\/v2\/media\/308214"}],"wp:attachment":[{"href":"https:\/\/www.tgrthaber.com\/mavikadin\/wp-json\/wp\/v2\/media?parent=308209"}],"wp:term":[{"taxonomy":"category","embeddable":true,"href":"https:\/\/www.tgrthaber.com\/mavikadin\/wp-json\/wp\/v2\/categories?post=308209"},{"taxonomy":"post_tag","embeddable":true,"href":"https:\/\/www.tgrthaber.com\/mavikadin\/wp-json\/wp\/v2\/tags?post=308209"}],"curies":[{"name":"wp","href":"https:\/\/api.w.org\/{rel}","templated":true}]}}