{"id":308254,"date":"2026-03-11T17:23:50","date_gmt":"2026-03-11T14:23:50","guid":{"rendered":"https:\/\/www.tgrthaber.com\/mavikadin\/?p=308254"},"modified":"2026-03-11T17:23:51","modified_gmt":"2026-03-11T14:23:51","slug":"gelinim-mutfakta-cansu-kimdir-cansunun-kayinvalidesi-donus-arslan-fatih-urekin-o-programinda-ortaya-cikti","status":"publish","type":"post","link":"https:\/\/www.tgrthaber.com\/mavikadin\/gelinim-mutfakta-cansu-kimdir-cansunun-kayinvalidesi-donus-arslan-fatih-urekin-o-programinda-ortaya-cikti\/","title":{"rendered":"Gelinim Mutfakta Cansu kimdir? Cansu&#8217;nun kay\u0131nvalidesi D\u00f6n\u00fc\u015f Arslan, Fatih \u00dcrek&#8217;in o program\u0131nda ortaya \u00e7\u0131kt\u0131"},"content":{"rendered":"<p>Gelinim Mutfakta, Kanal D ekranlar\u0131na damga vurmaya devam ediyor. D\u00fcn yay\u0131nlanan b\u00f6l\u00fcmde yar\u0131\u015fmac\u0131lardan Ayten&#8217;in ani sa\u011fl\u0131k sorunu geli\u015fince, kay\u0131nvalidesi H\u00fcr\u00fc Han\u0131m&#8217;la beraber programa veda etmek zorunda kalm\u0131\u015flard\u0131. Gelinim Mutfakta&#8217;y\u0131 sarsan bu olay sonras\u0131 yeni yar\u0131\u015fmac\u0131lar da merak konusu olmu\u015ftu. Gelinim Mutfakta haftan\u0131n ortas\u0131nda yar\u0131\u015fmaya dahil olan <a href=\"https:\/\/www.tgrthaber.com\/mavikadin\/gelinim-mutfakta-emre-kimdir-gelinim-mutfaktanin-ilk-damat-yarismacisina-begeni-yagdi\/\">Cansu<\/a> ve kay\u0131nvaldesi D\u00f6n\u00fc\u015f Han\u0131m, yar\u0131\u015fmaya kat\u0131ld\u0131\u011f\u0131 andan itibaren sosyal medyan\u0131n g\u00fcndeminde yer ald\u0131. Peki Gelinim Mutfakta Cansu ve kaynanas\u0131 D\u00f6n\u00fc\u015f kimdir? Gelinim Mutfakta D\u00f6n\u00fc\u015f Han\u0131m daha \u00f6nce hangi programa \u00e7\u0131kt\u0131? \u0130\u015fte detaylar&#8230;<\/p>\n<h3>GEL\u0130N\u0130M MUTFAKTA CANSU K\u0130MD\u0130R?<\/h3>\n<p>Kanal D ekranlar\u0131n\u0131n sevilen yar\u0131\u015fma program\u0131 Gelinim Mutfakta&#8217;n\u0131n bug\u00fcn yay\u0131nlanan b\u00f6l\u00fcm\u00fcne <a href=\"https:\/\/www.tgrthaber.com\/mavikadin\/gelinim-mutfaktaya-alimenin-ablasindan-soke-eden-baskin-dun-telefonla-baglandi-bugun-studyo-ayaga-kalkti\/\">Cansu<\/a> ve kay\u0131nvalidesi D\u00f6n\u00fc\u015f Han\u0131m resmen damga vurdu. Yar\u0131\u015fmaya Ankara havas\u0131yla enerjik bir giri\u015f yapan yar\u0131\u015fmac\u0131lar izleyiciden tam puan al\u0131rken, yar\u0131\u015fmac\u0131lar Gelinim Mutfakta&#8217;ya Ankara&#8217;dan kat\u0131l\u0131yor.<\/p>\n<p><img loading=\"lazy\" decoding=\"async\" class=\"alignnone wp-image-308275 size-full\" src=\"https:\/\/www.tgrthaber.com\/mavikadin\/wp-content\/uploads\/2026\/03\/Ekran-goruntusu-2026-03-11-161523.png\" alt=\"\" width=\"1648\" height=\"924\" title=\"\" srcset=\"https:\/\/www.tgrthaber.com\/mavikadin\/wp-content\/uploads\/2026\/03\/Ekran-goruntusu-2026-03-11-161523.png 1648w, https:\/\/www.tgrthaber.com\/mavikadin\/wp-content\/uploads\/2026\/03\/Ekran-goruntusu-2026-03-11-161523-300x168.png 300w, https:\/\/www.tgrthaber.com\/mavikadin\/wp-content\/uploads\/2026\/03\/Ekran-goruntusu-2026-03-11-161523-1024x574.png 1024w, https:\/\/www.tgrthaber.com\/mavikadin\/wp-content\/uploads\/2026\/03\/Ekran-goruntusu-2026-03-11-161523-768x431.png 768w, https:\/\/www.tgrthaber.com\/mavikadin\/wp-content\/uploads\/2026\/03\/Ekran-goruntusu-2026-03-11-161523-1536x861.png 1536w\" sizes=\"(max-width: 1648px) 100vw, 1648px\" \/><\/p>\n<hr \/>\n<p>Sunucu Asl\u0131 H\u00fcnel&#8217;in &#8216;Hangisi gelin hangisi kay\u0131nvalide anlayamayaca\u011f\u0131n\u0131z yar\u0131\u015fmac\u0131lar \u00e7a\u011f\u0131r\u0131yorum \u015fimdi st\u00fcdyoya&#8217; anonsuyla <a href=\"https:\/\/www.tgrthaber.com\/mavikadin\/gelinim-mutfakta-tugba-ve-suheyla-arasinda-kritik-gelisme-kayinvalidenin-sok-ifsasi-sonrasi-ortalik-alev-alev\/\">Gelinim Mutfakta<\/a>&#8216;ya ad\u0131m atan Cansu ve kay\u0131nvalidesi D\u00f6n\u00fc\u015f Han\u0131m, st\u00fcdyoyu adeta \u015fenlendirdi.<\/p>\n<p><img loading=\"lazy\" decoding=\"async\" class=\"alignnone wp-image-308273 size-full\" src=\"https:\/\/www.tgrthaber.com\/mavikadin\/wp-content\/uploads\/2026\/03\/Ekran-goruntusu-2026-03-11-145626.png\" alt=\"\" width=\"1826\" height=\"1018\" title=\"\" srcset=\"https:\/\/www.tgrthaber.com\/mavikadin\/wp-content\/uploads\/2026\/03\/Ekran-goruntusu-2026-03-11-145626.png 1826w, https:\/\/www.tgrthaber.com\/mavikadin\/wp-content\/uploads\/2026\/03\/Ekran-goruntusu-2026-03-11-145626-300x167.png 300w, https:\/\/www.tgrthaber.com\/mavikadin\/wp-content\/uploads\/2026\/03\/Ekran-goruntusu-2026-03-11-145626-1024x571.png 1024w, https:\/\/www.tgrthaber.com\/mavikadin\/wp-content\/uploads\/2026\/03\/Ekran-goruntusu-2026-03-11-145626-768x428.png 768w, https:\/\/www.tgrthaber.com\/mavikadin\/wp-content\/uploads\/2026\/03\/Ekran-goruntusu-2026-03-11-145626-1536x856.png 1536w\" sizes=\"(max-width: 1826px) 100vw, 1826px\" \/><\/p>\n<hr \/>\n<h3>CANSU&#8217;NUN KAYINVAL\u0130DES\u0130 D\u00d6N\u00dc\u015e HANIM DAHA \u00d6NCE HANG\u0130 PROGRAMA \u00c7IKTI?<\/h3>\n<p>Gelinim Mutfakta&#8217;n\u0131n yeni yar\u0131\u015fmac\u0131lar\u0131 Cansu ve D\u00f6n\u00fc\u015f Han\u0131m, ekranlara gelince Gelinim Mutfakta izleyicisi D\u00f6n\u00fc\u015f Han\u0131m&#8217;\u0131 hemen tan\u0131d\u0131. G\u00f6zden ka\u00e7mayan detay, yay\u0131n ar\u015fivinde ortaya \u00e7\u0131kt\u0131.<\/p>\n<p><img loading=\"lazy\" decoding=\"async\" class=\"alignnone wp-image-308276 size-full\" src=\"https:\/\/www.tgrthaber.com\/mavikadin\/wp-content\/uploads\/2026\/03\/Ekran-goruntusu-2026-03-11-155054.png\" alt=\"\" width=\"1919\" height=\"1079\" title=\"\" srcset=\"https:\/\/www.tgrthaber.com\/mavikadin\/wp-content\/uploads\/2026\/03\/Ekran-goruntusu-2026-03-11-155054.png 1919w, https:\/\/www.tgrthaber.com\/mavikadin\/wp-content\/uploads\/2026\/03\/Ekran-goruntusu-2026-03-11-155054-300x169.png 300w, https:\/\/www.tgrthaber.com\/mavikadin\/wp-content\/uploads\/2026\/03\/Ekran-goruntusu-2026-03-11-155054-1024x576.png 1024w, https:\/\/www.tgrthaber.com\/mavikadin\/wp-content\/uploads\/2026\/03\/Ekran-goruntusu-2026-03-11-155054-768x432.png 768w, https:\/\/www.tgrthaber.com\/mavikadin\/wp-content\/uploads\/2026\/03\/Ekran-goruntusu-2026-03-11-155054-1536x864.png 1536w\" sizes=\"(max-width: 1919px) 100vw, 1919px\" \/><\/p>\n<hr \/>\n<p>Cansu&#8217;nun kay\u0131nvalidesi D\u00f6n\u00fc\u015f Han\u0131m, daha \u00f6nce rahmetli Fatih \u00dcrek&#8217;in sundu\u011fu Gelin G\u00f6r\u00fcmce yar\u0131\u015fmas\u0131nda izleyici kar\u015f\u0131s\u0131na \u00e7\u0131km\u0131\u015f. 58 ya\u015f\u0131nda olan D\u00f6n\u00fc\u015f Han\u0131m&#8217;\u0131n ayn\u0131 zamanda estetisyen oldu\u011fu da \u00f6\u011frenildi.<\/p>\n<p><img loading=\"lazy\" decoding=\"async\" class=\"alignnone wp-image-308274 size-full\" src=\"https:\/\/www.tgrthaber.com\/mavikadin\/wp-content\/uploads\/2026\/03\/Ekran-goruntusu-2026-03-11-145636.png\" alt=\"\" width=\"1919\" height=\"1070\" title=\"\" srcset=\"https:\/\/www.tgrthaber.com\/mavikadin\/wp-content\/uploads\/2026\/03\/Ekran-goruntusu-2026-03-11-145636.png 1919w, https:\/\/www.tgrthaber.com\/mavikadin\/wp-content\/uploads\/2026\/03\/Ekran-goruntusu-2026-03-11-145636-300x167.png 300w, https:\/\/www.tgrthaber.com\/mavikadin\/wp-content\/uploads\/2026\/03\/Ekran-goruntusu-2026-03-11-145636-1024x571.png 1024w, https:\/\/www.tgrthaber.com\/mavikadin\/wp-content\/uploads\/2026\/03\/Ekran-goruntusu-2026-03-11-145636-768x428.png 768w, https:\/\/www.tgrthaber.com\/mavikadin\/wp-content\/uploads\/2026\/03\/Ekran-goruntusu-2026-03-11-145636-1536x856.png 1536w\" sizes=\"(max-width: 1919px) 100vw, 1919px\" \/><\/p>\n<hr \/>\n<p>\u015eimdi gelinim Mutfakta&#8217;da yar\u0131\u015fan D\u00f6n\u00fc\u015f Han\u0131m&#8217;\u0131n dobra halleri, tarz\u0131 ve geliniyle olan uyunmu sosyal medya kullan\u0131c\u0131lar\u0131 ve izleyici taraf\u0131ndan tam not ald\u0131.\u00a0 Cansu ve D\u00f6n\u00fc\u015f Han\u0131m&#8217;\u0131n Cuma g\u00fcn\u00fcne kadar nas\u0131l bir perforans sergileyece\u011fi ise fazlas\u0131yla merak ediliyor.<\/p>\n<div style=\"width: 640px;\" class=\"wp-video\"><!--[if lt IE 9]><script>document.createElement('video');<\/script><![endif]-->\n<video class=\"wp-video-shortcode\" id=\"video-308254-1\" width=\"640\" height=\"360\" preload=\"metadata\" controls=\"controls\"><source type=\"video\/mp4\" src=\"https:\/\/www.tgrthaber.com\/mavikadin\/wp-content\/uploads\/2026\/03\/Yeni-yarismacilarimiz-Cansu-ve-Donus-Hanimi-sevdiniz-mi-@aslihunel-@kanald-@kargafilm-online-video-cutter.com_.mp4?_=1\" \/><a href=\"https:\/\/www.tgrthaber.com\/mavikadin\/wp-content\/uploads\/2026\/03\/Yeni-yarismacilarimiz-Cansu-ve-Donus-Hanimi-sevdiniz-mi-@aslihunel-@kanald-@kargafilm-online-video-cutter.com_.mp4\">https:\/\/www.tgrthaber.com\/mavikadin\/wp-content\/uploads\/2026\/03\/Yeni-yarismacilarimiz-Cansu-ve-Donus-Hanimi-sevdiniz-mi-@aslihunel-@kanald-@kargafilm-online-video-cutter.com_.mp4<\/a><\/video><\/div>\n<hr \/>\n<h3>GEL\u0130N\u0130M MUTFAKTA 11 MART 2026 \u00c7EYREK ALTINI K\u0130M ALDI?<\/h3>\n<p>Bug\u00fcn \u00e7eyrek alt\u0131n\u0131 alan gelin Tu\u011fba olurken, en d\u00fc\u015f\u00fck puan\u0131 yeni yar\u0131\u015fmac\u0131 Cansu ald\u0131.\u00a0 \u0130\u015fte Gelinim Mutfakta&#8217;da 11 Mart Pazartesi olu\u015fan puan tablosu&#8230;<\/p>\n<p><img loading=\"lazy\" decoding=\"async\" class=\"alignnone wp-image-308251 size-full\" src=\"https:\/\/www.tgrthaber.com\/mavikadin\/wp-content\/uploads\/2026\/03\/Ekran-goruntusu-2026-03-11-161939.png\" alt=\"\" width=\"1919\" height=\"1078\" title=\"\" srcset=\"https:\/\/www.tgrthaber.com\/mavikadin\/wp-content\/uploads\/2026\/03\/Ekran-goruntusu-2026-03-11-161939.png 1919w, https:\/\/www.tgrthaber.com\/mavikadin\/wp-content\/uploads\/2026\/03\/Ekran-goruntusu-2026-03-11-161939-300x169.png 300w, https:\/\/www.tgrthaber.com\/mavikadin\/wp-content\/uploads\/2026\/03\/Ekran-goruntusu-2026-03-11-161939-1024x575.png 1024w, https:\/\/www.tgrthaber.com\/mavikadin\/wp-content\/uploads\/2026\/03\/Ekran-goruntusu-2026-03-11-161939-768x431.png 768w, https:\/\/www.tgrthaber.com\/mavikadin\/wp-content\/uploads\/2026\/03\/Ekran-goruntusu-2026-03-11-161939-1536x863.png 1536w\" sizes=\"(max-width: 1919px) 100vw, 1919px\" \/><\/p>\n<hr \/>\n<p>Tu\u011fba \u2013 22<\/p>\n<p>Alime \u2013 20<\/p>\n<p>Dilanay \u2013 8<\/p>\n<p>Cansu \u2013 7<\/p>\n","protected":false},"excerpt":{"rendered":"<p>Kanal D ekranlar\u0131n\u0131n fenomen yar\u0131\u015fma program\u0131 Gelinim Mutfakta&#8217;n\u0131n yeni yar\u0131\u015fmac\u0131lar\u0131 Cansu ve D\u00f6n\u00fc\u015f Han\u0131m hem enerjileriyle hem sempatik halleriyle hem de birbirleriyle olan uyumlar\u0131yla, sosyal medyan\u0131n en \u00e7ok konu\u015fulan yar\u0131\u015fmac\u0131lar\u0131 oldu. Kay\u0131nvalide D\u00f6n\u00fc\u015f Han\u0131m ile ilgili bir detay ise takip\u00e7ilerin g\u00f6z\u00fcnden ka\u00e7mad\u0131. Peki Gelinim Mutfakta Cansu kimdir? Gelinim Mutfakta Cansu&#8217;nun kay\u0131nvalidesi D\u00f6n\u00fc\u015f Han\u0131m hangi yar\u0131\u015fmaya kat\u0131ld\u0131? \u0130\u015fte merak edilenler&#8230;<\/p>\n","protected":false},"author":35,"featured_media":308279,"comment_status":"closed","ping_status":"closed","sticky":false,"template":"","format":"standard","meta":{"rank_math_lock_modified_date":false,"footnotes":""},"categories":[491],"tags":[7578,73264,73265,2766,133],"class_list":["post-308254","post","type-post","status-publish","format-standard","has-post-thumbnail","hentry","category-biyografi","tag-gelinim-mutfakta","tag-gelinim-mutfakta-cansu","tag-gelinim-mutfakta-donus","tag-kanal-d","tag-magazin"],"_links":{"self":[{"href":"https:\/\/www.tgrthaber.com\/mavikadin\/wp-json\/wp\/v2\/posts\/308254"}],"collection":[{"href":"https:\/\/www.tgrthaber.com\/mavikadin\/wp-json\/wp\/v2\/posts"}],"about":[{"href":"https:\/\/www.tgrthaber.com\/mavikadin\/wp-json\/wp\/v2\/types\/post"}],"author":[{"embeddable":true,"href":"https:\/\/www.tgrthaber.com\/mavikadin\/wp-json\/wp\/v2\/users\/35"}],"replies":[{"embeddable":true,"href":"https:\/\/www.tgrthaber.com\/mavikadin\/wp-json\/wp\/v2\/comments?post=308254"}],"version-history":[{"count":2,"href":"https:\/\/www.tgrthaber.com\/mavikadin\/wp-json\/wp\/v2\/posts\/308254\/revisions"}],"predecessor-version":[{"id":308283,"href":"https:\/\/www.tgrthaber.com\/mavikadin\/wp-json\/wp\/v2\/posts\/308254\/revisions\/308283"}],"wp:featuredmedia":[{"embeddable":true,"href":"https:\/\/www.tgrthaber.com\/mavikadin\/wp-json\/wp\/v2\/media\/308279"}],"wp:attachment":[{"href":"https:\/\/www.tgrthaber.com\/mavikadin\/wp-json\/wp\/v2\/media?parent=308254"}],"wp:term":[{"taxonomy":"category","embeddable":true,"href":"https:\/\/www.tgrthaber.com\/mavikadin\/wp-json\/wp\/v2\/categories?post=308254"},{"taxonomy":"post_tag","embeddable":true,"href":"https:\/\/www.tgrthaber.com\/mavikadin\/wp-json\/wp\/v2\/tags?post=308254"}],"curies":[{"name":"wp","href":"https:\/\/api.w.org\/{rel}","templated":true}]}}