{"id":308284,"date":"2026-03-11T19:13:22","date_gmt":"2026-03-11T16:13:22","guid":{"rendered":"https:\/\/www.tgrthaber.com\/mavikadin\/?p=308284"},"modified":"2026-03-11T19:13:22","modified_gmt":"2026-03-11T16:13:22","slug":"fatih-urek-olumu-sonrasi-tanju-babacanla-olan-goruntuler-yurekleri-burktu-paylasima-yorum-yagiyor","status":"publish","type":"post","link":"https:\/\/www.tgrthaber.com\/mavikadin\/fatih-urek-olumu-sonrasi-tanju-babacanla-olan-goruntuler-yurekleri-burktu-paylasima-yorum-yagiyor\/","title":{"rendered":"Fatih \u00dcrek \u00f6l\u00fcm\u00fc sonras\u0131 Tanju Babacan&#8217;la olan g\u00f6r\u00fcnt\u00fcler y\u00fcrekleri burktu! Payla\u015f\u0131ma yorum ya\u011f\u0131yor"},"content":{"rendered":"<p>\u00dcnl\u00fc sanat\u00e7\u0131 <a href=\"https:\/\/www.tgrthaber.com\/mavikadin\/bomba-iddia-vefat-eden-fatih-urekin-kurkleri-satildi-mi-isyan-eden-ablalarindan-sok-eden-aciklama\/\">Fatih \u00dcrek<\/a>&#8216;in ge\u00e7ti\u011fimiz aylarda ya\u015fama veda etmesi herkesi derinden \u00fczm\u00fc\u015ft\u00fc. Sevilen sanat\u00e7\u0131ya dair payla\u015f\u0131mlar o g\u00fcnden bu g\u00fcne takip edilirken, moda tasar\u0131mc\u0131s\u0131 Tanju Babacan&#8217;\u0131n yay\u0131nlad\u0131\u011f\u0131 g\u00f6r\u00fcnt\u00fcler, sosyal medyaya adeta damga vurdu. Babacan&#8217;la keyifli anlar ge\u00e7iren Fatih \u00dcrek payla\u015f\u0131m\u0131 y\u00fcrekleri burkarken, payla\u015f\u0131ma yorum ve ba\u011feni de eksik olmad\u0131. \u0130\u015fte detaylar&#8230;<\/p>\n<h3>FAT\u0130H \u00dcREK \u00d6L\u00dcM\u00dc SONRASI TANJU BABACAN&#8217;LA OLAN G\u00d6R\u00dcNT\u00dcLER Y\u00dcREKLER\u0130 BURKTU<\/h3>\n<p>Ekranlar\u0131n sevilen ismi Fatih \u00fcrek&#8217;in 30 Ocak 2026&#8217;da vefat etmesi, sanat camias\u0131n\u0131 ve sevnelerini yasa bo\u011fmu\u015ftu. \u00dcrek&#8217;in dostu olan ve ald\u0131\u011f\u0131 bir\u00e7ok sahnede imzas\u0131n\u0131 ta\u015f\u0131yan moda tasar\u0131mc\u0131s\u0131 <a href=\"https:\/\/www.tgrthaber.com\/mavikadin\/fatih-urekin-ablalari-hakkinda-soke-eden-iddialar-evini-talan-mi-ettiler\/\">Tanju Babacan<\/a>&#8216;la ge\u00e7irdi\u011fi keyifli anlar, sosyal medyaya adeta damga vurdu.<\/p>\n<p><img loading=\"lazy\" decoding=\"async\" class=\"alignnone wp-image-308286 size-full\" src=\"https:\/\/www.tgrthaber.com\/mavikadin\/wp-content\/uploads\/2026\/03\/fatih-urekin-saglik-durumuyla-ilgili-menajerinden-yeni-aciklama-jsho.webp\" alt=\"\" width=\"1230\" height=\"692\" title=\"\" srcset=\"https:\/\/www.tgrthaber.com\/mavikadin\/wp-content\/uploads\/2026\/03\/fatih-urekin-saglik-durumuyla-ilgili-menajerinden-yeni-aciklama-jsho.webp 1230w, https:\/\/www.tgrthaber.com\/mavikadin\/wp-content\/uploads\/2026\/03\/fatih-urekin-saglik-durumuyla-ilgili-menajerinden-yeni-aciklama-jsho-300x169.webp 300w, https:\/\/www.tgrthaber.com\/mavikadin\/wp-content\/uploads\/2026\/03\/fatih-urekin-saglik-durumuyla-ilgili-menajerinden-yeni-aciklama-jsho-1024x576.webp 1024w, https:\/\/www.tgrthaber.com\/mavikadin\/wp-content\/uploads\/2026\/03\/fatih-urekin-saglik-durumuyla-ilgili-menajerinden-yeni-aciklama-jsho-768x432.webp 768w\" sizes=\"(max-width: 1230px) 100vw, 1230px\" \/><\/p>\n<hr \/>\n<p>Tanju babacan&#8217;\u0131n \u00f6zenle tasarlad\u0131\u011f\u0131 k\u0131yafetler ve ikilinin sohbet etti\u011fi g\u00f6r\u00fcnt\u00fcler b\u00fcy\u00fck ilgi g\u00f6r\u00fcrken, Babacan&#8217;\u0131n g\u00f6r\u00fcnt\u00fclerde <a href=\"https:\/\/www.tgrthaber.com\/mavikadin\/sarkici-haticeden-fatih-urekin-ablasi-hakkinda-sasirtan-aciklama-hortumcu\/\">Fatih \u00dcrek<\/a>&#8216;e sudu\u011fu \u00e7ikolata da dikkat \u00e7eken detaylar aras\u0131nda yer ald\u0131. Kaydedilen g\u00f6r\u00fcnt\u00fcler \u00dcrek&#8217;in vedas\u0131 sonras\u0131 bir veda niteli\u011fi ta\u015f\u0131d\u0131.<\/p>\n<p><img loading=\"lazy\" decoding=\"async\" class=\"alignnone wp-image-308285 \" src=\"https:\/\/www.tgrthaber.com\/mavikadin\/wp-content\/uploads\/2026\/03\/i-44.webp\" alt=\"\" width=\"1211\" height=\"709\" title=\"\" srcset=\"https:\/\/www.tgrthaber.com\/mavikadin\/wp-content\/uploads\/2026\/03\/i-44.webp 480w, https:\/\/www.tgrthaber.com\/mavikadin\/wp-content\/uploads\/2026\/03\/i-44-300x176.webp 300w\" sizes=\"(max-width: 1211px) 100vw, 1211px\" \/><\/p>\n<hr \/>\n<h3>DUA NOTUYLA PAYLA\u015eTI<\/h3>\n<p>Fatih \u00dcrek&#8217;in \u00f6l\u00fcm\u00fc sonras\u0131 Moda Tasar\u0131mc\u0131s\u0131 Tanju Babacan, sosyal medya hesab\u0131 \u00fczerinden dua notuyla yapt\u0131\u011f\u0131 payla\u015f\u0131m an\u0131nda viral oldu. Milyonlara ula\u015fan g\u00f6r\u00fcnt\u00fclere be\u011feni ve yorum ya\u011fmur gibi ya\u011fd\u0131. Tanju Babacan&#8217;\u0131n 40 g\u00fcn #fatih\u00fcrek Dua mesaj\u0131yla Babacan&#8217;\u0131n payla\u015ft\u0131\u011f\u0131 Fatih \u00dcrek payla\u015f\u0131m\u0131, tebess\u00fcm ettirirken, y\u00fcrekleri de bir kere daha burktu.<\/p>\n<p><img loading=\"lazy\" decoding=\"async\" class=\"alignnone wp-image-308287 size-full\" src=\"https:\/\/www.tgrthaber.com\/mavikadin\/wp-content\/uploads\/2026\/03\/fatih-urek-oldu-mu-1.webp\" alt=\"\" width=\"1280\" height=\"720\" title=\"\" srcset=\"https:\/\/www.tgrthaber.com\/mavikadin\/wp-content\/uploads\/2026\/03\/fatih-urek-oldu-mu-1.webp 1280w, https:\/\/www.tgrthaber.com\/mavikadin\/wp-content\/uploads\/2026\/03\/fatih-urek-oldu-mu-1-300x169.webp 300w, https:\/\/www.tgrthaber.com\/mavikadin\/wp-content\/uploads\/2026\/03\/fatih-urek-oldu-mu-1-1024x576.webp 1024w, https:\/\/www.tgrthaber.com\/mavikadin\/wp-content\/uploads\/2026\/03\/fatih-urek-oldu-mu-1-768x432.webp 768w\" sizes=\"(max-width: 1280px) 100vw, 1280px\" \/><\/p>\n<hr \/>\n<h3>SOSYAL MEDYADAN YORUM YA\u011eIYOR<\/h3>\n<p>\u00dcnl\u00fc moda tasar\u0131mc\u0131s\u0131 Tanju Babcan&#8217;\u0131n <a href=\"https:\/\/www.tgrthaber.com\/mavikadin\/kadir-ezildiden-fatih-urekin-vefati-sonrasi-yurek-yakan-sozler-o-detay-ilk-kez-ortaya-cikti\/\">Fatih \u00dcrek<\/a>&#8216;le olan dostlu\u011fu yeniden hat\u0131rlan\u0131rken, \u00dcrek&#8217;in bir\u00e7ok sahnesinde Babacan&#8217;\u0131n tasarlad\u0131\u011f\u0131 k\u0131yafetlerin imzas\u0131 oldu\u011fu da biliniyor.<\/p>\n<p><img loading=\"lazy\" decoding=\"async\" class=\"alignnone wp-image-308290 size-full\" src=\"https:\/\/www.tgrthaber.com\/mavikadin\/wp-content\/uploads\/2026\/03\/s-b8c9a2972f5524fd1630f855829a5de1ad00b0cc.jpg\" alt=\"\" width=\"1200\" height=\"675\" title=\"\" srcset=\"https:\/\/www.tgrthaber.com\/mavikadin\/wp-content\/uploads\/2026\/03\/s-b8c9a2972f5524fd1630f855829a5de1ad00b0cc.jpg 1200w, https:\/\/www.tgrthaber.com\/mavikadin\/wp-content\/uploads\/2026\/03\/s-b8c9a2972f5524fd1630f855829a5de1ad00b0cc-300x169.jpg 300w, https:\/\/www.tgrthaber.com\/mavikadin\/wp-content\/uploads\/2026\/03\/s-b8c9a2972f5524fd1630f855829a5de1ad00b0cc-1024x576.jpg 1024w, https:\/\/www.tgrthaber.com\/mavikadin\/wp-content\/uploads\/2026\/03\/s-b8c9a2972f5524fd1630f855829a5de1ad00b0cc-768x432.jpg 768w\" sizes=\"(max-width: 1200px) 100vw, 1200px\" \/><\/p>\n<hr \/>\n<p>Son olarak yay\u0131nlanan g\u00f6r\u00fcnt\u00fcler sonras\u0131 sosyal medyada hareketlendi. &#8216;Allah rahmet eylesin mekan\u0131 cennet olsun in\u015fallah. \u00c7ok \u00fcz\u00fcld\u00fcm \u00e7ok g\u00fczel insanlar maalesef erken gidiyolar bu d\u00fcnyadan&#8217;, Allah rahmet eylesin nurlarda olmak nasip etsin&#8217;, &#8216;\u00d6nce Allah rahmet eylesin ne yaz\u0131k ki erken gidenlerden oldu, onun haricinde kost\u00fcmler hepsi birbirinden \u015f\u0131k, ke\u015fke Tarkan da sizinle \u00e7al\u0131\u015fsa diye ge\u00e7irdim akl\u0131mdan&#8217;, &#8216;\u00c7ok tatl\u0131 naif bir insand\u0131 \u00f6l\u00fcm hi\u00e7 yak\u0131\u015fmad\u0131 ona&#8217; gibi yorumlar <a href=\"https:\/\/www.tgrthaber.com\/mavikadin\/armagan-caglayan-fatih-urek-cenazesindeki-goruntulere-cildirdi-bir-dine-sayginiz-olsun\/\">Tanju Babacan<\/a>&#8216;\u0131n payla\u015f\u0131m\u0131n ard\u0131ndan yorum gibi ya\u011fd\u0131.<\/p>\n<div style=\"width: 640px;\" class=\"wp-video\"><!--[if lt IE 9]><script>document.createElement('video');<\/script><![endif]-->\n<video class=\"wp-video-shortcode\" id=\"video-308284-1\" width=\"640\" height=\"1136\" preload=\"metadata\" controls=\"controls\"><source type=\"video\/mp4\" src=\"https:\/\/www.tgrthaber.com\/mavikadin\/wp-content\/uploads\/2026\/03\/40-gun-fatihurek-Dua.mp4?_=1\" \/><a href=\"https:\/\/www.tgrthaber.com\/mavikadin\/wp-content\/uploads\/2026\/03\/40-gun-fatihurek-Dua.mp4\">https:\/\/www.tgrthaber.com\/mavikadin\/wp-content\/uploads\/2026\/03\/40-gun-fatihurek-Dua.mp4<\/a><\/video><\/div>\n<hr \/>\n<h3>FAT\u0130H \u00dcREK NE ZAMAN VE NASIL \u00d6LD\u00dc?<\/h3>\n<p>Fatih \u00dcrek 15 Ekim 2025 tarihinde \u0130stanbul Sar\u0131yer&#8217;de bulunan evinde kahvalt\u0131 yapt\u0131\u011f\u0131 s\u0131rada kalp krizi ge\u00e7irdi. 20 dakika boyunca kalbi duran ve hayata d\u00f6nd\u00fcr\u00fclen Fatih \u00dcrek, tam 107 g\u00fcn yo\u011fun bak\u0131mda tedavi alt\u0131na al\u0131nm\u0131\u015ft\u0131.<\/p>\n<p><img loading=\"lazy\" decoding=\"async\" class=\"alignnone wp-image-308288 \" src=\"https:\/\/www.tgrthaber.com\/mavikadin\/wp-content\/uploads\/2026\/03\/6915c1940a360c93d58f7e1e.webp\" alt=\"\" width=\"1150\" height=\"644\" title=\"\" srcset=\"https:\/\/www.tgrthaber.com\/mavikadin\/wp-content\/uploads\/2026\/03\/6915c1940a360c93d58f7e1e.webp 770w, https:\/\/www.tgrthaber.com\/mavikadin\/wp-content\/uploads\/2026\/03\/6915c1940a360c93d58f7e1e-300x168.webp 300w, https:\/\/www.tgrthaber.com\/mavikadin\/wp-content\/uploads\/2026\/03\/6915c1940a360c93d58f7e1e-768x430.webp 768w\" sizes=\"(max-width: 1150px) 100vw, 1150px\" \/><\/p>\n<hr \/>\n<p>Ancak ya\u015fam m\u00fccadelesini 30 Ocak 2026 y\u0131l\u0131nda kaybeden Fatih \u00dcrek, vefat etti\u011fi zaman 59 ya\u015f\u0131ndayd\u0131. Fatih \u00dcrek cenazesi 1 \u015eubat 2026 y\u0131l\u0131nda Barbaros Hayrettin Pa\u015fa Camiisi&#8217;nde k\u0131l\u0131nan namaz sonras\u0131 Karacaahmet Mezarl\u0131\u011f\u0131&#8217;na defnedildi.<\/p>\n","protected":false},"excerpt":{"rendered":"<p>Sevilen sanat\u00e7\u0131 Fatih \u00dcrek&#8217;in uzun s\u00fcren yo\u011fun bak\u0131m tedavisi ard\u0131ndan gelen vefat haberi, hem sevenlerini hem de sanat camias\u0131n\u0131 derinden sarsm\u0131\u015ft\u0131. \u00fcrek&#8217;in yak\u0131n dostu olamn modac\u0131 Tanju Babcan&#8217;dan gelen bir payla\u015f\u0131m ise adeta y\u00fcrekleri burktu. Keyifli anlar\u0131n ya\u015fand\u0131\u011f\u0131 g\u00f6r\u00fcnt\u00fclere sosyal medyadan binlerce yorum ve be\u011feni yakarken, Babacan&#8217;\u0131n payla\u015f\u0131m\u0131 k\u0131sa s\u00fcrede viral oldu. \u0130\u015fte Fatih \u00dcrek \u00f6l\u00fcm\u00fc sonras\u0131, Tanju Babacan&#8217;\u0131n duyguland\u0131ran payla\u015f\u0131m\u0131&#8230;<\/p>\n","protected":false},"author":35,"featured_media":308291,"comment_status":"closed","ping_status":"closed","sticky":false,"template":"","format":"standard","meta":{"rank_math_lock_modified_date":false,"footnotes":""},"categories":[76],"tags":[2830,133,2218,73266,73267],"class_list":["post-308284","post","type-post","status-publish","format-standard","has-post-thumbnail","hentry","category-magazin","tag-fatih-urek","tag-magazin","tag-magazin-haberleri","tag-tanju-babacan","tag-tanju-babacan-paylasimi"],"_links":{"self":[{"href":"https:\/\/www.tgrthaber.com\/mavikadin\/wp-json\/wp\/v2\/posts\/308284"}],"collection":[{"href":"https:\/\/www.tgrthaber.com\/mavikadin\/wp-json\/wp\/v2\/posts"}],"about":[{"href":"https:\/\/www.tgrthaber.com\/mavikadin\/wp-json\/wp\/v2\/types\/post"}],"author":[{"embeddable":true,"href":"https:\/\/www.tgrthaber.com\/mavikadin\/wp-json\/wp\/v2\/users\/35"}],"replies":[{"embeddable":true,"href":"https:\/\/www.tgrthaber.com\/mavikadin\/wp-json\/wp\/v2\/comments?post=308284"}],"version-history":[{"count":2,"href":"https:\/\/www.tgrthaber.com\/mavikadin\/wp-json\/wp\/v2\/posts\/308284\/revisions"}],"predecessor-version":[{"id":308293,"href":"https:\/\/www.tgrthaber.com\/mavikadin\/wp-json\/wp\/v2\/posts\/308284\/revisions\/308293"}],"wp:featuredmedia":[{"embeddable":true,"href":"https:\/\/www.tgrthaber.com\/mavikadin\/wp-json\/wp\/v2\/media\/308291"}],"wp:attachment":[{"href":"https:\/\/www.tgrthaber.com\/mavikadin\/wp-json\/wp\/v2\/media?parent=308284"}],"wp:term":[{"taxonomy":"category","embeddable":true,"href":"https:\/\/www.tgrthaber.com\/mavikadin\/wp-json\/wp\/v2\/categories?post=308284"},{"taxonomy":"post_tag","embeddable":true,"href":"https:\/\/www.tgrthaber.com\/mavikadin\/wp-json\/wp\/v2\/tags?post=308284"}],"curies":[{"name":"wp","href":"https:\/\/api.w.org\/{rel}","templated":true}]}}