{"id":308294,"date":"2026-03-11T20:10:35","date_gmt":"2026-03-11T17:10:35","guid":{"rendered":"https:\/\/www.tgrthaber.com\/mavikadin\/?p=308294"},"modified":"2026-03-11T20:10:36","modified_gmt":"2026-03-11T17:10:36","slug":"gelinim-mutfakta-muruvet-hanim-gelini-dilanaya-ates-puskurdu-oglumun-cektikleri-yeter-dedi-studyoyu-terk-etti","status":"publish","type":"post","link":"https:\/\/www.tgrthaber.com\/mavikadin\/gelinim-mutfakta-muruvet-hanim-gelini-dilanaya-ates-puskurdu-oglumun-cektikleri-yeter-dedi-studyoyu-terk-etti\/","title":{"rendered":"Gelinim Mutfakta M\u00fcr\u00fcvet Han\u0131m gelini Dilanay&#8217;a ate\u015f p\u00fcsk\u00fcrd\u00fc! O\u011flumun \u00e7ektikleri yeter dedi st\u00fcdyoyu terk etti"},"content":{"rendered":"<p>Kanal D ekranlar\u0131n\u0131n sevilen yar\u0131\u015fmas\u0131 <a href=\"https:\/\/www.tgrthaber.com\/mavikadin\/gelinim-mutfakta-aytene-ne-oldu-gelinim-mutfakta-ayten-yarismadan-ayrilacak-mi\/\">Gelinim Mutfakta<\/a>&#8216;da bug\u00fcn kaynana ve gelin aras\u0131nda k\u0131yamet koptu. <a href=\"https:\/\/www.tgrthaber.com\/mavikadin\/gelinim-mutfakta-emre-kimdir-gelinim-mutfaktanin-ilk-damat-yarismacisina-begeni-yagdi\/\">M\u00fcr\u00fcvet<\/a> Han\u0131m ve gelini Dilanay&#8217;la ya\u015fad\u0131\u011f\u0131 tart\u0131\u015fma st\u00fcdyoda tansiyonu aniden f\u0131rlatt\u0131. Yar\u0131\u015fmaya yeni kat\u0131lan M\u00fcr\u00fcvet Han\u0131m ve Dilanay aras\u0131nda \u00e7\u0131kan tart\u0131\u015fma tad\u0131m masas\u0131nda ba\u015flad\u0131, M\u00fcr\u00fcvet Han\u0131m&#8217;\u0131n st\u00fcdyoyu terk etmesiyle son buldu. Gelin kaynana birbirine a\u011f\u0131r s\u00f6zlerle y\u00fcklenirken, o anlar ekran ba\u015f\u0131ndakileri de hayrete d\u00fc\u015f\u00fcrd\u00fc. \u0130\u015fte detaylar&#8230;<\/p>\n<h3>GEL\u0130N\u0130M MUTFAKTA M\u00dcR\u00dcVET HANIM GEL\u0130N\u0130 D\u0130LANAY&#8217;A ATE\u015e P\u00dcSK\u00dcRD\u00dc<\/h3>\n<p><a href=\"https:\/\/www.tgrthaber.com\/mavikadin\/gelinim-mutfakta-9-mart-2026-ceyrek-altini-kim-aldi-gelinim-mutfakta-pazartesi-puan-tablosu\/\">Gelinim Mutfakta<\/a>&#8216;da B\u00fc\u015fra ve kay\u0131nvalidesi Emine Han\u0131m&#8217;\u0131n elenmesi sonras\u0131 yar\u0131\u015fmaya kat\u0131lan M\u00fcr\u00fcvet Han\u0131m ve gelini Dilanay aras\u0131nda \u00e7at\u0131\u015fma bitmiyor.<\/p>\n<p><img loading=\"lazy\" decoding=\"async\" class=\"alignnone wp-image-308300 size-full\" src=\"https:\/\/www.tgrthaber.com\/mavikadin\/wp-content\/uploads\/2026\/03\/Ekran-goruntusu-2026-03-11-200119.png\" alt=\"\" width=\"1125\" height=\"631\" title=\"\" srcset=\"https:\/\/www.tgrthaber.com\/mavikadin\/wp-content\/uploads\/2026\/03\/Ekran-goruntusu-2026-03-11-200119.png 1125w, https:\/\/www.tgrthaber.com\/mavikadin\/wp-content\/uploads\/2026\/03\/Ekran-goruntusu-2026-03-11-200119-300x168.png 300w, https:\/\/www.tgrthaber.com\/mavikadin\/wp-content\/uploads\/2026\/03\/Ekran-goruntusu-2026-03-11-200119-1024x574.png 1024w, https:\/\/www.tgrthaber.com\/mavikadin\/wp-content\/uploads\/2026\/03\/Ekran-goruntusu-2026-03-11-200119-768x431.png 768w\" sizes=\"(max-width: 1125px) 100vw, 1125px\" \/><\/p>\n<hr \/>\n<p>Sa\u011fl\u0131k sorunlar\u0131 nedeniyle yar\u0131\u015fmaya bir g\u00fcn sonra ba\u015flayan Dilanay Han\u0131m yerine e\u015fi Emre bey yar\u0131\u015fm\u0131\u015ft\u0131. Sosyal medyada be\u011feni ya\u011fmuruna tutulan Emre, kat\u0131ld\u0131\u011f\u0131 g\u00fcn \u00e7eyrek alt\u0131n\u0131 da kazand\u0131ktan sonra yar\u0131\u015fmaya veda etmi\u015fti.<\/p>\n<p><img loading=\"lazy\" decoding=\"async\" class=\"alignnone wp-image-308297 size-full\" src=\"https:\/\/www.tgrthaber.com\/mavikadin\/wp-content\/uploads\/2026\/03\/Ekran-goruntusu-2026-03-11-200039.png\" alt=\"\" width=\"1575\" height=\"854\" title=\"\" srcset=\"https:\/\/www.tgrthaber.com\/mavikadin\/wp-content\/uploads\/2026\/03\/Ekran-goruntusu-2026-03-11-200039.png 1575w, https:\/\/www.tgrthaber.com\/mavikadin\/wp-content\/uploads\/2026\/03\/Ekran-goruntusu-2026-03-11-200039-300x163.png 300w, https:\/\/www.tgrthaber.com\/mavikadin\/wp-content\/uploads\/2026\/03\/Ekran-goruntusu-2026-03-11-200039-1024x555.png 1024w, https:\/\/www.tgrthaber.com\/mavikadin\/wp-content\/uploads\/2026\/03\/Ekran-goruntusu-2026-03-11-200039-768x416.png 768w, https:\/\/www.tgrthaber.com\/mavikadin\/wp-content\/uploads\/2026\/03\/Ekran-goruntusu-2026-03-11-200039-1536x833.png 1536w\" sizes=\"(max-width: 1575px) 100vw, 1575px\" \/><\/p>\n<hr \/>\n<p>Gelinim Mutfakta&#8217;da d\u00fcn yay\u0131nlanan b\u00f6l\u00fcmle beraber yar\u0131\u015fmaya kat\u0131lan Dilanay Han\u0131m, kay\u0131nvalidesi M\u00fcr\u00fcvet ile bug\u00fcn birbirine girdi. Mant\u0131 tad\u0131m\u0131n\u0131n yap\u0131ld\u0131\u011f\u0131 esnada, Dilanay Han\u0131m&#8217;dan sert s\u00f6zler i\u015fiten <a href=\"https:\/\/www.tgrthaber.com\/mavikadin\/gelinim-mutfakta-6-mart-2026-cuma-10-altin-bilezigi-kim-aldi-gelinim-mutfakta-elenen-yarismaci\/\">M\u00fcr\u00fcvet<\/a> Han\u0131m adeta gelinine ate\u015f p\u00fcsk\u00fcrd\u00fc ve st\u00fcdyoyu terk etti.<\/p>\n<p><img loading=\"lazy\" decoding=\"async\" class=\"alignnone wp-image-308301 size-full\" src=\"https:\/\/www.tgrthaber.com\/mavikadin\/wp-content\/uploads\/2026\/03\/Ekran-goruntusu-2026-03-11-200130.png\" alt=\"\" width=\"1132\" height=\"630\" title=\"\" srcset=\"https:\/\/www.tgrthaber.com\/mavikadin\/wp-content\/uploads\/2026\/03\/Ekran-goruntusu-2026-03-11-200130.png 1132w, https:\/\/www.tgrthaber.com\/mavikadin\/wp-content\/uploads\/2026\/03\/Ekran-goruntusu-2026-03-11-200130-300x167.png 300w, https:\/\/www.tgrthaber.com\/mavikadin\/wp-content\/uploads\/2026\/03\/Ekran-goruntusu-2026-03-11-200130-1024x570.png 1024w, https:\/\/www.tgrthaber.com\/mavikadin\/wp-content\/uploads\/2026\/03\/Ekran-goruntusu-2026-03-11-200130-768x427.png 768w\" sizes=\"(max-width: 1132px) 100vw, 1132px\" \/><\/p>\n<hr \/>\n<h3>&#8216;O\u011eLUMUN \u00c7EKT\u0130KLER\u0130 YETER DED\u0130 ST\u00dcDYOYU TERK ETT\u0130&#8217;<\/h3>\n<p>Gelinlerin yapt\u0131\u0131 mant\u0131 yeme\u011fini tatmak i\u00e7in tad\u0131m masas\u0131na gelen M\u00fcr\u00fcvet Han\u0131m, gelinine d\u00fc\u015f\u00fck puan\u0131 verince ipler koptu. &#8216;Siz benim s\u0131rt\u0131mda y\u00fcks\u00fcn\u00fcz&#8217; diyen Delinay; &#8216;Ben ayr\u0131lm\u0131\u015ft\u0131m o\u011flundan, annemi silicem hayat\u0131m\u0131zdan dedi\u011fi i\u00e7in d\u00f6nd\u00fcm&#8217; diyerek, tarto\u015fman\u0131n fitilini ate\u015fledi.<\/p>\n<p><img loading=\"lazy\" decoding=\"async\" class=\"alignnone wp-image-308303 size-full\" src=\"https:\/\/www.tgrthaber.com\/mavikadin\/wp-content\/uploads\/2026\/03\/Ekran-goruntusu-2026-03-11-200609.png\" alt=\"\" width=\"1250\" height=\"694\" title=\"\" srcset=\"https:\/\/www.tgrthaber.com\/mavikadin\/wp-content\/uploads\/2026\/03\/Ekran-goruntusu-2026-03-11-200609.png 1250w, https:\/\/www.tgrthaber.com\/mavikadin\/wp-content\/uploads\/2026\/03\/Ekran-goruntusu-2026-03-11-200609-300x167.png 300w, https:\/\/www.tgrthaber.com\/mavikadin\/wp-content\/uploads\/2026\/03\/Ekran-goruntusu-2026-03-11-200609-1024x569.png 1024w, https:\/\/www.tgrthaber.com\/mavikadin\/wp-content\/uploads\/2026\/03\/Ekran-goruntusu-2026-03-11-200609-768x426.png 768w\" sizes=\"(max-width: 1250px) 100vw, 1250px\" \/><\/p>\n<hr \/>\n<p>Bunun \u00fczerine M\u00fcr\u00fcvet Han\u0131m; &#8216;Ke\u015fke d\u00f6nmeseydin. O\u011flumla bir g\u00fcn yar\u0131\u015ft\u0131m. Yerinde duramad\u0131n \u00e7\u0131kt\u0131n geldin. K\u0131skan\u00e7l\u0131ktan \u00f6l\u00fcyorsun&#8217;\u00a0 s\u00f6zleriyle gelinine resmen demedi\u011fini b\u0131rakmad\u0131.<\/p>\n<div style=\"width: 640px;\" class=\"wp-video\"><!--[if lt IE 9]><script>document.createElement('video');<\/script><![endif]-->\n<video class=\"wp-video-shortcode\" id=\"video-308294-1\" width=\"640\" height=\"360\" preload=\"metadata\" controls=\"controls\"><source type=\"video\/mp4\" src=\"https:\/\/www.tgrthaber.com\/mavikadin\/wp-content\/uploads\/2026\/03\/Dilanay-Muruvet-Hanima-neden-yukseldi-@aslihunel-@kanald-@kargafilm.production-GelinimMutfakta-online-video-cutter.com_.mp4?_=1\" \/><a href=\"https:\/\/www.tgrthaber.com\/mavikadin\/wp-content\/uploads\/2026\/03\/Dilanay-Muruvet-Hanima-neden-yukseldi-@aslihunel-@kanald-@kargafilm.production-GelinimMutfakta-online-video-cutter.com_.mp4\">https:\/\/www.tgrthaber.com\/mavikadin\/wp-content\/uploads\/2026\/03\/Dilanay-Muruvet-Hanima-neden-yukseldi-@aslihunel-@kanald-@kargafilm.production-GelinimMutfakta-online-video-cutter.com_.mp4<\/a><\/video><\/div>\n<hr \/>\n<h3>GEL\u0130N\u0130M MUTFAKTA 11 MART 2026 \u00c7EYREK ALTINI K\u0130M ALDI?<\/h3>\n<p>Gelinim Mutfakta&#8217;da bug\u00fcn \u00e7eyrek alt\u0131n\u0131n sahibi Tu\u011fba oldu.<\/p>\n<p>Tu\u011fba \u2013 22<\/p>\n<p>Alime \u2013 20<\/p>\n<p>Dilanay \u2013 8<\/p>\n<p>Cansu \u2013 7<\/p>\n<p><img loading=\"lazy\" decoding=\"async\" class=\"alignnone wp-image-308304 size-full\" src=\"https:\/\/www.tgrthaber.com\/mavikadin\/wp-content\/uploads\/2026\/03\/Ekran-goruntusu-2026-03-11-200152.png\" alt=\"\" width=\"1130\" height=\"633\" title=\"\" srcset=\"https:\/\/www.tgrthaber.com\/mavikadin\/wp-content\/uploads\/2026\/03\/Ekran-goruntusu-2026-03-11-200152.png 1130w, https:\/\/www.tgrthaber.com\/mavikadin\/wp-content\/uploads\/2026\/03\/Ekran-goruntusu-2026-03-11-200152-300x168.png 300w, https:\/\/www.tgrthaber.com\/mavikadin\/wp-content\/uploads\/2026\/03\/Ekran-goruntusu-2026-03-11-200152-1024x574.png 1024w, https:\/\/www.tgrthaber.com\/mavikadin\/wp-content\/uploads\/2026\/03\/Ekran-goruntusu-2026-03-11-200152-768x430.png 768w\" sizes=\"(max-width: 1130px) 100vw, 1130px\" \/><\/p>\n<hr \/>\n<h3>GEL\u0130N\u0130M MUTFAKTA 10 MART SALI \u00c7EYREK ALTINI K\u0130M ALDI?<\/h3>\n<p>Gelinim Mutfakta&#8217;ya d\u00fcn sa\u011fl\u0131k sorunlar\u0131 sebebiyle veda eden Ayten, g\u00fcn sonunda Tu\u011fba&#8217;yla ayn\u0131 puanda kald\u0131. Tu\u011fba ise kuraya kal\u0131nmas\u0131n\u0131 istemeden \u00e7eyrek alt\u0131n\u0131n Ayten&#8217;nin olmas\u0131n\u0131 istedi ve kuradan \u00e7ekildi.<\/p>\n<p>Ayten \u2013 16<\/p>\n<p>Tu\u011fba \u2013 16<\/p>\n<p>Dilanay \u2013 13<\/p>\n<p>Alime \u2013 11<\/p>\n<p><img loading=\"lazy\" decoding=\"async\" class=\"alignnone wp-image-308305 size-full\" src=\"https:\/\/www.tgrthaber.com\/mavikadin\/wp-content\/uploads\/2026\/03\/Ekran-goruntusu-2026-03-09-131901-1.png\" alt=\"\" width=\"1240\" height=\"698\" title=\"\" srcset=\"https:\/\/www.tgrthaber.com\/mavikadin\/wp-content\/uploads\/2026\/03\/Ekran-goruntusu-2026-03-09-131901-1.png 1240w, https:\/\/www.tgrthaber.com\/mavikadin\/wp-content\/uploads\/2026\/03\/Ekran-goruntusu-2026-03-09-131901-1-300x169.png 300w, https:\/\/www.tgrthaber.com\/mavikadin\/wp-content\/uploads\/2026\/03\/Ekran-goruntusu-2026-03-09-131901-1-1024x576.png 1024w, https:\/\/www.tgrthaber.com\/mavikadin\/wp-content\/uploads\/2026\/03\/Ekran-goruntusu-2026-03-09-131901-1-768x432.png 768w\" sizes=\"(max-width: 1240px) 100vw, 1240px\" \/><\/p>\n<hr \/>\n<h3>GEL\u0130N\u0130M MUTFAKTA 9 MART 2026 \u00c7EYREK ALTINI K\u0130M ALDI?<\/h3>\n<p>Gelinim Mutfakta&#8217;da Dilanay&#8217;\u0131n e\u015fi Emre kat\u0131ld\u0131\u011f\u0131 ilk g\u00fcn \u00e7eyrek alt\u0131n\u0131 alarak yar\u0131\u015fmaya veda etti.<\/p>\n<p>Emre \u2013 15<\/p>\n<p>Ayten \u2013 14<\/p>\n<p>Tu\u011fba \u2013 13<\/p>\n<p>Alime \u2013 10<\/p>\n","protected":false},"excerpt":{"rendered":"<p>Gelinim Mutfakta&#8217;n\u0131n yeni yar\u0131\u015fmac\u0131lar\u0131 Dilanay ve kay\u0131nvalide M\u00fcr\u00fcvet aras\u0131nda st\u00fcdyoda adeta sava\u015f \u00e7\u0131kt\u0131. O\u011flunu payla\u015famayan M\u00fcr\u00fcvet Han\u0131m, gelini Dilanay&#8217;a ate\u015f p\u00fcsk\u00fcrd\u00fc ve sonunda st\u00fcdyoyu terk etti. Kaynanan\u0131n \u00e7\u0131k\u0131\u015f\u0131na kay\u0131ts\u0131z kalmayan gelin Dilanay ise a\u00e7t\u0131 a\u011fz\u0131n\u0131 yumdu g\u00f6z\u00fcn\u00fc. \u0130\u015fte Gelinim Mutfakta st\u00fcdyosunu kar\u0131\u015ft\u0131ran o anlar&#8230;<\/p>\n","protected":false},"author":35,"featured_media":308295,"comment_status":"closed","ping_status":"closed","sticky":false,"template":"","format":"standard","meta":{"rank_math_lock_modified_date":false,"footnotes":""},"categories":[76],"tags":[7578,73269,73268,2766,133],"class_list":["post-308294","post","type-post","status-publish","format-standard","has-post-thumbnail","hentry","category-magazin","tag-gelinim-mutfakta","tag-gelinim-mutfakta-dilanay","tag-gelinim-mutfakta-muruvet","tag-kanal-d","tag-magazin"],"_links":{"self":[{"href":"https:\/\/www.tgrthaber.com\/mavikadin\/wp-json\/wp\/v2\/posts\/308294"}],"collection":[{"href":"https:\/\/www.tgrthaber.com\/mavikadin\/wp-json\/wp\/v2\/posts"}],"about":[{"href":"https:\/\/www.tgrthaber.com\/mavikadin\/wp-json\/wp\/v2\/types\/post"}],"author":[{"embeddable":true,"href":"https:\/\/www.tgrthaber.com\/mavikadin\/wp-json\/wp\/v2\/users\/35"}],"replies":[{"embeddable":true,"href":"https:\/\/www.tgrthaber.com\/mavikadin\/wp-json\/wp\/v2\/comments?post=308294"}],"version-history":[{"count":2,"href":"https:\/\/www.tgrthaber.com\/mavikadin\/wp-json\/wp\/v2\/posts\/308294\/revisions"}],"predecessor-version":[{"id":308308,"href":"https:\/\/www.tgrthaber.com\/mavikadin\/wp-json\/wp\/v2\/posts\/308294\/revisions\/308308"}],"wp:featuredmedia":[{"embeddable":true,"href":"https:\/\/www.tgrthaber.com\/mavikadin\/wp-json\/wp\/v2\/media\/308295"}],"wp:attachment":[{"href":"https:\/\/www.tgrthaber.com\/mavikadin\/wp-json\/wp\/v2\/media?parent=308294"}],"wp:term":[{"taxonomy":"category","embeddable":true,"href":"https:\/\/www.tgrthaber.com\/mavikadin\/wp-json\/wp\/v2\/categories?post=308294"},{"taxonomy":"post_tag","embeddable":true,"href":"https:\/\/www.tgrthaber.com\/mavikadin\/wp-json\/wp\/v2\/tags?post=308294"}],"curies":[{"name":"wp","href":"https:\/\/api.w.org\/{rel}","templated":true}]}}