{"id":308309,"date":"2026-03-11T20:53:36","date_gmt":"2026-03-11T17:53:36","guid":{"rendered":"https:\/\/www.tgrthaber.com\/mavikadin\/?p=308309"},"modified":"2026-03-11T20:53:36","modified_gmt":"2026-03-11T17:53:36","slug":"yeralti-7-bolumde-buyuk-sir-ortaya-cikiyor-ceylan-ve-haydar-alinin-gecmisi-tehlikede","status":"publish","type":"post","link":"https:\/\/www.tgrthaber.com\/mavikadin\/yeralti-7-bolumde-buyuk-sir-ortaya-cikiyor-ceylan-ve-haydar-alinin-gecmisi-tehlikede\/","title":{"rendered":"Yeralt\u0131 7 b\u00f6l\u00fcmde b\u00fcy\u00fck s\u0131r ortaya \u00e7\u0131k\u0131yor! Ceylan ve Haydar Ali\u2019nin ge\u00e7mi\u015fi tehlikede"},"content":{"rendered":"<p><a href=\"https:\/\/www.tgrthaber.com\/medya\/yeralti-7-bolum-fragmanda-bozo-ve-merdan-gerilimi-merdan-ve-ferhat-olecek-mi-3286782\">Yeralt\u0131<\/a> 7. b\u00f6l\u00fcm\u00fcyle izleyiciyi yine gerilimin dozunun y\u00fckseldi\u011fi bir hik\u00e2yenin i\u00e7ine s\u00fcr\u00fckl\u00fcyor. Bozo\u2019nun ald\u0131\u011f\u0131 kararlar Yeralt\u0131\u2019nda dengeleri alt \u00fcst edecek. Aile i\u00e7inde k\u0131r\u0131lmalar ya\u015fanacak. Hamburglu\u2019nun eline ge\u00e7en b\u00fcy\u00fck bir s\u0131r, Ceylan ile Haydar Ali\u2019nin ge\u00e7mi\u015fini ortaya \u00e7\u0131karabilecek g\u00fc\u00e7te mi? Yeralt\u0131 7. B\u00f6l\u00fcmde neler olacak? Yeralt\u0131 8. B\u00f6l\u00fcm fragman\u0131 yay\u0131nland\u0131 m\u0131? Yeralt\u0131 son b\u00f6l\u00fcm nereden izlenir?<\/p>\n<h3>YERALTI 7. B\u00d6L\u00dcMDE HAMBURGLU SIRRI S\u00d6YLEYECEK M\u0130?<\/h3>\n<p>Bozo\u2019nun ald\u0131\u011f\u0131 kararlar Yeralt\u0131\u2019nda dengeleri yeniden kurarken, aile i\u00e7inde k\u0131r\u0131lgan bir d\u00fczen olu\u015fur. Herkes yeni s\u0131n\u0131rlar\u0131n nerede \u00e7izildi\u011fini anlamaya \u00e7al\u0131\u015f\u0131rken, baz\u0131 hesaplar\u0131n hen\u00fcz kapanmad\u0131\u011f\u0131 da giderek daha net hissedilir. \u00d6te yandan Azize cephesinde at\u0131lan ad\u0131mlar, yakla\u015fan b\u00fcy\u00fck bir hesapla\u015fman\u0131n i\u015faretlerini vermektedir.<\/p>\n<p><img loading=\"lazy\" decoding=\"async\" class=\"alignnone wp-image-308312 size-full\" src=\"https:\/\/www.tgrthaber.com\/mavikadin\/wp-content\/uploads\/2026\/03\/Adsiz-tasarim-8-3.jpg\" alt=\"\" width=\"1208\" height=\"680\" title=\"\" srcset=\"https:\/\/www.tgrthaber.com\/mavikadin\/wp-content\/uploads\/2026\/03\/Adsiz-tasarim-8-3.jpg 1208w, https:\/\/www.tgrthaber.com\/mavikadin\/wp-content\/uploads\/2026\/03\/Adsiz-tasarim-8-3-300x169.jpg 300w, https:\/\/www.tgrthaber.com\/mavikadin\/wp-content\/uploads\/2026\/03\/Adsiz-tasarim-8-3-1024x576.jpg 1024w, https:\/\/www.tgrthaber.com\/mavikadin\/wp-content\/uploads\/2026\/03\/Adsiz-tasarim-8-3-768x432.jpg 768w\" sizes=\"(max-width: 1208px) 100vw, 1208px\" \/><\/p>\n<hr \/>\n<p>Ancak kimsenin bilmedi\u011fi \u00e7ok daha b\u00fcy\u00fck bir tehlike sessizce b\u00fcy\u00fcmektedir. Hamburglu\u2019nun eline ge\u00e7en bir s\u0131r, Ceylan ile Haydar Ali\u2019nin ge\u00e7mi\u015fine dair her \u015feyi ortaya \u00e7\u0131karabilecek g\u00fc\u00e7tedir. Bu ger\u00e7ek a\u00e7\u0131\u011fa \u00e7\u0131karsa yaln\u0131zca bir ili\u015fki de\u011fil, kurulan b\u00fct\u00fcn dengeler yerle bir olacakt\u0131r. Bu s\u0131rada Avrupa\u2019dan gelen beklenmedik bir geli\u015fme Yeralt\u0131\u2019nda yeni bir f\u0131rt\u0131nan\u0131n habercisi olur. \u015eimdi Yeralt\u0131\u2019nda herkes ayn\u0131 sorunun pe\u015findedir: Bu beklenmedik geli\u015fme kimin mesaj\u0131\u2026 ve s\u0131rada ne var?<\/p>\n<p><img loading=\"lazy\" decoding=\"async\" class=\"alignnone wp-image-308313 size-full\" src=\"https:\/\/www.tgrthaber.com\/mavikadin\/wp-content\/uploads\/2026\/03\/Adsiz-tasarim-7-3.jpg\" alt=\"\" width=\"1208\" height=\"680\" title=\"\" srcset=\"https:\/\/www.tgrthaber.com\/mavikadin\/wp-content\/uploads\/2026\/03\/Adsiz-tasarim-7-3.jpg 1208w, https:\/\/www.tgrthaber.com\/mavikadin\/wp-content\/uploads\/2026\/03\/Adsiz-tasarim-7-3-300x169.jpg 300w, https:\/\/www.tgrthaber.com\/mavikadin\/wp-content\/uploads\/2026\/03\/Adsiz-tasarim-7-3-1024x576.jpg 1024w, https:\/\/www.tgrthaber.com\/mavikadin\/wp-content\/uploads\/2026\/03\/Adsiz-tasarim-7-3-768x432.jpg 768w\" sizes=\"(max-width: 1208px) 100vw, 1208px\" \/><\/p>\n<hr \/>\n<h3>YERALTI 8. B\u00d6L\u00dcM FRAGMAN YAYINLANDI MI?<\/h3>\n<p>Now kanal\u0131nda yeni b\u00f6l\u00fcm\u00fcyle ekranlara gelen <a href=\"https:\/\/www.tgrthaber.com\/magazin\/yeraltinin-gulsumu-hulya-gulsen-diziden-ayriliyor-mu-yeralti-dizisinde-gulsum-anne-di-3287366\">Yeralt\u0131<\/a> dizisi izleyicileri soluksuz bir \u015fekilde ekrana ba\u011flad\u0131. Hamburglu ve Bozo \u00e7eki\u015fmesi t\u00fcm aile fertlerini derinden etkileyecek. Hamburglu \u00f6\u011frendi\u011fi s\u0131rr\u0131 saklamay\u0131 ne kadar s\u00fcrd\u00fcrecek? Yeralt\u0131 d\u00fcnyas\u0131nda k\u0131z\u0131\u015fmaya devam ederken, Bozo ve Haydar Ali yeni planlar haz\u0131rlayacak.<\/p>\n<p><img loading=\"lazy\" decoding=\"async\" class=\"alignnone wp-image-308311 size-full\" src=\"https:\/\/www.tgrthaber.com\/mavikadin\/wp-content\/uploads\/2026\/03\/Adsiz-tasarim-9-3.jpg\" alt=\"\" width=\"1208\" height=\"680\" title=\"\" srcset=\"https:\/\/www.tgrthaber.com\/mavikadin\/wp-content\/uploads\/2026\/03\/Adsiz-tasarim-9-3.jpg 1208w, https:\/\/www.tgrthaber.com\/mavikadin\/wp-content\/uploads\/2026\/03\/Adsiz-tasarim-9-3-300x169.jpg 300w, https:\/\/www.tgrthaber.com\/mavikadin\/wp-content\/uploads\/2026\/03\/Adsiz-tasarim-9-3-1024x576.jpg 1024w, https:\/\/www.tgrthaber.com\/mavikadin\/wp-content\/uploads\/2026\/03\/Adsiz-tasarim-9-3-768x432.jpg 768w\" sizes=\"(max-width: 1208px) 100vw, 1208px\" \/><\/p>\n<hr \/>\n<p>Yeralt\u0131 8. B\u00f6l\u00fcm fragman\u0131 ve gelecek haftaya dair detaylar dizinin son b\u00f6l\u00fcm\u00fc yay\u0131nland\u0131ktan sonra ekranlara gelecek. Aksiyon ve heyecan\u0131n y\u00fcksek ya\u015fand\u0131\u011f\u0131 Yeralt\u0131 dizisinin izleyicileri gelecek haftaya ki b\u00f6l\u00fcm\u00fc merakla bekliyor.<\/p>\n<p><img loading=\"lazy\" decoding=\"async\" class=\"alignnone wp-image-308315 size-full\" src=\"https:\/\/www.tgrthaber.com\/mavikadin\/wp-content\/uploads\/2026\/03\/Adsiz-tasarim-5-2.jpg\" alt=\"\" width=\"1208\" height=\"680\" title=\"\" srcset=\"https:\/\/www.tgrthaber.com\/mavikadin\/wp-content\/uploads\/2026\/03\/Adsiz-tasarim-5-2.jpg 1208w, https:\/\/www.tgrthaber.com\/mavikadin\/wp-content\/uploads\/2026\/03\/Adsiz-tasarim-5-2-300x169.jpg 300w, https:\/\/www.tgrthaber.com\/mavikadin\/wp-content\/uploads\/2026\/03\/Adsiz-tasarim-5-2-1024x576.jpg 1024w, https:\/\/www.tgrthaber.com\/mavikadin\/wp-content\/uploads\/2026\/03\/Adsiz-tasarim-5-2-768x432.jpg 768w\" sizes=\"(max-width: 1208px) 100vw, 1208px\" \/><\/p>\n<hr \/>\n<h3>YERALTI D\u0130Z\u0130S\u0130 SON B\u00d6L\u00dcM NEREDEN \u0130ZLEN\u0130R?<\/h3>\n<p>Ekranlar\u0131n dikkat \u00e7eken yap\u0131mlar\u0131ndan Yeralt\u0131, s\u00fcr\u00fckleyici hik\u00e2yesi ve g\u00fc\u00e7l\u00fc oyuncu kadrosuyla izleyicinin ilgisini \u00e7ekmeye devam ediyor. Dizinin son b\u00f6l\u00fcm\u00fcn\u00fc ka\u00e7\u0131ran ya da yeniden izlemek isteyen seyirciler ise \u201cYeralt\u0131 son b\u00f6l\u00fcm nereden izlenir?\u201d sorusunun yan\u0131t\u0131n\u0131 ara\u015ft\u0131r\u0131yor.<\/p>\n<p><img loading=\"lazy\" decoding=\"async\" class=\"alignnone wp-image-308314 size-full\" src=\"https:\/\/www.tgrthaber.com\/mavikadin\/wp-content\/uploads\/2026\/03\/Adsiz-tasarim-6-2.jpg\" alt=\"\" width=\"1208\" height=\"680\" title=\"\" srcset=\"https:\/\/www.tgrthaber.com\/mavikadin\/wp-content\/uploads\/2026\/03\/Adsiz-tasarim-6-2.jpg 1208w, https:\/\/www.tgrthaber.com\/mavikadin\/wp-content\/uploads\/2026\/03\/Adsiz-tasarim-6-2-300x169.jpg 300w, https:\/\/www.tgrthaber.com\/mavikadin\/wp-content\/uploads\/2026\/03\/Adsiz-tasarim-6-2-1024x576.jpg 1024w, https:\/\/www.tgrthaber.com\/mavikadin\/wp-content\/uploads\/2026\/03\/Adsiz-tasarim-6-2-768x432.jpg 768w\" sizes=\"(max-width: 1208px) 100vw, 1208px\" \/><\/p>\n<hr \/>\n<p>Yeni b\u00f6l\u00fcmler her hafta yay\u0131n g\u00fcn\u00fcnde Now kanal\u0131nda izleyiciyle bulu\u015furken, b\u00f6l\u00fcm\u00fc ka\u00e7\u0131ranlar i\u00e7in alternatif izleme se\u00e7enekleri de sunuluyor. Yay\u0131n\u0131n ard\u0131ndan dizinin son b\u00f6l\u00fcm\u00fc, kanal\u0131n resmi internet sitesi ve mobil uygulamas\u0131 \u00fczerinden izlenebiliyor. \u0130zleyiciler b\u00f6l\u00fcm\u00fc istedikleri zaman tekrar izleme f\u0131rsat\u0131 yakal\u0131yor.<\/p>\n<p><img loading=\"lazy\" decoding=\"async\" class=\"alignnone wp-image-308316 size-full\" src=\"https:\/\/www.tgrthaber.com\/mavikadin\/wp-content\/uploads\/2026\/03\/Adsiz-tasarim-4-3.jpg\" alt=\"\" width=\"1208\" height=\"680\" title=\"\" srcset=\"https:\/\/www.tgrthaber.com\/mavikadin\/wp-content\/uploads\/2026\/03\/Adsiz-tasarim-4-3.jpg 1208w, https:\/\/www.tgrthaber.com\/mavikadin\/wp-content\/uploads\/2026\/03\/Adsiz-tasarim-4-3-300x169.jpg 300w, https:\/\/www.tgrthaber.com\/mavikadin\/wp-content\/uploads\/2026\/03\/Adsiz-tasarim-4-3-1024x576.jpg 1024w, https:\/\/www.tgrthaber.com\/mavikadin\/wp-content\/uploads\/2026\/03\/Adsiz-tasarim-4-3-768x432.jpg 768w\" sizes=\"(max-width: 1208px) 100vw, 1208px\" \/><\/p>\n<hr \/>\n<p>\u00d6te yandan dizinin b\u00f6l\u00fcmleri dijital platformlarda da yer alabiliyor. Resmi payla\u015f\u0131mlar arac\u0131l\u0131\u011f\u0131yla baz\u0131 b\u00f6l\u00fcmler YouTube \u00fczerinden izleyiciyle bulu\u015furken, dizinin tekrarlar\u0131 ve se\u00e7ili i\u00e7erikleri zaman zaman Disney+ gibi dijital platformlarda da yer alabiliyor.<\/p>\n","protected":false},"excerpt":{"rendered":"<p>Yeralt\u0131 7. b\u00f6l\u00fcm\u00fcyle gerilimi iyice y\u00fckseltiyor. Bozo\u2019nun ald\u0131\u011f\u0131 kararlar Yeralt\u0131\u2019nda dengeleri yeniden kurmaya \u00e7al\u0131\u015f\u0131rken, herkes yeni s\u0131n\u0131rlar\u0131n nerede \u00e7izilece\u011fini anlamaya \u00e7al\u0131\u015f\u0131yor. Hamburglu\u2019nun eline ge\u00e7en b\u00fcy\u00fck bir s\u0131r, Ceylan ile Haydar Ali\u2019nin ge\u00e7mi\u015fini a\u00e7\u0131\u011fa \u00e7\u0131karabilecek mi? Avrupa\u2019dan gelen beklenmedik bir geli\u015fme, yakla\u015fan b\u00fcy\u00fck hesapla\u015fman\u0131n ilk i\u015faretlerini veriyor. Peki, Yeralt\u0131 7. B\u00f6l\u00fcmde neler olacak? Yeralt\u0131 8. B\u00f6l\u00fcm fragman\u0131 yay\u0131nland\u0131 m\u0131? <\/p>\n","protected":false},"author":10,"featured_media":308310,"comment_status":"closed","ping_status":"closed","sticky":false,"template":"","format":"standard","meta":{"rank_math_lock_modified_date":false,"footnotes":""},"categories":[602],"tags":[32159,66165,73270,73271,73272,72426],"class_list":["post-308309","post","type-post","status-publish","format-standard","has-post-thumbnail","hentry","category-diziler","tag-dizi","tag-yeralti","tag-yeralti-7-bolum","tag-yeralti-7-bolum-ozeti","tag-yeralti-8-bolum-fragman","tag-yeralti-son-bolum"],"_links":{"self":[{"href":"https:\/\/www.tgrthaber.com\/mavikadin\/wp-json\/wp\/v2\/posts\/308309"}],"collection":[{"href":"https:\/\/www.tgrthaber.com\/mavikadin\/wp-json\/wp\/v2\/posts"}],"about":[{"href":"https:\/\/www.tgrthaber.com\/mavikadin\/wp-json\/wp\/v2\/types\/post"}],"author":[{"embeddable":true,"href":"https:\/\/www.tgrthaber.com\/mavikadin\/wp-json\/wp\/v2\/users\/10"}],"replies":[{"embeddable":true,"href":"https:\/\/www.tgrthaber.com\/mavikadin\/wp-json\/wp\/v2\/comments?post=308309"}],"version-history":[{"count":2,"href":"https:\/\/www.tgrthaber.com\/mavikadin\/wp-json\/wp\/v2\/posts\/308309\/revisions"}],"predecessor-version":[{"id":308318,"href":"https:\/\/www.tgrthaber.com\/mavikadin\/wp-json\/wp\/v2\/posts\/308309\/revisions\/308318"}],"wp:featuredmedia":[{"embeddable":true,"href":"https:\/\/www.tgrthaber.com\/mavikadin\/wp-json\/wp\/v2\/media\/308310"}],"wp:attachment":[{"href":"https:\/\/www.tgrthaber.com\/mavikadin\/wp-json\/wp\/v2\/media?parent=308309"}],"wp:term":[{"taxonomy":"category","embeddable":true,"href":"https:\/\/www.tgrthaber.com\/mavikadin\/wp-json\/wp\/v2\/categories?post=308309"},{"taxonomy":"post_tag","embeddable":true,"href":"https:\/\/www.tgrthaber.com\/mavikadin\/wp-json\/wp\/v2\/tags?post=308309"}],"curies":[{"name":"wp","href":"https:\/\/api.w.org\/{rel}","templated":true}]}}