{"id":308320,"date":"2026-03-11T21:42:45","date_gmt":"2026-03-11T18:42:45","guid":{"rendered":"https:\/\/www.tgrthaber.com\/mavikadin\/?p=308320"},"modified":"2026-03-11T23:46:01","modified_gmt":"2026-03-11T20:46:01","slug":"survivor-11-mart-2026-odul-oyununu-hangi-takim-kazandi-survivor-2026-ceza-oyunu-sok-etti","status":"publish","type":"post","link":"https:\/\/www.tgrthaber.com\/mavikadin\/survivor-11-mart-2026-odul-oyununu-hangi-takim-kazandi-survivor-2026-ceza-oyunu-sok-etti\/","title":{"rendered":"Survivor 11 Mart 2026 \u00f6d\u00fcl oyununu hangi tak\u0131m kazand\u0131? Survivor 2026 ceza oyunu \u015fok etti!"},"content":{"rendered":"<p><a href=\"https:\/\/www.tgrthaber.com\/mavikadin\/survivor-10-mart-2026-dokunulmazlik-oyununu-hangi-takim-kazandi-survivor-ikinci-eleme-adayi-hangi-yarismaci-oldu\/\">Survivor 2026<\/a>\u2019da 10 haftan\u0131n ard\u0131ndan heyecan dolu bir \u00f6d\u00fcl ve ceza oyunu daha ekranlara geldi. \u00dcnl\u00fcler ve G\u00f6n\u00fcll\u00fcler tak\u0131mlar\u0131, zorlu parkurda k\u0131yas\u0131ya m\u00fccadele ederken hem \u00f6d\u00fcl hem de a\u011f\u0131r ceza oyunu i\u00e7in tansiyon tavan yapt\u0131. Parkur boyunca ya\u015fanan k\u0131yas\u0131ya m\u00fccadele ve strateji sava\u015flar\u0131 izleyiciyi ekran ba\u015f\u0131na kilitledi. Peki, Survivor 11 Mart 2026 \u00f6d\u00fcl oyununu hangi tak\u0131m kazand\u0131? \u00d6d\u00fcl\u00fc kaybeden tak\u0131m, yar\u0131\u015fmada kar\u015f\u0131la\u015facaklar\u0131 \u015fok cezan\u0131n a\u011f\u0131rl\u0131\u011f\u0131yla adeta nefesini tuttu. T\u00fcm geli\u015fmeler, yar\u0131\u015fmac\u0131lar aras\u0131ndaki rekabetin ne kadar y\u00fcksek oldu\u011funu bir kez daha g\u00f6zler \u00f6n\u00fcne serdi.<\/p>\n<h3>SURV\u0130VOR 11 MART 2026 \u00d6D\u00dcL OYUNUNU HANG\u0130 TAKIM KAZANDI?<\/h3>\n<p>Survivor 11 Mart 2026 \u00f6d\u00fcl oyununu kazanan tak\u0131m\u0131 \u00dcnl\u00fcler tak\u0131m\u0131 oldu. 11 &#8211; 9 farkla G\u00f6n\u00fcll\u00fcler tak\u0131m\u0131n\u0131 yendiler.<\/p>\n<p><img loading=\"lazy\" decoding=\"async\" class=\"alignnone wp-image-308323 size-full\" src=\"https:\/\/www.tgrthaber.com\/mavikadin\/wp-content\/uploads\/2026\/03\/Survivor-3.jpg\" alt=\"\" width=\"1208\" height=\"680\" title=\"\" srcset=\"https:\/\/www.tgrthaber.com\/mavikadin\/wp-content\/uploads\/2026\/03\/Survivor-3.jpg 1208w, https:\/\/www.tgrthaber.com\/mavikadin\/wp-content\/uploads\/2026\/03\/Survivor-3-300x169.jpg 300w, https:\/\/www.tgrthaber.com\/mavikadin\/wp-content\/uploads\/2026\/03\/Survivor-3-1024x576.jpg 1024w, https:\/\/www.tgrthaber.com\/mavikadin\/wp-content\/uploads\/2026\/03\/Survivor-3-768x432.jpg 768w\" sizes=\"(max-width: 1208px) 100vw, 1208px\" \/><\/p>\n<hr \/>\n<h3>Survivor 11 MART 2026 CEZA ALAN TAKIM<\/h3>\n<p>Survivor 2026\u2019da bu ak\u015fam oynanacak olan \u00f6d\u00fcl oyunu sonras\u0131 kaybeden tak\u0131m cezas\u0131n\u0131 \u00e7ekmeye gidecek. Murat Ceylan\u2019\u0131n a\u00e7\u0131klad\u0131\u011f\u0131 ceza yar\u0131\u015fmac\u0131lar\u0131 merakland\u0131rd\u0131. Survivor\u2019da ceza alan tak\u0131m G\u00f6n\u00fcll\u00fcler oldu. Bo\u015f bir alanda g\u00f6zleri ba\u011fl\u0131 bir \u015fekilde 10 yar\u0131\u015fmac\u0131 birbirlerini bulmaya \u00e7al\u0131\u015facak.<\/p>\n<h3>SURV\u0130VOR 10 MART 2026 \u0130K\u0130NC\u0130 ELEME ADAYI HANG\u0130 YARI\u015eMACI OLDU?<\/h3>\n<p>Survivor 10 Mart 2026 ikinci eleme aday\u0131 Nisanur oldu.<\/p>\n<p><img loading=\"lazy\" decoding=\"async\" class=\"alignnone wp-image-308049 size-full\" src=\"https:\/\/www.tgrthaber.com\/mavikadin\/wp-content\/uploads\/2026\/03\/Adsiz-tasarim-12-2.jpg\" alt=\"\" width=\"1208\" height=\"680\" title=\"\" srcset=\"https:\/\/www.tgrthaber.com\/mavikadin\/wp-content\/uploads\/2026\/03\/Adsiz-tasarim-12-2.jpg 1208w, https:\/\/www.tgrthaber.com\/mavikadin\/wp-content\/uploads\/2026\/03\/Adsiz-tasarim-12-2-300x169.jpg 300w, https:\/\/www.tgrthaber.com\/mavikadin\/wp-content\/uploads\/2026\/03\/Adsiz-tasarim-12-2-1024x576.jpg 1024w, https:\/\/www.tgrthaber.com\/mavikadin\/wp-content\/uploads\/2026\/03\/Adsiz-tasarim-12-2-768x432.jpg 768w\" sizes=\"(max-width: 1208px) 100vw, 1208px\" \/><\/p>\n<hr \/>\n<h3>SURV\u0130VOR 9 MART 2026 B\u0130R\u0130NC\u0130 ELEME ADAYI K\u0130M OLDU?<\/h3>\n<p>Survivor 2026\u2019da d\u00fcn oynanan dokunulmazl\u0131k oyununu kaybeden G\u00f6n\u00fcll\u00fcler tak\u0131m\u0131 bir ismi eleme potas\u0131na yazd\u0131. Kad\u0131nlar aras\u0131nda oynanacak eleme potas\u0131nda Lina birinci aday oldu.<\/p>\n<p><img loading=\"lazy\" decoding=\"async\" class=\"alignnone wp-image-308048 size-full\" src=\"https:\/\/www.tgrthaber.com\/mavikadin\/wp-content\/uploads\/2026\/03\/Adsiz-tasarim-8-2.jpg\" alt=\"\" width=\"1208\" height=\"680\" title=\"\" srcset=\"https:\/\/www.tgrthaber.com\/mavikadin\/wp-content\/uploads\/2026\/03\/Adsiz-tasarim-8-2.jpg 1208w, https:\/\/www.tgrthaber.com\/mavikadin\/wp-content\/uploads\/2026\/03\/Adsiz-tasarim-8-2-300x169.jpg 300w, https:\/\/www.tgrthaber.com\/mavikadin\/wp-content\/uploads\/2026\/03\/Adsiz-tasarim-8-2-1024x576.jpg 1024w, https:\/\/www.tgrthaber.com\/mavikadin\/wp-content\/uploads\/2026\/03\/Adsiz-tasarim-8-2-768x432.jpg 768w\" sizes=\"(max-width: 1208px) 100vw, 1208px\" \/><\/p>\n<hr \/>\n<h3>SURV\u0130VOR\u2019DA SON ELENEN YARI\u015eMACI K\u0130M OLDU?<\/h3>\n<p>Survivor 2026\u2019da en son elenen erkek yar\u0131\u015fmac\u0131 Onur Alp \u00c7am oldu.<\/p>\n<p><img loading=\"lazy\" decoding=\"async\" class=\"alignnone wp-image-308322 size-full\" src=\"https:\/\/www.tgrthaber.com\/mavikadin\/wp-content\/uploads\/2026\/03\/Suvivor-2026-kirmizi-ve-mavi-takim-6.jpg\" alt=\"\" width=\"1208\" height=\"680\" title=\"\" srcset=\"https:\/\/www.tgrthaber.com\/mavikadin\/wp-content\/uploads\/2026\/03\/Suvivor-2026-kirmizi-ve-mavi-takim-6.jpg 1208w, https:\/\/www.tgrthaber.com\/mavikadin\/wp-content\/uploads\/2026\/03\/Suvivor-2026-kirmizi-ve-mavi-takim-6-300x169.jpg 300w, https:\/\/www.tgrthaber.com\/mavikadin\/wp-content\/uploads\/2026\/03\/Suvivor-2026-kirmizi-ve-mavi-takim-6-1024x576.jpg 1024w, https:\/\/www.tgrthaber.com\/mavikadin\/wp-content\/uploads\/2026\/03\/Suvivor-2026-kirmizi-ve-mavi-takim-6-768x432.jpg 768w\" sizes=\"(max-width: 1208px) 100vw, 1208px\" \/><\/p>\n<hr \/>\n<h3>SURV\u0130VOR 2026 KIRMIZI VE MAV\u0130 TAKIM KADROSU<\/h3>\n<p><strong>Survivor 2026 K\u0131rm\u0131z\u0131 tak\u0131m kadrosu\u00a0<\/strong><\/p>\n<ul>\n<li>Bayhan G\u00fcrhan<\/li>\n<li>Deniz \u00c7atalba\u015f<\/li>\n<li>Nefise Karatay<\/li>\n<li>Sercan Y\u0131ld\u0131r\u0131m<\/li>\n<li>Mert Nobre<\/li>\n<li>Murat Ark\u0131n<\/li>\n<li>Seren Ay \u00c7etin<\/li>\n<li>Serhan Onat<\/li>\n<li>Can Berkay Ertemiz<\/li>\n<li>Seda Albayrak<\/li>\n<\/ul>\n<p><strong>Survivor 2026 Mavi tak\u0131m kadrosu\u00a0<\/strong><\/p>\n<ul>\n<li>Ramazan Sar\u0131<\/li>\n<li>Beyza Gemici<\/li>\n<li>Engincan Tura<\/li>\n<li>Bar\u0131\u015f Murat Ya\u011fc\u0131<\/li>\n<li>G\u00f6zde Bozkurt<\/li>\n<li>Lina Hourieh<\/li>\n<li>Nisanur G\u00fcler<\/li>\n<li>Nagihan Karadere<\/li>\n<li>Osman Can Ural<\/li>\n<li>Sude Demir<\/li>\n<\/ul>\n<p><img loading=\"lazy\" decoding=\"async\" class=\"alignnone wp-image-308321 size-full\" src=\"https:\/\/www.tgrthaber.com\/mavikadin\/wp-content\/uploads\/2026\/03\/Survivor-Unluler-Gonulluler-7.jpg\" alt=\"\" width=\"1208\" height=\"680\" title=\"\" srcset=\"https:\/\/www.tgrthaber.com\/mavikadin\/wp-content\/uploads\/2026\/03\/Survivor-Unluler-Gonulluler-7.jpg 1208w, https:\/\/www.tgrthaber.com\/mavikadin\/wp-content\/uploads\/2026\/03\/Survivor-Unluler-Gonulluler-7-300x169.jpg 300w, https:\/\/www.tgrthaber.com\/mavikadin\/wp-content\/uploads\/2026\/03\/Survivor-Unluler-Gonulluler-7-1024x576.jpg 1024w, https:\/\/www.tgrthaber.com\/mavikadin\/wp-content\/uploads\/2026\/03\/Survivor-Unluler-Gonulluler-7-768x432.jpg 768w\" sizes=\"(max-width: 1208px) 100vw, 1208px\" \/><\/p>\n<hr \/>\n<h3>SURV\u0130VOR 2026\u2019YA VEDA EDEN YARI\u015eMACILAR<\/h3>\n<ul>\n<li>Dilan \u00c7\u0131tak<\/li>\n<li>Keremcem D\u00fcr\u00fck<\/li>\n<li>Selen G\u00f6rg\u00fczel<\/li>\n<li>Erkan Bilben<\/li>\n<li>Tu\u011f\u00e7e Melis Demir<\/li>\n<li>Do\u011fu\u015f<\/li>\n<li>Meryem Boz<\/li>\n<li>Eren Semerci<\/li>\n<li>B\u00fc\u015fra Yal\u00e7\u0131n<\/li>\n<li>Onur Alp \u00c7am<\/li>\n<\/ul>\n","protected":false},"excerpt":{"rendered":"<p>Survivor 2026 10 haftan\u0131n \u00f6d\u00fcl ceza oyunu geldi. \u00dcnl\u00fcler G\u00f6n\u00fcll\u00fcler aras\u0131nda oynanacak olan engebeli parkurda bir tak\u0131m \u00f6d\u00fcl oyununu kazanacak. \u00d6d\u00fcl oyununu kaybeden tak\u0131m\u0131 a\u011f\u0131r bir ceza bekliyor. Peki, Survivor 11 Mart 2026 \u00f6d\u00fcl oyununu hangi tak\u0131m kazand\u0131? Survivor 2026 ceza oyunu \u015fok etti! <\/p>\n","protected":false},"author":10,"featured_media":308324,"comment_status":"closed","ping_status":"closed","sticky":false,"template":"","format":"standard","meta":{"rank_math_lock_modified_date":false,"footnotes":""},"categories":[76],"tags":[43433,133,6978,2366,63785],"class_list":["post-308320","post","type-post","status-publish","format-standard","has-post-thumbnail","hentry","category-magazin","tag-ceza","tag-magazin","tag-odul-oyunu","tag-survivor","tag-survivor-2026"],"_links":{"self":[{"href":"https:\/\/www.tgrthaber.com\/mavikadin\/wp-json\/wp\/v2\/posts\/308320"}],"collection":[{"href":"https:\/\/www.tgrthaber.com\/mavikadin\/wp-json\/wp\/v2\/posts"}],"about":[{"href":"https:\/\/www.tgrthaber.com\/mavikadin\/wp-json\/wp\/v2\/types\/post"}],"author":[{"embeddable":true,"href":"https:\/\/www.tgrthaber.com\/mavikadin\/wp-json\/wp\/v2\/users\/10"}],"replies":[{"embeddable":true,"href":"https:\/\/www.tgrthaber.com\/mavikadin\/wp-json\/wp\/v2\/comments?post=308320"}],"version-history":[{"count":4,"href":"https:\/\/www.tgrthaber.com\/mavikadin\/wp-json\/wp\/v2\/posts\/308320\/revisions"}],"predecessor-version":[{"id":308347,"href":"https:\/\/www.tgrthaber.com\/mavikadin\/wp-json\/wp\/v2\/posts\/308320\/revisions\/308347"}],"wp:featuredmedia":[{"embeddable":true,"href":"https:\/\/www.tgrthaber.com\/mavikadin\/wp-json\/wp\/v2\/media\/308324"}],"wp:attachment":[{"href":"https:\/\/www.tgrthaber.com\/mavikadin\/wp-json\/wp\/v2\/media?parent=308320"}],"wp:term":[{"taxonomy":"category","embeddable":true,"href":"https:\/\/www.tgrthaber.com\/mavikadin\/wp-json\/wp\/v2\/categories?post=308320"},{"taxonomy":"post_tag","embeddable":true,"href":"https:\/\/www.tgrthaber.com\/mavikadin\/wp-json\/wp\/v2\/tags?post=308320"}],"curies":[{"name":"wp","href":"https:\/\/api.w.org\/{rel}","templated":true}]}}