{"id":308335,"date":"2026-03-11T23:28:53","date_gmt":"2026-03-11T20:28:53","guid":{"rendered":"https:\/\/www.tgrthaber.com\/mavikadin\/?p=308335"},"modified":"2026-03-11T23:28:53","modified_gmt":"2026-03-11T20:28:53","slug":"yeralti-8-bolum-fragmani-yayinlandi-mi-yeralti-son-bolum-nereden-izlenir","status":"publish","type":"post","link":"https:\/\/www.tgrthaber.com\/mavikadin\/yeralti-8-bolum-fragmani-yayinlandi-mi-yeralti-son-bolum-nereden-izlenir\/","title":{"rendered":"Yeralt\u0131 8. B\u00f6l\u00fcm fragman\u0131 yay\u0131nland\u0131 m\u0131? Yeralt\u0131 son b\u00f6l\u00fcm nereden izlenir?"},"content":{"rendered":"<p>\u00c7ar\u015famba ak\u015famlar\u0131n\u0131n pop\u00fcler dizisi <a href=\"https:\/\/www.tgrthaber.com\/mavikadin\/yeralti-7-bolumde-buyuk-sir-ortaya-cikiyor-ceylan-ve-haydar-alinin-gecmisi-tehlikede\/\">Yeralt\u0131<\/a> 8. b\u00f6l\u00fcm fragman\u0131yla izleyiciyi ekran ba\u015f\u0131na kilitlemeye haz\u0131rlan\u0131yor. Fragmanda Hamburg, Bozo ve Haydar Ali aras\u0131ndaki gerilim, aile i\u00e7indeki s\u0131rlar ve yakla\u015fan b\u00fcy\u00fck hesapla\u015fman\u0131n ipu\u00e7lar\u0131 k\u0131sa ama etkileyici sahnelerle veriliyor. Yeni b\u00f6l\u00fcm, hem s\u00fcrpriz geli\u015fmeleri hem de gerilimi doruklara ta\u015f\u0131yacak gibi g\u00f6r\u00fcn\u00fcyor. Peki, Yeralt\u0131 son b\u00f6l\u00fcmde neler oldu? Yeralt\u0131 8 b\u00f6l\u00fcm fragman yay\u0131nland\u0131 m\u0131? Yeralt\u0131 son b\u00f6l\u00fcm nereden izlenir?<\/p>\n<h3>YERALTI 8 B\u00d6L\u00dcM FRAGMAN YAYINLANDI MI?<\/h3>\n<p>Pop\u00fcler dizi Yeralt\u0131, 8. b\u00f6l\u00fcm\u00fcyle izleyiciyi yeni s\u00fcrprizlere haz\u0131rl\u0131yor. Yeralt\u0131 8. B\u00f6l\u00fcm fragman\u0131 hafta i\u00e7i ekranlara gelecek. Yeni b\u00f6l\u00fcmde kimlerin hamle yapaca\u011f\u0131, hangi s\u0131rlar\u0131n ortaya \u00e7\u0131kaca\u011f\u0131 ve karakterler aras\u0131ndaki dengelerin nas\u0131l de\u011fi\u015fece\u011fi, fragman sayesinde izleyiciye ipucu verecek.<\/p>\n<p><img loading=\"lazy\" decoding=\"async\" class=\"alignnone wp-image-308312 size-full\" src=\"https:\/\/www.tgrthaber.com\/mavikadin\/wp-content\/uploads\/2026\/03\/Adsiz-tasarim-8-3.jpg\" alt=\"\" width=\"1208\" height=\"680\" title=\"\" srcset=\"https:\/\/www.tgrthaber.com\/mavikadin\/wp-content\/uploads\/2026\/03\/Adsiz-tasarim-8-3.jpg 1208w, https:\/\/www.tgrthaber.com\/mavikadin\/wp-content\/uploads\/2026\/03\/Adsiz-tasarim-8-3-300x169.jpg 300w, https:\/\/www.tgrthaber.com\/mavikadin\/wp-content\/uploads\/2026\/03\/Adsiz-tasarim-8-3-1024x576.jpg 1024w, https:\/\/www.tgrthaber.com\/mavikadin\/wp-content\/uploads\/2026\/03\/Adsiz-tasarim-8-3-768x432.jpg 768w\" sizes=\"(max-width: 1208px) 100vw, 1208px\" \/><\/p>\n<hr \/>\n<p>Fragman sosyal medyada da payla\u015f\u0131l\u0131nca, izleyiciler yeni b\u00f6l\u00fcmle ilgili tahminlerini ve yorumlar\u0131n\u0131 payla\u015fmaya ba\u015flad\u0131. \u015eimdiden dizinin takip\u00e7ileri, 8. b\u00f6l\u00fcmde ya\u015fanacak s\u00fcrpriz geli\u015fmelerin heyecan\u0131n\u0131 sosyal medyada tart\u0131\u015f\u0131yor. Yeralt\u0131 8. B\u00f6l\u00fcm fragman\u0131 yay\u0131nland\u0131 m\u0131? sorusunun cevab\u0131 dizinin sonunda kanal y\u00f6netimi karar\u0131 verecek.<\/p>\n<h3>YERALTI SON B\u00d6L\u00dcMDE NELER OLDU?<\/h3>\n<p>Bozo\u2019nun ald\u0131\u011f\u0131 kararlar Yeralt\u0131\u2019nda dengeleri yeniden kurarken, aile i\u00e7inde k\u0131r\u0131lgan bir d\u00fczen olu\u015fur. Herkes yeni s\u0131n\u0131rlar\u0131n nerede \u00e7izildi\u011fini anlamaya \u00e7al\u0131\u015f\u0131rken, baz\u0131 hesaplar\u0131n hen\u00fcz kapanmad\u0131\u011f\u0131 da giderek daha net hissedilir. \u00d6te yandan Azize cephesinde at\u0131lan ad\u0131mlar, yakla\u015fan b\u00fcy\u00fck bir hesapla\u015fman\u0131n i\u015faretlerini vermektedir.<\/p>\n<p><img loading=\"lazy\" decoding=\"async\" class=\"alignnone wp-image-308314 size-full\" src=\"https:\/\/www.tgrthaber.com\/mavikadin\/wp-content\/uploads\/2026\/03\/Adsiz-tasarim-6-2.jpg\" alt=\"\" width=\"1208\" height=\"680\" title=\"\" srcset=\"https:\/\/www.tgrthaber.com\/mavikadin\/wp-content\/uploads\/2026\/03\/Adsiz-tasarim-6-2.jpg 1208w, https:\/\/www.tgrthaber.com\/mavikadin\/wp-content\/uploads\/2026\/03\/Adsiz-tasarim-6-2-300x169.jpg 300w, https:\/\/www.tgrthaber.com\/mavikadin\/wp-content\/uploads\/2026\/03\/Adsiz-tasarim-6-2-1024x576.jpg 1024w, https:\/\/www.tgrthaber.com\/mavikadin\/wp-content\/uploads\/2026\/03\/Adsiz-tasarim-6-2-768x432.jpg 768w\" sizes=\"(max-width: 1208px) 100vw, 1208px\" \/><\/p>\n<hr \/>\n<p>Ancak kimsenin bilmedi\u011fi \u00e7ok daha b\u00fcy\u00fck bir tehlike sessizce b\u00fcy\u00fcmektedir. Hamburglu\u2019nun eline ge\u00e7en bir s\u0131r, Ceylan ile Haydar Ali\u2019nin ge\u00e7mi\u015fine dair her \u015feyi ortaya \u00e7\u0131karabilecek g\u00fc\u00e7tedir. Bu ger\u00e7ek a\u00e7\u0131\u011fa \u00e7\u0131karsa yaln\u0131zca bir ili\u015fki de\u011fil, kurulan b\u00fct\u00fcn dengeler yerle bir olacakt\u0131r.<\/p>\n<p><img loading=\"lazy\" decoding=\"async\" class=\"alignnone wp-image-308316 size-full\" src=\"https:\/\/www.tgrthaber.com\/mavikadin\/wp-content\/uploads\/2026\/03\/Adsiz-tasarim-4-3.jpg\" alt=\"\" width=\"1208\" height=\"680\" title=\"\" srcset=\"https:\/\/www.tgrthaber.com\/mavikadin\/wp-content\/uploads\/2026\/03\/Adsiz-tasarim-4-3.jpg 1208w, https:\/\/www.tgrthaber.com\/mavikadin\/wp-content\/uploads\/2026\/03\/Adsiz-tasarim-4-3-300x169.jpg 300w, https:\/\/www.tgrthaber.com\/mavikadin\/wp-content\/uploads\/2026\/03\/Adsiz-tasarim-4-3-1024x576.jpg 1024w, https:\/\/www.tgrthaber.com\/mavikadin\/wp-content\/uploads\/2026\/03\/Adsiz-tasarim-4-3-768x432.jpg 768w\" sizes=\"(max-width: 1208px) 100vw, 1208px\" \/><\/p>\n<hr \/>\n<p>Bu s\u0131rada Avrupa\u2019dan gelen beklenmedik bir geli\u015fme Yeralt\u0131\u2019nda yeni bir f\u0131rt\u0131nan\u0131n habercisi olur. \u015eimdi Yeralt\u0131\u2019nda herkes ayn\u0131 sorunun pe\u015findedir: Bu beklenmedik geli\u015fme kimin mesaj\u0131\u2026 ve s\u0131rada ne var?<\/p>\n<p><img loading=\"lazy\" decoding=\"async\" class=\"alignnone wp-image-308315 size-full\" src=\"https:\/\/www.tgrthaber.com\/mavikadin\/wp-content\/uploads\/2026\/03\/Adsiz-tasarim-5-2.jpg\" alt=\"\" width=\"1208\" height=\"680\" title=\"\" srcset=\"https:\/\/www.tgrthaber.com\/mavikadin\/wp-content\/uploads\/2026\/03\/Adsiz-tasarim-5-2.jpg 1208w, https:\/\/www.tgrthaber.com\/mavikadin\/wp-content\/uploads\/2026\/03\/Adsiz-tasarim-5-2-300x169.jpg 300w, https:\/\/www.tgrthaber.com\/mavikadin\/wp-content\/uploads\/2026\/03\/Adsiz-tasarim-5-2-1024x576.jpg 1024w, https:\/\/www.tgrthaber.com\/mavikadin\/wp-content\/uploads\/2026\/03\/Adsiz-tasarim-5-2-768x432.jpg 768w\" sizes=\"(max-width: 1208px) 100vw, 1208px\" \/><\/p>\n<hr \/>\n<h3>YERALTI SON B\u00d6L\u00dcM NEREDEN \u0130ZLEN\u0130R?<\/h3>\n<p>Now kanal\u0131nda yay\u0131nlanan Yeralt\u0131 dizisi \u00c7ar\u015famba ak\u015famlar\u0131n\u0131n vazge\u00e7ilmez yap\u0131mlar\u0131n\u0131n aras\u0131nda yer al\u0131yor. \u0130zlenme rekorlar\u0131 k\u0131ran Yeralt\u0131 dizisi son b\u00f6l\u00fcm\u00fcyle izlenme rekorlar\u0131 k\u0131rd\u0131. Yeralt\u0131 dizisi 7. B\u00f6l\u00fcm\u00fcn\u00fcn tekrar\u0131n\u0131 Now kanal\u0131n\u0131n resmi sitesinde ya da Youtube kanal\u0131nda izlenebilir. Now hafta sonu yay\u0131n ak\u0131\u015f\u0131na da Yeralt\u0131 dizisi son b\u00f6l\u00fcm\u00fcn\u00fc izleyicilerle bulu\u015fturuyor.<\/p>\n","protected":false},"excerpt":{"rendered":"<p>Yeralt\u0131, 8. b\u00f6l\u00fcm fragman\u0131 ile izleyiciyi heyecanland\u0131rd\u0131. Yeni b\u00f6l\u00fcmde ya\u015fanacak s\u00fcrpriz geli\u015fmeler ve Hamburglu ve Bozo aras\u0131ndaki gerilim, fragmanda k\u0131sa ama etkileyici sahnelerle g\u00f6sterildi. Ka\u00e7\u0131ranlar ve yeniden izlemek isteyenler i\u00e7in Yeralt\u0131 son b\u00f6l\u00fcm, NOW TV platformunda ve dizinin resmi dijital kanallar\u0131nda eri\u015fime sunuluyor. Peki, Yeralt\u0131 son b\u00f6l\u00fcmde neler oldu? Yeralt\u0131 8 b\u00f6l\u00fcm fragman yay\u0131nland\u0131 m\u0131? <\/p>\n","protected":false},"author":10,"featured_media":308311,"comment_status":"closed","ping_status":"closed","sticky":false,"template":"","format":"standard","meta":{"rank_math_lock_modified_date":false,"footnotes":""},"categories":[602],"tags":[32159,66165,73270,73273,72426],"class_list":["post-308335","post","type-post","status-publish","format-standard","has-post-thumbnail","hentry","category-diziler","tag-dizi","tag-yeralti","tag-yeralti-7-bolum","tag-yeralti-8c-bolum-frahmani","tag-yeralti-son-bolum"],"_links":{"self":[{"href":"https:\/\/www.tgrthaber.com\/mavikadin\/wp-json\/wp\/v2\/posts\/308335"}],"collection":[{"href":"https:\/\/www.tgrthaber.com\/mavikadin\/wp-json\/wp\/v2\/posts"}],"about":[{"href":"https:\/\/www.tgrthaber.com\/mavikadin\/wp-json\/wp\/v2\/types\/post"}],"author":[{"embeddable":true,"href":"https:\/\/www.tgrthaber.com\/mavikadin\/wp-json\/wp\/v2\/users\/10"}],"replies":[{"embeddable":true,"href":"https:\/\/www.tgrthaber.com\/mavikadin\/wp-json\/wp\/v2\/comments?post=308335"}],"version-history":[{"count":2,"href":"https:\/\/www.tgrthaber.com\/mavikadin\/wp-json\/wp\/v2\/posts\/308335\/revisions"}],"predecessor-version":[{"id":308337,"href":"https:\/\/www.tgrthaber.com\/mavikadin\/wp-json\/wp\/v2\/posts\/308335\/revisions\/308337"}],"wp:featuredmedia":[{"embeddable":true,"href":"https:\/\/www.tgrthaber.com\/mavikadin\/wp-json\/wp\/v2\/media\/308311"}],"wp:attachment":[{"href":"https:\/\/www.tgrthaber.com\/mavikadin\/wp-json\/wp\/v2\/media?parent=308335"}],"wp:term":[{"taxonomy":"category","embeddable":true,"href":"https:\/\/www.tgrthaber.com\/mavikadin\/wp-json\/wp\/v2\/categories?post=308335"},{"taxonomy":"post_tag","embeddable":true,"href":"https:\/\/www.tgrthaber.com\/mavikadin\/wp-json\/wp\/v2\/tags?post=308335"}],"curies":[{"name":"wp","href":"https:\/\/api.w.org\/{rel}","templated":true}]}}