{"id":308338,"date":"2026-03-11T23:41:48","date_gmt":"2026-03-11T20:41:48","guid":{"rendered":"https:\/\/www.tgrthaber.com\/mavikadin\/?p=308338"},"modified":"2026-03-11T23:41:48","modified_gmt":"2026-03-11T20:41:48","slug":"esref-ruya-39-bolum-fragmani-yayinlandi-mi-esref-ruya-son-bolumde-neler-oldu","status":"publish","type":"post","link":"https:\/\/www.tgrthaber.com\/mavikadin\/esref-ruya-39-bolum-fragmani-yayinlandi-mi-esref-ruya-son-bolumde-neler-oldu\/","title":{"rendered":"E\u015fref R\u00fcya 39. B\u00f6l\u00fcm fragman\u0131 yay\u0131nland\u0131 m\u0131? E\u015fref R\u00fcya son b\u00f6l\u00fcmde neler oldu?"},"content":{"rendered":"<p>Kanal D\u2019nin fenomen dizisi <a href=\"https:\/\/www.tgrthaber.com\/medya\/esref-ruyada-sok-eden-veda-esref-ruyanin-cereni-gokcem-coban-diziden-ayriliyor-3286949\">E\u015fref R\u00fcya<\/a>, 38. b\u00f6l\u00fcm\u00fcyle ekranlara geldi. Dizide E\u015fref ve Nisan\u2019\u0131n ili\u015fkisi b\u00fcy\u00fck s\u0131navlardan ge\u00e7erken, Ya\u015far\u2019\u0131n kurdu\u011fu tuzaklara kar\u015f\u0131 m\u00fccadele devam ediyor. Dizinin 39. b\u00f6l\u00fcm fragman\u0131 ise sosyal medya hesaplar\u0131nda payla\u015f\u0131larak izleyicilerin heyecan\u0131n\u0131 art\u0131rd\u0131. Ka\u00e7\u0131ranlar veya tekrar izlemek isteyenler, fragman ve son b\u00f6l\u00fcm\u00fc resmi yay\u0131nc\u0131 platformlardan takip edebiliyor. Peki, E\u015fref R\u00fcya 39. b\u00f6l\u00fcm fragman\u0131 yay\u0131nland\u0131 m\u0131 ve yeni b\u00f6l\u00fcmde izleyicileri hangi s\u00fcrprizler bekliyor? E\u015fref R\u00fcya 39. B\u00f6l\u00fcm fragman ve son b\u00f6l\u00fcm detaylar\u0131\u2026<\/p>\n<h3>E\u015eREF R\u00dcYA 39. B\u00d6L\u00dcM FRAGMANI YAYINLANDI MI?<\/h3>\n<p>E\u015fref R\u00fcya 38. B\u00f6l\u00fcm\u00fcn\u00fcn ard\u0131ndan gelecek haftadaki yeni b\u00f6l\u00fcm\u00fc merak ediliyor. E\u015fref ve Ya\u015far aras\u0131ndaki gerilim t\u0131rmanmaya devam edecek. Nisan E\u015fref ile ilgili sorunlar\u0131n\u0131n \u00fcstesinden gelebilecek mi? Kadir Yetimleri yeniden geri kazanabilecek mi? E\u015fref R\u00fcya 39. B\u00f6l\u00fcm fragman\u0131 yay\u0131nlan\u0131p yay\u0131nlanmayaca\u011f\u0131 merak ediliyor.<\/p>\n<p><img loading=\"lazy\" decoding=\"async\" class=\"alignnone wp-image-308339 size-full\" src=\"https:\/\/www.tgrthaber.com\/mavikadin\/wp-content\/uploads\/2026\/03\/Adsiz-tasarim-18-3.jpg\" alt=\"\" width=\"1208\" height=\"680\" title=\"\" srcset=\"https:\/\/www.tgrthaber.com\/mavikadin\/wp-content\/uploads\/2026\/03\/Adsiz-tasarim-18-3.jpg 1208w, https:\/\/www.tgrthaber.com\/mavikadin\/wp-content\/uploads\/2026\/03\/Adsiz-tasarim-18-3-300x169.jpg 300w, https:\/\/www.tgrthaber.com\/mavikadin\/wp-content\/uploads\/2026\/03\/Adsiz-tasarim-18-3-1024x576.jpg 1024w, https:\/\/www.tgrthaber.com\/mavikadin\/wp-content\/uploads\/2026\/03\/Adsiz-tasarim-18-3-768x432.jpg 768w\" sizes=\"(max-width: 1208px) 100vw, 1208px\" \/><\/p>\n<hr \/>\n<h3>E\u015eREF R\u00dcYA SON B\u00d6L\u00dcMDE NELER OLDU?<\/h3>\n<p>E\u015fref, Nisan\u2019la ayr\u0131l\u0131klar\u0131 y\u00fcz\u00fcnden b\u00fcy\u00fck ac\u0131lar \u00e7ekse de art\u0131k a\u015fklar\u0131n\u0131n imkans\u0131z oldu\u011funu bilir. Her \u015fey i\u00e7in kendini su\u00e7layan E\u015fref, i\u00e7inde biriken \u00f6fkeyle ba\u015fa \u00e7\u0131kmaya \u00e7al\u0131\u015f\u0131rken istemeden de olsa ac\u0131s\u0131n\u0131 en yak\u0131nlar\u0131ndan \u00e7\u0131kar\u0131r. Bir yandan ac\u0131s\u0131yla ba\u015f etmeye \u00e7al\u0131\u015f\u0131rken di\u011fer tarafta k\u0131yas\u0131ya bir m\u00fccadeleye ad\u0131m atan E\u015fref, Ya\u015far\u2019\u0131n ticaretini engellemek i\u00e7in t\u00fcm g\u00fcc\u00fcn\u00fc kullan\u0131r.<\/p>\n<p><img loading=\"lazy\" decoding=\"async\" class=\"alignnone wp-image-308340 size-full\" src=\"https:\/\/www.tgrthaber.com\/mavikadin\/wp-content\/uploads\/2026\/03\/Adsiz-tasarim-21-1.jpg\" alt=\"\" width=\"1208\" height=\"680\" title=\"\" srcset=\"https:\/\/www.tgrthaber.com\/mavikadin\/wp-content\/uploads\/2026\/03\/Adsiz-tasarim-21-1.jpg 1208w, https:\/\/www.tgrthaber.com\/mavikadin\/wp-content\/uploads\/2026\/03\/Adsiz-tasarim-21-1-300x169.jpg 300w, https:\/\/www.tgrthaber.com\/mavikadin\/wp-content\/uploads\/2026\/03\/Adsiz-tasarim-21-1-1024x576.jpg 1024w, https:\/\/www.tgrthaber.com\/mavikadin\/wp-content\/uploads\/2026\/03\/Adsiz-tasarim-21-1-768x432.jpg 768w\" sizes=\"(max-width: 1208px) 100vw, 1208px\" \/><\/p>\n<hr \/>\n<p>Nisan, ya\u015fananlardan sonra hayat\u0131nda yeni bir sayfa a\u00e7maya karar vererek herkesten uzakla\u015fmak ister. Fakat beklenmedik bir anda Ya\u015far\u2019la yollar\u0131n\u0131n kesi\u015fmesi, Nisan\u2019\u0131 s\u00fcrpriz bir yolculu\u011fa s\u00fcr\u00fckleyecektir.<\/p>\n<p><img loading=\"lazy\" decoding=\"async\" class=\"alignnone wp-image-308341 size-full\" src=\"https:\/\/www.tgrthaber.com\/mavikadin\/wp-content\/uploads\/2026\/03\/Adsiz-tasarim-19-4.jpg\" alt=\"\" width=\"1208\" height=\"680\" title=\"\" srcset=\"https:\/\/www.tgrthaber.com\/mavikadin\/wp-content\/uploads\/2026\/03\/Adsiz-tasarim-19-4.jpg 1208w, https:\/\/www.tgrthaber.com\/mavikadin\/wp-content\/uploads\/2026\/03\/Adsiz-tasarim-19-4-300x169.jpg 300w, https:\/\/www.tgrthaber.com\/mavikadin\/wp-content\/uploads\/2026\/03\/Adsiz-tasarim-19-4-1024x576.jpg 1024w, https:\/\/www.tgrthaber.com\/mavikadin\/wp-content\/uploads\/2026\/03\/Adsiz-tasarim-19-4-768x432.jpg 768w\" sizes=\"(max-width: 1208px) 100vw, 1208px\" \/><\/p>\n<hr \/>\n<h3>E\u015eREF R\u00dcYA SON B\u00d6L\u00dcM NEREDEN \u0130ZLEYEB\u0130L\u0130R\u0130M?<\/h3>\n<p>Kanal D kanal\u0131n\u0131n \u00c7ar\u015famba ak\u015fam\u0131 2 sezonuyla ekranlara gelen E\u015fref R\u00fcya\u2019da E\u015fref\u2019in R\u00fcya\u2019y\u0131 bulmas\u0131na az bir zaman kald\u0131. R\u00fcya\u2019n\u0131n yani Nisan\u2019\u0131n ge\u00e7mi\u015fine dair her \u015feyi \u00f6\u011frenmesi t\u00fcm dengeleri alt \u00fcst ederken, Ya\u015far E\u015fref\u2019in i\u015flerini bozmak i\u00e7in elinden geleni yapmaya devam edecek.<\/p>\n<p><img loading=\"lazy\" decoding=\"async\" class=\"alignnone wp-image-308342 size-full\" src=\"https:\/\/www.tgrthaber.com\/mavikadin\/wp-content\/uploads\/2026\/03\/Adsiz-tasarim-24-1.jpg\" alt=\"\" width=\"1208\" height=\"680\" title=\"\" srcset=\"https:\/\/www.tgrthaber.com\/mavikadin\/wp-content\/uploads\/2026\/03\/Adsiz-tasarim-24-1.jpg 1208w, https:\/\/www.tgrthaber.com\/mavikadin\/wp-content\/uploads\/2026\/03\/Adsiz-tasarim-24-1-300x169.jpg 300w, https:\/\/www.tgrthaber.com\/mavikadin\/wp-content\/uploads\/2026\/03\/Adsiz-tasarim-24-1-1024x576.jpg 1024w, https:\/\/www.tgrthaber.com\/mavikadin\/wp-content\/uploads\/2026\/03\/Adsiz-tasarim-24-1-768x432.jpg 768w\" sizes=\"(max-width: 1208px) 100vw, 1208px\" \/><\/p>\n<hr \/>\n<p>E\u015fref R\u00fcya\u2019n\u0131n aksiyon ve heyecan dolu sahnelerini izlemek i\u00e7in Kanal D\u2019nin resmi sitesine ve YouTube kanal\u0131 \u00fczerinden ula\u015fabilirsiniz. E\u015fref R\u00fcya son b\u00f6l\u00fcm\u00fc hafta sonu izleyeneler i\u00e7in ekrana gelmektedir.<\/p>\n","protected":false},"excerpt":{"rendered":"<p>Kanal D kanal\u0131n\u0131n fenomen yap\u0131m\u0131 E\u015fref R\u00fcya 38. B\u00f6l\u00fcm\u00fcyle ekranlara geldi. E\u015fref ve Nisan ili\u015fkisi b\u00fcy\u00fck s\u0131navlardan ge\u00e7erken, Ya\u015far\u2019\u0131n tuzaklar\u0131na kar\u015f\u0131da sava\u015facak. E\u015fref R\u00fcya 39. B\u00f6l\u00fcm fragman, dizinin sosyal medya hesaplar\u0131nda payla\u015f\u0131larak takip\u00e7ilerin heyecan\u0131n\u0131 art\u0131r\u0131rken, ka\u00e7\u0131ranlar i\u00e7in son b\u00f6l\u00fcm\u00fcn izlenebilece\u011fi platformlar da merak konusu oldu. Peki, E\u015fref R\u00fcya 39. B\u00f6l\u00fcm fragman\u0131 yay\u0131nland\u0131 m\u0131? E\u015fref R\u00fcya son b\u00f6l\u00fcmde neler oldu?<\/p>\n","protected":false},"author":10,"featured_media":308343,"comment_status":"closed","ping_status":"closed","sticky":false,"template":"","format":"standard","meta":{"rank_math_lock_modified_date":false,"footnotes":""},"categories":[602],"tags":[4755,73274,73275,18579,133],"class_list":["post-308338","post","type-post","status-publish","format-standard","has-post-thumbnail","hentry","category-diziler","tag-esref-ruya","tag-esref-ruya-38-bolum","tag-esref-ruya-39-bolum-fragmani","tag-esref-ruya-son-bolum","tag-magazin"],"_links":{"self":[{"href":"https:\/\/www.tgrthaber.com\/mavikadin\/wp-json\/wp\/v2\/posts\/308338"}],"collection":[{"href":"https:\/\/www.tgrthaber.com\/mavikadin\/wp-json\/wp\/v2\/posts"}],"about":[{"href":"https:\/\/www.tgrthaber.com\/mavikadin\/wp-json\/wp\/v2\/types\/post"}],"author":[{"embeddable":true,"href":"https:\/\/www.tgrthaber.com\/mavikadin\/wp-json\/wp\/v2\/users\/10"}],"replies":[{"embeddable":true,"href":"https:\/\/www.tgrthaber.com\/mavikadin\/wp-json\/wp\/v2\/comments?post=308338"}],"version-history":[{"count":2,"href":"https:\/\/www.tgrthaber.com\/mavikadin\/wp-json\/wp\/v2\/posts\/308338\/revisions"}],"predecessor-version":[{"id":308345,"href":"https:\/\/www.tgrthaber.com\/mavikadin\/wp-json\/wp\/v2\/posts\/308338\/revisions\/308345"}],"wp:featuredmedia":[{"embeddable":true,"href":"https:\/\/www.tgrthaber.com\/mavikadin\/wp-json\/wp\/v2\/media\/308343"}],"wp:attachment":[{"href":"https:\/\/www.tgrthaber.com\/mavikadin\/wp-json\/wp\/v2\/media?parent=308338"}],"wp:term":[{"taxonomy":"category","embeddable":true,"href":"https:\/\/www.tgrthaber.com\/mavikadin\/wp-json\/wp\/v2\/categories?post=308338"},{"taxonomy":"post_tag","embeddable":true,"href":"https:\/\/www.tgrthaber.com\/mavikadin\/wp-json\/wp\/v2\/tags?post=308338"}],"curies":[{"name":"wp","href":"https:\/\/api.w.org\/{rel}","templated":true}]}}