{"id":308356,"date":"2026-03-12T09:03:15","date_gmt":"2026-03-12T06:03:15","guid":{"rendered":"https:\/\/www.tgrthaber.com\/mavikadin\/?p=308356"},"modified":"2026-03-12T09:03:16","modified_gmt":"2026-03-12T06:03:16","slug":"erkan-avcidan-soke-eden-aciklama-insan-kalmadi-sadece-etiketler-var","status":"publish","type":"post","link":"https:\/\/www.tgrthaber.com\/mavikadin\/erkan-avcidan-soke-eden-aciklama-insan-kalmadi-sadece-etiketler-var\/","title":{"rendered":"Erkan Avc\u0131\u2019dan \u015foke eden a\u00e7\u0131klama! \u201c\u0130nsan kalmad\u0131, sadece etiketler var\u201d"},"content":{"rendered":"<p>T\u00fcrkiye\u2019nin sevilen oyuncular\u0131ndan <a href=\"https:\/\/www.tgrthaber.com\/mavikadin\/erkan-avci-evli-mi-erkan-avci-kac-yasinda\/\">Erkan Avc\u0131<\/a>, son d\u00f6nemde yapt\u0131\u011f\u0131 bir televizyon ve sosyal medya r\u00f6portaj\u0131nda a\u015fk ve ili\u015fkiler \u00fczerine \u00e7arp\u0131c\u0131 bir de\u011ferlendirmede bulundu. Avc\u0131\u2019n\u0131n s\u00f6zleri k\u0131sa s\u00fcrede geni\u015f yank\u0131 uyand\u0131r\u0131rken sosyal medya kullan\u0131c\u0131lar\u0131 aras\u0131nda \u201ctoplumsal ili\u015fkiler ve modern fl\u00f6rt k\u00fclt\u00fcr\u00fc\u201d \u00fczerine tart\u0131\u015fmalar\u0131 ate\u015fledi.<\/p>\n<h3>ERKAN AVCI\u2019DAN \u015eOKE EDEN A\u00c7IKLAMA<\/h3>\n<p>Oyuncu <a href=\"https:\/\/www.tgrthaber.com\/mavikadin\/kizil-goncalarin-sadi-hudaisi-erkan-avcinin-yeni-dizisi-belli-oldu-imaji-dikkat-cekti-goren-taniyamiyor\/\">Erkan Avc\u0131<\/a>, konu\u015fmas\u0131nda g\u00fcn\u00fcm\u00fcz ili\u015fki dinamiklerinin giderek karma\u015f\u0131kla\u015ft\u0131\u011f\u0131n\u0131 belirterek, kad\u0131nlarla etkile\u015fime dair \u00e7arp\u0131c\u0131 \u00f6rnekler verdi. Oyuncu, \u201cKad\u0131n \u2018alan\u0131ma girme\u2019 diyor, girmeyince \u2018prenses erkek\u2019 oluyorsun. Biraz ilgi g\u00f6steriyorsun \u2018yap\u0131\u015fkan\u2019 diyorsunuz, aram\u0131yorsun \u2018ghosting\u2019 diyorsunuz, \u2018seni seviyorum\u2019 diyorsun \u2018love bombing\u2019 diyorsunuz,\u201d \u015feklinde konu\u015ftu. Bu ifadeler sosyal medyada b\u00fcy\u00fck ilgi g\u00f6rd\u00fc ve bir\u00e7ok kullan\u0131c\u0131 taraf\u0131ndan hem ele\u015ftiri hem de mizahi bir yakla\u015f\u0131mla tart\u0131\u015f\u0131ld\u0131.<\/p>\n<p><img loading=\"lazy\" decoding=\"async\" class=\"aligncenter size-full wp-image-308357\" src=\"https:\/\/www.tgrthaber.com\/mavikadin\/wp-content\/uploads\/2026\/03\/Erkan-Avci-1.webp\" alt=\"\" width=\"1208\" height=\"680\" title=\"\" srcset=\"https:\/\/www.tgrthaber.com\/mavikadin\/wp-content\/uploads\/2026\/03\/Erkan-Avci-1.webp 1208w, https:\/\/www.tgrthaber.com\/mavikadin\/wp-content\/uploads\/2026\/03\/Erkan-Avci-1-300x169.webp 300w, https:\/\/www.tgrthaber.com\/mavikadin\/wp-content\/uploads\/2026\/03\/Erkan-Avci-1-1024x576.webp 1024w, https:\/\/www.tgrthaber.com\/mavikadin\/wp-content\/uploads\/2026\/03\/Erkan-Avci-1-768x432.webp 768w\" sizes=\"(max-width: 1208px) 100vw, 1208px\" \/><\/p>\n<hr \/>\n<p>Avc\u0131\u2019n\u0131n s\u00f6zleri, modern ili\u015fkilerde davran\u0131\u015flar\u0131n nas\u0131l \u201cetiketlerle\u201d tan\u0131mland\u0131\u011f\u0131n\u0131 ve bu etiketlerin bazen ger\u00e7ek duygular\u0131n \u00f6n\u00fcne ge\u00e7ti\u011fini savundu. \u201c\u0130nsan kalmad\u0131 art\u0131k, sadece etiketler var\u201d ifadesi ile Avc\u0131, ili\u015fkilerde samimiyet ve do\u011fall\u0131\u011f\u0131n kayboldu\u011funa dikkat \u00e7ekti.<\/p>\n<p><img loading=\"lazy\" decoding=\"async\" class=\"aligncenter size-full wp-image-308358\" src=\"https:\/\/www.tgrthaber.com\/mavikadin\/wp-content\/uploads\/2026\/03\/Erkan-Avci-1-1.webp\" alt=\"\" width=\"1208\" height=\"680\" title=\"\" srcset=\"https:\/\/www.tgrthaber.com\/mavikadin\/wp-content\/uploads\/2026\/03\/Erkan-Avci-1-1.webp 1208w, https:\/\/www.tgrthaber.com\/mavikadin\/wp-content\/uploads\/2026\/03\/Erkan-Avci-1-1-300x169.webp 300w, https:\/\/www.tgrthaber.com\/mavikadin\/wp-content\/uploads\/2026\/03\/Erkan-Avci-1-1-1024x576.webp 1024w, https:\/\/www.tgrthaber.com\/mavikadin\/wp-content\/uploads\/2026\/03\/Erkan-Avci-1-1-768x432.webp 768w\" sizes=\"(max-width: 1208px) 100vw, 1208px\" \/><\/p>\n<hr \/>\n<h3>SOSYAL MEDYADA TARTI\u015eMA KONUSU OLDU<\/h3>\n<p>Erkan Avc\u0131\u2019n\u0131n a\u00e7\u0131klamalar\u0131 k\u0131sa s\u00fcrede sosyal medya platformlar\u0131nda trend oldu. Baz\u0131 kullan\u0131c\u0131lar oyuncunun s\u00f6zlerini destekleyerek modern ili\u015fki dinamiklerinin karma\u015f\u0131kl\u0131\u011f\u0131na vurgu yaparken, di\u011ferleri bu yakla\u015f\u0131m\u0131 \u201cgenelleme\u201d olarak de\u011ferlendirdi.<\/p>\n<p><img loading=\"lazy\" decoding=\"async\" class=\"aligncenter size-full wp-image-308359\" src=\"https:\/\/www.tgrthaber.com\/mavikadin\/wp-content\/uploads\/2026\/03\/Erkan-Avci-3.webp\" alt=\"\" width=\"1280\" height=\"720\" title=\"\" srcset=\"https:\/\/www.tgrthaber.com\/mavikadin\/wp-content\/uploads\/2026\/03\/Erkan-Avci-3.webp 1280w, https:\/\/www.tgrthaber.com\/mavikadin\/wp-content\/uploads\/2026\/03\/Erkan-Avci-3-300x169.webp 300w, https:\/\/www.tgrthaber.com\/mavikadin\/wp-content\/uploads\/2026\/03\/Erkan-Avci-3-1024x576.webp 1024w, https:\/\/www.tgrthaber.com\/mavikadin\/wp-content\/uploads\/2026\/03\/Erkan-Avci-3-768x432.webp 768w\" sizes=\"(max-width: 1280px) 100vw, 1280px\" \/><\/p>\n<hr \/>\n<p>\u00d6zellikle gen\u00e7 takip\u00e7iler aras\u0131nda \u201cetiket k\u00fclt\u00fcr\u00fc\u201d ve \u201cili\u015fkilerde beklenti farkl\u0131l\u0131klar\u0131\u201d gibi konular \u00fczerine uzun tart\u0131\u015fmalar ya\u015fand\u0131. Viral olan payla\u015f\u0131mlar, ki\u015fi davran\u0131\u015flar\u0131n\u0131n yorumlanmas\u0131nda kullan\u0131lan terimlerin (ghosting, love bombing vb.) art\u0131k g\u00fcnl\u00fck dilin bir par\u00e7as\u0131 haline geldi\u011fini g\u00f6stermesi bak\u0131m\u0131ndan da dikkat \u00e7ekti.<\/p>\n<p><img loading=\"lazy\" decoding=\"async\" class=\"aligncenter size-full wp-image-308360\" src=\"https:\/\/www.tgrthaber.com\/mavikadin\/wp-content\/uploads\/2026\/03\/Erkan-Avci-4.webp\" alt=\"\" width=\"1280\" height=\"720\" title=\"\" srcset=\"https:\/\/www.tgrthaber.com\/mavikadin\/wp-content\/uploads\/2026\/03\/Erkan-Avci-4.webp 1280w, https:\/\/www.tgrthaber.com\/mavikadin\/wp-content\/uploads\/2026\/03\/Erkan-Avci-4-300x169.webp 300w, https:\/\/www.tgrthaber.com\/mavikadin\/wp-content\/uploads\/2026\/03\/Erkan-Avci-4-1024x576.webp 1024w, https:\/\/www.tgrthaber.com\/mavikadin\/wp-content\/uploads\/2026\/03\/Erkan-Avci-4-768x432.webp 768w\" sizes=\"(max-width: 1280px) 100vw, 1280px\" \/><\/p>\n<hr \/>\n<h3>MODERN \u0130L\u0130\u015eK\u0130LER VE ET\u0130KETLER GER\u00c7E\u011e\u0130<\/h3>\n<p>Uzmanlar, Avc\u0131\u2019n\u0131n s\u00f6zlerini de\u011ferlendirirken g\u00fcn\u00fcm\u00fcz dijital \u00e7a\u011f\u0131nda ili\u015fkilerin pek \u00e7ok yeni davran\u0131\u015f kal\u0131b\u0131 ve terimle tan\u0131mlanmaya ba\u015flad\u0131\u011f\u0131na dikkat \u00e7ekiyor. Ghosting, breadcrumbing, love bombing gibi \u0130ngilizce k\u00f6kenli terimler, gen\u00e7ler aras\u0131nda yayg\u0131nla\u015farak s\u0131radan etkile\u015fimlerin bile karma\u015f\u0131k bir \u201ckategori\u201d i\u00e7ine girmesine neden oluyor. Bu durumun, bireyler \u00fczerinde bask\u0131 ve yanl\u0131\u015f anlamalara yol a\u00e7t\u0131\u011f\u0131 \u00f6ne s\u00fcr\u00fcl\u00fcyor.<\/p>\n<p><img loading=\"lazy\" decoding=\"async\" class=\"aligncenter size-full wp-image-308362\" src=\"https:\/\/www.tgrthaber.com\/mavikadin\/wp-content\/uploads\/2026\/03\/Erkan-Avci-2.webp\" alt=\"\" width=\"1280\" height=\"720\" title=\"\" srcset=\"https:\/\/www.tgrthaber.com\/mavikadin\/wp-content\/uploads\/2026\/03\/Erkan-Avci-2.webp 1280w, https:\/\/www.tgrthaber.com\/mavikadin\/wp-content\/uploads\/2026\/03\/Erkan-Avci-2-300x169.webp 300w, https:\/\/www.tgrthaber.com\/mavikadin\/wp-content\/uploads\/2026\/03\/Erkan-Avci-2-1024x576.webp 1024w, https:\/\/www.tgrthaber.com\/mavikadin\/wp-content\/uploads\/2026\/03\/Erkan-Avci-2-768x432.webp 768w\" sizes=\"(max-width: 1280px) 100vw, 1280px\" \/><\/p>\n<hr \/>\n<p>\u0130li\u015fkilerin art\u0131k daha fazla dijital ileti\u015fim \u00fczerinden y\u00fcr\u00fct\u00fclmesi, y\u00fcz y\u00fcze etkile\u015fimin azalmas\u0131 ve sosyal medyadaki g\u00f6r\u00fcn\u00fcrl\u00fck odakl\u0131 davran\u0131\u015flar, bu terimlerin pop\u00fclerle\u015fmesinde etkili bulunuyor. Baz\u0131 psikologlar, bu kavramlar\u0131n yararl\u0131 olabilece\u011fini belirterek ileti\u015fimde fark\u0131ndal\u0131k olu\u015fturma ve s\u0131n\u0131r koyma gibi olumlu katk\u0131lar\u0131n\u0131 vurgularken di\u011fer yandan bu etiketlemelerin insanlar\u0131 kutupla\u015ft\u0131rabilece\u011fini, karma\u015f\u0131k duygular\u0131 basite indirgemekle ele\u015ftiriliyor.<\/p>\n","protected":false},"excerpt":{"rendered":"<p>T\u00fcrkiye\u2019nin tan\u0131nan oyuncular\u0131ndan Erkan Avc\u0131, son d\u00f6nemde kat\u0131ld\u0131\u011f\u0131 bir televizyon program\u0131 ve sosyal medya r\u00f6portaj\u0131nda a\u015fk ve ili\u015fkiler \u00fczerine dikkat \u00e7eken a\u00e7\u0131klamalarda bulundu. Avc\u0131\u2019n\u0131n s\u00f6zleri, k\u0131sa s\u00fcrede sosyal medyada geni\u015f yank\u0131 buldu ve kullan\u0131c\u0131lar aras\u0131nda modern fl\u00f6rt k\u00fclt\u00fcr\u00fc ve toplumsal ili\u015fki dinamikleri \u00fczerine yo\u011fun tart\u0131\u015fmalar\u0131 tetikledi.<\/p>\n","protected":false},"author":5,"featured_media":308361,"comment_status":"closed","ping_status":"closed","sticky":false,"template":"","format":"standard","meta":{"rank_math_lock_modified_date":false,"footnotes":""},"categories":[76],"tags":[26186],"class_list":["post-308356","post","type-post","status-publish","format-standard","has-post-thumbnail","hentry","category-magazin","tag-erkan-avci"],"_links":{"self":[{"href":"https:\/\/www.tgrthaber.com\/mavikadin\/wp-json\/wp\/v2\/posts\/308356"}],"collection":[{"href":"https:\/\/www.tgrthaber.com\/mavikadin\/wp-json\/wp\/v2\/posts"}],"about":[{"href":"https:\/\/www.tgrthaber.com\/mavikadin\/wp-json\/wp\/v2\/types\/post"}],"author":[{"embeddable":true,"href":"https:\/\/www.tgrthaber.com\/mavikadin\/wp-json\/wp\/v2\/users\/5"}],"replies":[{"embeddable":true,"href":"https:\/\/www.tgrthaber.com\/mavikadin\/wp-json\/wp\/v2\/comments?post=308356"}],"version-history":[{"count":2,"href":"https:\/\/www.tgrthaber.com\/mavikadin\/wp-json\/wp\/v2\/posts\/308356\/revisions"}],"predecessor-version":[{"id":308364,"href":"https:\/\/www.tgrthaber.com\/mavikadin\/wp-json\/wp\/v2\/posts\/308356\/revisions\/308364"}],"wp:featuredmedia":[{"embeddable":true,"href":"https:\/\/www.tgrthaber.com\/mavikadin\/wp-json\/wp\/v2\/media\/308361"}],"wp:attachment":[{"href":"https:\/\/www.tgrthaber.com\/mavikadin\/wp-json\/wp\/v2\/media?parent=308356"}],"wp:term":[{"taxonomy":"category","embeddable":true,"href":"https:\/\/www.tgrthaber.com\/mavikadin\/wp-json\/wp\/v2\/categories?post=308356"},{"taxonomy":"post_tag","embeddable":true,"href":"https:\/\/www.tgrthaber.com\/mavikadin\/wp-json\/wp\/v2\/tags?post=308356"}],"curies":[{"name":"wp","href":"https:\/\/api.w.org\/{rel}","templated":true}]}}