{"id":308365,"date":"2026-03-12T09:42:17","date_gmt":"2026-03-12T06:42:17","guid":{"rendered":"https:\/\/www.tgrthaber.com\/mavikadin\/?p=308365"},"modified":"2026-03-12T09:42:17","modified_gmt":"2026-03-12T06:42:17","slug":"the-art-of-sarah-dizisinin-arkasindaki-gerceklik-iddiasi-guney-koredeki-vincent-co-skandaliyla-dikkat-ceken-benzerlik","status":"publish","type":"post","link":"https:\/\/www.tgrthaber.com\/mavikadin\/the-art-of-sarah-dizisinin-arkasindaki-gerceklik-iddiasi-guney-koredeki-vincent-co-skandaliyla-dikkat-ceken-benzerlik\/","title":{"rendered":"The Art of Sarah dizisinin arkas\u0131ndaki ger\u00e7eklik iddias\u0131! G\u00fcney Kore\u2019deki Vincent &#038; Co. skandal\u0131yla dikkat \u00e7eken benzerlik"},"content":{"rendered":"<p><a href=\"https:\/\/www.tgrthaber.com\/mavikadin\/bts-arirang-ile-dondu-album-netflixte-yayinlanacak\/\">Netflix&#8217;<\/a>te yay\u0131mlanan The Art of Sarah k\u0131sa s\u00fcrede d\u00fcnya genelinde konu\u015fulan dizilerden biri haline geldi. L\u00fcks ya\u015fam, stat\u00fc h\u0131rs\u0131 ve sahte ihti\u015fam\u0131n i\u015flendi\u011fi hikaye izleyicilerin ilgisini \u00e7ekmeyi ba\u015faran yap\u0131mlardan biri oldu. B\u00f6l\u00fcmler ilerledik\u00e7e ortaya \u00e7\u0131kan doland\u0131r\u0131c\u0131l\u0131k a\u011f\u0131 ise sosyal medyada geni\u015f \u00e7apl\u0131 tart\u0131\u015fmalara yol a\u00e7t\u0131. \u0130\u015fte detaylar&#8230;<\/p>\n<h3>THE ART OF SARAH L\u00dcKS HAYATIN ARDINDAK\u0130 DOLANDIRICILIK H\u0130KAYES\u0130 D\u0130KKAT \u00c7EKT\u0130!<\/h3>\n<p>Dizide anlat\u0131lan hikayenin G\u00fcney Kore\u2019de ya\u015fanan ger\u00e7ek bir skandala benzetilmesi dikkatleri \u00e7ekti. \u0130zleyiciler dizinin ard\u0131ndaki ger\u00e7ek hik\u00e2yeyi merak etmeye ba\u015flad\u0131.<a href=\"https:\/\/www.tgrthaber.com\/mavikadin\/2025-emmy-odullerinin-aday-listesi-aciklandi-penguen-studyo-ve-beyaz-lotus-20den-fazla-alanda-aday\/\"> The Art of Sarah<\/a> dizisi, l\u00fcks d\u00fcnyas\u0131n\u0131n arkas\u0131ndaki sahte ihti\u015fam\u0131 anlat\u0131yor.<a href=\"https:\/\/www.tgrthaber.com\/mavikadin\/bts-heyecani-netflixte-canli-yayinla-verilecek-ilk-tanitim-yayinlandi\/\"> Netflix&#8217;<\/a>in dikkat \u00e7eken Kore yap\u0131mlar\u0131ndan The Art of Sarah, Sarah Kim adl\u0131 gizemli bir i\u015f kad\u0131n\u0131n\u0131n y\u00fckseli\u015f hikayesini merkezine al\u0131yor. Shin Hye-sun\u2019un hayat verdi\u011fi karakter, Boudoir adl\u0131 \u00e7anta markas\u0131n\u0131 k\u0131sa s\u00fcrede elit \u00e7evrelerin g\u00f6zdesi haline getiriyor. Marka yaln\u0131zca zengin m\u00fc\u015fterilere hitap eden, Avrupa k\u00f6kenli ultra l\u00fcks bir moda evi olarak tan\u0131t\u0131l\u0131yor.<\/p>\n<p><img loading=\"lazy\" decoding=\"async\" class=\"alignnone size-full wp-image-308366\" src=\"https:\/\/www.tgrthaber.com\/mavikadin\/wp-content\/uploads\/2026\/03\/Asli-2026-03-12T092826.726.png\" alt=\"\" width=\"1208\" height=\"680\" title=\"\" srcset=\"https:\/\/www.tgrthaber.com\/mavikadin\/wp-content\/uploads\/2026\/03\/Asli-2026-03-12T092826.726.png 1208w, https:\/\/www.tgrthaber.com\/mavikadin\/wp-content\/uploads\/2026\/03\/Asli-2026-03-12T092826.726-300x169.png 300w, https:\/\/www.tgrthaber.com\/mavikadin\/wp-content\/uploads\/2026\/03\/Asli-2026-03-12T092826.726-1024x576.png 1024w, https:\/\/www.tgrthaber.com\/mavikadin\/wp-content\/uploads\/2026\/03\/Asli-2026-03-12T092826.726-768x432.png 768w\" sizes=\"(max-width: 1208px) 100vw, 1208px\" \/><\/p>\n<hr \/>\n<p>Dizinin ilerleyen b\u00f6l\u00fcmlerinde ortaya \u00e7\u0131kan ger\u00e7ek tablo ise olduk\u00e7a farkl\u0131. Boudoir markas\u0131n\u0131n \u00fcr\u00fcnleri asl\u0131nda Avrupa\u2019da \u00fcretilmiyor. \u00c7antalar d\u00fc\u015f\u00fck maliyetli malzemelerle Kore\u2019de haz\u0131rlan\u0131yor, ard\u0131ndan Avrupa \u00fcretimi gibi g\u00f6sterilen belgelerle pazarlan\u0131yor. Sarah Kim\u2019in kurdu\u011fu sistem, stat\u00fc ve prestij arzusunu kullanarak b\u00fcy\u00fck kazan\u00e7 elde etmeyi ama\u00e7layan bir doland\u0131r\u0131c\u0131l\u0131k plan\u0131na d\u00f6n\u00fc\u015f\u00fcyor.<\/p>\n<p><img loading=\"lazy\" decoding=\"async\" class=\"alignnone size-full wp-image-308367\" src=\"https:\/\/www.tgrthaber.com\/mavikadin\/wp-content\/uploads\/2026\/03\/Asli-2026-03-12T092810.987.png\" alt=\"\" width=\"1208\" height=\"680\" title=\"\" srcset=\"https:\/\/www.tgrthaber.com\/mavikadin\/wp-content\/uploads\/2026\/03\/Asli-2026-03-12T092810.987.png 1208w, https:\/\/www.tgrthaber.com\/mavikadin\/wp-content\/uploads\/2026\/03\/Asli-2026-03-12T092810.987-300x169.png 300w, https:\/\/www.tgrthaber.com\/mavikadin\/wp-content\/uploads\/2026\/03\/Asli-2026-03-12T092810.987-1024x576.png 1024w, https:\/\/www.tgrthaber.com\/mavikadin\/wp-content\/uploads\/2026\/03\/Asli-2026-03-12T092810.987-768x432.png 768w\" sizes=\"(max-width: 1208px) 100vw, 1208px\" \/><\/p>\n<hr \/>\n<h3>THE ART OF SARAH D\u0130Z\u0130S\u0130N\u0130N V\u0130NCENT &amp; CO. SKANDALIYLA D\u0130KKAT \u00c7EKEN BENZERL\u0130K<\/h3>\n<p>The Art of Sarah resmi olarak kurgu kabul edilse de izleyicilerin akl\u0131na G\u00fcney Kore\u2019de 2006 y\u0131l\u0131nda patlak veren Vincent &amp; Co. vakas\u0131 geliyor. O d\u00f6nemde piyasaya \u00e7\u0131kan Vincent &amp; Co. adl\u0131 saat markas\u0131, k\u00f6kl\u00fc \u0130svi\u00e7re miras\u0131na sahip elit bir saat \u00fcreticisi olarak tan\u0131t\u0131lm\u0131\u015ft\u0131. Marka kendisini Avrupa kraliyet ailelerine saat \u00fcreten prestijli bir \u015firket gibi lanse ediyordu. Tan\u0131t\u0131m kampanyalar\u0131 da olduk\u00e7a iddial\u0131yd\u0131. Seul\u2019\u00fcn l\u00fcks Cheongdam-dong b\u00f6lgesinde g\u00f6steri\u015fli bir a\u00e7\u0131l\u0131\u015f etkinli\u011fi d\u00fczenlendi ve d\u00f6nemin \u00fcnl\u00fc oyuncular\u0131 ile moda d\u00fcnyas\u0131n\u0131n tan\u0131nm\u0131\u015f isimleri davet edildi.<\/p>\n<p><img loading=\"lazy\" decoding=\"async\" class=\"alignnone size-full wp-image-308368\" src=\"https:\/\/www.tgrthaber.com\/mavikadin\/wp-content\/uploads\/2026\/03\/Asli-2026-03-12T092746.011.png\" alt=\"\" width=\"1208\" height=\"680\" title=\"\" srcset=\"https:\/\/www.tgrthaber.com\/mavikadin\/wp-content\/uploads\/2026\/03\/Asli-2026-03-12T092746.011.png 1208w, https:\/\/www.tgrthaber.com\/mavikadin\/wp-content\/uploads\/2026\/03\/Asli-2026-03-12T092746.011-300x169.png 300w, https:\/\/www.tgrthaber.com\/mavikadin\/wp-content\/uploads\/2026\/03\/Asli-2026-03-12T092746.011-1024x576.png 1024w, https:\/\/www.tgrthaber.com\/mavikadin\/wp-content\/uploads\/2026\/03\/Asli-2026-03-12T092746.011-768x432.png 768w\" sizes=\"(max-width: 1208px) 100vw, 1208px\" \/><\/p>\n<hr \/>\n<p>Lee Jung-jae ve Choi Ji-woo gibi isimlerin etkinli\u011fe kat\u0131lmas\u0131 markan\u0131n g\u00fcvenilirli\u011fini h\u0131zla art\u0131rd\u0131. Vincent &amp; Co. saatleri piyasaya s\u00fcr\u00fcld\u00fc\u011f\u00fcnde fiyatlar dikkat \u00e7ekiyordu. Baz\u0131 modeller yakla\u015f\u0131k 100 milyon won seviyesinde sat\u0131l\u0131yordu. \u00dcnl\u00fcler ve i\u015f insanlar\u0131 taraf\u0131ndan kullan\u0131lmaya ba\u015flayan saatler k\u0131sa s\u00fcrede stat\u00fc sembol\u00fcne d\u00f6n\u00fc\u015ft\u00fc. Marka sat\u0131\u015flardan y\u00fcz milyonlarca won gelir elde etti, ayr\u0131ca distrib\u00fct\u00f6rl\u00fck \u00fccretleri sayesinde b\u00fcy\u00fck kazan\u00e7 sa\u011flad\u0131. Ancak \u015fikayetler gelmeye ba\u015flay\u0131nca polis soru\u015fturmas\u0131 ba\u015flat\u0131ld\u0131. Yap\u0131lan incelemelerde saatlerin \u0130svi\u00e7re \u00fcretimi olmad\u0131\u011f\u0131 ortaya \u00e7\u0131kt\u0131. Par\u00e7alar Hong Kong ve \u00c7in\u2019den getiriliyor, montaj ise G\u00fcney Kore\u2019de ger\u00e7ekle\u015ftiriliyordu. Daha sonra saatler \u0130svi\u00e7re\u2019ye g\u00f6t\u00fcr\u00fcl\u00fcp tekrar ithal edilerek sahte \u015fekilde \u201c\u0130svi\u00e7re \u00fcretimi\u201d alg\u0131s\u0131 olu\u015fturuluyordu.<\/p>\n<p><img loading=\"lazy\" decoding=\"async\" class=\"alignnone wp-image-308371 size-full\" src=\"https:\/\/www.tgrthaber.com\/mavikadin\/wp-content\/uploads\/2026\/03\/Asli-2026-03-12T092528.068.png\" alt=\"\" width=\"1208\" height=\"680\" title=\"\" srcset=\"https:\/\/www.tgrthaber.com\/mavikadin\/wp-content\/uploads\/2026\/03\/Asli-2026-03-12T092528.068.png 1208w, https:\/\/www.tgrthaber.com\/mavikadin\/wp-content\/uploads\/2026\/03\/Asli-2026-03-12T092528.068-300x169.png 300w, https:\/\/www.tgrthaber.com\/mavikadin\/wp-content\/uploads\/2026\/03\/Asli-2026-03-12T092528.068-1024x576.png 1024w, https:\/\/www.tgrthaber.com\/mavikadin\/wp-content\/uploads\/2026\/03\/Asli-2026-03-12T092528.068-768x432.png 768w\" sizes=\"(max-width: 1208px) 100vw, 1208px\" \/><\/p>\n<hr \/>\n<p>Doland\u0131r\u0131c\u0131l\u0131k hikayesinin dizideki olayla paralel ilerlemesi, \u201cger\u00e7ek hikayeye mi dayan\u0131yor?\u201d sorusunu g\u00fcndeme getirdi. Soru\u015fturma sonunda doland\u0131r\u0131c\u0131l\u0131k plan\u0131n\u0131n arkas\u0131ndaki isim su\u00e7lu bulundu ve d\u00f6rt y\u0131l hapis cezas\u0131na \u00e7arpt\u0131r\u0131ld\u0131. Mahkeme karar\u0131nda t\u00fcketicileri bilin\u00e7li \u015fekilde yan\u0131ltma ve b\u00fcy\u00fck \u00e7apl\u0131 maddi kazan\u00e7 elde etme gerek\u00e7e g\u00f6sterildi. \u0130zleyicilerin Vincent &amp; Co. vakas\u0131yla benzerlik kurmas\u0131n\u0131n nedeni de buradan kaynaklan\u0131yor. Her iki hikayede de prestij alg\u0131s\u0131 ger\u00e7e\u011fin \u00f6n\u00fcne ge\u00e7iyor. Sahte hikayeler ve g\u00f6steri\u015fli pazarlama teknikleri geni\u015f kitleleri etkileyebiliyor.<\/p>\n<p><img loading=\"lazy\" decoding=\"async\" class=\"alignnone size-full wp-image-308370\" src=\"https:\/\/www.tgrthaber.com\/mavikadin\/wp-content\/uploads\/2026\/03\/Asli-2026-03-12T092601.273.png\" alt=\"\" width=\"1208\" height=\"680\" title=\"\" srcset=\"https:\/\/www.tgrthaber.com\/mavikadin\/wp-content\/uploads\/2026\/03\/Asli-2026-03-12T092601.273.png 1208w, https:\/\/www.tgrthaber.com\/mavikadin\/wp-content\/uploads\/2026\/03\/Asli-2026-03-12T092601.273-300x169.png 300w, https:\/\/www.tgrthaber.com\/mavikadin\/wp-content\/uploads\/2026\/03\/Asli-2026-03-12T092601.273-1024x576.png 1024w, https:\/\/www.tgrthaber.com\/mavikadin\/wp-content\/uploads\/2026\/03\/Asli-2026-03-12T092601.273-768x432.png 768w\" sizes=\"(max-width: 1208px) 100vw, 1208px\" \/><\/p>\n<p>Netflix dizisi The Art of Sarah k\u00fcresel izleyici kitlesine ula\u015ft\u0131k\u00e7a eski skandal yeniden g\u00fcndeme ta\u015f\u0131nd\u0131. Dizi yap\u0131mc\u0131lar\u0131 ger\u00e7ek olaydan do\u011frudan esinlenildi\u011fini do\u011frulamasa da ortaya \u00e7\u0131kan benzerlikler tart\u0131\u015fmalara yol a\u00e7maya devam ediyor.<\/p>\n","protected":false},"excerpt":{"rendered":"<p>Netflix&#8217;in dikkat \u00e7eken Kore yap\u0131mlar\u0131ndan biri olan The Art of Sarah, l\u00fcks moda d\u00fcnyas\u0131n\u0131n perde arkas\u0131n\u0131 konu alan hikayesiyle izleyicilerin k\u0131sa s\u00fcrede ilgisini \u00e7ekmeyi ba\u015fard\u0131. Zenginlik, prestih ve stat\u00fc arzusunun merkezde oldu\u011fu dizi, ilerleyen hikayede ortaya \u00e7\u0131kan doland\u0131r\u0131c\u0131l\u0131k a\u011f\u0131yla geni\u015f yank\u0131 uyand\u0131rmay\u0131 ba\u015fard\u0131.<\/p>\n","protected":false},"author":37,"featured_media":308372,"comment_status":"closed","ping_status":"closed","sticky":false,"template":"","format":"standard","meta":{"rank_math_lock_modified_date":false,"footnotes":""},"categories":[602],"tags":[3602,3296,50628,73277,73278],"class_list":["post-308365","post","type-post","status-publish","format-standard","has-post-thumbnail","hentry","category-diziler","tag-diziler","tag-guney-kore","tag-kore","tag-the-art-of-sarah","tag-vincent-co"],"_links":{"self":[{"href":"https:\/\/www.tgrthaber.com\/mavikadin\/wp-json\/wp\/v2\/posts\/308365"}],"collection":[{"href":"https:\/\/www.tgrthaber.com\/mavikadin\/wp-json\/wp\/v2\/posts"}],"about":[{"href":"https:\/\/www.tgrthaber.com\/mavikadin\/wp-json\/wp\/v2\/types\/post"}],"author":[{"embeddable":true,"href":"https:\/\/www.tgrthaber.com\/mavikadin\/wp-json\/wp\/v2\/users\/37"}],"replies":[{"embeddable":true,"href":"https:\/\/www.tgrthaber.com\/mavikadin\/wp-json\/wp\/v2\/comments?post=308365"}],"version-history":[{"count":1,"href":"https:\/\/www.tgrthaber.com\/mavikadin\/wp-json\/wp\/v2\/posts\/308365\/revisions"}],"predecessor-version":[{"id":308373,"href":"https:\/\/www.tgrthaber.com\/mavikadin\/wp-json\/wp\/v2\/posts\/308365\/revisions\/308373"}],"wp:featuredmedia":[{"embeddable":true,"href":"https:\/\/www.tgrthaber.com\/mavikadin\/wp-json\/wp\/v2\/media\/308372"}],"wp:attachment":[{"href":"https:\/\/www.tgrthaber.com\/mavikadin\/wp-json\/wp\/v2\/media?parent=308365"}],"wp:term":[{"taxonomy":"category","embeddable":true,"href":"https:\/\/www.tgrthaber.com\/mavikadin\/wp-json\/wp\/v2\/categories?post=308365"},{"taxonomy":"post_tag","embeddable":true,"href":"https:\/\/www.tgrthaber.com\/mavikadin\/wp-json\/wp\/v2\/tags?post=308365"}],"curies":[{"name":"wp","href":"https:\/\/api.w.org\/{rel}","templated":true}]}}