{"id":308381,"date":"2026-03-12T11:14:54","date_gmt":"2026-03-12T08:14:54","guid":{"rendered":"https:\/\/www.tgrthaber.com\/mavikadin\/?p=308381"},"modified":"2026-03-12T11:14:54","modified_gmt":"2026-03-12T08:14:54","slug":"gomleklerin-sikligini-artiracak-fular-orgu-sallar-2026","status":"publish","type":"post","link":"https:\/\/www.tgrthaber.com\/mavikadin\/gomleklerin-sikligini-artiracak-fular-orgu-sallar-2026\/","title":{"rendered":"G\u00f6mleklerin \u015f\u0131kl\u0131\u011f\u0131n\u0131 art\u0131racak fular \u00f6rg\u00fc \u015fallar 2026"},"content":{"rendered":"<p>2026 moda trendlerinde g\u00f6mlek kombinlerini farkl\u0131la\u015ft\u0131ran aksesuarl\u0131n ba\u015f\u0131nda <a href=\"https:\/\/www.tgrthaber.com\/mavikadin\/bandana-ve-boyun-atki-tutkunlarinin-kacirmamasi-gereken-2025te-trend-olacak-fular-modelleri\/\">fular<\/a> \u00f6rg\u00fc \u015fallar geliyor. Son d\u00f6nemde hem sokak modas\u0131nda hem de g\u00fcnl\u00fck kombinler de s\u0131k\u00e7a tercih edilen bu par\u00e7alar, klasik g\u00f6mlekleri daha dikkat \u00e7ekici ve stil sahibi bir g\u00f6r\u00fcn\u00fcme d\u00f6n\u00fc\u015ft\u00fcrebilir. \u00d6zellikle ince ipliklerle haz\u0131rlanan \u00f6rg\u00fc \u015fallar, g\u00f6mlek yakas\u0131na ba\u011flanarak ya da omzunuza at\u0131larak farkl\u0131 \u015fekillerde kullan\u0131labiliyor. 2026 y\u0131l\u0131nda hem rahat hem de \u015f\u0131k g\u00f6mlek kombinler olu\u015fturmak isteyenler i\u00e7in fular \u00f6rg\u00fc \u015fallar g\u00f6mleklerinizin tamamlay\u0131c\u0131 aksesuarlar\u0131ndan biri olabilir. \u0130\u015fte g\u00f6mleklerin \u015f\u0131kl\u0131\u011f\u0131n\u0131 art\u0131racak fular \u00f6rg\u00fc \u015fallar&#8230;<\/p>\n<h3>\u00d6RME \u015eAL MODELLER\u0130NDE \u015eIKLIK<\/h3>\n<p>So\u011fuk havalarda \u015f\u0131k g\u00f6mlek kombinlerinizin \u00fcst\u00fcne ne alaca\u011f\u0131n\u0131z\u0131 bilemiyorsan\u0131z, \u00fc\u015f\u00fctmek de istemiyorsan\u0131z ama \u015f\u0131kl\u0131\u011f\u0131n\u0131zdan da \u00f6d\u00fcn vermek istemiyorsan\u0131z, <a href=\"https:\/\/www.tgrthaber.com\/mavikadin\/sonbaharda-bile-sikliginizi-artiracak-orgu-fular-modelleri-2026\/\">fular<\/a> \u00f6rg\u00fc \u015fallar ile hem \u015f\u0131kl\u0131\u011f\u0131n\u0131za \u015f\u0131kl\u0131k katabilir hem de so\u011fuk havalardan kendinizi koruyabilirsiniz.<\/p>\n<p><img loading=\"lazy\" decoding=\"async\" class=\"alignnone size-full wp-image-308403\" src=\"https:\/\/www.tgrthaber.com\/mavikadin\/wp-content\/uploads\/2026\/03\/Asli-2026-03-12T105108.406.png\" alt=\"\" width=\"1208\" height=\"680\" title=\"\" srcset=\"https:\/\/www.tgrthaber.com\/mavikadin\/wp-content\/uploads\/2026\/03\/Asli-2026-03-12T105108.406.png 1208w, https:\/\/www.tgrthaber.com\/mavikadin\/wp-content\/uploads\/2026\/03\/Asli-2026-03-12T105108.406-300x169.png 300w, https:\/\/www.tgrthaber.com\/mavikadin\/wp-content\/uploads\/2026\/03\/Asli-2026-03-12T105108.406-1024x576.png 1024w, https:\/\/www.tgrthaber.com\/mavikadin\/wp-content\/uploads\/2026\/03\/Asli-2026-03-12T105108.406-768x432.png 768w\" sizes=\"(max-width: 1208px) 100vw, 1208px\" \/><\/p>\n<hr \/>\n<p>Her g\u00f6mlek \u015f\u0131kl\u0131\u011f\u0131na uyacak birbirinden farkl\u0131 tarz fular \u00f6rg\u00fc modelleri ile siz de kombinlerinize ayr\u0131 bir hava katabilirsiniz.<\/p>\n<p><img loading=\"lazy\" decoding=\"async\" class=\"alignnone size-full wp-image-308405\" src=\"https:\/\/www.tgrthaber.com\/mavikadin\/wp-content\/uploads\/2026\/03\/Asli-2026-03-12T105530.504.png\" alt=\"\" width=\"1208\" height=\"680\" title=\"\" srcset=\"https:\/\/www.tgrthaber.com\/mavikadin\/wp-content\/uploads\/2026\/03\/Asli-2026-03-12T105530.504.png 1208w, https:\/\/www.tgrthaber.com\/mavikadin\/wp-content\/uploads\/2026\/03\/Asli-2026-03-12T105530.504-300x169.png 300w, https:\/\/www.tgrthaber.com\/mavikadin\/wp-content\/uploads\/2026\/03\/Asli-2026-03-12T105530.504-1024x576.png 1024w, https:\/\/www.tgrthaber.com\/mavikadin\/wp-content\/uploads\/2026\/03\/Asli-2026-03-12T105530.504-768x432.png 768w\" sizes=\"(max-width: 1208px) 100vw, 1208px\" \/><\/p>\n<hr \/>\n<p>G\u00fczel ve dayan\u0131kl\u0131 \u00f6rme \u015fal modelleri, genellikle t\u0131\u011f ile \u00f6r\u00fclse de \u015fi\u015fle \u00f6rmek de m\u00fcmk\u00fcnd\u00fcr. \u00d6r\u00fclen \u015fal uzun y\u0131llar kullan\u0131labilmekte ve hatta aileden gelecek manevi bir miras niteli\u011fi ta\u015f\u0131yabilmektedir. \u00c7eyizlerin olmazsa olmaz par\u00e7alar\u0131ndan biri olan \u015fallar, farkl\u0131 s\u00fcsleme ve motiflerle \u00f6zg\u00fcn hale getirebilirsiniz. \u00d6rne\u011fin, \u015fal\u0131n \u0131\u015f\u0131l \u0131\u015f\u0131l parlamas\u0131n\u0131 isteyen kad\u0131nlar, \u00f6rg\u00fcde simli ip tercih ederek hem \u015f\u0131kl\u0131k hem de farkl\u0131 bir donu\u015f sa\u011flayabilirsiniz.<\/p>\n<p><img loading=\"lazy\" decoding=\"async\" class=\"alignnone wp-image-308411 size-full\" src=\"https:\/\/www.tgrthaber.com\/mavikadin\/wp-content\/uploads\/2026\/03\/Asli-2026-03-12T105716.276.png\" alt=\"\" width=\"1208\" height=\"680\" title=\"\" srcset=\"https:\/\/www.tgrthaber.com\/mavikadin\/wp-content\/uploads\/2026\/03\/Asli-2026-03-12T105716.276.png 1208w, https:\/\/www.tgrthaber.com\/mavikadin\/wp-content\/uploads\/2026\/03\/Asli-2026-03-12T105716.276-300x169.png 300w, https:\/\/www.tgrthaber.com\/mavikadin\/wp-content\/uploads\/2026\/03\/Asli-2026-03-12T105716.276-1024x576.png 1024w, https:\/\/www.tgrthaber.com\/mavikadin\/wp-content\/uploads\/2026\/03\/Asli-2026-03-12T105716.276-768x432.png 768w\" sizes=\"(max-width: 1208px) 100vw, 1208px\" \/><\/p>\n<hr \/>\n<p>\u00d6rg\u00fc \u015fal yapmak, san\u0131ld\u0131\u011f\u0131 kadar zor de\u011fildir biraz el becerisi ve farkl\u0131 bak\u0131\u015f a\u00e7\u0131s\u0131 ile nadide g\u00fczellikte \u015fallar \u00fcretmek m\u00fcmk\u00fcnd\u00fcr. En kolay ve pratik \u015fal modelleri, genellikle \u00fc\u00e7gen \u015feklinde \u00f6r\u00fclen modellerdir. Tek renk kullan\u0131labilece\u011fi gibi, birden fazla renk ile de farkl\u0131 kombinasyonlar olu\u015fturmak m\u00fcmk\u00fcnd\u00fcr.<\/p>\n<p><img loading=\"lazy\" decoding=\"async\" class=\"alignnone size-full wp-image-308408\" src=\"https:\/\/www.tgrthaber.com\/mavikadin\/wp-content\/uploads\/2026\/03\/Asli-2026-03-12T105617.543.png\" alt=\"\" width=\"1208\" height=\"680\" title=\"\" srcset=\"https:\/\/www.tgrthaber.com\/mavikadin\/wp-content\/uploads\/2026\/03\/Asli-2026-03-12T105617.543.png 1208w, https:\/\/www.tgrthaber.com\/mavikadin\/wp-content\/uploads\/2026\/03\/Asli-2026-03-12T105617.543-300x169.png 300w, https:\/\/www.tgrthaber.com\/mavikadin\/wp-content\/uploads\/2026\/03\/Asli-2026-03-12T105617.543-1024x576.png 1024w, https:\/\/www.tgrthaber.com\/mavikadin\/wp-content\/uploads\/2026\/03\/Asli-2026-03-12T105617.543-768x432.png 768w\" sizes=\"(max-width: 1208px) 100vw, 1208px\" \/><\/p>\n<hr \/>\n<h3>\u015eAL \u00d6RG\u00dcS\u00dcNDE KI\u015e AYLARI \u0130\u00c7\u0130N P\u00dcF NOKTALAR<\/h3>\n<p>\u015eal modellerine farkl\u0131 dokunu\u015flar katmak isteyenler, t\u0131\u011f i\u015fi veya p\u00fcsk\u00fcl gibi motifler ekleyerek \u015fallar\u0131n\u0131 ki\u015fiselle\u015ftirebilir. K\u0131\u015f aylar\u0131nda kullanmak \u00fczere \u00f6r\u00fclecek \u015fallar\u0131n kal\u0131n iplikten yap\u0131lmas\u0131, hem s\u0131cakl\u0131k sa\u011flar hem de uzun \u00f6m\u00fcrl\u00fc kullan\u0131m sunar. Ayr\u0131ca, \u00f6rg\u00fc \u015fal modelleri k\u0131\u015f kombinlerine uyum sa\u011flayarak hem stil hem de rahatl\u0131k sa\u011flar.<\/p>\n<p><img loading=\"lazy\" decoding=\"async\" class=\"alignnone size-full wp-image-308409\" src=\"https:\/\/www.tgrthaber.com\/mavikadin\/wp-content\/uploads\/2026\/03\/Asli-2026-03-12T105652.453.png\" alt=\"\" width=\"1208\" height=\"680\" title=\"\" srcset=\"https:\/\/www.tgrthaber.com\/mavikadin\/wp-content\/uploads\/2026\/03\/Asli-2026-03-12T105652.453.png 1208w, https:\/\/www.tgrthaber.com\/mavikadin\/wp-content\/uploads\/2026\/03\/Asli-2026-03-12T105652.453-300x169.png 300w, https:\/\/www.tgrthaber.com\/mavikadin\/wp-content\/uploads\/2026\/03\/Asli-2026-03-12T105652.453-1024x576.png 1024w, https:\/\/www.tgrthaber.com\/mavikadin\/wp-content\/uploads\/2026\/03\/Asli-2026-03-12T105652.453-768x432.png 768w\" sizes=\"(max-width: 1208px) 100vw, 1208px\" \/><\/p>\n<p>Motif ve renk se\u00e7iminde \u00f6zg\u00fcr olan \u00f6r\u00fcc\u00fcler, tek renk \u015fallar\u0131n sadeli\u011fini veya birden fazla rengin canl\u0131l\u0131\u011f\u0131n\u0131 kullanarak kendi tarzlar\u0131n\u0131 yans\u0131tabilir. \u00d6rg\u00fc \u015fallar, hem pratik kullan\u0131m\u0131 hem de estetik g\u00f6r\u00fcn\u00fcm\u00fc ile kad\u0131nlar\u0131n k\u0131\u015fl\u0131k dolaplar\u0131n\u0131n vazge\u00e7ilmez par\u00e7alar\u0131ndan biri olmaya devam etmektedir.<\/p>\n","protected":false},"excerpt":{"rendered":"<p>2026 moda trendlerinde g\u00f6mlek kombinlerini tamamlayan en dikkat \u00e7ekici par\u00e7alardan bir art\u0131k fular \u00f6rg\u00fc \u015fallar olacak. Hem klasik hem de g\u00fcnl\u00fck hayat\u0131n\u0131zda kolayca kombinleriniz ile uyum sa\u011flayacak bu \u015fallar, g\u00f6mleklerin sade g\u00f6r\u00fcn\u00fcm\u00fcn\u00fc daha \u015f\u0131k bir hale getirecek.<\/p>\n","protected":false},"author":37,"featured_media":308402,"comment_status":"closed","ping_status":"closed","sticky":false,"template":"","format":"standard","meta":{"rank_math_lock_modified_date":false,"footnotes":""},"categories":[1797],"tags":[69829,73283,35772,56763],"class_list":["post-308381","post","type-post","status-publish","format-standard","has-post-thumbnail","hentry","category-orgu-hobi","tag-2026-orgu-modelleri","tag-fular-orgu-sallar","tag-hobi","tag-orgu"],"_links":{"self":[{"href":"https:\/\/www.tgrthaber.com\/mavikadin\/wp-json\/wp\/v2\/posts\/308381"}],"collection":[{"href":"https:\/\/www.tgrthaber.com\/mavikadin\/wp-json\/wp\/v2\/posts"}],"about":[{"href":"https:\/\/www.tgrthaber.com\/mavikadin\/wp-json\/wp\/v2\/types\/post"}],"author":[{"embeddable":true,"href":"https:\/\/www.tgrthaber.com\/mavikadin\/wp-json\/wp\/v2\/users\/37"}],"replies":[{"embeddable":true,"href":"https:\/\/www.tgrthaber.com\/mavikadin\/wp-json\/wp\/v2\/comments?post=308381"}],"version-history":[{"count":1,"href":"https:\/\/www.tgrthaber.com\/mavikadin\/wp-json\/wp\/v2\/posts\/308381\/revisions"}],"predecessor-version":[{"id":308412,"href":"https:\/\/www.tgrthaber.com\/mavikadin\/wp-json\/wp\/v2\/posts\/308381\/revisions\/308412"}],"wp:featuredmedia":[{"embeddable":true,"href":"https:\/\/www.tgrthaber.com\/mavikadin\/wp-json\/wp\/v2\/media\/308402"}],"wp:attachment":[{"href":"https:\/\/www.tgrthaber.com\/mavikadin\/wp-json\/wp\/v2\/media?parent=308381"}],"wp:term":[{"taxonomy":"category","embeddable":true,"href":"https:\/\/www.tgrthaber.com\/mavikadin\/wp-json\/wp\/v2\/categories?post=308381"},{"taxonomy":"post_tag","embeddable":true,"href":"https:\/\/www.tgrthaber.com\/mavikadin\/wp-json\/wp\/v2\/tags?post=308381"}],"curies":[{"name":"wp","href":"https:\/\/api.w.org\/{rel}","templated":true}]}}