{"id":308382,"date":"2026-03-12T10:44:18","date_gmt":"2026-03-12T07:44:18","guid":{"rendered":"https:\/\/www.tgrthaber.com\/mavikadin\/?p=308382"},"modified":"2026-03-12T10:44:18","modified_gmt":"2026-03-12T07:44:18","slug":"kasim-garipoglunun-soforu-ismail-ahmet-akcay-ifadesinde-neler-soyledi-ismail-ahmet-akcay-hangi-isimleri-acikladi","status":"publish","type":"post","link":"https:\/\/www.tgrthaber.com\/mavikadin\/kasim-garipoglunun-soforu-ismail-ahmet-akcay-ifadesinde-neler-soyledi-ismail-ahmet-akcay-hangi-isimleri-acikladi\/","title":{"rendered":"Kas\u0131m Garipo\u011flu\u2019nun \u015fof\u00f6r\u00fc \u0130smail Ahmet Ak\u00e7ay ifadesinde neler s\u00f6yledi? \u0130smail Ahmet Ak\u00e7ay hangi isimleri a\u00e7\u0131klad\u0131?"},"content":{"rendered":"<p>Kas\u0131m Garipo\u011flu\u2019nun \u015fof\u00f6r\u00fc <a href=\"https:\/\/www.tgrthaber.com\/mavikadin\/kasim-garipoglu-yalisina-giden-unluler-kimler-derin-talu-ve-kasim-garipoglu-arasindaki-baglanti-ne\/\">\u0130smail Ahmet Ak\u00e7ay<\/a> verdi\u011fi ek ifadede Garipo\u011flu\u2019nun Yenik\u00f6y\u2019deki yal\u0131s\u0131nda d\u00fczenlenen partilere defalarca kat\u0131ld\u0131\u011f\u0131n\u0131, bu partilerde yasakl\u0131 madde kullan\u0131ld\u0131\u011f\u0131na \u015fahit oldu\u011funu ve organizasyon \u00f6ncesinde kapsaml\u0131 haz\u0131rl\u0131klar yap\u0131ld\u0131\u011f\u0131n\u0131 anlatt\u0131.<\/p>\n<h3>\u0130SMA\u0130L AHMET AK\u00c7AY \u0130FADES\u0130NDE NELER S\u00d6YLED\u0130?<\/h3>\n<p><a href=\"https:\/\/www.tgrthaber.com\/mavikadin\/kasim-garipoglu-evli-mi-kasim-garipoglu-kiminle-evli\/\">\u0130smail Ahmet Ak\u00e7ay<\/a> ifadesinde parti g\u00fcnlerinde yal\u0131n\u0131n \u00fcst kat\u0131ndaki teknik kontrolleri kendisinin y\u00fcr\u00fctt\u00fc\u011f\u00fcn\u00fc, burada yasakl\u0131 madde kullan\u0131m\u0131 ve partilerin s\u0131k s\u0131k ger\u00e7ekle\u015fti\u011fini s\u00f6yledi. Ayr\u0131ca, etkinliklere kat\u0131lan isimlerden olu\u015fan bir listeyi elinde bulundurdu\u011funu ve bunu savc\u0131l\u0131kla payla\u015fmaya haz\u0131r oldu\u011funu ifade etti.<\/p>\n<p><img loading=\"lazy\" decoding=\"async\" class=\"aligncenter size-full wp-image-308383\" src=\"https:\/\/www.tgrthaber.com\/mavikadin\/wp-content\/uploads\/2026\/03\/Kasim-Garipoglu-3.jpg\" alt=\"\" width=\"752\" height=\"564\" title=\"\" srcset=\"https:\/\/www.tgrthaber.com\/mavikadin\/wp-content\/uploads\/2026\/03\/Kasim-Garipoglu-3.jpg 752w, https:\/\/www.tgrthaber.com\/mavikadin\/wp-content\/uploads\/2026\/03\/Kasim-Garipoglu-3-300x225.jpg 300w\" sizes=\"(max-width: 752px) 100vw, 752px\" \/><\/p>\n<hr \/>\n<p>Ak\u00e7ay\u2019\u0131n ifadesinde, yal\u0131da d\u00fczenlenen partilere kat\u0131lanlar\u0131n listesinin yakla\u015f\u0131k 25 ki\u015filik bir \u00fcnl\u00fc grubunu kapsad\u0131\u011f\u0131 ve bu listenin savc\u0131l\u0131\u011fa iletilece\u011fi vurguland\u0131. A\u00e7\u0131klamalar, soru\u015fturma kapsam\u0131nda kamuoyunda g\u00fcndeme gelen isimleri do\u011frular nitelikte olup, medyada da geni\u015f yank\u0131 buldu.<\/p>\n<p><img loading=\"lazy\" decoding=\"async\" class=\"aligncenter size-full wp-image-308384\" src=\"https:\/\/www.tgrthaber.com\/mavikadin\/wp-content\/uploads\/2026\/03\/Kasim-Garipoglu-2.webp\" alt=\"\" width=\"1208\" height=\"680\" title=\"\" srcset=\"https:\/\/www.tgrthaber.com\/mavikadin\/wp-content\/uploads\/2026\/03\/Kasim-Garipoglu-2.webp 1208w, https:\/\/www.tgrthaber.com\/mavikadin\/wp-content\/uploads\/2026\/03\/Kasim-Garipoglu-2-300x169.webp 300w, https:\/\/www.tgrthaber.com\/mavikadin\/wp-content\/uploads\/2026\/03\/Kasim-Garipoglu-2-1024x576.webp 1024w, https:\/\/www.tgrthaber.com\/mavikadin\/wp-content\/uploads\/2026\/03\/Kasim-Garipoglu-2-768x432.webp 768w\" sizes=\"(max-width: 1208px) 100vw, 1208px\" \/><\/p>\n<hr \/>\n<h3>\u0130SMA\u0130L AHMET AK\u00c7AY HANG\u0130 \u0130S\u0130MLER\u0130 A\u00c7IKLADI?<\/h3>\n<h3>\u0130\u015fte o isimler:<\/h3>\n<p>Aras Bulut \u0130ynemli,<br \/>\nKerim Sabanc\u0131,<br \/>\nHakan Sabanc\u0131,<br \/>\n\u00d6zge Ulusoy,<br \/>\nDeniz Akkaya,<br \/>\nEbru \u015eall\u0131,<br \/>\nYa\u011fmur \u00dcnal,<br \/>\nAy\u015fe Hatun \u00d6nal,<\/p>\n<p><img loading=\"lazy\" decoding=\"async\" class=\"aligncenter size-full wp-image-308385\" src=\"https:\/\/www.tgrthaber.com\/mavikadin\/wp-content\/uploads\/2026\/03\/Kasim-Garipoglu-3.webp\" alt=\"\" width=\"1280\" height=\"720\" title=\"\" srcset=\"https:\/\/www.tgrthaber.com\/mavikadin\/wp-content\/uploads\/2026\/03\/Kasim-Garipoglu-3.webp 1280w, https:\/\/www.tgrthaber.com\/mavikadin\/wp-content\/uploads\/2026\/03\/Kasim-Garipoglu-3-300x169.webp 300w, https:\/\/www.tgrthaber.com\/mavikadin\/wp-content\/uploads\/2026\/03\/Kasim-Garipoglu-3-1024x576.webp 1024w, https:\/\/www.tgrthaber.com\/mavikadin\/wp-content\/uploads\/2026\/03\/Kasim-Garipoglu-3-768x432.webp 768w\" sizes=\"(max-width: 1280px) 100vw, 1280px\" \/><\/p>\n<hr \/>\n<p>Aykut Er\u00e7etin,<br \/>\n\u0130smail Berdan,<br \/>\nCan G\u00fcle\u00e7 (Kas\u0131m Garipo\u011flu&#8217;nun kuzeni),<br \/>\nP\u0131nar Hac\u0131raifo\u011flu,<br \/>\nAtilla Ayd\u0131n<br \/>\nCihan \u015eens\u00f6zl\u00fc<br \/>\nAsl\u0131\u015fah Alko\u00e7lar,<br \/>\n\u015eeyma Suba\u015f\u0131,<br \/>\nBuse \u0130skendero\u011flu,<br \/>\nMahmut U\u011fur Ziylan,<br \/>\nMerve Ta\u015fk\u0131n,<br \/>\nYusuf Tekin,<br \/>\nLeyla Koray,<br \/>\nZeynep Alkan,<br \/>\nYavuz Cans\u0131z (Marcuz),<br \/>\nCaner Karalo\u011flu,<br \/>\nYasemin \u0130kbal,<br \/>\nCengiz Atasoy (Sumahan)<\/p>\n<p><img loading=\"lazy\" decoding=\"async\" class=\"aligncenter size-full wp-image-308386\" src=\"https:\/\/www.tgrthaber.com\/mavikadin\/wp-content\/uploads\/2026\/03\/Kasim-Garipoglu-1.webp\" alt=\"\" width=\"1200\" height=\"675\" title=\"\" srcset=\"https:\/\/www.tgrthaber.com\/mavikadin\/wp-content\/uploads\/2026\/03\/Kasim-Garipoglu-1.webp 1200w, https:\/\/www.tgrthaber.com\/mavikadin\/wp-content\/uploads\/2026\/03\/Kasim-Garipoglu-1-300x169.webp 300w, https:\/\/www.tgrthaber.com\/mavikadin\/wp-content\/uploads\/2026\/03\/Kasim-Garipoglu-1-1024x576.webp 1024w, https:\/\/www.tgrthaber.com\/mavikadin\/wp-content\/uploads\/2026\/03\/Kasim-Garipoglu-1-768x432.webp 768w\" sizes=\"(max-width: 1200px) 100vw, 1200px\" \/><\/p>\n<hr \/>\n<h3>KASIM GAR\u0130PO\u011eLU\u2019NUN \u015eOF\u00d6R\u00dc \u0130SMA\u0130L AHMET AK\u00c7AY K\u0130MD\u0130R?<\/h3>\n<p>\u0130smail Ahmet Ak\u00e7ay, \u0130stanbul merkezli y\u00fcr\u00fct\u00fclen ve k\u0131sa s\u00fcrede geni\u015f yank\u0131 uyand\u0131ran yasakl\u0131 madde soru\u015fturmas\u0131nda ad\u0131n\u0131 duyuran bir isimdir. Kamuoyunda \u00f6zellikle Kas\u0131m Garipo\u011flu\u2019nun \u015fof\u00f6r\u00fc olarak bilinen Ak\u00e7ay, uzun y\u0131llard\u0131r Garipo\u011flu\u2019nun yan\u0131nda \u00e7al\u0131\u015ft\u0131\u011f\u0131n\u0131 belirten bir \u00e7al\u0131\u015fan olarak \u00f6ne \u00e7\u0131k\u0131yor. Savc\u0131l\u0131k soru\u015fturmas\u0131 kapsam\u0131nda, \u201ckullanmak i\u00e7in veya uyar\u0131c\u0131 madde sat\u0131n almak, kabul etmek veya bulundurmak\u201d gibi su\u00e7lamalarla g\u00f6zalt\u0131na al\u0131nm\u0131\u015f ve tutuklanm\u0131\u015ft\u0131r. Ayr\u0131ca soru\u015fturman\u0131n odak isimlerinden biri haline gelmi\u015ftir.<\/p>\n<p><img loading=\"lazy\" decoding=\"async\" class=\"aligncenter size-full wp-image-308389\" src=\"https:\/\/www.tgrthaber.com\/mavikadin\/wp-content\/uploads\/2026\/03\/Kasim-Garipoglu-4_restored.jpeg\" alt=\"\" width=\"2000\" height=\"1330\" title=\"\" srcset=\"https:\/\/www.tgrthaber.com\/mavikadin\/wp-content\/uploads\/2026\/03\/Kasim-Garipoglu-4_restored.jpeg 2000w, https:\/\/www.tgrthaber.com\/mavikadin\/wp-content\/uploads\/2026\/03\/Kasim-Garipoglu-4_restored-300x200.jpeg 300w, https:\/\/www.tgrthaber.com\/mavikadin\/wp-content\/uploads\/2026\/03\/Kasim-Garipoglu-4_restored-1024x681.jpeg 1024w, https:\/\/www.tgrthaber.com\/mavikadin\/wp-content\/uploads\/2026\/03\/Kasim-Garipoglu-4_restored-768x511.jpeg 768w, https:\/\/www.tgrthaber.com\/mavikadin\/wp-content\/uploads\/2026\/03\/Kasim-Garipoglu-4_restored-1536x1021.jpeg 1536w\" sizes=\"(max-width: 2000px) 100vw, 2000px\" \/><\/p>\n<hr \/>\n<p>Ak\u00e7ay, soru\u015fturma s\u00fcrecinde \u0130stanbul Cumhuriyet Ba\u015fsavc\u0131l\u0131\u011f\u0131\u2019na verdi\u011fi ifadelerde, yaln\u0131zca ara\u00e7 kullanmakla kalmay\u0131p, Kas\u0131m Garipo\u011flu\u2019nun Yenik\u00f6y\u2019deki yal\u0131s\u0131nda d\u00fczenlenen partilere defalarca kat\u0131ld\u0131\u011f\u0131na, bu partilerde yasakl\u0131 madde kullan\u0131m\u0131 gibi iddial\u0131 ortamlar bulundu\u011funa \u015fahit oldu\u011funa dair beyanlarda bulundu.<\/p>\n","protected":false},"excerpt":{"rendered":"<p>Kas\u0131m Garipo\u011flu\u2019nun \u015fof\u00f6r\u00fc \u0130smail Ahmet Ak\u00e7ay, \u0130stanbul Cumhuriyet Ba\u015fsavc\u0131l\u0131\u011f\u0131\u2019n\u0131n y\u00fcr\u00fctt\u00fc\u011f\u00fc yasakl\u0131 madde soru\u015fturmas\u0131 kapsam\u0131nda etkin pi\u015fmanl\u0131ktan yararlanmak istedi\u011fini belirterek savc\u0131l\u0131\u011fa ek ifade verdi. Peki Kas\u0131m Garipo\u011flu\u2019nun \u015fof\u00f6r\u00fc \u0130smail Ahmet Ak\u00e7ay ifadesinde neler s\u00f6yledi? \u0130smail Ahmet Ak\u00e7ay hangi isimleri a\u00e7\u0131klad\u0131?<\/p>\n","protected":false},"author":5,"featured_media":308388,"comment_status":"closed","ping_status":"closed","sticky":false,"template":"","format":"standard","meta":{"rank_math_lock_modified_date":false,"footnotes":""},"categories":[76],"tags":[73280,25094],"class_list":["post-308382","post","type-post","status-publish","format-standard","has-post-thumbnail","hentry","category-magazin","tag-ismail-ahmet-akcay","tag-kasim-garipoglu"],"_links":{"self":[{"href":"https:\/\/www.tgrthaber.com\/mavikadin\/wp-json\/wp\/v2\/posts\/308382"}],"collection":[{"href":"https:\/\/www.tgrthaber.com\/mavikadin\/wp-json\/wp\/v2\/posts"}],"about":[{"href":"https:\/\/www.tgrthaber.com\/mavikadin\/wp-json\/wp\/v2\/types\/post"}],"author":[{"embeddable":true,"href":"https:\/\/www.tgrthaber.com\/mavikadin\/wp-json\/wp\/v2\/users\/5"}],"replies":[{"embeddable":true,"href":"https:\/\/www.tgrthaber.com\/mavikadin\/wp-json\/wp\/v2\/comments?post=308382"}],"version-history":[{"count":2,"href":"https:\/\/www.tgrthaber.com\/mavikadin\/wp-json\/wp\/v2\/posts\/308382\/revisions"}],"predecessor-version":[{"id":308391,"href":"https:\/\/www.tgrthaber.com\/mavikadin\/wp-json\/wp\/v2\/posts\/308382\/revisions\/308391"}],"wp:featuredmedia":[{"embeddable":true,"href":"https:\/\/www.tgrthaber.com\/mavikadin\/wp-json\/wp\/v2\/media\/308388"}],"wp:attachment":[{"href":"https:\/\/www.tgrthaber.com\/mavikadin\/wp-json\/wp\/v2\/media?parent=308382"}],"wp:term":[{"taxonomy":"category","embeddable":true,"href":"https:\/\/www.tgrthaber.com\/mavikadin\/wp-json\/wp\/v2\/categories?post=308382"},{"taxonomy":"post_tag","embeddable":true,"href":"https:\/\/www.tgrthaber.com\/mavikadin\/wp-json\/wp\/v2\/tags?post=308382"}],"curies":[{"name":"wp","href":"https:\/\/api.w.org\/{rel}","templated":true}]}}