{"id":308392,"date":"2026-03-12T11:09:54","date_gmt":"2026-03-12T08:09:54","guid":{"rendered":"https:\/\/www.tgrthaber.com\/mavikadin\/?p=308392"},"modified":"2026-03-12T11:09:54","modified_gmt":"2026-03-12T08:09:54","slug":"delikanli-dizisi-ne-zaman-basliyor-delikanli-dizisi-yayin-tarihi-belli-mi","status":"publish","type":"post","link":"https:\/\/www.tgrthaber.com\/mavikadin\/delikanli-dizisi-ne-zaman-basliyor-delikanli-dizisi-yayin-tarihi-belli-mi\/","title":{"rendered":"Delikanl\u0131 dizisi ne zaman ba\u015fl\u0131yor? Delikanl\u0131 dizisi yay\u0131n tarihi belli mi?"},"content":{"rendered":"<p><a href=\"https:\/\/www.tgrthaber.com\/mavikadin\/delikanli-dizisi-oyuncu-kadrosunu-buyutuyor-firat-altunmese-saffet-roluyle-ekranlara-geri-donuyor\/\">Delikanl\u0131<\/a> dizisi, son zamanlar\u0131n b\u00fcy\u00fck bir merakla beklenen iddial\u0131 projeleri aras\u0131nda yer al\u0131yor. Haz\u0131rl\u0131klar\u0131na t\u00fcm h\u0131z\u0131yla devam edilen dizinin oyuncu kadrosu yava\u015f yava\u015f tamamlan\u0131yor. Afi\u015f \u00e7ekimleri yap\u0131lan Delikanl\u0131 dizisinin ne zaman ba\u015flayaca\u011f\u0131 izleyici taraf\u0131ndan merak ediliyor. OGM Pictures imzal\u0131 iddial\u0131 proje hen\u00fcz yay\u0131nlanmadan hem etkileyici hikayesi hem de g\u00fc\u00e7l\u00fc oyuncu kadrosuyla dikkatleri \u00fczerine \u00e7ekti. Dizinin s\u0131k\u0131 takip\u00e7ileri ise Delikanl\u0131\u2019n\u0131n ne zaman ba\u015flayaca\u011f\u0131n\u0131 ara\u015ft\u0131r\u0131yor. Peki, Delikanl\u0131 dizisi ne zaman ba\u015fl\u0131yor? Delikanl\u0131 dizisi yay\u0131n tarihi belli mi? Delikanl\u0131 dizisinin yay\u0131n tarihine ili\u015fkin detaylar\u0131 sizin i\u00e7in ara\u015ft\u0131rd\u0131k. \u0130\u015fte Delikanl\u0131 dizisinin ne zaman ba\u015flayaca\u011f\u0131 hakk\u0131nda bilinmeyenler\u2026<\/p>\n<h3>DEL\u0130KANLI D\u0130Z\u0130S\u0130 NE ZAMAN BA\u015eLIYOR?<\/h3>\n<p>\u0130zleyicinin b\u00fcy\u00fck bir merakla bekledi\u011fi <a href=\"https:\/\/www.tgrthaber.com\/mavikadin\/onur-unsal-kimdir-kac-yasinda-delikanli-dizisi-kameri-onur-unsal-hangi-dizilerde-oynadi\/\">Delikanl\u0131<\/a> dizisinin \u00e7ekimleri t\u00fcm h\u0131z\u0131yla devam ediyor. Afi\u015f \u00e7ekimleri tamamlanan dizinin ne zaman ba\u015flayaca\u011f\u0131 da ara\u015ft\u0131r\u0131l\u0131yor. Televizyon ekranlar\u0131n\u0131n yeni iddial\u0131 dizileri aras\u0131nda yer alacak Delikanl\u0131 dizisi i\u00e7in t\u00fcm haz\u0131rl\u0131klar h\u0131zla s\u00fcr\u00fcyor. Y\u00f6netmen koltu\u011funda usta isimler Zeynep G\u00fcnay ve Recai Karag\u00f6z&#8217;\u00fcn oturdu\u011fu Delikanl\u0131 dizisi i\u00e7in geri say\u0131m ba\u015flad\u0131.<\/p>\n<p><img loading=\"lazy\" decoding=\"async\" class=\"size-full wp-image-308393\" src=\"https:\/\/www.tgrthaber.com\/mavikadin\/wp-content\/uploads\/2026\/03\/Delikanli-dizisi-2.jpg\" alt=\"Delikanl\u0131 dizisi ne zaman ba\u015fl\u0131yor? Delikanl\u0131 dizisi yay\u0131n tarihi belli mi?\" width=\"1208\" height=\"680\" title=\"\" srcset=\"https:\/\/www.tgrthaber.com\/mavikadin\/wp-content\/uploads\/2026\/03\/Delikanli-dizisi-2.jpg 1208w, https:\/\/www.tgrthaber.com\/mavikadin\/wp-content\/uploads\/2026\/03\/Delikanli-dizisi-2-300x169.jpg 300w, https:\/\/www.tgrthaber.com\/mavikadin\/wp-content\/uploads\/2026\/03\/Delikanli-dizisi-2-1024x576.jpg 1024w, https:\/\/www.tgrthaber.com\/mavikadin\/wp-content\/uploads\/2026\/03\/Delikanli-dizisi-2-768x432.jpg 768w\" sizes=\"(max-width: 1208px) 100vw, 1208px\" \/><\/p>\n<hr \/>\n<p>G\u00fc\u00e7l\u00fc bir intikam \u00f6yk\u00fcs\u00fcn\u00fc ekranlara ta\u015f\u0131maya haz\u0131rlan Delikanl\u0131 dizisinin \u00e7al\u0131\u015fmalar\u0131na yo\u011fun bir tempoda devam ediliyor. Senaryosunu Aybike Ert\u00fcrk&#8217;\u00fcn kaleme ald\u0131\u011f\u0131 OGM Pictures imzal\u0131 dizinin afi\u015f \u00e7ekimleri de tamamland\u0131. Fikirtepe&#8217;de \u00e7ekilen afi\u015fte dizinin ba\u015frol oyuncular\u0131 Mert Ramazan Demir, Melis Sezen, Salih Bademci ve gen\u00e7 y\u0131ld\u0131z Mina Demirta\u015f yer ald\u0131.<\/p>\n<p><img loading=\"lazy\" decoding=\"async\" class=\"size-full wp-image-308399\" src=\"https:\/\/www.tgrthaber.com\/mavikadin\/wp-content\/uploads\/2026\/03\/Delikanli-dizisi-8.jpg\" alt=\"Delikanl\u0131 dizisi ne zaman ba\u015fl\u0131yor? Delikanl\u0131 dizisi yay\u0131n tarihi belli mi?\" width=\"1208\" height=\"680\" title=\"\" srcset=\"https:\/\/www.tgrthaber.com\/mavikadin\/wp-content\/uploads\/2026\/03\/Delikanli-dizisi-8.jpg 1208w, https:\/\/www.tgrthaber.com\/mavikadin\/wp-content\/uploads\/2026\/03\/Delikanli-dizisi-8-300x169.jpg 300w, https:\/\/www.tgrthaber.com\/mavikadin\/wp-content\/uploads\/2026\/03\/Delikanli-dizisi-8-1024x576.jpg 1024w, https:\/\/www.tgrthaber.com\/mavikadin\/wp-content\/uploads\/2026\/03\/Delikanli-dizisi-8-768x432.jpg 768w\" sizes=\"(max-width: 1208px) 100vw, 1208px\" \/><\/p>\n<hr \/>\n<p>Show TV ekranlar\u0131nda yay\u0131nlanmas\u0131 planlanan Delikanl\u0131 dizisinin ne zaman ba\u015flayaca\u011f\u0131 merak ediliyor. Etkileyici hikayesi ve g\u00fc\u00e7l\u00fc oyuncu kadrosuyla izleyici kar\u015f\u0131s\u0131na \u00e7\u0131kacak olan Delikanl\u0131 dizisinin ne zaman ba\u015flayaca\u011f\u0131na dair detaylar hen\u00fcz yay\u0131nlanmad\u0131. \u00c7ekimlerine t\u00fcm h\u0131z\u0131yla devam edilen iddial\u0131 projenin yak\u0131nda seyirciyle bulu\u015fmas\u0131 bekleniyor.<\/p>\n<p><img loading=\"lazy\" decoding=\"async\" class=\"size-full wp-image-308398\" src=\"https:\/\/www.tgrthaber.com\/mavikadin\/wp-content\/uploads\/2026\/03\/Delikanli-dizisi-7.jpg\" alt=\"Delikanl\u0131 dizisi ne zaman ba\u015fl\u0131yor? Delikanl\u0131 dizisi yay\u0131n tarihi belli mi?\" width=\"1208\" height=\"680\" title=\"\" srcset=\"https:\/\/www.tgrthaber.com\/mavikadin\/wp-content\/uploads\/2026\/03\/Delikanli-dizisi-7.jpg 1208w, https:\/\/www.tgrthaber.com\/mavikadin\/wp-content\/uploads\/2026\/03\/Delikanli-dizisi-7-300x169.jpg 300w, https:\/\/www.tgrthaber.com\/mavikadin\/wp-content\/uploads\/2026\/03\/Delikanli-dizisi-7-1024x576.jpg 1024w, https:\/\/www.tgrthaber.com\/mavikadin\/wp-content\/uploads\/2026\/03\/Delikanli-dizisi-7-768x432.jpg 768w\" sizes=\"(max-width: 1208px) 100vw, 1208px\" \/><\/p>\n<hr \/>\n<h3>DEL\u0130KANLI D\u0130Z\u0130S\u0130 YAYIN TAR\u0130H\u0130 BELL\u0130 M\u0130?<\/h3>\n<p>Ba\u015frollerinde Mert Ramazan Demir, Melis Sezen, Salih Bademci ve Mina Demirta\u015f\u2019\u0131n yer ald\u0131\u011f\u0131 <a href=\"https:\/\/www.tgrthaber.com\/mavikadin\/mert-ramazan-demirin-dizisi-delikanliya-guclu-transfer-yusufun-sirdasi-kamer-roluyle-onur-unsal-kadroda\/\">Delikanl\u0131<\/a> dizinsin yay\u0131n tarihi hen\u00fcz belli olmad\u0131. Kanaldan ve yap\u0131m \u015firketinden hen\u00fcz Delikanl\u0131 dizisinin yay\u0131n tarihine ili\u015fkin bir g\u00fcn verilmedi. \u015eimdilerde \u00e7ekimlerine t\u00fcm h\u0131z\u0131yla devam edilen iddial\u0131 projenin bayram sonras\u0131nda ise yay\u0131nda olmas\u0131 planlan\u0131yor.<\/p>\n<p><img loading=\"lazy\" decoding=\"async\" class=\"size-full wp-image-308396\" src=\"https:\/\/www.tgrthaber.com\/mavikadin\/wp-content\/uploads\/2026\/03\/Delikanli-dizisi-5.jpg\" alt=\"Delikanl\u0131 dizisi ne zaman ba\u015fl\u0131yor? Delikanl\u0131 dizisi yay\u0131n tarihi belli mi?\" width=\"1208\" height=\"680\" title=\"\" srcset=\"https:\/\/www.tgrthaber.com\/mavikadin\/wp-content\/uploads\/2026\/03\/Delikanli-dizisi-5.jpg 1208w, https:\/\/www.tgrthaber.com\/mavikadin\/wp-content\/uploads\/2026\/03\/Delikanli-dizisi-5-300x169.jpg 300w, https:\/\/www.tgrthaber.com\/mavikadin\/wp-content\/uploads\/2026\/03\/Delikanli-dizisi-5-1024x576.jpg 1024w, https:\/\/www.tgrthaber.com\/mavikadin\/wp-content\/uploads\/2026\/03\/Delikanli-dizisi-5-768x432.jpg 768w\" sizes=\"(max-width: 1208px) 100vw, 1208px\" \/><\/p>\n<hr \/>\n<p>Roma sahneleriyle ba\u015flayacak Delikanl\u0131 dizisinde Mert Ramazan Demir\u2019in oynad\u0131\u011f\u0131 Yusuf\u2019un intikam oyunu hi\u00e7 de hesapta olmayan bir a\u015fk\u0131n kap\u0131s\u0131n\u0131 aralayacak. Yusuf, hayallerinin a\u015fk\u0131yla mutlu yuva kurma planlar\u0131 yaparken ve deli gibi para biriktirirken ummad\u0131\u011f\u0131 anda yaz bahar\u0131 hazana d\u00f6necek.<\/p>\n<p><img loading=\"lazy\" decoding=\"async\" class=\"size-full wp-image-308397\" src=\"https:\/\/www.tgrthaber.com\/mavikadin\/wp-content\/uploads\/2026\/03\/Delikanli-dizisi-6.jpg\" alt=\"Delikanl\u0131 dizisi ne zaman ba\u015fl\u0131yor? Delikanl\u0131 dizisi yay\u0131n tarihi belli mi?\" width=\"1208\" height=\"680\" title=\"\" srcset=\"https:\/\/www.tgrthaber.com\/mavikadin\/wp-content\/uploads\/2026\/03\/Delikanli-dizisi-6.jpg 1208w, https:\/\/www.tgrthaber.com\/mavikadin\/wp-content\/uploads\/2026\/03\/Delikanli-dizisi-6-300x169.jpg 300w, https:\/\/www.tgrthaber.com\/mavikadin\/wp-content\/uploads\/2026\/03\/Delikanli-dizisi-6-1024x576.jpg 1024w, https:\/\/www.tgrthaber.com\/mavikadin\/wp-content\/uploads\/2026\/03\/Delikanli-dizisi-6-768x432.jpg 768w\" sizes=\"(max-width: 1208px) 100vw, 1208px\" \/><\/p>\n<hr \/>\n<p>Melis Sezen dizide \u2018Hazan\u2019 karakterini oynarken, Mert Ramazan Demir ise \u2018Yusuf\u2019 karakteriyle, Mina Demirta\u015f ise \u2018Dila\u2019 rol\u00fcyle ekranlara \u00e7\u0131kacak. Yusuf, s\u0131r\u0131ls\u0131klam a\u015f\u0131k oldu\u011fu ni\u015fanl\u0131s\u0131 Hazan\u2019la mutlu bir yuva kurmak ve istedi\u011fi evi almak i\u00e7in para biriktiren, bu nedenle gece taksi \u015fof\u00f6rl\u00fc\u011f\u00fc yapar. Ancak Yusuf \u00f6nce ailesiyle ya\u015fad\u0131\u011f\u0131 ac\u0131 s\u0131nav, ard\u0131ndan sevdi\u011fi kad\u0131n\u0131 kaybetmesi \u00fczerine b\u00fcy\u00fck bir intikam plan\u0131 do\u011facakt\u0131r. Yusuf\u2019un intikam planlar\u0131n\u0131n hedefindeki ki\u015fi ise Dila\u2019d\u0131r.<\/p>\n<p><img loading=\"lazy\" decoding=\"async\" class=\"size-full wp-image-308394\" src=\"https:\/\/www.tgrthaber.com\/mavikadin\/wp-content\/uploads\/2026\/03\/Delikanli-dizisi-3.jpg\" alt=\"Delikanl\u0131 dizisi ne zaman ba\u015fl\u0131yor? Delikanl\u0131 dizisi yay\u0131n tarihi belli mi?\" width=\"1208\" height=\"680\" title=\"\" srcset=\"https:\/\/www.tgrthaber.com\/mavikadin\/wp-content\/uploads\/2026\/03\/Delikanli-dizisi-3.jpg 1208w, https:\/\/www.tgrthaber.com\/mavikadin\/wp-content\/uploads\/2026\/03\/Delikanli-dizisi-3-300x169.jpg 300w, https:\/\/www.tgrthaber.com\/mavikadin\/wp-content\/uploads\/2026\/03\/Delikanli-dizisi-3-1024x576.jpg 1024w, https:\/\/www.tgrthaber.com\/mavikadin\/wp-content\/uploads\/2026\/03\/Delikanli-dizisi-3-768x432.jpg 768w\" sizes=\"(max-width: 1208px) 100vw, 1208px\" \/><\/p>\n<hr \/>\n<p>B\u00fcy\u00fck bir merakla beklenen Delikanl\u0131 dizisinin yay\u0131n tarihi hen\u00fcz belli olmasa da \u00e7ok yak\u0131nda izleyiciyle bulu\u015fmaya haz\u0131rlan\u0131yor.<\/p>\n","protected":false},"excerpt":{"rendered":"<p>Son zamanlar\u0131n ba\u015flamadan b\u00fcy\u00fck ses getiren dizisi Delikanl\u0131\u2019n\u0131n ne zaman yay\u0131nlanaca\u011f\u0131 izleyiciler taraf\u0131ndan merak ediliyor. Ekranlar\u0131n b\u00fcy\u00fck bir merakla beklenen yeni dizisi Delikanl\u0131 i\u00e7in haz\u0131rl\u0131klar t\u00fcm h\u0131z\u0131yla devam ediyor. Dizinin s\u0131k\u0131 takip\u00e7ileri ise Delikanl\u0131\u2019n\u0131n ne zaman ba\u015flayaca\u011f\u0131n\u0131 ara\u015ft\u0131r\u0131yor. Peki, Delikanl\u0131 dizisi ne zaman ba\u015fl\u0131yor? Delikanl\u0131 dizisi yay\u0131n tarihi belli mi? \u0130\u015fte detaylar\u2026<\/p>\n","protected":false},"author":26,"featured_media":308401,"comment_status":"closed","ping_status":"closed","sticky":false,"template":"","format":"standard","meta":{"rank_math_lock_modified_date":false,"footnotes":""},"categories":[602],"tags":[70369,73281,73282,2628,3602],"class_list":["post-308392","post","type-post","status-publish","format-standard","has-post-thumbnail","hentry","category-diziler","tag-delikanli-dizisi","tag-delikanli-dizisi-ne-zaman","tag-delikanli-yayin-tarihi","tag-dizi-haberleri","tag-diziler"],"_links":{"self":[{"href":"https:\/\/www.tgrthaber.com\/mavikadin\/wp-json\/wp\/v2\/posts\/308392"}],"collection":[{"href":"https:\/\/www.tgrthaber.com\/mavikadin\/wp-json\/wp\/v2\/posts"}],"about":[{"href":"https:\/\/www.tgrthaber.com\/mavikadin\/wp-json\/wp\/v2\/types\/post"}],"author":[{"embeddable":true,"href":"https:\/\/www.tgrthaber.com\/mavikadin\/wp-json\/wp\/v2\/users\/26"}],"replies":[{"embeddable":true,"href":"https:\/\/www.tgrthaber.com\/mavikadin\/wp-json\/wp\/v2\/comments?post=308392"}],"version-history":[{"count":2,"href":"https:\/\/www.tgrthaber.com\/mavikadin\/wp-json\/wp\/v2\/posts\/308392\/revisions"}],"predecessor-version":[{"id":308406,"href":"https:\/\/www.tgrthaber.com\/mavikadin\/wp-json\/wp\/v2\/posts\/308392\/revisions\/308406"}],"wp:featuredmedia":[{"embeddable":true,"href":"https:\/\/www.tgrthaber.com\/mavikadin\/wp-json\/wp\/v2\/media\/308401"}],"wp:attachment":[{"href":"https:\/\/www.tgrthaber.com\/mavikadin\/wp-json\/wp\/v2\/media?parent=308392"}],"wp:term":[{"taxonomy":"category","embeddable":true,"href":"https:\/\/www.tgrthaber.com\/mavikadin\/wp-json\/wp\/v2\/categories?post=308392"},{"taxonomy":"post_tag","embeddable":true,"href":"https:\/\/www.tgrthaber.com\/mavikadin\/wp-json\/wp\/v2\/tags?post=308392"}],"curies":[{"name":"wp","href":"https:\/\/api.w.org\/{rel}","templated":true}]}}