{"id":308433,"date":"2026-03-12T13:27:04","date_gmt":"2026-03-12T10:27:04","guid":{"rendered":"https:\/\/www.tgrthaber.com\/mavikadin\/?p=308433"},"modified":"2026-03-12T13:35:48","modified_gmt":"2026-03-12T10:35:48","slug":"oryantal-didemin-annesi-kimdir-oryantal-didemin-annesinin-hastaligi-nedir","status":"publish","type":"post","link":"https:\/\/www.tgrthaber.com\/mavikadin\/oryantal-didemin-annesi-kimdir-oryantal-didemin-annesinin-hastaligi-nedir\/","title":{"rendered":"Oryantal Didem&#8217;in annesi kimdir? Oryantal Didem&#8217;in annesinin hastal\u0131\u011f\u0131 nedir?"},"content":{"rendered":"<p>Oryantal Didem, tam ad\u0131yla Didem K\u0131nal\u0131, sosyal medya hesab\u0131 \u00fczerinden yapt\u0131\u011f\u0131 payla\u015f\u0131mla sevenlerini duyguland\u0131rd\u0131. \u00dcnl\u00fc <a href=\"https:\/\/www.tgrthaber.com\/mavikadin\/oryantal-asenadan-perihan-savasa-dikkat-ceken-sozler-paylasim-binlerce-yorum-aldi\/\">oryantal<\/a> sanat\u00e7\u0131 ve \u015fark\u0131c\u0131, bir s\u00fcredir sa\u011fl\u0131k sorunlar\u0131yla m\u00fccadele eden annesinin durumunun a\u011fr\u0131la\u015ft\u0131\u011f\u0131n\u0131 belirterek takip\u00e7ilerinden dua istedi. Sanat\u00e7\u0131n\u0131n annesiyle ilgili bu payla\u015f\u0131m\u0131n\u0131n ard\u0131ndan &#8220;Oryantal Didem&#8217;in annesi kimdir?&#8221; ve &#8220;Oryanlat Didem&#8217;in annesinin hastal\u0131\u011f\u0131 nedir?&#8221; sorular\u0131 ara\u015ft\u0131r\u0131lmaya ba\u015fland\u0131. \u0130\u015fte Didem K\u0131nal\u0131&#8217;n\u0131n annesi hakk\u0131nda merak edilen detaylar&#8230;<\/p>\n<h3>D\u0130DEM KINALI&#8217;NIN ANNES\u0130 K\u0130MD\u0130R?<\/h3>\n<p>Oryantal Didem, tam ad\u0131yla <a href=\"https:\/\/www.tgrthaber.com\/mavikadin\/didem-kinalidan-taviz-yok-oje-suren-erkek-arkadasim-olamaz\/\">Didem K\u0131nal\u0131<\/a>, Selanik g\u00f6\u00e7meni ve eski bir oryantal olan bir annenin k\u0131z\u0131d\u0131r. Annesinin ad\u0131 kamuoyunda yayg\u0131n olarak bilinmemekle birlikte, Didem\u2019in dans\u00e7\u0131 bir aileden geldi\u011fi biliniyor. K\u0131nal\u0131, Selanik g\u00f6\u00e7meni oryantal anne ve Yugoslav g\u00f6\u00e7meni darbukac\u0131 bir baban\u0131n \u00e7ocu\u011fu olarak do\u011fmu\u015ftur. Sosyal medya hesab\u0131 \u00fczerinden yapt\u0131\u011f\u0131 payla\u015f\u0131mda, takip\u00e7ilerini derinden \u00fczen bir haberi duyurdu. Bir s\u00fcredir sa\u011fl\u0131k sorunlar\u0131yla m\u00fccadele eden annesinin durumunun a\u011f\u0131rla\u015ft\u0131\u011f\u0131n\u0131 belirten <a href=\"https:\/\/www.tgrthaber.com\/mavikadin\/didem-kinali-nez-ve-rustu-onur-atillanin-aski-hakkinda-konustu-yuva-yikanin-yuvasi-olmaz\/\">Didem K\u0131nal\u0131<\/a>, sevenlerinden destek ve dua talebinde bulundu.<\/p>\n<p><img loading=\"lazy\" decoding=\"async\" class=\"alignnone size-full wp-image-308457\" src=\"https:\/\/www.tgrthaber.com\/mavikadin\/wp-content\/uploads\/2026\/03\/Asli-2026-03-12T132053.479.png\" alt=\"\" width=\"1208\" height=\"680\" title=\"\" srcset=\"https:\/\/www.tgrthaber.com\/mavikadin\/wp-content\/uploads\/2026\/03\/Asli-2026-03-12T132053.479.png 1208w, https:\/\/www.tgrthaber.com\/mavikadin\/wp-content\/uploads\/2026\/03\/Asli-2026-03-12T132053.479-300x169.png 300w, https:\/\/www.tgrthaber.com\/mavikadin\/wp-content\/uploads\/2026\/03\/Asli-2026-03-12T132053.479-1024x576.png 1024w, https:\/\/www.tgrthaber.com\/mavikadin\/wp-content\/uploads\/2026\/03\/Asli-2026-03-12T132053.479-768x432.png 768w\" sizes=\"(max-width: 1208px) 100vw, 1208px\" \/><\/p>\n<hr \/>\n<p>Annesinin b\u00f6brek yetmezli\u011fi nedeniyle yeniden hastaneye kald\u0131r\u0131ld\u0131\u011f\u0131n\u0131 a\u00e7\u0131klayan \u00fcnl\u00fc isim, payla\u015ft\u0131\u011f\u0131 mesajda \u015fu ifadelere yer verdi:<br \/>\n&#8220;Can\u0131m\u0131n i\u00e7i annemi b\u00f6brek yetmezli\u011finden yo\u011fun bak\u0131ma yat\u0131rd\u0131k yine. Dualar\u0131n\u0131z\u0131 bekliyoruz.&#8221;<\/p>\n<p><img loading=\"lazy\" decoding=\"async\" class=\"alignnone size-full wp-image-308458\" src=\"https:\/\/www.tgrthaber.com\/mavikadin\/wp-content\/uploads\/2026\/03\/Asli-2026-03-12T132011.523.png\" alt=\"\" width=\"1208\" height=\"680\" title=\"\" srcset=\"https:\/\/www.tgrthaber.com\/mavikadin\/wp-content\/uploads\/2026\/03\/Asli-2026-03-12T132011.523.png 1208w, https:\/\/www.tgrthaber.com\/mavikadin\/wp-content\/uploads\/2026\/03\/Asli-2026-03-12T132011.523-300x169.png 300w, https:\/\/www.tgrthaber.com\/mavikadin\/wp-content\/uploads\/2026\/03\/Asli-2026-03-12T132011.523-1024x576.png 1024w, https:\/\/www.tgrthaber.com\/mavikadin\/wp-content\/uploads\/2026\/03\/Asli-2026-03-12T132011.523-768x432.png 768w\" sizes=\"(max-width: 1208px) 100vw, 1208px\" \/><\/p>\n<hr \/>\n<h3>ORYANTAL D\u0130DEM\u2019\u0130N ANNES\u0130N\u0130N HASTALI\u011eI VE SON DURUMU<\/h3>\n<p>6 Haziran 1986&#8217;da \u0130stanbul, Gaziosmanpa\u015fa&#8217;da d\u00fcnyaya gelen Didem K\u0131nal\u0131, \u00e7ocuklu\u011funu \u015ei\u015fli, Ku\u015ftepe\u2019de ge\u00e7irdi. Bir ablas\u0131 ve bir erkek karde\u015fi bulunan K\u0131nal\u0131, Selanik g\u00f6\u00e7meni oryantel bir anne ve Yugoslav g\u00f6\u00e7meni darbukac\u0131 bir baban\u0131n \u00e7ocu\u011fudur. \u00c7ocuklu\u011funu Roman mahallesinde ge\u00e7iren Didem K\u0131nal\u0131, ilkokul \u00fc\u00e7\u00fcnc\u00fc s\u0131n\u0131fta \u00e7al\u0131\u015fmas\u0131 gerekti\u011fi i\u00e7in e\u011fitim hayat\u0131na ara verdi ve bu d\u00f6nemde dans etmeye ba\u015flad\u0131. Daha sonra e\u011fitimine kald\u0131\u011f\u0131 yerden devam ederek liseyi tamamlad\u0131. Okul hayat\u0131 ile ilgili verdi\u011fi bir r\u00f6portajda, &#8220;Matematik d\u0131\u015f\u0131nda ba\u015far\u0131l\u0131 bir \u00f6\u011frenciydim. Okulu b\u0131rakmam ailemin de\u011fil, benim iste\u011fimdi. Ama hala okumay\u0131 istiyorum. Karar verdim, okuyaca\u011f\u0131m ve \u00fcniversiteye de gidece\u011fim&#8221; ifadelerini kulland\u0131. \u0130lkokuldan itibaren dansa yetenekli ve hevesli olan K\u0131nal\u0131, bu yetene\u011fini mesle\u011fe d\u00f6n\u00fc\u015ft\u00fcrd\u00fc. Bir s\u00fcre \u00f6nce K\u0131nal\u0131 mesle\u011fini de\u011fi\u015ftirerek \u015fark\u0131c\u0131l\u0131\u011fa ad\u0131m att\u0131\u011f\u0131n\u0131 da duyurdu.<\/p>\n<p><img loading=\"lazy\" decoding=\"async\" class=\"alignnone size-full wp-image-308459\" src=\"https:\/\/www.tgrthaber.com\/mavikadin\/wp-content\/uploads\/2026\/03\/Asli-2026-03-12T131650.763.png\" alt=\"\" width=\"1208\" height=\"680\" title=\"\" srcset=\"https:\/\/www.tgrthaber.com\/mavikadin\/wp-content\/uploads\/2026\/03\/Asli-2026-03-12T131650.763.png 1208w, https:\/\/www.tgrthaber.com\/mavikadin\/wp-content\/uploads\/2026\/03\/Asli-2026-03-12T131650.763-300x169.png 300w, https:\/\/www.tgrthaber.com\/mavikadin\/wp-content\/uploads\/2026\/03\/Asli-2026-03-12T131650.763-1024x576.png 1024w, https:\/\/www.tgrthaber.com\/mavikadin\/wp-content\/uploads\/2026\/03\/Asli-2026-03-12T131650.763-768x432.png 768w\" sizes=\"(max-width: 1208px) 100vw, 1208px\" \/><\/p>\n<hr \/>\n<p>\u00dcnl\u00fc oryantal Didem K\u0131nal\u0131, sosyal medya hesab\u0131ndan takip\u00e7ilerini \u00fczen bir haberi payla\u015ft\u0131. Bir s\u00fcredir sa\u011fl\u0131k sorunlar\u0131yla m\u00fccadele eden annesinin durumunun a\u011f\u0131rla\u015ft\u0131\u011f\u0131n\u0131 belirten K\u0131nal\u0131, sevenlerinden destek ve dua talebinde bulundu. Annesinin b\u00f6brek yetmezli\u011fi nedeniyle yeniden hastaneye kald\u0131r\u0131ld\u0131\u011f\u0131n\u0131 a\u00e7\u0131klayan Didem K\u0131nal\u0131, mesaj\u0131nda \u015funlar\u0131 s\u00f6yledi:<br \/>\n&#8220;Can\u0131m\u0131n i\u00e7i annemi b\u00f6brek yetmezli\u011finden yo\u011fun bak\u0131ma yat\u0131rd\u0131k yine. Dualar\u0131n\u0131z\u0131 bekliyoruz.&#8221;<\/p>\n<p><img loading=\"lazy\" decoding=\"async\" class=\"alignnone size-full wp-image-308460\" src=\"https:\/\/www.tgrthaber.com\/mavikadin\/wp-content\/uploads\/2026\/03\/Asli-2026-03-12T131805.369.png\" alt=\"\" width=\"1208\" height=\"680\" title=\"\" srcset=\"https:\/\/www.tgrthaber.com\/mavikadin\/wp-content\/uploads\/2026\/03\/Asli-2026-03-12T131805.369.png 1208w, https:\/\/www.tgrthaber.com\/mavikadin\/wp-content\/uploads\/2026\/03\/Asli-2026-03-12T131805.369-300x169.png 300w, https:\/\/www.tgrthaber.com\/mavikadin\/wp-content\/uploads\/2026\/03\/Asli-2026-03-12T131805.369-1024x576.png 1024w, https:\/\/www.tgrthaber.com\/mavikadin\/wp-content\/uploads\/2026\/03\/Asli-2026-03-12T131805.369-768x432.png 768w\" sizes=\"(max-width: 1208px) 100vw, 1208px\" \/><\/p>\n<hr \/>\n<h3>ORYANTAL D\u0130DEM KINALI K\u0130MD\u0130R?<\/h3>\n<p>Didem K\u0131nal\u0131, 6 Haziran 1986 tarihinde Gaziosmanpa\u015fa\u2019da do\u011fdu ve \u015ei\u015fli Ku\u015ftepe\u2019de b\u00fcy\u00fcd\u00fc. Bir ablas\u0131 ve bir erkek karde\u015fi vard\u0131r. Annesi Selanik g\u00f6\u00e7meni bir oryantel, babas\u0131 ise Yugoslav g\u00f6\u00e7meni bir darbukac\u0131d\u0131r.<\/p>\n<p><img loading=\"lazy\" decoding=\"async\" class=\"alignnone size-full wp-image-308461\" src=\"https:\/\/www.tgrthaber.com\/mavikadin\/wp-content\/uploads\/2026\/03\/Asli-2026-03-12T131855.448.png\" alt=\"\" width=\"1208\" height=\"680\" title=\"\" srcset=\"https:\/\/www.tgrthaber.com\/mavikadin\/wp-content\/uploads\/2026\/03\/Asli-2026-03-12T131855.448.png 1208w, https:\/\/www.tgrthaber.com\/mavikadin\/wp-content\/uploads\/2026\/03\/Asli-2026-03-12T131855.448-300x169.png 300w, https:\/\/www.tgrthaber.com\/mavikadin\/wp-content\/uploads\/2026\/03\/Asli-2026-03-12T131855.448-1024x576.png 1024w, https:\/\/www.tgrthaber.com\/mavikadin\/wp-content\/uploads\/2026\/03\/Asli-2026-03-12T131855.448-768x432.png 768w\" sizes=\"(max-width: 1208px) 100vw, 1208px\" \/><\/p>\n<p>\u00c7ocuklu\u011fu Roman mahallesinde ge\u00e7en K\u0131nal\u0131, ilkokul \u00fc\u00e7\u00fcnc\u00fc s\u0131n\u0131fa kadar okudu. \u00c7al\u0131\u015fmas\u0131 gerekti\u011fi i\u00e7in e\u011fitimine ara vermek zorunda kald\u0131 ve dans etmeye ba\u015flad\u0131.<\/p>\n","protected":false},"excerpt":{"rendered":"<p>\u00dcnl\u00fc oryantal ve \u015fark\u0131c\u0131 Didem K\u0131nal\u0131, sosyal medya hesab\u0131ndan yapt\u0131\u011f\u0131 duygusal payla\u015f\u0131m ile takip\u00e7ilerini derinden etkiledi. Bir s\u00fcredir sa\u011fl\u0131k sorunlar\u0131yla m\u00fccadele eden annesinin durumunu ciddi oldu\u011funu belirten Didem K\u0131nal\u0131, sevenlerinden dualar\u0131n\u0131 esirgememelerini istedi.<\/p>\n","protected":false},"author":37,"featured_media":308456,"comment_status":"closed","ping_status":"closed","sticky":false,"template":"","format":"standard","meta":{"rank_math_lock_modified_date":false,"footnotes":""},"categories":[491],"tags":[3374,49305,73289,40163,73290],"class_list":["post-308433","post","type-post","status-publish","format-standard","has-post-thumbnail","hentry","category-biyografi","tag-biyografi","tag-didem-kinali","tag-didem-kinali-annesi","tag-oryantal-dansci","tag-oryantal-didem"],"_links":{"self":[{"href":"https:\/\/www.tgrthaber.com\/mavikadin\/wp-json\/wp\/v2\/posts\/308433"}],"collection":[{"href":"https:\/\/www.tgrthaber.com\/mavikadin\/wp-json\/wp\/v2\/posts"}],"about":[{"href":"https:\/\/www.tgrthaber.com\/mavikadin\/wp-json\/wp\/v2\/types\/post"}],"author":[{"embeddable":true,"href":"https:\/\/www.tgrthaber.com\/mavikadin\/wp-json\/wp\/v2\/users\/37"}],"replies":[{"embeddable":true,"href":"https:\/\/www.tgrthaber.com\/mavikadin\/wp-json\/wp\/v2\/comments?post=308433"}],"version-history":[{"count":4,"href":"https:\/\/www.tgrthaber.com\/mavikadin\/wp-json\/wp\/v2\/posts\/308433\/revisions"}],"predecessor-version":[{"id":308465,"href":"https:\/\/www.tgrthaber.com\/mavikadin\/wp-json\/wp\/v2\/posts\/308433\/revisions\/308465"}],"wp:featuredmedia":[{"embeddable":true,"href":"https:\/\/www.tgrthaber.com\/mavikadin\/wp-json\/wp\/v2\/media\/308456"}],"wp:attachment":[{"href":"https:\/\/www.tgrthaber.com\/mavikadin\/wp-json\/wp\/v2\/media?parent=308433"}],"wp:term":[{"taxonomy":"category","embeddable":true,"href":"https:\/\/www.tgrthaber.com\/mavikadin\/wp-json\/wp\/v2\/categories?post=308433"},{"taxonomy":"post_tag","embeddable":true,"href":"https:\/\/www.tgrthaber.com\/mavikadin\/wp-json\/wp\/v2\/tags?post=308433"}],"curies":[{"name":"wp","href":"https:\/\/api.w.org\/{rel}","templated":true}]}}