{"id":308445,"date":"2026-03-12T12:55:51","date_gmt":"2026-03-12T09:55:51","guid":{"rendered":"https:\/\/www.tgrthaber.com\/mavikadin\/?p=308445"},"modified":"2026-03-12T12:55:51","modified_gmt":"2026-03-12T09:55:51","slug":"cagla-sikel-unutmak-istedigi-tek-ani-acikladi-unlu-sunucu-o-anlari-anlatirken-gozleri-doldu","status":"publish","type":"post","link":"https:\/\/www.tgrthaber.com\/mavikadin\/cagla-sikel-unutmak-istedigi-tek-ani-acikladi-unlu-sunucu-o-anlari-anlatirken-gozleri-doldu\/","title":{"rendered":"\u00c7a\u011fla \u015e\u0131kel unutmak istedi\u011fi tek an\u0131 a\u00e7\u0131klad\u0131! \u00dcnl\u00fc sunucu o anlar\u0131 anlat\u0131rken g\u00f6zleri doldu"},"content":{"rendered":"<p><a href=\"https:\/\/www.tgrthaber.com\/mavikadin\/erkan-avcidan-soke-eden-aciklama-insan-kalmadi-sadece-etiketler-var\/\">\u00c7a\u011fla \u015e\u0131kel<\/a>, son zamanlarda ba\u015far\u0131l\u0131 sunuculuk kariyerinin yan\u0131 s\u0131ra \u00f6zel hayat\u0131, a\u015fk ya\u015fant\u0131s\u0131 ve anneli\u011fiyle g\u00fcndemde yerini al\u0131yor. \u00dcnl\u00fc sunucu, \u015fimdilerde duygusal bir an\u0131yla g\u00fcndeme geliyor. \u00c7a\u011fla \u015e\u0131kel, bu kez kat\u0131ld\u0131\u011f\u0131 bir programda unutmak istedi\u011fi tek an\u0131 a\u00e7\u0131klad\u0131. A\u00e7\u0131klamalar\u0131yla magazin g\u00fcndemine bomba gibi oturan \u00c7a\u011fla \u015e\u0131kel\u2019in, anlar\u0131 anlat\u0131rken g\u00f6zleri doldu. Bak\u0131n \u00c7a\u011fla \u015e\u0131kel\u2019in unutmak istedi\u011fi tek an neymi\u015f\u2026<\/p>\n<h3>\u00c7A\u011eLA \u015eIKEL UNUTMAK \u0130STED\u0130\u011e\u0130 TEK ANI A\u00c7IKLADI!<\/h3>\n<p>\u00dcnl\u00fc manken, oyuncu ve sunucu olan <a href=\"https:\/\/www.tgrthaber.com\/mavikadin\/kasim-garipoglunun-soforu-ismail-ahmet-akcay-ifadesinde-neler-soyledi-ismail-ahmet-akcay-hangi-isimleri-acikladi\/\">\u00c7a\u011fla \u015e\u0131kel<\/a>, kat\u0131ld\u0131\u011f\u0131 bir programda unutmak istedi\u011fi tek an\u0131n\u0131 a\u00e7\u0131klad\u0131. Uzun bir s\u00fcredir NOW TV ekranlar\u0131nda \u2018\u00c7a\u011fla ile Bir G\u00fcn\u2019 program\u0131n\u0131n sunuculu\u011funu yapan \u015e\u0131kel, bu kez \u00e7arp\u0131c\u0131 a\u00e7\u0131klamalar\u0131yla magazin d\u00fcnyas\u0131na damga vurdu.<\/p>\n<p><img loading=\"lazy\" decoding=\"async\" class=\"size-full wp-image-308451\" src=\"https:\/\/www.tgrthaber.com\/mavikadin\/wp-content\/uploads\/2026\/03\/Cagla-Sikel-7.jpg\" alt=\"\u00c7a\u011fla \u015e\u0131kel unutmak istedi\u011fi tek an\u0131 a\u00e7\u0131klad\u0131! \u00dcnl\u00fc sunucu o anlar\u0131 anlat\u0131rken g\u00f6zleri doldu\" width=\"1208\" height=\"680\" title=\"\" srcset=\"https:\/\/www.tgrthaber.com\/mavikadin\/wp-content\/uploads\/2026\/03\/Cagla-Sikel-7.jpg 1208w, https:\/\/www.tgrthaber.com\/mavikadin\/wp-content\/uploads\/2026\/03\/Cagla-Sikel-7-300x169.jpg 300w, https:\/\/www.tgrthaber.com\/mavikadin\/wp-content\/uploads\/2026\/03\/Cagla-Sikel-7-1024x576.jpg 1024w, https:\/\/www.tgrthaber.com\/mavikadin\/wp-content\/uploads\/2026\/03\/Cagla-Sikel-7-768x432.jpg 768w\" sizes=\"(max-width: 1208px) 100vw, 1208px\" \/><\/p>\n<hr \/>\n<p>\u00c7a\u011fla \u015e\u0131kel, son zamanlarda ba\u015far\u0131l\u0131 sunuculuk kariyerinin yan\u0131 s\u0131ra \u00f6zel hayat\u0131, a\u015fk ya\u015fant\u0131s\u0131 ve anneli\u011fiyle g\u00fcndemde yerini al\u0131yor. \u00dcnl\u00fc \u015fark\u0131c\u0131 Emre Altu\u011f ile evlili\u011finden Uzay ve Kuzey ad\u0131nda iki o\u011flu olan \u015e\u0131kel, \u015fimdilerde yapt\u0131\u011f\u0131 duygusal a\u00e7\u0131klamalar\u0131yla ad\u0131ndan s\u00f6z ettiriyor.<\/p>\n<p><img loading=\"lazy\" decoding=\"async\" class=\"size-full wp-image-308452\" src=\"https:\/\/www.tgrthaber.com\/mavikadin\/wp-content\/uploads\/2026\/03\/Cagla-Sikel-8.jpg\" alt=\"\u00c7a\u011fla \u015e\u0131kel unutmak istedi\u011fi tek an\u0131 a\u00e7\u0131klad\u0131! \u00dcnl\u00fc sunucu o anlar\u0131 anlat\u0131rken g\u00f6zleri doldu\" width=\"1208\" height=\"680\" title=\"\" srcset=\"https:\/\/www.tgrthaber.com\/mavikadin\/wp-content\/uploads\/2026\/03\/Cagla-Sikel-8.jpg 1208w, https:\/\/www.tgrthaber.com\/mavikadin\/wp-content\/uploads\/2026\/03\/Cagla-Sikel-8-300x169.jpg 300w, https:\/\/www.tgrthaber.com\/mavikadin\/wp-content\/uploads\/2026\/03\/Cagla-Sikel-8-1024x576.jpg 1024w, https:\/\/www.tgrthaber.com\/mavikadin\/wp-content\/uploads\/2026\/03\/Cagla-Sikel-8-768x432.jpg 768w\" sizes=\"(max-width: 1208px) 100vw, 1208px\" \/><\/p>\n<hr \/>\n<p>Ya\u015fad\u0131\u011f\u0131 duygusal bir an\u0131yla magazin g\u00fcndemine bomba gibi d\u00fc\u015fen \u00c7a\u011fla \u015e\u0131kel, G\u00f6khan \u00c7\u0131nar\u2019\u0131n program\u0131nda y\u00f6neltti\u011fi \u201cHayat\u0131nda tek bir an\u0131 unutma hakk\u0131n olsa hangi an\u0131 unutmak isterdin?\u201d sorusuna verdi\u011fi cevapla duygu dolu anlar ya\u015fad\u0131. Modellik, oyunculuk ve sunuculuk kariyeriyle s\u0131k s\u0131k ad\u0131ndan s\u00f6z ettiren \u015e\u0131kel, unutmak istedi\u011fi tek an\u0131 a\u00e7\u0131klayarak, sevenlerini derin bir h\u00fczne bo\u011fdu.<\/p>\n<p><img loading=\"lazy\" decoding=\"async\" class=\"size-full wp-image-308449\" src=\"https:\/\/www.tgrthaber.com\/mavikadin\/wp-content\/uploads\/2026\/03\/Cagla-Sikel-5.jpg\" alt=\"\u00c7a\u011fla \u015e\u0131kel unutmak istedi\u011fi tek an\u0131 a\u00e7\u0131klad\u0131! \u00dcnl\u00fc sunucu o anlar\u0131 anlat\u0131rken g\u00f6zleri doldu\" width=\"1208\" height=\"680\" title=\"\" srcset=\"https:\/\/www.tgrthaber.com\/mavikadin\/wp-content\/uploads\/2026\/03\/Cagla-Sikel-5.jpg 1208w, https:\/\/www.tgrthaber.com\/mavikadin\/wp-content\/uploads\/2026\/03\/Cagla-Sikel-5-300x169.jpg 300w, https:\/\/www.tgrthaber.com\/mavikadin\/wp-content\/uploads\/2026\/03\/Cagla-Sikel-5-1024x576.jpg 1024w, https:\/\/www.tgrthaber.com\/mavikadin\/wp-content\/uploads\/2026\/03\/Cagla-Sikel-5-768x432.jpg 768w\" sizes=\"(max-width: 1208px) 100vw, 1208px\" \/><\/p>\n<hr \/>\n<p>Son zamanlarda \u00f6zellikle 7 Kocal\u0131 H\u00fcrm\u00fcz m\u00fczikaliyle sahnelerde boy g\u00f6steren \u00c7a\u011fla \u015eikel, G\u00f6khan \u00c7\u0131nar\u2019\u0131n F\u00fcg adl\u0131 program\u0131na konuk oldu. Programda kendisine y\u00f6neltilen sorular\u0131 cevaplayan \u015e\u0131kel, duygu dolu anlar ya\u015fad\u0131. \u015e\u0131kel\u2019in, \u201cHayat\u0131nda tek bir an\u0131 unutma hakk\u0131n olsa hangi an\u0131 unutmak isterdin?\u201d sorusuna verdi\u011fi cevap herkesi h\u00fcz\u00fcnlendirdi.<\/p>\n<p><img loading=\"lazy\" decoding=\"async\" class=\"size-full wp-image-308453\" src=\"https:\/\/www.tgrthaber.com\/mavikadin\/wp-content\/uploads\/2026\/03\/Cagla-Sikel-1.jpg\" alt=\"\u00c7a\u011fla \u015e\u0131kel unutmak istedi\u011fi tek an\u0131 a\u00e7\u0131klad\u0131! \u00dcnl\u00fc sunucu o anlar\u0131 anlat\u0131rken g\u00f6zleri doldu\" width=\"1208\" height=\"680\" title=\"\" srcset=\"https:\/\/www.tgrthaber.com\/mavikadin\/wp-content\/uploads\/2026\/03\/Cagla-Sikel-1.jpg 1208w, https:\/\/www.tgrthaber.com\/mavikadin\/wp-content\/uploads\/2026\/03\/Cagla-Sikel-1-300x169.jpg 300w, https:\/\/www.tgrthaber.com\/mavikadin\/wp-content\/uploads\/2026\/03\/Cagla-Sikel-1-1024x576.jpg 1024w, https:\/\/www.tgrthaber.com\/mavikadin\/wp-content\/uploads\/2026\/03\/Cagla-Sikel-1-768x432.jpg 768w\" sizes=\"(max-width: 1208px) 100vw, 1208px\" \/><\/p>\n<hr \/>\n<h3>\u00c7A\u011eLA \u015eIKEL O ANLARI ANLATIRKEN G\u00d6ZLER\u0130 DOLDU!<\/h3>\n<p>NOW TV ekranlar\u0131nda sabahlar\u0131 sundu\u011fu \u2018\u00c7a\u011fla ile Bir G\u00fcn\u2019 program\u0131yla dikkatleri \u00fczerine \u00e7eken <a href=\"https:\/\/www.tgrthaber.com\/magazin\/husnu-senlendiricinin-kizi-naz-senlendiricinin-son-halini-gorenler-inanamadi-verdigi-3287688\">\u00c7a\u011fla \u015e\u0131kel<\/a>, psikolog G\u00f6khan \u00c7\u0131nar\u2019\u0131n \u2018F\u00fcg\u2019 program\u0131na konuk oldu. Duygusal ve derin sohbetlerin yer ald\u0131\u011f\u0131 programda bu kez \u015e\u0131kel\u2019in, hikayelerine de\u011finildi.<\/p>\n<p><img loading=\"lazy\" decoding=\"async\" class=\"size-full wp-image-308448\" src=\"https:\/\/www.tgrthaber.com\/mavikadin\/wp-content\/uploads\/2026\/03\/Cagla-Sikel-4.jpg\" alt=\"\u00c7a\u011fla \u015e\u0131kel unutmak istedi\u011fi tek an\u0131 a\u00e7\u0131klad\u0131! \u00dcnl\u00fc sunucu o anlar\u0131 anlat\u0131rken g\u00f6zleri doldu\" width=\"1208\" height=\"680\" title=\"\" srcset=\"https:\/\/www.tgrthaber.com\/mavikadin\/wp-content\/uploads\/2026\/03\/Cagla-Sikel-4.jpg 1208w, https:\/\/www.tgrthaber.com\/mavikadin\/wp-content\/uploads\/2026\/03\/Cagla-Sikel-4-300x169.jpg 300w, https:\/\/www.tgrthaber.com\/mavikadin\/wp-content\/uploads\/2026\/03\/Cagla-Sikel-4-1024x576.jpg 1024w, https:\/\/www.tgrthaber.com\/mavikadin\/wp-content\/uploads\/2026\/03\/Cagla-Sikel-4-768x432.jpg 768w\" sizes=\"(max-width: 1208px) 100vw, 1208px\" \/><\/p>\n<hr \/>\n<p>Program s\u0131ras\u0131nda G\u00f6khan \u00c7\u0131nar, \u00c7a\u011fla \u015e\u0131kel\u2019e \u201cHayat\u0131nda tek bir an\u0131 unutma hakk\u0131n olsa, hangi an\u0131 unutmak isterdin?\u201d sorusunu y\u00f6neltti. \u00c7\u0131nar\u2019\u0131n y\u00f6neltti\u011fi tek bir soru \u015e\u0131kel\u2019in duygu dolu anlar ya\u015famas\u0131na neden oldu. \u00dcnl\u00fc sunucunun bu soru kar\u015f\u0131s\u0131nda verdi\u011fi cevap k\u0131sa s\u00fcrede magazin g\u00fcndemine bomba gibi d\u00fc\u015ft\u00fc.<\/p>\n<p><img loading=\"lazy\" decoding=\"async\" class=\"size-full wp-image-308447\" src=\"https:\/\/www.tgrthaber.com\/mavikadin\/wp-content\/uploads\/2026\/03\/Cagla-Sikel-3.jpg\" alt=\"\u00c7a\u011fla \u015e\u0131kel unutmak istedi\u011fi tek an\u0131 a\u00e7\u0131klad\u0131! \u00dcnl\u00fc sunucu o anlar\u0131 anlat\u0131rken g\u00f6zleri doldu\" width=\"1208\" height=\"680\" title=\"\" srcset=\"https:\/\/www.tgrthaber.com\/mavikadin\/wp-content\/uploads\/2026\/03\/Cagla-Sikel-3.jpg 1208w, https:\/\/www.tgrthaber.com\/mavikadin\/wp-content\/uploads\/2026\/03\/Cagla-Sikel-3-300x169.jpg 300w, https:\/\/www.tgrthaber.com\/mavikadin\/wp-content\/uploads\/2026\/03\/Cagla-Sikel-3-1024x576.jpg 1024w, https:\/\/www.tgrthaber.com\/mavikadin\/wp-content\/uploads\/2026\/03\/Cagla-Sikel-3-768x432.jpg 768w\" sizes=\"(max-width: 1208px) 100vw, 1208px\" \/><\/p>\n<hr \/>\n<p>\u201cHayat\u0131nda tek bir an\u0131 unutma hakk\u0131n olsa, hangi an\u0131 unutmak isterdin?\u201d sorusu kar\u015f\u0131s\u0131nda bir anda duygulanan \u00c7a\u011fla \u015e\u0131kel\u2019in g\u00f6zleri doldu. A\u011flamadan cevap vermek istedi\u011fini s\u00f6yleyen \u00fcnl\u00fc sunucu, konu\u015fmakta zorlanarak \u201cBabam\u0131n yerde yatt\u0131\u011f\u0131 an\u0131 unutmak isterdim\u201d ifadelerine yer verdi. \u015e\u0131kel, 2016 y\u0131l\u0131nda kaybetti\u011fi babas\u0131 ile ilgili o an\u0131 anlatarak izleyenlerde derin bir h\u00fcz\u00fcn olu\u015fturdu.<\/p>\n","protected":false},"excerpt":{"rendered":"<p>Ba\u015far\u0131l\u0131 sunuculuk kariyerinin yan\u0131 s\u0131ra \u00f6zel hayat\u0131 ve a\u00e7\u0131klamalar\u0131yla da zaman zaman magazin g\u00fcndeminde yer alan \u00c7a\u011fla \u015e\u0131kel, bu kez kat\u0131ld\u0131\u011f\u0131 bir programda unutmak istedi\u011fi tek an\u0131 a\u00e7\u0131klad\u0131. \u00dcnl\u00fc sunucunun o anlar\u0131 anlat\u0131rken g\u00f6zleri doldu. \u0130\u015fte detaylar\u2026<\/p>\n","protected":false},"author":26,"featured_media":308450,"comment_status":"closed","ping_status":"closed","sticky":false,"template":"","format":"standard","meta":{"rank_math_lock_modified_date":false,"footnotes":""},"categories":[76],"tags":[2584,48775,73288,133,2218],"class_list":["post-308445","post","type-post","status-publish","format-standard","has-post-thumbnail","hentry","category-magazin","tag-cagla-sikel","tag-gokhan-cinar","tag-gokhan-cinar-fug","tag-magazin","tag-magazin-haberleri"],"_links":{"self":[{"href":"https:\/\/www.tgrthaber.com\/mavikadin\/wp-json\/wp\/v2\/posts\/308445"}],"collection":[{"href":"https:\/\/www.tgrthaber.com\/mavikadin\/wp-json\/wp\/v2\/posts"}],"about":[{"href":"https:\/\/www.tgrthaber.com\/mavikadin\/wp-json\/wp\/v2\/types\/post"}],"author":[{"embeddable":true,"href":"https:\/\/www.tgrthaber.com\/mavikadin\/wp-json\/wp\/v2\/users\/26"}],"replies":[{"embeddable":true,"href":"https:\/\/www.tgrthaber.com\/mavikadin\/wp-json\/wp\/v2\/comments?post=308445"}],"version-history":[{"count":2,"href":"https:\/\/www.tgrthaber.com\/mavikadin\/wp-json\/wp\/v2\/posts\/308445\/revisions"}],"predecessor-version":[{"id":308455,"href":"https:\/\/www.tgrthaber.com\/mavikadin\/wp-json\/wp\/v2\/posts\/308445\/revisions\/308455"}],"wp:featuredmedia":[{"embeddable":true,"href":"https:\/\/www.tgrthaber.com\/mavikadin\/wp-json\/wp\/v2\/media\/308450"}],"wp:attachment":[{"href":"https:\/\/www.tgrthaber.com\/mavikadin\/wp-json\/wp\/v2\/media?parent=308445"}],"wp:term":[{"taxonomy":"category","embeddable":true,"href":"https:\/\/www.tgrthaber.com\/mavikadin\/wp-json\/wp\/v2\/categories?post=308445"},{"taxonomy":"post_tag","embeddable":true,"href":"https:\/\/www.tgrthaber.com\/mavikadin\/wp-json\/wp\/v2\/tags?post=308445"}],"curies":[{"name":"wp","href":"https:\/\/api.w.org\/{rel}","templated":true}]}}