{"id":308466,"date":"2026-03-12T13:48:47","date_gmt":"2026-03-12T10:48:47","guid":{"rendered":"https:\/\/www.tgrthaber.com\/mavikadin\/?p=308466"},"modified":"2026-03-12T16:23:51","modified_gmt":"2026-03-12T13:23:51","slug":"gelinim-mutfakta-ceyrek-altini-kim-aldi-kim-birinci-oldu-gelinim-mutfakta-12-mart-2026-puan-tablosu","status":"publish","type":"post","link":"https:\/\/www.tgrthaber.com\/mavikadin\/gelinim-mutfakta-ceyrek-altini-kim-aldi-kim-birinci-oldu-gelinim-mutfakta-12-mart-2026-puan-tablosu\/","title":{"rendered":"Gelinim Mutfakta \u00e7eyrek alt\u0131n\u0131 kim ald\u0131, kim birinci oldu? Gelinim Mutfakta 12 Mart 2026 puan tablosu!"},"content":{"rendered":"<p>Asl\u0131 H\u00fcnel&#8217;in e\u011flenceli sunumuyla ger\u00e7ekle\u015fen Gelinim Mutfakta&#8217;da Cuma g\u00fcn\u00fcne bir g\u00fcn kala gelinler rekabetin dozunu da art\u0131rd\u0131. Hafta i\u00e7i her g\u00fcn \u00e7eyrek da\u011f\u0131tan yar\u0131\u015fma program\u0131 Cuma g\u00fcn\u00fc yap\u0131lan haftal\u0131k performansa g\u00f6re de 10 alt\u0131n bilezik da\u011f\u0131t\u0131yor. Peki Gelinim Mutfakta 12 Mart Per\u015fembe g\u00fcn\u00fc <a href=\"https:\/\/www.tgrthaber.com\/mavikadin\/gelinim-mutfakta-muruvet-hanim-gelini-dilanaya-ates-puskurdu-oglumun-cektikleri-yeter-dedi-studyoyu-terk-etti\/\">\u00e7eyrek alt\u0131n\u0131 kim ald\u0131<\/a>? \u0130\u015fte Kanal D&#8217;nin fenomen yar\u0131\u015fma program\u0131 Gelinim Mutfakta&#8217;da g\u00fcn sonu olu\u015fan puan tablosu&#8230;<\/p>\n<h3>GEL\u0130N\u0130M MUTFAKTA \u00c7EYREK ALTINI K\u0130M ALDI, K\u0130M B\u0130R\u0130NC\u0130 OLDU?<\/h3>\n<p><a href=\"https:\/\/www.tgrthaber.com\/mavikadin\/gelinim-mutfakta-cansu-kimdir-cansunun-kayinvalidesi-donus-arslan-fatih-urekin-o-programinda-ortaya-cikti\/\">Gelinim Mutfakta<\/a> bu hafta dengeleri de\u011fi\u015ftirecek baz\u0131 hamleler yapt\u0131. Yar\u0131\u015fmaya kat\u0131lan yeni gelinler ve kay\u0131nvalideler olurken, Gelinim Mutfakta st\u00fcdyosunda tansiyon bir an olsun d\u00fc\u015fmedi.<\/p>\n<p><img loading=\"lazy\" decoding=\"async\" class=\"alignnone wp-image-308468 size-full\" src=\"https:\/\/www.tgrthaber.com\/mavikadin\/wp-content\/uploads\/2026\/03\/Ekran-goruntusu-2026-03-11-161641.png\" alt=\"\" width=\"1919\" height=\"1075\" title=\"\" srcset=\"https:\/\/www.tgrthaber.com\/mavikadin\/wp-content\/uploads\/2026\/03\/Ekran-goruntusu-2026-03-11-161641.png 1919w, https:\/\/www.tgrthaber.com\/mavikadin\/wp-content\/uploads\/2026\/03\/Ekran-goruntusu-2026-03-11-161641-300x168.png 300w, https:\/\/www.tgrthaber.com\/mavikadin\/wp-content\/uploads\/2026\/03\/Ekran-goruntusu-2026-03-11-161641-1024x574.png 1024w, https:\/\/www.tgrthaber.com\/mavikadin\/wp-content\/uploads\/2026\/03\/Ekran-goruntusu-2026-03-11-161641-768x430.png 768w, https:\/\/www.tgrthaber.com\/mavikadin\/wp-content\/uploads\/2026\/03\/Ekran-goruntusu-2026-03-11-161641-1536x860.png 1536w\" sizes=\"(max-width: 1919px) 100vw, 1919px\" \/><\/p>\n<hr \/>\n<p>Peki Gelinim Mutfakta 12 Mart 2026 <a href=\"https:\/\/www.tgrthaber.com\/mavikadin\/gelinim-mutfakta-ceyrek-altini-kim-aldi-gelinim-mutfakta-11-mart-2026-birinci-kim-oldu\/\">\u00e7eyrek alt\u0131n\u0131 kim ald\u0131<\/a>? Bug\u00fcn yay\u0131nlanan b\u00f6l\u00fcmde puanlamalar yap\u0131ld\u0131, \u00e7eyrek alt\u0131n\u0131 alan gelin de netle\u015fti. Gelinim Mutfakta&#8217;da en y\u00fcksek puan\u0131 alarak \u00e7eyrek alt\u0131n\u0131 yakas\u0131na takan gelin Tu\u011fba oldu.<\/p>\n<p><img loading=\"lazy\" decoding=\"async\" class=\"alignnone wp-image-308471 size-full\" src=\"https:\/\/www.tgrthaber.com\/mavikadin\/wp-content\/uploads\/2026\/03\/Ekran-goruntusu-2026-03-09-132642.png\" alt=\"\" width=\"1457\" height=\"819\" title=\"\" srcset=\"https:\/\/www.tgrthaber.com\/mavikadin\/wp-content\/uploads\/2026\/03\/Ekran-goruntusu-2026-03-09-132642.png 1457w, https:\/\/www.tgrthaber.com\/mavikadin\/wp-content\/uploads\/2026\/03\/Ekran-goruntusu-2026-03-09-132642-300x169.png 300w, https:\/\/www.tgrthaber.com\/mavikadin\/wp-content\/uploads\/2026\/03\/Ekran-goruntusu-2026-03-09-132642-1024x576.png 1024w, https:\/\/www.tgrthaber.com\/mavikadin\/wp-content\/uploads\/2026\/03\/Ekran-goruntusu-2026-03-09-132642-768x432.png 768w\" sizes=\"(max-width: 1457px) 100vw, 1457px\" \/><\/p>\n<hr \/>\n<h3>GEL\u0130N\u0130M MUTFAKTA 12 MART 2026 PUAN TABLOSU!<\/h3>\n<p>Kanal D ekranlar\u0131nda hafta i\u00e7i her g\u00fcn 14:00&#8217;de yay\u0131nlanan <a href=\"https:\/\/www.tgrthaber.com\/mavikadin\/gelinim-mutfakta-bugun-ceyrek-altini-kim-aldi-gelinim-mutfakta-10-mart-2026-sali-kim-birinci-oldu\/\">Gelinim Mutfakta<\/a>&#8216;da yeni yar\u0131\u015fmac\u0131lar\u0131n da gelmesiyle kartlar yeniden da\u011f\u0131t\u0131l\u0131yor. \u00c7eyrek alt\u0131n\u0131 almak i\u00e7in tezgah ba\u015f\u0131nda ter d\u00f6ken gelinler, hem Asl\u0131 H\u00fcnel&#8217;in hem de kay\u0131nvalidelerin verdi\u011fi puanlarla \u00e7eyrek alt\u0131n\u0131n sahibi oluyor.<\/p>\n<p><img loading=\"lazy\" decoding=\"async\" class=\"alignnone wp-image-308469 size-full\" src=\"https:\/\/www.tgrthaber.com\/mavikadin\/wp-content\/uploads\/2026\/03\/Ekran-goruntusu-2026-03-04-221848.png\" alt=\"\" width=\"1430\" height=\"809\" title=\"\" srcset=\"https:\/\/www.tgrthaber.com\/mavikadin\/wp-content\/uploads\/2026\/03\/Ekran-goruntusu-2026-03-04-221848.png 1430w, https:\/\/www.tgrthaber.com\/mavikadin\/wp-content\/uploads\/2026\/03\/Ekran-goruntusu-2026-03-04-221848-300x170.png 300w, https:\/\/www.tgrthaber.com\/mavikadin\/wp-content\/uploads\/2026\/03\/Ekran-goruntusu-2026-03-04-221848-1024x579.png 1024w, https:\/\/www.tgrthaber.com\/mavikadin\/wp-content\/uploads\/2026\/03\/Ekran-goruntusu-2026-03-04-221848-768x434.png 768w\" sizes=\"(max-width: 1430px) 100vw, 1430px\" \/><\/p>\n<hr \/>\n<p>T\u00fcm haftan\u0131n performans tablosu ise yar\u0131\u015fmac\u0131lar\u0131 10 alt\u0131n bilezi\u011fe g\u00f6t\u00fcr\u00fcyor. Finale bir g\u00fcn kala verilen puanlar daha da \u00f6nemli olurken, 12 Mart Per\u015fembe g\u00fcn\u00fc hangi gelinin birinci oldu\u011fu merak ediliyor.<\/p>\n<p><a href=\"https:\/\/www.tgrthaber.com\/mavikadin\/gelinim-mutfakta-emre-kimdir-gelinim-mutfaktanin-ilk-damat-yarismacisina-begeni-yagdi\/\">Gelinim Mutfakta<\/a>&#8216;da 12 Mart 2026 Per\u015fembe g\u00fcn\u00fc puan tablosu \u015f\u00f6yle \u015fekillendi;<\/p>\n<p>Tu\u011fba &#8211; 17<\/p>\n<p>Dilanay &#8211; 15<\/p>\n<p><img loading=\"lazy\" decoding=\"async\" class=\"alignnone wp-image-308527 size-full\" src=\"https:\/\/www.tgrthaber.com\/mavikadin\/wp-content\/uploads\/2026\/03\/Ekran-goruntusu-2026-03-12-162023.png\" alt=\"\" width=\"1919\" height=\"1079\" title=\"\" srcset=\"https:\/\/www.tgrthaber.com\/mavikadin\/wp-content\/uploads\/2026\/03\/Ekran-goruntusu-2026-03-12-162023.png 1919w, https:\/\/www.tgrthaber.com\/mavikadin\/wp-content\/uploads\/2026\/03\/Ekran-goruntusu-2026-03-12-162023-300x169.png 300w, https:\/\/www.tgrthaber.com\/mavikadin\/wp-content\/uploads\/2026\/03\/Ekran-goruntusu-2026-03-12-162023-1024x576.png 1024w, https:\/\/www.tgrthaber.com\/mavikadin\/wp-content\/uploads\/2026\/03\/Ekran-goruntusu-2026-03-12-162023-768x432.png 768w, https:\/\/www.tgrthaber.com\/mavikadin\/wp-content\/uploads\/2026\/03\/Ekran-goruntusu-2026-03-12-162023-1536x864.png 1536w\" sizes=\"(max-width: 1919px) 100vw, 1919px\" \/><\/p>\n<hr \/>\n<p>Alime &#8211; 11<\/p>\n<p>Cansu &#8211; 2<\/p>\n<p><img loading=\"lazy\" decoding=\"async\" class=\"alignnone wp-image-308472 size-full\" src=\"https:\/\/www.tgrthaber.com\/mavikadin\/wp-content\/uploads\/2026\/03\/Ekran-goruntusu-2026-03-01-215601-2.png\" alt=\"\" width=\"1447\" height=\"810\" title=\"\" srcset=\"https:\/\/www.tgrthaber.com\/mavikadin\/wp-content\/uploads\/2026\/03\/Ekran-goruntusu-2026-03-01-215601-2.png 1447w, https:\/\/www.tgrthaber.com\/mavikadin\/wp-content\/uploads\/2026\/03\/Ekran-goruntusu-2026-03-01-215601-2-300x168.png 300w, https:\/\/www.tgrthaber.com\/mavikadin\/wp-content\/uploads\/2026\/03\/Ekran-goruntusu-2026-03-01-215601-2-1024x573.png 1024w, https:\/\/www.tgrthaber.com\/mavikadin\/wp-content\/uploads\/2026\/03\/Ekran-goruntusu-2026-03-01-215601-2-768x430.png 768w\" sizes=\"(max-width: 1447px) 100vw, 1447px\" \/><\/p>\n<hr \/>\n<h3>GEL\u0130N\u0130M MUTFAKTA 11 MART 2026 \u00c7EYREK ALTINI K\u0130M ALDI?<\/h3>\n<p>Gelinim Mutfakta&#8217;da d\u00fcn yay\u0131nlanan b\u00f6l\u00fcmde \u00e7eyrek alt\u0131n\u0131 alan gelin Tu\u011fba oldu. G\u00fcn sonu olu\u015fan puan tablosu ise \u015fu \u015fekilde;<\/p>\n<p>Tu\u011fba \u2013 22<\/p>\n<p>Alime \u2013 20<\/p>\n<p>Dilanay \u2013 8<\/p>\n<p>Cansu \u2013 7<\/p>\n<p><img loading=\"lazy\" decoding=\"async\" class=\"alignnone wp-image-308474 size-full\" src=\"https:\/\/www.tgrthaber.com\/mavikadin\/wp-content\/uploads\/2026\/03\/Ekran-goruntusu-2026-03-10-161959.png\" alt=\"\" width=\"1919\" height=\"1078\" title=\"\" srcset=\"https:\/\/www.tgrthaber.com\/mavikadin\/wp-content\/uploads\/2026\/03\/Ekran-goruntusu-2026-03-10-161959.png 1919w, https:\/\/www.tgrthaber.com\/mavikadin\/wp-content\/uploads\/2026\/03\/Ekran-goruntusu-2026-03-10-161959-300x169.png 300w, https:\/\/www.tgrthaber.com\/mavikadin\/wp-content\/uploads\/2026\/03\/Ekran-goruntusu-2026-03-10-161959-1024x575.png 1024w, https:\/\/www.tgrthaber.com\/mavikadin\/wp-content\/uploads\/2026\/03\/Ekran-goruntusu-2026-03-10-161959-768x431.png 768w, https:\/\/www.tgrthaber.com\/mavikadin\/wp-content\/uploads\/2026\/03\/Ekran-goruntusu-2026-03-10-161959-1536x863.png 1536w\" sizes=\"(max-width: 1919px) 100vw, 1919px\" \/><\/p>\n<hr \/>\n<h3>GEL\u0130N\u0130M MUTFAKTA 6 MART CUMA 10 ALTIN B\u0130LEZ\u0130\u011e\u0130 K\u0130M ALDI?<\/h3>\n<p>Gelinim Mutfakta 6 Mart Cuma g\u00fcn\u00fc 10 alt\u0131n bilezi\u011fin sahibi Tu\u011fba olurken, B\u00fc\u015fra ve kay\u0131nvalidesi Emine Han\u0131m yar\u0131\u015fmaya veda etti. \u0130\u015fte ge\u00e7en hafta olu\u015fan puan tablosu&#8230;<\/p>\n<p>Tu\u011fba &#8211; 84<\/p>\n<p>Ayten &#8211; 77<\/p>\n<p>Alime &#8211; 59<\/p>\n<p>B\u00fc\u015fra &#8211; 55<\/p>\n","protected":false},"excerpt":{"rendered":"<p>Kanal D&#8217;nin sevilen yar\u0131\u015fma program\u0131 Gelinim Mutfakta&#8217;da final \u00f6ncesi son viraja d\u00f6n\u00fcld\u00fc. Cuma g\u00fcn\u00fc 10 alt\u0131n bilezik veren Gelinim Mutfakta&#8217;da 12 Mart 2026 Per\u015fembe g\u00fcn\u00fc \u00e7eyrek alt\u0131n\u0131 alan gelin de merak ediliyor. Peki Gelinim Mutfakta \u00e7eyrek alt\u0131n\u0131 kim ald\u0131? Gelinim Mutfakta 12 Mart 2026 Per\u015fembe g\u00fcn birincisi kim oldu? \u0130\u015fte puan tablosu&#8230;<\/p>\n","protected":false},"author":35,"featured_media":308467,"comment_status":"closed","ping_status":"closed","sticky":false,"template":"","format":"standard","meta":{"rank_math_lock_modified_date":false,"footnotes":""},"categories":[76],"tags":[73291,7578,71977,2766,133],"class_list":["post-308466","post","type-post","status-publish","format-standard","has-post-thumbnail","hentry","category-magazin","tag-ceyrek-altini-kim-alid","tag-gelinim-mutfakta","tag-gelinim-mutfakta-gun-birincisi","tag-kanal-d","tag-magazin"],"_links":{"self":[{"href":"https:\/\/www.tgrthaber.com\/mavikadin\/wp-json\/wp\/v2\/posts\/308466"}],"collection":[{"href":"https:\/\/www.tgrthaber.com\/mavikadin\/wp-json\/wp\/v2\/posts"}],"about":[{"href":"https:\/\/www.tgrthaber.com\/mavikadin\/wp-json\/wp\/v2\/types\/post"}],"author":[{"embeddable":true,"href":"https:\/\/www.tgrthaber.com\/mavikadin\/wp-json\/wp\/v2\/users\/35"}],"replies":[{"embeddable":true,"href":"https:\/\/www.tgrthaber.com\/mavikadin\/wp-json\/wp\/v2\/comments?post=308466"}],"version-history":[{"count":4,"href":"https:\/\/www.tgrthaber.com\/mavikadin\/wp-json\/wp\/v2\/posts\/308466\/revisions"}],"predecessor-version":[{"id":308528,"href":"https:\/\/www.tgrthaber.com\/mavikadin\/wp-json\/wp\/v2\/posts\/308466\/revisions\/308528"}],"wp:featuredmedia":[{"embeddable":true,"href":"https:\/\/www.tgrthaber.com\/mavikadin\/wp-json\/wp\/v2\/media\/308467"}],"wp:attachment":[{"href":"https:\/\/www.tgrthaber.com\/mavikadin\/wp-json\/wp\/v2\/media?parent=308466"}],"wp:term":[{"taxonomy":"category","embeddable":true,"href":"https:\/\/www.tgrthaber.com\/mavikadin\/wp-json\/wp\/v2\/categories?post=308466"},{"taxonomy":"post_tag","embeddable":true,"href":"https:\/\/www.tgrthaber.com\/mavikadin\/wp-json\/wp\/v2\/tags?post=308466"}],"curies":[{"name":"wp","href":"https:\/\/api.w.org\/{rel}","templated":true}]}}