{"id":308478,"date":"2026-03-12T14:27:34","date_gmt":"2026-03-12T11:27:34","guid":{"rendered":"https:\/\/www.tgrthaber.com\/mavikadin\/?p=308478"},"modified":"2026-03-12T14:27:35","modified_gmt":"2026-03-12T11:27:35","slug":"kivanc-tatlitugun-kombininin-fiyati-agizlari-acik-birakti-unlu-oyuncu-cig-sarisi-saclariyla-dikkat-cekmisti","status":"publish","type":"post","link":"https:\/\/www.tgrthaber.com\/mavikadin\/kivanc-tatlitugun-kombininin-fiyati-agizlari-acik-birakti-unlu-oyuncu-cig-sarisi-saclariyla-dikkat-cekmisti\/","title":{"rendered":"K\u0131van\u00e7 Tatl\u0131tu\u011f\u2019un kombininin fiyat\u0131 a\u011f\u0131zlar\u0131 a\u00e7\u0131k b\u0131rakt\u0131! \u00dcnl\u00fc oyuncu \u00e7i\u011f sar\u0131s\u0131 sa\u00e7lar\u0131yla dikkat \u00e7ekmi\u015fti"},"content":{"rendered":"<p>Bir s\u00fcredir televizyon ekranlar\u0131ndan uzak kalan <a href=\"https:\/\/www.tgrthaber.com\/mavikadin\/pinar-deniz-yerine-burcu-biricik-kivanc-tatlituga-partner-araniyor\/\">K\u0131van\u00e7 Tatl\u0131tu\u011f<\/a>, ba\u015far\u0131l\u0131 oyunculuk kariyerinin yan\u0131 s\u0131ra \u00f6zel hayat\u0131, a\u00e7\u0131klamalar\u0131, sosyal medya payla\u015f\u0131mlar\u0131yla ad\u0131ndan s\u00f6z ettiriyor. Ba\u015far\u0131l\u0131 oyunculu\u011fu ve yak\u0131\u015f\u0131kl\u0131l\u0131\u011f\u0131yla ad\u0131ndan s\u0131k s\u0131k s\u00f6z ettiren \u00fcnl\u00fc oyuncu, bu kez yeni sa\u00e7 rengiyle g\u00fcndeme geldi. \u00c7i\u011f sar\u0131s\u0131 sa\u00e7lar\u0131yla dikkatleri \u00fczerine \u00e7eken K\u0131van\u00e7 Tatl\u0131tu\u011f, kombininin fiyat\u0131yla da a\u011f\u0131zlar\u0131 a\u00e7\u0131k b\u0131rakt\u0131. Yeni imaj\u0131yla magazin g\u00fcndemine bomba gibi oturan K\u0131van\u00e7 Tatl\u0131tu\u011f\u2019un \u00e7i\u011f sar\u0131s\u0131 imaj\u0131n\u0131 tan\u0131tt\u0131\u011f\u0131 foto\u011fraflardaki kombininin fiyat\u0131 dudak u\u00e7uklatt\u0131. \u00dcnl\u00fc oyuncu, yaln\u0131zca yenilenen sa\u00e7 stiliyle de\u011fil ayn\u0131 zamanda a\u011f\u0131zlar\u0131 a\u00e7\u0131k b\u0131rakan kombin fiyat\u0131yla da ad\u0131ndan s\u00f6z ettirdi.<\/p>\n<h3>KIVAN\u00c7 TATLITU\u011e\u2019UN KOMB\u0130N\u0130N\u0130N F\u0130YATI A\u011eIZLARI A\u00c7IK BIRAKTI!<\/h3>\n<p>Ba\u015far\u0131l\u0131 oyunculu\u011fu ve yak\u0131\u015f\u0131kl\u0131l\u0131\u011f\u0131yla ad\u0131ndan s\u0131k s\u0131k s\u00f6z ettiren <a href=\"https:\/\/www.tgrthaber.com\/magazin\/kivanc-tatlitug-ile-basak-dizerin-bosanmak-icin-harekete-gectigi-iddia-edildi-3284984\">K\u0131van\u00e7 Tatl\u0131tu\u011f<\/a>, zaman zaman \u00f6zel hayat\u0131 ve aile ya\u015fant\u0131s\u0131yla da g\u00fcndeme geliyor. Uzun bir s\u00fcredir televizyon ekranlar\u0131ndan uzak kalan \u00fcnl\u00fc oyuncu, sosyal medya payla\u015f\u0131mlar\u0131 ve a\u00e7\u0131klamalar\u0131yla da ad\u0131ndan s\u00f6z ettiriyor. Magazin d\u00fcnyas\u0131n\u0131n en sevilen isimlerinden biri olan Tatl\u0131tu\u011f, kariyeri ve kazanc\u0131yla da dikkat \u00e7ekiyor.<\/p>\n<p><img loading=\"lazy\" decoding=\"async\" class=\"size-full wp-image-308498\" src=\"https:\/\/www.tgrthaber.com\/mavikadin\/wp-content\/uploads\/2026\/03\/kivanc-tatlitug-8.jpg\" alt=\"K\u0131van\u00e7 Tatl\u0131tu\u011f\u2019un kombininin fiyat\u0131 a\u011f\u0131zlar\u0131 a\u00e7\u0131k b\u0131rakt\u0131! \u00dcnl\u00fc oyuncu \u00e7i\u011f sar\u0131s\u0131 sa\u00e7lar\u0131yla dikkat \u00e7ekmi\u015fti\" width=\"1208\" height=\"680\" title=\"\" srcset=\"https:\/\/www.tgrthaber.com\/mavikadin\/wp-content\/uploads\/2026\/03\/kivanc-tatlitug-8.jpg 1208w, https:\/\/www.tgrthaber.com\/mavikadin\/wp-content\/uploads\/2026\/03\/kivanc-tatlitug-8-300x169.jpg 300w, https:\/\/www.tgrthaber.com\/mavikadin\/wp-content\/uploads\/2026\/03\/kivanc-tatlitug-8-1024x576.jpg 1024w, https:\/\/www.tgrthaber.com\/mavikadin\/wp-content\/uploads\/2026\/03\/kivanc-tatlitug-8-768x432.jpg 768w\" sizes=\"(max-width: 1208px) 100vw, 1208px\" \/><\/p>\n<hr \/>\n<p>Oyunculuk kariyeri boyunca bir\u00e7ok ba\u015far\u0131l\u0131 projeye imza atan K\u0131van\u00e7 Tatl\u0131tu\u011f, son olarak \u2018Aile\u2019 dizisiyle seyirci kar\u015f\u0131s\u0131na \u00e7\u0131km\u0131\u015ft\u0131. Oyunculuk kariyerinin yan\u0131 s\u0131ra reklam filmleriyle de ad\u0131n\u0131 duyurmaya devam eden Tatl\u0131tu\u011f\u2019un zaman zaman bu reklamlardan ald\u0131\u011f\u0131 \u00fccretlerde a\u011f\u0131zlar\u0131 a\u00e7\u0131k b\u0131rak\u0131yor. \u00dcnl\u00fc oyuncu bu kez kombininin fiyat\u0131yla dudaklar\u0131 u\u00e7uklatt\u0131.<\/p>\n<p><img loading=\"lazy\" decoding=\"async\" class=\"size-full wp-image-308499\" src=\"https:\/\/www.tgrthaber.com\/mavikadin\/wp-content\/uploads\/2026\/03\/kivanc-tatlitug-9.jpg\" alt=\"K\u0131van\u00e7 Tatl\u0131tu\u011f\u2019un kombininin fiyat\u0131 a\u011f\u0131zlar\u0131 a\u00e7\u0131k b\u0131rakt\u0131! \u00dcnl\u00fc oyuncu \u00e7i\u011f sar\u0131s\u0131 sa\u00e7lar\u0131yla dikkat \u00e7ekmi\u015fti\" width=\"1208\" height=\"680\" title=\"\" srcset=\"https:\/\/www.tgrthaber.com\/mavikadin\/wp-content\/uploads\/2026\/03\/kivanc-tatlitug-9.jpg 1208w, https:\/\/www.tgrthaber.com\/mavikadin\/wp-content\/uploads\/2026\/03\/kivanc-tatlitug-9-300x169.jpg 300w, https:\/\/www.tgrthaber.com\/mavikadin\/wp-content\/uploads\/2026\/03\/kivanc-tatlitug-9-1024x576.jpg 1024w, https:\/\/www.tgrthaber.com\/mavikadin\/wp-content\/uploads\/2026\/03\/kivanc-tatlitug-9-768x432.jpg 768w\" sizes=\"(max-width: 1208px) 100vw, 1208px\" \/><\/p>\n<hr \/>\n<p>Oyunculuk kariyeri boyunca yer ald\u0131\u011f\u0131 dizilerde b\u00fcy\u00fck ses getirerek pop\u00fclerlik kazanan K\u0131van\u00e7 Tatl\u0131tu\u011f, son olarak Organize \u0130\u015fler: Karun Hazinesi dizisinde yer alaca\u011f\u0131 haberleriyle dikkatleri \u00fczerine \u00e7ekmi\u015fti. Show TV ekranlar\u0131nda Aile adl\u0131 dizide Serenay Sar\u0131kaya ile ba\u015frol oynayan Tatl\u0131tu\u011f, \u2018Aslan Soykan\u2019 karakteriyle b\u00fcy\u00fck ses getirmi\u015fti.<\/p>\n<p><img loading=\"lazy\" decoding=\"async\" class=\"size-full wp-image-308501\" src=\"https:\/\/www.tgrthaber.com\/mavikadin\/wp-content\/uploads\/2026\/03\/kivanc-tatlitug-11.jpg\" alt=\"K\u0131van\u00e7 Tatl\u0131tu\u011f\u2019un kombininin fiyat\u0131 a\u011f\u0131zlar\u0131 a\u00e7\u0131k b\u0131rakt\u0131! \u00dcnl\u00fc oyuncu \u00e7i\u011f sar\u0131s\u0131 sa\u00e7lar\u0131yla dikkat \u00e7ekmi\u015fti\" width=\"1208\" height=\"680\" title=\"\" srcset=\"https:\/\/www.tgrthaber.com\/mavikadin\/wp-content\/uploads\/2026\/03\/kivanc-tatlitug-11.jpg 1208w, https:\/\/www.tgrthaber.com\/mavikadin\/wp-content\/uploads\/2026\/03\/kivanc-tatlitug-11-300x169.jpg 300w, https:\/\/www.tgrthaber.com\/mavikadin\/wp-content\/uploads\/2026\/03\/kivanc-tatlitug-11-1024x576.jpg 1024w, https:\/\/www.tgrthaber.com\/mavikadin\/wp-content\/uploads\/2026\/03\/kivanc-tatlitug-11-768x432.jpg 768w\" sizes=\"(max-width: 1208px) 100vw, 1208px\" \/><\/p>\n<hr \/>\n<p>K\u0131van\u00e7 Tatl\u0131tu\u011f, bu kez magazin g\u00fcndemine kombininin fiyat\u0131yla bomba gibi oturdu. \u00c7i\u011f sar\u0131s\u0131 sa\u00e7lar\u0131yla dikkatleri \u00fczerine \u00e7eken Tatl\u0131tu\u011f, yeni imaj\u0131yla da \u00e7ok konu\u015fuldu. Tatl\u0131tu\u011f\u2019un \u00e7i\u011f sar\u0131s\u0131 imaj\u0131n\u0131 tan\u0131tt\u0131\u011f\u0131 foto\u011fraflardaki kombininin fiyat\u0131 dudak u\u00e7uklatt\u0131. \u00dcnl\u00fc oyuncu, yaln\u0131zca yenilenen sa\u00e7 stiliyle de\u011fil ayn\u0131 zamanda a\u011f\u0131zlar\u0131 a\u00e7\u0131k b\u0131rakan kombin fiyat\u0131yla da ad\u0131ndan s\u00f6z ettirdi.<\/p>\n<p>&nbsp;<\/p>\n<p><img loading=\"lazy\" decoding=\"async\" class=\"size-full wp-image-308502\" src=\"https:\/\/www.tgrthaber.com\/mavikadin\/wp-content\/uploads\/2026\/03\/kivanc-tatlitug-1.jpg\" alt=\"K\u0131van\u00e7 Tatl\u0131tu\u011f\u2019un kombininin fiyat\u0131 a\u011f\u0131zlar\u0131 a\u00e7\u0131k b\u0131rakt\u0131! \u00dcnl\u00fc oyuncu \u00e7i\u011f sar\u0131s\u0131 sa\u00e7lar\u0131yla dikkat \u00e7ekmi\u015fti\" width=\"1208\" height=\"680\" title=\"\" srcset=\"https:\/\/www.tgrthaber.com\/mavikadin\/wp-content\/uploads\/2026\/03\/kivanc-tatlitug-1.jpg 1208w, https:\/\/www.tgrthaber.com\/mavikadin\/wp-content\/uploads\/2026\/03\/kivanc-tatlitug-1-300x169.jpg 300w, https:\/\/www.tgrthaber.com\/mavikadin\/wp-content\/uploads\/2026\/03\/kivanc-tatlitug-1-1024x576.jpg 1024w, https:\/\/www.tgrthaber.com\/mavikadin\/wp-content\/uploads\/2026\/03\/kivanc-tatlitug-1-768x432.jpg 768w\" sizes=\"(max-width: 1208px) 100vw, 1208px\" \/><\/p>\n<hr \/>\n<p>Yenilenen imaj\u0131 ve kombiniyle ad\u0131ndan s\u00f6z ettiren K\u0131van\u00e7 Tatl\u0131tu\u011f\u2019un stili, adeta e\u015fi Ba\u015fak Dizer\u2019in imzas\u0131n\u0131 ta\u015f\u0131yordu. \u00dcnl\u00fc oyuncunun kombininin fiyat\u0131 duyanlar\u0131 \u015fa\u015fk\u0131na \u00e7evirdi. Sosyal medyada k\u0131sa s\u00fcrede g\u00fcndem olan kombinde bulunan par\u00e7alar\u0131n fiyat\u0131 \u015fu \u015fekilde:<\/p>\n<p><img loading=\"lazy\" decoding=\"async\" class=\"size-full wp-image-308493\" src=\"https:\/\/www.tgrthaber.com\/mavikadin\/wp-content\/uploads\/2026\/03\/kivanc-tatlitug-3.jpg\" alt=\"K\u0131van\u00e7 Tatl\u0131tu\u011f\u2019un kombininin fiyat\u0131 a\u011f\u0131zlar\u0131 a\u00e7\u0131k b\u0131rakt\u0131! \u00dcnl\u00fc oyuncu \u00e7i\u011f sar\u0131s\u0131 sa\u00e7lar\u0131yla dikkat \u00e7ekmi\u015fti\" width=\"1208\" height=\"680\" title=\"\" srcset=\"https:\/\/www.tgrthaber.com\/mavikadin\/wp-content\/uploads\/2026\/03\/kivanc-tatlitug-3.jpg 1208w, https:\/\/www.tgrthaber.com\/mavikadin\/wp-content\/uploads\/2026\/03\/kivanc-tatlitug-3-300x169.jpg 300w, https:\/\/www.tgrthaber.com\/mavikadin\/wp-content\/uploads\/2026\/03\/kivanc-tatlitug-3-1024x576.jpg 1024w, https:\/\/www.tgrthaber.com\/mavikadin\/wp-content\/uploads\/2026\/03\/kivanc-tatlitug-3-768x432.jpg 768w\" sizes=\"(max-width: 1208px) 100vw, 1208px\" \/><\/p>\n<hr \/>\n<p>G\u00fcne\u015f g\u00f6zl\u00fc\u011f\u00fc: Burberry \u2014 15.820 TL<\/p>\n<p>Ceket: Miu Miu \u2014 347.500 TL<\/p>\n<p>Ti\u015f\u00f6rt: John Varvatos \u2014 yakla\u015f\u0131k 5.000 TL<\/p>\n<p>K\u0131vvan\u00e7 Tatl\u0131tu\u011f\u2019un toplam kombininin fiyat\u0131 368.320 TL etti\u011fi \u00f6\u011frenilirken, \u00fcnl\u00fc oyuncu yaln\u0131zca yenilenen stiliyle de\u011fil servet de\u011ferindeki kombiniyle de magazin g\u00fcndeminde geni\u015f yank\u0131 uyand\u0131rd\u0131.<\/p>\n<p><img loading=\"lazy\" decoding=\"async\" class=\"size-full wp-image-308495\" src=\"https:\/\/www.tgrthaber.com\/mavikadin\/wp-content\/uploads\/2026\/03\/kivanc-tatlitug-5.jpg\" alt=\"K\u0131van\u00e7 Tatl\u0131tu\u011f\u2019un kombininin fiyat\u0131 a\u011f\u0131zlar\u0131 a\u00e7\u0131k b\u0131rakt\u0131! \u00dcnl\u00fc oyuncu \u00e7i\u011f sar\u0131s\u0131 sa\u00e7lar\u0131yla dikkat \u00e7ekmi\u015fti\" width=\"1208\" height=\"680\" title=\"\" srcset=\"https:\/\/www.tgrthaber.com\/mavikadin\/wp-content\/uploads\/2026\/03\/kivanc-tatlitug-5.jpg 1208w, https:\/\/www.tgrthaber.com\/mavikadin\/wp-content\/uploads\/2026\/03\/kivanc-tatlitug-5-300x169.jpg 300w, https:\/\/www.tgrthaber.com\/mavikadin\/wp-content\/uploads\/2026\/03\/kivanc-tatlitug-5-1024x576.jpg 1024w, https:\/\/www.tgrthaber.com\/mavikadin\/wp-content\/uploads\/2026\/03\/kivanc-tatlitug-5-768x432.jpg 768w\" sizes=\"(max-width: 1208px) 100vw, 1208px\" \/><\/p>\n<hr \/>\n<h3>KIVAN\u00c7 TATLITU\u011e \u00c7\u0130\u011e SARISI SA\u00c7LARIYLA D\u0130KKAT \u00c7EKM\u0130\u015eT\u0130!<\/h3>\n<p>Televizyon d\u00fcnyas\u0131n\u0131n sevilen isimleri aras\u0131nda yer alan <a href=\"https:\/\/www.tgrthaber.com\/magazin\/kivanc-tatlitugun-yeni-imaji-gundem-oldu-organize-isler-icin-mi-degisti-3287125\">K\u0131van\u00e7 Tatl\u0131tu\u011f<\/a>, ba\u015far\u0131l\u0131 oyunculu\u011fu, yak\u0131\u015f\u0131kl\u0131l\u0131\u011f\u0131 ve \u00f6zel hayat\u0131yla s\u0131k s\u0131k g\u00fcndeme gelmeye devam ediyor. Son zamanlarda oyunculuk kariyeri ve aile ya\u015fant\u0131s\u0131yla ad\u0131ndan s\u00f6z ettiren \u00fcnl\u00fc oyuncu bu kez \u00e7i\u011f sar\u0131s\u0131 sa\u00e7lar\u0131yla dikkatleri \u00fczerine \u00e7ekti.<\/p>\n<p><img loading=\"lazy\" decoding=\"async\" class=\"size-full wp-image-308492\" src=\"https:\/\/www.tgrthaber.com\/mavikadin\/wp-content\/uploads\/2026\/03\/kivanc-tatlitug-2.jpg\" alt=\"K\u0131van\u00e7 Tatl\u0131tu\u011f\u2019un kombininin fiyat\u0131 a\u011f\u0131zlar\u0131 a\u00e7\u0131k b\u0131rakt\u0131! \u00dcnl\u00fc oyuncu \u00e7i\u011f sar\u0131s\u0131 sa\u00e7lar\u0131yla dikkat \u00e7ekmi\u015fti\" width=\"1208\" height=\"680\" title=\"\" srcset=\"https:\/\/www.tgrthaber.com\/mavikadin\/wp-content\/uploads\/2026\/03\/kivanc-tatlitug-2.jpg 1208w, https:\/\/www.tgrthaber.com\/mavikadin\/wp-content\/uploads\/2026\/03\/kivanc-tatlitug-2-300x169.jpg 300w, https:\/\/www.tgrthaber.com\/mavikadin\/wp-content\/uploads\/2026\/03\/kivanc-tatlitug-2-1024x576.jpg 1024w, https:\/\/www.tgrthaber.com\/mavikadin\/wp-content\/uploads\/2026\/03\/kivanc-tatlitug-2-768x432.jpg 768w\" sizes=\"(max-width: 1208px) 100vw, 1208px\" \/><\/p>\n<hr \/>\n<p>Ge\u00e7ti\u011fimiz g\u00fcnlerde radikal bir karar alarak imaj de\u011fi\u015fikli\u011fine giden K\u0131van\u00e7 Tatl\u0131tu\u011f, uzun s\u00fcredir sar\u0131 tonlar\u0131nda kulland\u0131\u011f\u0131 sa\u00e7lar\u0131n\u0131 daha a\u00e7\u0131k ve olduk\u00e7a iddial\u0131 bir sar\u0131ya boyatt\u0131. \u00dcnl\u00fc oyuncunun yenilenen tarz\u0131 k\u0131sa s\u00fcrede sosyal medyada ve magazin d\u00fcnyas\u0131nda b\u00fcy\u00fck ses getirdi.<\/p>\n<p><img loading=\"lazy\" decoding=\"async\" class=\"size-full wp-image-308496\" src=\"https:\/\/www.tgrthaber.com\/mavikadin\/wp-content\/uploads\/2026\/03\/kivanc-tatlitug-6.jpg\" alt=\"K\u0131van\u00e7 Tatl\u0131tu\u011f\u2019un kombininin fiyat\u0131 a\u011f\u0131zlar\u0131 a\u00e7\u0131k b\u0131rakt\u0131! \u00dcnl\u00fc oyuncu \u00e7i\u011f sar\u0131s\u0131 sa\u00e7lar\u0131yla dikkat \u00e7ekmi\u015fti\" width=\"1208\" height=\"680\" title=\"\" srcset=\"https:\/\/www.tgrthaber.com\/mavikadin\/wp-content\/uploads\/2026\/03\/kivanc-tatlitug-6.jpg 1208w, https:\/\/www.tgrthaber.com\/mavikadin\/wp-content\/uploads\/2026\/03\/kivanc-tatlitug-6-300x169.jpg 300w, https:\/\/www.tgrthaber.com\/mavikadin\/wp-content\/uploads\/2026\/03\/kivanc-tatlitug-6-1024x576.jpg 1024w, https:\/\/www.tgrthaber.com\/mavikadin\/wp-content\/uploads\/2026\/03\/kivanc-tatlitug-6-768x432.jpg 768w\" sizes=\"(max-width: 1208px) 100vw, 1208px\" \/><\/p>\n<hr \/>\n<p>K\u0131van\u00e7 Tatl\u0131tu\u011f\u2019un \u00fcnl\u00fc stil dan\u0131\u015fman\u0131 e\u015fi Ba\u015fak Dizer, Instagram hesab\u0131ndan yapt\u0131\u011f\u0131 payla\u015f\u0131mda e\u015finin foto\u011fraflar\u0131n\u0131 \u201cArtist misin?\u201d notuyla yay\u0131nlam\u0131\u015ft\u0131. \u00dcnl\u00fc oyuncu, yaln\u0131zca yenilenen sa\u00e7 stiliyle de\u011fil ayn\u0131 zamanda a\u011f\u0131zlar\u0131 a\u00e7\u0131k b\u0131rakan kombin fiyat\u0131yla da ad\u0131ndan s\u00f6z ettirdi.<\/p>\n","protected":false},"excerpt":{"rendered":"<p>Ba\u015far\u0131l\u0131 ve yak\u0131\u015f\u0131kl\u0131 oyunculu\u011fuyla dikkatleri \u00fczerine \u00e7eken K\u0131van\u00e7 Tatl\u0131tu\u011f, \u00e7i\u011f sar\u0131s\u0131 sa\u00e7lar\u0131yla dikkatleri \u00fczerine \u00e7ekmi\u015fti. Yeni imaj\u0131yla magazin g\u00fcndemine bomba gibi oturan K\u0131van\u00e7 Tatl\u0131tu\u011f\u2019un \u00e7i\u011f sar\u0131s\u0131 imaj\u0131n\u0131 tan\u0131tt\u0131\u011f\u0131 foto\u011fraflardaki kombininin fiyat\u0131 dudak u\u00e7uklatt\u0131. \u00dcnl\u00fc oyuncu, yaln\u0131zca yenilenen sa\u00e7 stiliyle de\u011fil ayn\u0131 zamanda a\u011f\u0131zlar\u0131 a\u00e7\u0131k b\u0131rakan kombin fiyat\u0131yla da ad\u0131ndan s\u00f6z ettirdi. \u0130\u015fte detaylar\u2026<\/p>\n","protected":false},"author":26,"featured_media":308494,"comment_status":"closed","ping_status":"closed","sticky":false,"template":"","format":"standard","meta":{"rank_math_lock_modified_date":false,"footnotes":""},"categories":[76],"tags":[2498,73294,73295,133,2218],"class_list":["post-308478","post","type-post","status-publish","format-standard","has-post-thumbnail","hentry","category-magazin","tag-kivanc-tatlitug","tag-kivanc-tatlitug-cig-sarisi-saclari","tag-kivanc-tatlitug-kombin-fiyati","tag-magazin","tag-magazin-haberleri"],"_links":{"self":[{"href":"https:\/\/www.tgrthaber.com\/mavikadin\/wp-json\/wp\/v2\/posts\/308478"}],"collection":[{"href":"https:\/\/www.tgrthaber.com\/mavikadin\/wp-json\/wp\/v2\/posts"}],"about":[{"href":"https:\/\/www.tgrthaber.com\/mavikadin\/wp-json\/wp\/v2\/types\/post"}],"author":[{"embeddable":true,"href":"https:\/\/www.tgrthaber.com\/mavikadin\/wp-json\/wp\/v2\/users\/26"}],"replies":[{"embeddable":true,"href":"https:\/\/www.tgrthaber.com\/mavikadin\/wp-json\/wp\/v2\/comments?post=308478"}],"version-history":[{"count":2,"href":"https:\/\/www.tgrthaber.com\/mavikadin\/wp-json\/wp\/v2\/posts\/308478\/revisions"}],"predecessor-version":[{"id":308504,"href":"https:\/\/www.tgrthaber.com\/mavikadin\/wp-json\/wp\/v2\/posts\/308478\/revisions\/308504"}],"wp:featuredmedia":[{"embeddable":true,"href":"https:\/\/www.tgrthaber.com\/mavikadin\/wp-json\/wp\/v2\/media\/308494"}],"wp:attachment":[{"href":"https:\/\/www.tgrthaber.com\/mavikadin\/wp-json\/wp\/v2\/media?parent=308478"}],"wp:term":[{"taxonomy":"category","embeddable":true,"href":"https:\/\/www.tgrthaber.com\/mavikadin\/wp-json\/wp\/v2\/categories?post=308478"},{"taxonomy":"post_tag","embeddable":true,"href":"https:\/\/www.tgrthaber.com\/mavikadin\/wp-json\/wp\/v2\/tags?post=308478"}],"curies":[{"name":"wp","href":"https:\/\/api.w.org\/{rel}","templated":true}]}}