{"id":308505,"date":"2026-03-12T14:53:46","date_gmt":"2026-03-12T11:53:46","guid":{"rendered":"https:\/\/www.tgrthaber.com\/mavikadin\/?p=308505"},"modified":"2026-03-12T16:27:28","modified_gmt":"2026-03-12T13:27:28","slug":"gelinim-mutfakta-suheyla-hanim-ne-yapti-diskalifiye-mi-olacak-tugba-gelinim-mutfaktayi-birakacak-mi","status":"publish","type":"post","link":"https:\/\/www.tgrthaber.com\/mavikadin\/gelinim-mutfakta-suheyla-hanim-ne-yapti-diskalifiye-mi-olacak-tugba-gelinim-mutfaktayi-birakacak-mi\/","title":{"rendered":"Gelinim Mutfakta S\u00fcheyla Han\u0131m ne yapt\u0131, diskalifiye mi olacak? Tu\u011fba Gelinim Mutfakta&#8217;y\u0131 b\u0131rakacak m\u0131?"},"content":{"rendered":"<p>Kanal D&#8217;nin olayl\u0131 yar\u0131\u015fmas\u0131 Gelinim Mutfakta&#8217;da bug\u00fcn k\u0131yamet resmen koptu. S\u00fcheyla Han\u0131m \u00f6yle bir \u015fey yapt\u0131 ki, Tu\u011fba resmen deliye d\u00f6nd\u00fc. Bavulunu toplay\u0131p yar\u0131\u015fmadan ayr\u0131laca\u011f\u0131n\u0131 s\u00f6yleyen Tu\u011fba, kay\u0131nvalidesi S\u00fcheyla Han\u0131m&#8217;a da demedi\u011fini b\u0131rakmad\u0131. Peki Hem Asl\u0131 H\u00fcnel&#8217;i hem Tu\u011fba&#8217;y\u0131 bu kadar sinirlendiren olay nedir? <a href=\"https:\/\/www.tgrthaber.com\/mavikadin\/gelinim-mutfakta-aytene-ne-oldu-gelinim-mutfakta-ayten-yarismadan-ayrilacak-mi\/\">S\u00fcheyla<\/a> Han\u0131m ne yapt\u0131? Asl\u0131 H\u00fcnel, S\u00fcheyla Han\u0131m&#8217;\u0131 <a href=\"https:\/\/www.tgrthaber.com\/mavikadin\/gelinim-mutfaktaya-alimenin-ablasindan-soke-eden-baskin-dun-telefonla-baglandi-bugun-studyo-ayaga-kalkti\/\">diskalifiye<\/a> mi edecek? \u0130\u015fte Tu\u011fba&#8217;n\u0131n, &#8216;Ya o, ya da ben&#8217; dedi\u011fi olay\u0131n t\u00fcm detaylar\u0131&#8230;<\/p>\n<h3>GEL\u0130N\u0130M MUTFAKTA S\u00dcHEYLA HANIM NE YAPTI, D\u0130SKAL\u0130F\u0130YE M\u0130 OLACAK?<\/h3>\n<p><a href=\"https:\/\/www.tgrthaber.com\/mavikadin\/gelinim-mutfaktanin-ozel-tarifi-bazlama-kofte-nasil-yapilir-lutenitsa-sosuyla-iftar-sofraniza-yakisacak\/\">Gelinim Mutfakta<\/a>&#8216;da 12 Mart Per\u015fembe g\u00fcn\u00fc tansiyon zirve yapt\u0131. Finale bir g\u00fcn kala S\u00fcheyla Han\u0131m&#8217;\u0131n yapt\u0131\u011f\u0131, Tu\u011fba&#8217;y\u0131 \u00f6fkeden deliye d\u00f6nd\u00fcr\u00fcrken, Asl\u0131 H\u00fcnel&#8217;den &#8216;Bu yapm\u0131\u015f oldu\u011fun hareketin bedelini \u00f6deyeceksin&#8217; \u00e7\u0131k\u0131\u015f\u0131 geldi.<\/p>\n<p><img loading=\"lazy\" decoding=\"async\" class=\"alignnone wp-image-308510 size-full\" src=\"https:\/\/www.tgrthaber.com\/mavikadin\/wp-content\/uploads\/2026\/03\/Ekran-goruntusu-2026-03-12-123657.png\" alt=\"\" width=\"1311\" height=\"787\" title=\"\" srcset=\"https:\/\/www.tgrthaber.com\/mavikadin\/wp-content\/uploads\/2026\/03\/Ekran-goruntusu-2026-03-12-123657.png 1311w, https:\/\/www.tgrthaber.com\/mavikadin\/wp-content\/uploads\/2026\/03\/Ekran-goruntusu-2026-03-12-123657-300x180.png 300w, https:\/\/www.tgrthaber.com\/mavikadin\/wp-content\/uploads\/2026\/03\/Ekran-goruntusu-2026-03-12-123657-1024x615.png 1024w, https:\/\/www.tgrthaber.com\/mavikadin\/wp-content\/uploads\/2026\/03\/Ekran-goruntusu-2026-03-12-123657-768x461.png 768w\" sizes=\"(max-width: 1311px) 100vw, 1311px\" \/><\/p>\n<hr \/>\n<p>S\u00fcheyla Han\u0131m&#8217;\u0131n tad\u0131m yap\u0131lmadan \u00f6nce, gizli bir yere girdi\u011fi ve tabaklara bakt\u0131\u011f\u0131 anla\u015f\u0131ld\u0131. St\u00fcdyoda yay\u0131nlanan g\u00f6r\u00fcnt\u00fcler sonras\u0131 &#8216;Ben hi\u00e7 bu kadar utanmam\u0131\u015ft\u0131m. Sen bunu nas\u0131l yapars\u0131n <a href=\"https:\/\/www.tgrthaber.com\/mavikadin\/gelinim-mutfakta-emre-kimdir-gelinim-mutfaktanin-ilk-damat-yarismacisina-begeni-yagdi\/\">S\u00fcheyla<\/a> abla. Buradan ya sen \u00e7\u0131k\u0131p gideceksin, ya ben gidece\u011fim&#8217; diyen Tu\u011fba, apar topar st\u00fcdyoyu terk ederek, bavulunu toplamaya ba\u015flad\u0131.<\/p>\n<p><img loading=\"lazy\" decoding=\"async\" class=\"alignnone wp-image-308509 \" src=\"https:\/\/www.tgrthaber.com\/mavikadin\/wp-content\/uploads\/2026\/03\/Ekran-goruntusu-2026-03-12-123750.png\" alt=\"\" width=\"1168\" height=\"660\" title=\"\" srcset=\"https:\/\/www.tgrthaber.com\/mavikadin\/wp-content\/uploads\/2026\/03\/Ekran-goruntusu-2026-03-12-123750.png 979w, https:\/\/www.tgrthaber.com\/mavikadin\/wp-content\/uploads\/2026\/03\/Ekran-goruntusu-2026-03-12-123750-300x169.png 300w, https:\/\/www.tgrthaber.com\/mavikadin\/wp-content\/uploads\/2026\/03\/Ekran-goruntusu-2026-03-12-123750-768x434.png 768w\" sizes=\"(max-width: 1168px) 100vw, 1168px\" \/><\/p>\n<hr \/>\n<h3>&#8216;SEN BEN\u0130M BA\u015eIMI YAKMAYA MI GELD\u0130N&#8217;<\/h3>\n<p><a href=\"https:\/\/www.tgrthaber.com\/mavikadin\/gelinim-mutfakta-6-mart-2026-cuma-10-altin-bilezigi-kim-aldi-gelinim-mutfakta-elenen-yarismaci\/\">Gelinim Mutakta<\/a>&#8216;da yap\u0131lan yemeklere perdenin arkas\u0131ndan bakan S\u00fcheyla Han\u0131m&#8217;a verilecek yapt\u0131r\u0131m merak edilirken, Tu\u011fba&#8217;dan kay\u0131nvaliesine \u00e7ok sert s\u00f6zler pe\u015f pe\u015fe geldi; &#8216;Benim art\u0131k<a href=\"https:\/\/www.tgrthaber.com\/mavikadin\/kahramanmarasin-meshur-lezzeti-sekerli-pide-nasil-yapilir-gelinim-mutfaktada-firin-pidelerine-tas-cikartacak-tarif\/\"> S\u00fcheyla<\/a> Han\u0131m&#8217;la ba\u011flant\u0131m bitti. Sen benim ba\u015f\u0131m\u0131 yakmaya m\u0131 geldin? O perdenin arkas\u0131ndan bakmak yasak. Art\u0131k yeter. Ben daha yar\u0131\u015fm\u0131yorum. Buradan S\u00fcheyla ya \u00e7\u0131kacak ya ben \u00e7\u0131kaca\u011f\u0131m. Ben daha u\u011fra\u015famam&#8217; diyerek son noktay\u0131 koydu.<\/p>\n<p><img loading=\"lazy\" decoding=\"async\" class=\"alignnone wp-image-308507 \" src=\"https:\/\/www.tgrthaber.com\/mavikadin\/wp-content\/uploads\/2026\/03\/Ekran-goruntusu-2026-03-12-123715.png\" alt=\"\" width=\"1151\" height=\"570\" title=\"\" srcset=\"https:\/\/www.tgrthaber.com\/mavikadin\/wp-content\/uploads\/2026\/03\/Ekran-goruntusu-2026-03-12-123715.png 1062w, https:\/\/www.tgrthaber.com\/mavikadin\/wp-content\/uploads\/2026\/03\/Ekran-goruntusu-2026-03-12-123715-300x149.png 300w, https:\/\/www.tgrthaber.com\/mavikadin\/wp-content\/uploads\/2026\/03\/Ekran-goruntusu-2026-03-12-123715-1024x507.png 1024w, https:\/\/www.tgrthaber.com\/mavikadin\/wp-content\/uploads\/2026\/03\/Ekran-goruntusu-2026-03-12-123715-768x380.png 768w\" sizes=\"(max-width: 1151px) 100vw, 1151px\" \/><\/p>\n<hr \/>\n<h3>TU\u011eBA GEL\u0130N\u0130M MUTFAKTA&#8217;YI BIRAKACAK MI?<\/h3>\n<p>Kanal D&#8217;nin fenomen yar\u0131\u015fmas\u0131 Gelinim Mutfakta&#8217;da ya\u015fanan bu olay sonras\u0131, Tu\u011fba t\u00fcm e\u015fyalar\u0131n\u0131 toplarken, Asl\u0131 H\u00fcnel&#8217;in S\u00fcheyla ve Tu\u011fba hakk\u0131nda son karar\u0131 ne olacak merakla bekleniyor. &#8216;S\u00fcheyla yar\u0131\u015f\u0131rsa ben yokum&#8217; diyen Tu\u011fba yar\u0131\u015fmay\u0131 terk mi edecek? Tu\u011fba&#8217;n\u0131n yeni kay\u0131nvalidesi kim olacak?<\/p>\n<p>Gelinim Mutfakta&#8217;da S\u00fcheyla Han\u0131m&#8217;\u0131n yapt\u0131\u011f\u0131 tad\u0131m puanlamas\u0131 ge\u00e7ersiz say\u0131l\u0131rken, Tu\u011fba ve kay\u0131nvalidesi S\u00fcheyla Han\u0131m, \u015fu an i\u00e7in yar\u0131\u015fmaya devam ediyor. \u0130lerleyen g\u00fcnlerde S\u00fcheyla Han\u0131m&#8217;\u0131n yar\u0131\u015fmaya devam edip etmeyece\u011fi ise merak konusu.<\/p>\n<div style=\"width: 640px;\" class=\"wp-video\"><!--[if lt IE 9]><script>document.createElement('video');<\/script><![endif]-->\n<video class=\"wp-video-shortcode\" id=\"video-308505-1\" width=\"640\" height=\"360\" preload=\"metadata\" controls=\"controls\"><source type=\"video\/mp4\" src=\"https:\/\/www.tgrthaber.com\/mavikadin\/wp-content\/uploads\/2026\/03\/Tugba-yarismadan-ayriliyor-mu-@aslihunel-@kanald-@kargafilm.production-YemekYarismasi-EvYemek-online-video-cutter.com_.mp4?_=1\" \/><a href=\"https:\/\/www.tgrthaber.com\/mavikadin\/wp-content\/uploads\/2026\/03\/Tugba-yarismadan-ayriliyor-mu-@aslihunel-@kanald-@kargafilm.production-YemekYarismasi-EvYemek-online-video-cutter.com_.mp4\">https:\/\/www.tgrthaber.com\/mavikadin\/wp-content\/uploads\/2026\/03\/Tugba-yarismadan-ayriliyor-mu-@aslihunel-@kanald-@kargafilm.production-YemekYarismasi-EvYemek-online-video-cutter.com_.mp4<\/a><\/video><\/div>\n<hr \/>\n<h3>GEL\u0130N\u0130M MUTFAKTA 6 MART CUMA 10 ALTIN B\u0130LEZ\u0130\u011e\u0130 K\u0130M ALDI?<\/h3>\n<p>Gelinim Mutfakta&#8217;da her Cuma 10 alt\u0131n bilezik da\u011f\u0131t\u0131l\u0131yor. Ge\u00e7en Cuma haftal\u0131k performans bak\u0131m\u0131ndan en y\u00fcksek puan\u0131 alan Tu\u011fba, 10 alt\u0131n bilezi\u011fi koluna takan isim oldu.<\/p>\n<p><img loading=\"lazy\" decoding=\"async\" class=\"alignnone wp-image-308508 \" src=\"https:\/\/www.tgrthaber.com\/mavikadin\/wp-content\/uploads\/2026\/03\/Ekran-goruntusu-2026-03-12-123729.png\" alt=\"\" width=\"1177\" height=\"572\" title=\"\" srcset=\"https:\/\/www.tgrthaber.com\/mavikadin\/wp-content\/uploads\/2026\/03\/Ekran-goruntusu-2026-03-12-123729.png 1068w, https:\/\/www.tgrthaber.com\/mavikadin\/wp-content\/uploads\/2026\/03\/Ekran-goruntusu-2026-03-12-123729-300x146.png 300w, https:\/\/www.tgrthaber.com\/mavikadin\/wp-content\/uploads\/2026\/03\/Ekran-goruntusu-2026-03-12-123729-1024x498.png 1024w, https:\/\/www.tgrthaber.com\/mavikadin\/wp-content\/uploads\/2026\/03\/Ekran-goruntusu-2026-03-12-123729-768x373.png 768w\" sizes=\"(max-width: 1177px) 100vw, 1177px\" \/><\/p>\n<hr \/>\n<p>Tu\u011fba &#8211; 84<\/p>\n<p>Ayten &#8211; 77<\/p>\n<p>Alime &#8211; 59<\/p>\n<p>B\u00fc\u015fra &#8211; 55<\/p>\n<p><img loading=\"lazy\" decoding=\"async\" class=\"alignnone wp-image-308511 size-full\" src=\"https:\/\/www.tgrthaber.com\/mavikadin\/wp-content\/uploads\/2026\/03\/Ekran-goruntusu-2026-03-06-161030.png\" alt=\"\" width=\"1919\" height=\"1079\" title=\"\" srcset=\"https:\/\/www.tgrthaber.com\/mavikadin\/wp-content\/uploads\/2026\/03\/Ekran-goruntusu-2026-03-06-161030.png 1919w, https:\/\/www.tgrthaber.com\/mavikadin\/wp-content\/uploads\/2026\/03\/Ekran-goruntusu-2026-03-06-161030-300x169.png 300w, https:\/\/www.tgrthaber.com\/mavikadin\/wp-content\/uploads\/2026\/03\/Ekran-goruntusu-2026-03-06-161030-1024x576.png 1024w, https:\/\/www.tgrthaber.com\/mavikadin\/wp-content\/uploads\/2026\/03\/Ekran-goruntusu-2026-03-06-161030-768x432.png 768w, https:\/\/www.tgrthaber.com\/mavikadin\/wp-content\/uploads\/2026\/03\/Ekran-goruntusu-2026-03-06-161030-1536x864.png 1536w\" sizes=\"(max-width: 1919px) 100vw, 1919px\" \/><\/p>\n<hr \/>\n<h3>GEL\u0130N\u0130M MUTFAKTA 6 MART CUMA K\u0130M ELEND\u0130?<\/h3>\n<p>Gelinim Mutfakta&#8217;da ge\u00e7en Cuma elenen isimler ise B\u00fc\u015fra ve kay\u0131nvalidesi Emine Han\u0131m oldu.<\/p>\n","protected":false},"excerpt":{"rendered":"<p>Gelinim Mutfakta&#8217;n\u0131n dikkat \u00e7eken gelin ve kay\u0131nvalidesi Tu\u011fba ve S\u00fcheyla aras\u0131nda ipler koptu. Ya\u015fanan kavga, Tu\u011fba&#8217;n\u0131n bavulunu haz\u0131rlamas\u0131yla son buldu. Gelinim Mutfakta&#8217;da Tu\u011fba&#8217;y\u0131 bu kadar sinirlendiren olay ise merak ediliyor. Peki Gelinim Mutfakta S\u00fcheyla Han\u0131m ne yapt\u0131? S\u00fcheyla Han\u0131m diskalifiye mi olacak? Tu\u011fba neye sinirlendi? Gelinim Mutfakta Tu\u011fba yar\u0131\u015fmay\u0131 b\u0131rakacak m\u0131? \u0130\u015fte detaylar&#8230;<\/p>\n","protected":false},"author":35,"featured_media":308506,"comment_status":"closed","ping_status":"closed","sticky":false,"template":"","format":"standard","meta":{"rank_math_lock_modified_date":false,"footnotes":""},"categories":[76],"tags":[7578,71547,71265,2766,133],"class_list":["post-308505","post","type-post","status-publish","format-standard","has-post-thumbnail","hentry","category-magazin","tag-gelinim-mutfakta","tag-gelinim-mutfakta-suheyla","tag-gelinim-mutfakta-tugba","tag-kanal-d","tag-magazin"],"_links":{"self":[{"href":"https:\/\/www.tgrthaber.com\/mavikadin\/wp-json\/wp\/v2\/posts\/308505"}],"collection":[{"href":"https:\/\/www.tgrthaber.com\/mavikadin\/wp-json\/wp\/v2\/posts"}],"about":[{"href":"https:\/\/www.tgrthaber.com\/mavikadin\/wp-json\/wp\/v2\/types\/post"}],"author":[{"embeddable":true,"href":"https:\/\/www.tgrthaber.com\/mavikadin\/wp-json\/wp\/v2\/users\/35"}],"replies":[{"embeddable":true,"href":"https:\/\/www.tgrthaber.com\/mavikadin\/wp-json\/wp\/v2\/comments?post=308505"}],"version-history":[{"count":4,"href":"https:\/\/www.tgrthaber.com\/mavikadin\/wp-json\/wp\/v2\/posts\/308505\/revisions"}],"predecessor-version":[{"id":308539,"href":"https:\/\/www.tgrthaber.com\/mavikadin\/wp-json\/wp\/v2\/posts\/308505\/revisions\/308539"}],"wp:featuredmedia":[{"embeddable":true,"href":"https:\/\/www.tgrthaber.com\/mavikadin\/wp-json\/wp\/v2\/media\/308506"}],"wp:attachment":[{"href":"https:\/\/www.tgrthaber.com\/mavikadin\/wp-json\/wp\/v2\/media?parent=308505"}],"wp:term":[{"taxonomy":"category","embeddable":true,"href":"https:\/\/www.tgrthaber.com\/mavikadin\/wp-json\/wp\/v2\/categories?post=308505"},{"taxonomy":"post_tag","embeddable":true,"href":"https:\/\/www.tgrthaber.com\/mavikadin\/wp-json\/wp\/v2\/tags?post=308505"}],"curies":[{"name":"wp","href":"https:\/\/api.w.org\/{rel}","templated":true}]}}