{"id":308515,"date":"2026-03-12T15:50:03","date_gmt":"2026-03-12T12:50:03","guid":{"rendered":"https:\/\/www.tgrthaber.com\/mavikadin\/?p=308515"},"modified":"2026-03-12T15:50:03","modified_gmt":"2026-03-12T12:50:03","slug":"esra-erolun-kiz-kardesi-eda-eroldan-hamilelik-pozlari-karni-burnunda-olan-eda-erol-nardan-sonra-karnabahar","status":"publish","type":"post","link":"https:\/\/www.tgrthaber.com\/mavikadin\/esra-erolun-kiz-kardesi-eda-eroldan-hamilelik-pozlari-karni-burnunda-olan-eda-erol-nardan-sonra-karnabahar\/","title":{"rendered":"Esra Erol\u2019un k\u0131z karde\u015fi Eda Erol\u2019dan hamilelik pozlar\u0131! Karn\u0131 burnunda olan Eda Erol \u201cNar\u2019dan sonra Karnabahar\u201d"},"content":{"rendered":"<p>\u00dcnl\u00fc sunucu Esra Erol\u2019un k\u0131z karde\u015fi <a href=\"https:\/\/www.tgrthaber.com\/mavikadin\/esra-erolun-kardesi-eda-erol-muradina-erdi-gelinligi-sosyal-medyaya-damga-vurdu\/\">Eda Erol,<\/a> ge\u00e7ti\u011fimiz aylarda pilot sevgilisi ile evlenmi\u015f, magazin g\u00fcndeminde de damga vurmu\u015ftu. \u015eimdilerde sosyal medya \u00fczerinden yay\u0131nlad\u0131\u011f\u0131 e\u011flenceli payla\u015f\u0131mlar\u0131yla dikkatleri \u00fczerine \u00e7ekiyor. Daha \u00f6nce bebe\u011finin boyutunu \u2018nar\u2019 ile simgeleyen Eda Erol \u015fimdilerde bebe\u011finin yeni boyutunu \u2018karnabahar\u2019 olarak ifade etmesiyle hayranlar\u0131n\u0131 g\u00fcld\u00fcrd\u00fc.<\/p>\n<h3>ESRA EROL\u2019UN KIZ KARDE\u015e\u0130 EDA EROL\u2019DAN HAM\u0130LEL\u0130K POZLARI!<\/h3>\n<p>\u00dcnl\u00fc sunucu Esra Erol\u2019un k\u0131z karde\u015fi <a href=\"https:\/\/www.tgrthaber.com\/mavikadin\/esra-erolun-kiz-kardesi-eda-erol-anne-oluyor-sosyal-medyadan-sevindiren-haber\/\">Eda Erol<\/a>, ge\u00e7ti\u011fimiz aylarda pilot sevgilisi Erdem Kara\u00e7ay\u0131r ile evlenmi\u015fti. D\u00fcnya evine giren \u00e7iften ge\u00e7ti\u011fimiz aylarda ilk bebeklerini beklediklerinin haberini sosyal medya \u00fczerinden duyurmu\u015flard\u0131.<\/p>\n<p><img loading=\"lazy\" decoding=\"async\" class=\"alignnone size-full wp-image-308516\" src=\"https:\/\/www.tgrthaber.com\/mavikadin\/wp-content\/uploads\/2026\/03\/eda-1.jpg\" alt=\"Esra Erol\u2019un k\u0131z karde\u015fi Eda Erol\u2019dan hamilelik pozlar\u0131! Karn\u0131 burnunda olan Eda Erol \u201cNar\u2019dan sonra Karnabahar\u201d \" width=\"1208\" height=\"680\" title=\"\" srcset=\"https:\/\/www.tgrthaber.com\/mavikadin\/wp-content\/uploads\/2026\/03\/eda-1.jpg 1208w, https:\/\/www.tgrthaber.com\/mavikadin\/wp-content\/uploads\/2026\/03\/eda-1-300x169.jpg 300w, https:\/\/www.tgrthaber.com\/mavikadin\/wp-content\/uploads\/2026\/03\/eda-1-1024x576.jpg 1024w, https:\/\/www.tgrthaber.com\/mavikadin\/wp-content\/uploads\/2026\/03\/eda-1-768x432.jpg 768w\" sizes=\"(max-width: 1208px) 100vw, 1208px\" \/><\/p>\n<hr \/>\n<p>\u0130lk bebeklerinin haberiyle b\u00fcy\u00fck bir mutluluk ya\u015fayan Eda Erol ve Erdem Kara\u00e7ay\u0131r, sosyal medya payla\u015f\u0131mlar\u0131yla da dikkatleri \u00fczerine \u00e7ekmeye devam ediyorlar. \u00d6zellikle de Eda Erol\u2019un karn\u0131 burnunda hamilelik pozlar\u0131 olduk\u00e7a dikkat \u00e7ekiyor.<\/p>\n<p><img loading=\"lazy\" decoding=\"async\" class=\"alignnone size-full wp-image-308521\" src=\"https:\/\/www.tgrthaber.com\/mavikadin\/wp-content\/uploads\/2026\/03\/eda-6.jpg\" alt=\"Esra Erol\u2019un k\u0131z karde\u015fi Eda Erol\u2019dan hamilelik pozlar\u0131! Karn\u0131 burnunda olan Eda Erol \u201cNar\u2019dan sonra Karnabahar\u201d \" width=\"1208\" height=\"680\" title=\"\" srcset=\"https:\/\/www.tgrthaber.com\/mavikadin\/wp-content\/uploads\/2026\/03\/eda-6.jpg 1208w, https:\/\/www.tgrthaber.com\/mavikadin\/wp-content\/uploads\/2026\/03\/eda-6-300x169.jpg 300w, https:\/\/www.tgrthaber.com\/mavikadin\/wp-content\/uploads\/2026\/03\/eda-6-1024x576.jpg 1024w, https:\/\/www.tgrthaber.com\/mavikadin\/wp-content\/uploads\/2026\/03\/eda-6-768x432.jpg 768w\" sizes=\"(max-width: 1208px) 100vw, 1208px\" \/><\/p>\n<hr \/>\n<p>Karn\u0131 burnunda anne aday\u0131 olan Eda Erol, sosyal medyas\u0131nda yay\u0131nlad\u0131\u011f\u0131 foto\u011fraflarla dikkatleri \u00fczerine \u00e7ekmeye devam ediyor. Takip\u00e7ileri taraf\u0131ndan yo\u011fun ilgi g\u00f6ren Eda Erol, bebe\u011finin hamilelik boyunca boyutlar\u0131n\u0131 da payla\u015farak takip\u00e7ilerini g\u00fcld\u00fcrmeyi ba\u015far\u0131yor.<\/p>\n<h3><img loading=\"lazy\" decoding=\"async\" class=\"alignnone size-full wp-image-308520\" src=\"https:\/\/www.tgrthaber.com\/mavikadin\/wp-content\/uploads\/2026\/03\/eda-5.jpg\" alt=\"Esra Erol\u2019un k\u0131z karde\u015fi Eda Erol\u2019dan hamilelik pozlar\u0131! Karn\u0131 burnunda olan Eda Erol \u201cNar\u2019dan sonra Karnabahar\u201d \" width=\"1208\" height=\"680\" title=\"\" srcset=\"https:\/\/www.tgrthaber.com\/mavikadin\/wp-content\/uploads\/2026\/03\/eda-5.jpg 1208w, https:\/\/www.tgrthaber.com\/mavikadin\/wp-content\/uploads\/2026\/03\/eda-5-300x169.jpg 300w, https:\/\/www.tgrthaber.com\/mavikadin\/wp-content\/uploads\/2026\/03\/eda-5-1024x576.jpg 1024w, https:\/\/www.tgrthaber.com\/mavikadin\/wp-content\/uploads\/2026\/03\/eda-5-768x432.jpg 768w\" sizes=\"(max-width: 1208px) 100vw, 1208px\" \/><\/h3>\n<h3>KARNI BURNUNDA OLAN EDA EROL \u201cNAR\u2019DAN SONRA KARNABAHAR\u201d<\/h3>\n<p>\u00dcnl\u00fc isim Eda Erol, sosyal medyas\u0131ndan yay\u0131nlad\u0131\u011f\u0131 foto\u011fraflarla takip\u00e7ileri taraf\u0131ndan yo\u011fun ilgi g\u00f6r\u00fcyor. Pilot sevgilisi Erdem Kara\u00e7ay\u0131r ile ge\u00e7ti\u011fimiz a\u011fustos ay\u0131nda evlenen Eda Erol, ilk bebeklerini kucaklar\u0131na almak i\u00e7in g\u00fcn say\u0131yorlar.<\/p>\n<p><img loading=\"lazy\" decoding=\"async\" class=\"alignnone size-full wp-image-308517\" src=\"https:\/\/www.tgrthaber.com\/mavikadin\/wp-content\/uploads\/2026\/03\/eda-2.jpg\" alt=\"Esra Erol\u2019un k\u0131z karde\u015fi Eda Erol\u2019dan hamilelik pozlar\u0131! Karn\u0131 burnunda olan Eda Erol \u201cNar\u2019dan sonra Karnabahar\u201d \" width=\"1208\" height=\"680\" title=\"\" srcset=\"https:\/\/www.tgrthaber.com\/mavikadin\/wp-content\/uploads\/2026\/03\/eda-2.jpg 1208w, https:\/\/www.tgrthaber.com\/mavikadin\/wp-content\/uploads\/2026\/03\/eda-2-300x169.jpg 300w, https:\/\/www.tgrthaber.com\/mavikadin\/wp-content\/uploads\/2026\/03\/eda-2-1024x576.jpg 1024w, https:\/\/www.tgrthaber.com\/mavikadin\/wp-content\/uploads\/2026\/03\/eda-2-768x432.jpg 768w\" sizes=\"(max-width: 1208px) 100vw, 1208px\" \/><\/p>\n<hr \/>\n<p>Adile Sultan Saray\u0131\u2019nda ger\u00e7ekle\u015fen g\u00f6rkemli bir d\u00fc\u011f\u00fcn t\u00f6reniyle evlenen ikilinin bu \u00f6zel g\u00fcn\u00fcnde \u00e7ok say\u0131da \u00fcnl\u00fc isim ve yak\u0131n dostunun kat\u0131lmas\u0131yla uzun s\u00fcre magazin g\u00fcndeminde konu\u015fulmu\u015ftu.<\/p>\n<p><img loading=\"lazy\" decoding=\"async\" class=\"alignnone size-full wp-image-308518\" src=\"https:\/\/www.tgrthaber.com\/mavikadin\/wp-content\/uploads\/2026\/03\/eda-3.jpg\" alt=\"Esra Erol\u2019un k\u0131z karde\u015fi Eda Erol\u2019dan hamilelik pozlar\u0131! Karn\u0131 burnunda olan Eda Erol \u201cNar\u2019dan sonra Karnabahar\u201d \" width=\"1208\" height=\"680\" title=\"\" srcset=\"https:\/\/www.tgrthaber.com\/mavikadin\/wp-content\/uploads\/2026\/03\/eda-3.jpg 1208w, https:\/\/www.tgrthaber.com\/mavikadin\/wp-content\/uploads\/2026\/03\/eda-3-300x169.jpg 300w, https:\/\/www.tgrthaber.com\/mavikadin\/wp-content\/uploads\/2026\/03\/eda-3-1024x576.jpg 1024w, https:\/\/www.tgrthaber.com\/mavikadin\/wp-content\/uploads\/2026\/03\/eda-3-768x432.jpg 768w\" sizes=\"(max-width: 1208px) 100vw, 1208px\" \/><\/p>\n<hr \/>\n<p>\u015eimdilerde \u00fcnl\u00fc isim Eda Erol, karn\u0131 burnunda pozlar\u0131yla sosyal medyan\u0131n en \u00e7ok konu\u015fulan isimlerinden oldu. Anne olmak i\u00e7in g\u00fcn sayan Eda Erol, erkek bebek bekledi\u011finin m\u00fcjdesini vermi\u015f bu anlar\u0131 sosyal medyas\u0131ndan sevenleriyle payla\u015fm\u0131\u015ft\u0131.<\/p>\n<p><img loading=\"lazy\" decoding=\"async\" class=\"alignnone size-full wp-image-308519\" src=\"https:\/\/www.tgrthaber.com\/mavikadin\/wp-content\/uploads\/2026\/03\/eda-4.jpg\" alt=\"Esra Erol\u2019un k\u0131z karde\u015fi Eda Erol\u2019dan hamilelik pozlar\u0131! Karn\u0131 burnunda olan Eda Erol \u201cNar\u2019dan sonra Karnabahar\u201d \" width=\"1208\" height=\"680\" title=\"\" srcset=\"https:\/\/www.tgrthaber.com\/mavikadin\/wp-content\/uploads\/2026\/03\/eda-4.jpg 1208w, https:\/\/www.tgrthaber.com\/mavikadin\/wp-content\/uploads\/2026\/03\/eda-4-300x169.jpg 300w, https:\/\/www.tgrthaber.com\/mavikadin\/wp-content\/uploads\/2026\/03\/eda-4-1024x576.jpg 1024w, https:\/\/www.tgrthaber.com\/mavikadin\/wp-content\/uploads\/2026\/03\/eda-4-768x432.jpg 768w\" sizes=\"(max-width: 1208px) 100vw, 1208px\" \/><\/p>\n<hr \/>\n<p>Son olarak ge\u00e7ti\u011fimiz g\u00fcnlerde Eda Erol\u2019dan hamilelik pozlar\u0131na bir yenisi geldi. Bebe\u011finin mevcut durumu hakk\u0131nda detaylar\u0131 takip\u00e7ileriyle bulu\u015fturan Eda Erol, bebe\u011finin boyutunu daha \u00f6nce \u2018Nar\u2019 olarak tan\u0131mlam\u0131\u015ft\u0131. \u015eimdilerde ise \u201c\u00c7\u00fcnk\u00fc o bir Karnabahar&#8221; notunu ekleyerek yeni hallerini payla\u015ft\u0131.<\/p>\n","protected":false},"excerpt":{"rendered":"<p>Esra Erol\u2019un k\u0131z karde\u015fi Eda Erol\u2019dan hamilelik pozlar\u0131 geldi. Hamilelik s\u00fcre\u00e7lerini s\u00fcrekli sosyal medya hesab\u0131ndan yay\u0131nlayan Eda Erol, ge\u00e7ti\u011fimiz g\u00fcnlerde yapm\u0131\u015f oldu\u011fu payla\u015f\u0131mlarla sevenlerini g\u00fcld\u00fcrd\u00fc. Karn\u0131 burnunda olan anne aday\u0131 Eda Erol, \u201cNar\u2019dan sonra Karnabahar\u201d a\u00e7\u0131klamas\u0131yla dikkatleri \u00fczerine \u00e7ekti. <\/p>\n","protected":false},"author":34,"featured_media":308522,"comment_status":"closed","ping_status":"closed","sticky":false,"template":"","format":"standard","meta":{"rank_math_lock_modified_date":false,"footnotes":""},"categories":[76],"tags":[16827,73296,3228,4919,2218],"class_list":["post-308515","post","type-post","status-publish","format-standard","has-post-thumbnail","hentry","category-magazin","tag-eda-erol","tag-eda-erol-hamilelik","tag-esra-erol","tag-hamile","tag-magazin-haberleri"],"_links":{"self":[{"href":"https:\/\/www.tgrthaber.com\/mavikadin\/wp-json\/wp\/v2\/posts\/308515"}],"collection":[{"href":"https:\/\/www.tgrthaber.com\/mavikadin\/wp-json\/wp\/v2\/posts"}],"about":[{"href":"https:\/\/www.tgrthaber.com\/mavikadin\/wp-json\/wp\/v2\/types\/post"}],"author":[{"embeddable":true,"href":"https:\/\/www.tgrthaber.com\/mavikadin\/wp-json\/wp\/v2\/users\/34"}],"replies":[{"embeddable":true,"href":"https:\/\/www.tgrthaber.com\/mavikadin\/wp-json\/wp\/v2\/comments?post=308515"}],"version-history":[{"count":2,"href":"https:\/\/www.tgrthaber.com\/mavikadin\/wp-json\/wp\/v2\/posts\/308515\/revisions"}],"predecessor-version":[{"id":308524,"href":"https:\/\/www.tgrthaber.com\/mavikadin\/wp-json\/wp\/v2\/posts\/308515\/revisions\/308524"}],"wp:featuredmedia":[{"embeddable":true,"href":"https:\/\/www.tgrthaber.com\/mavikadin\/wp-json\/wp\/v2\/media\/308522"}],"wp:attachment":[{"href":"https:\/\/www.tgrthaber.com\/mavikadin\/wp-json\/wp\/v2\/media?parent=308515"}],"wp:term":[{"taxonomy":"category","embeddable":true,"href":"https:\/\/www.tgrthaber.com\/mavikadin\/wp-json\/wp\/v2\/categories?post=308515"},{"taxonomy":"post_tag","embeddable":true,"href":"https:\/\/www.tgrthaber.com\/mavikadin\/wp-json\/wp\/v2\/tags?post=308515"}],"curies":[{"name":"wp","href":"https:\/\/api.w.org\/{rel}","templated":true}]}}