{"id":308549,"date":"2026-03-12T17:07:01","date_gmt":"2026-03-12T14:07:01","guid":{"rendered":"https:\/\/www.tgrthaber.com\/mavikadin\/?p=308549"},"modified":"2026-03-12T17:07:01","modified_gmt":"2026-03-12T14:07:01","slug":"inci-taneleri-finali-ne-zaman-inci-taneleri-kacinci-bolumde-bitiyor","status":"publish","type":"post","link":"https:\/\/www.tgrthaber.com\/mavikadin\/inci-taneleri-finali-ne-zaman-inci-taneleri-kacinci-bolumde-bitiyor\/","title":{"rendered":"\u0130nci Taneleri finali ne zaman? \u0130nci Taneleri ka\u00e7\u0131nc\u0131 b\u00f6l\u00fcmde bitiyor?"},"content":{"rendered":"<p>Ekranlar\u0131n sevilen dizisi \u0130nci Taneleri, final b\u00f6l\u00fcm\u00fcyle merak ediliyor. Per\u015fembe ak\u015famlar\u0131 ekranlara gelen \u0130nci Taneleri, izleyiciler taraf\u0131ndan arama motorlar\u0131nda merak edilerek ara\u015ft\u0131r\u0131l\u0131yor. Peki, \u0130nci Taneleri finali ne zaman? \u0130nci Taneleri ka\u00e7\u0131nc\u0131 b\u00f6l\u00fcmde bitiyor? sorular\u0131n\u0131 sizin i\u00e7in ara\u015ft\u0131rd\u0131k. \u0130\u015fte detaylar\u2026<\/p>\n<h3>\u0130NC\u0130 TANELER\u0130 F\u0130NAL\u0130 NE ZAMAN?<\/h3>\n<p>Kanal D ekranlar\u0131n\u0131n sevilen dizisi <a href=\"https:\/\/www.tgrthaber.com\/medya\/inci-taneleri-final-yapiyor-yilmaz-erdogandan-diziye-veda-3287712?s=1\">\u0130nci Taneleri<\/a>, dikkatleri \u00fczerine \u00e7ekmeye devam ediyor. K\u0131sa s\u00fcre de dikkatleri \u00fczerine \u00e7ekerek \u00e7ok konu\u015fulan yap\u0131mlar aras\u0131nda yer alan \u0130nci Taneleri, final b\u00f6l\u00fcm\u00fcyle ara\u015ft\u0131r\u0131lmaya ba\u015fland\u0131.<\/p>\n<p><img loading=\"lazy\" decoding=\"async\" class=\"alignnone size-full wp-image-308556\" src=\"https:\/\/www.tgrthaber.com\/mavikadin\/wp-content\/uploads\/2026\/03\/dizi-13.jpg\" alt=\"\u0130nci Taneleri finali ne zaman? \u0130nci Taneleri ka\u00e7\u0131nc\u0131 b\u00f6l\u00fcmde bitiyor?\" width=\"1208\" height=\"680\" title=\"\" srcset=\"https:\/\/www.tgrthaber.com\/mavikadin\/wp-content\/uploads\/2026\/03\/dizi-13.jpg 1208w, https:\/\/www.tgrthaber.com\/mavikadin\/wp-content\/uploads\/2026\/03\/dizi-13-300x169.jpg 300w, https:\/\/www.tgrthaber.com\/mavikadin\/wp-content\/uploads\/2026\/03\/dizi-13-1024x576.jpg 1024w, https:\/\/www.tgrthaber.com\/mavikadin\/wp-content\/uploads\/2026\/03\/dizi-13-768x432.jpg 768w\" sizes=\"(max-width: 1208px) 100vw, 1208px\" \/><\/p>\n<hr \/>\n<p>Y\u0131lmaz Erdo\u011fan\u2019\u0131n yaz\u0131p ayr\u0131ca da ba\u015frol\u00fcnde yer ald\u0131\u011f\u0131 \u0130nci Taneleri, k\u0131sa zaman \u00f6nce yeni sezonuyla ekranlara gelmi\u015fti. Ancak Y\u0131lmaz Erdo\u011fan\u2019\u0131n dijital platform dizisi olacak olan Organize \u0130\u015fler: Karun Hazinesi\u2019nin \u00e7ekimleri nedeniyle sezon finali aras\u0131n\u0131 uzun tutmu\u015ftu.<\/p>\n<p><img loading=\"lazy\" decoding=\"async\" class=\"alignnone size-full wp-image-308554\" src=\"https:\/\/www.tgrthaber.com\/mavikadin\/wp-content\/uploads\/2026\/03\/dizi-11.jpg\" alt=\"\u0130nci Taneleri finali ne zaman? \u0130nci Taneleri ka\u00e7\u0131nc\u0131 b\u00f6l\u00fcmde bitiyor?\" width=\"1208\" height=\"680\" title=\"\" srcset=\"https:\/\/www.tgrthaber.com\/mavikadin\/wp-content\/uploads\/2026\/03\/dizi-11.jpg 1208w, https:\/\/www.tgrthaber.com\/mavikadin\/wp-content\/uploads\/2026\/03\/dizi-11-300x169.jpg 300w, https:\/\/www.tgrthaber.com\/mavikadin\/wp-content\/uploads\/2026\/03\/dizi-11-1024x576.jpg 1024w, https:\/\/www.tgrthaber.com\/mavikadin\/wp-content\/uploads\/2026\/03\/dizi-11-768x432.jpg 768w\" sizes=\"(max-width: 1208px) 100vw, 1208px\" \/><\/p>\n<hr \/>\n<p>Kanal D ekranlar\u0131nda yay\u0131nlanan \u0130nci Taneleri, yay\u0131n ak\u0131\u015f\u0131na g\u00f6re, final b\u00f6l\u00fcm\u00fcyle Per\u015fembe ak\u015fam\u0131 saat 20.00\u2019de izleyiciyle bulu\u015fuyor. Bu ak\u015fam Kanal D ekranlar\u0131nda b\u00fcy\u00fck finaliyle ekranlara veda edecek.<\/p>\n<h3><img loading=\"lazy\" decoding=\"async\" class=\"alignnone size-full wp-image-308553\" src=\"https:\/\/www.tgrthaber.com\/mavikadin\/wp-content\/uploads\/2026\/03\/dizi-10.jpg\" alt=\"\u0130nci Taneleri finali ne zaman? \u0130nci Taneleri ka\u00e7\u0131nc\u0131 b\u00f6l\u00fcmde bitiyor?\" width=\"1208\" height=\"680\" title=\"\" srcset=\"https:\/\/www.tgrthaber.com\/mavikadin\/wp-content\/uploads\/2026\/03\/dizi-10.jpg 1208w, https:\/\/www.tgrthaber.com\/mavikadin\/wp-content\/uploads\/2026\/03\/dizi-10-300x169.jpg 300w, https:\/\/www.tgrthaber.com\/mavikadin\/wp-content\/uploads\/2026\/03\/dizi-10-1024x576.jpg 1024w, https:\/\/www.tgrthaber.com\/mavikadin\/wp-content\/uploads\/2026\/03\/dizi-10-768x432.jpg 768w\" sizes=\"(max-width: 1208px) 100vw, 1208px\" \/><\/h3>\n<hr \/>\n<h3>\u0130NC\u0130 TANELER\u0130 KA\u00c7INCI B\u00d6L\u00dcMDE B\u0130T\u0130YOR?<\/h3>\n<p>Kanal D ekranlar\u0131nda yay\u0131nlanan \u0130nci Taneleri bu ak\u015fam saat 20.00\u2019da yay\u0131nlan\u0131rken 51. b\u00f6l\u00fcm\u00fcyle ekranlara veda edecek. Final b\u00f6l\u00fcm\u00fcyle merak edilen \u0130nci Taneleri, Cihan ve Elif\u2019in hayatlar\u0131n\u0131 birle\u015ftirmesiyle ba\u015flayacak. Azem ise Dilber\u2019in ko\u015fulsuz sevgisi ve di\u011fer bir yandan da Piraye\u2019nin sevgisiyle s\u0131k\u0131\u015f\u0131p kalacak.<\/p>\n<p><img loading=\"lazy\" decoding=\"async\" class=\"alignnone size-full wp-image-308552\" src=\"https:\/\/www.tgrthaber.com\/mavikadin\/wp-content\/uploads\/2026\/03\/dizi-9.jpg\" alt=\"\u0130nci Taneleri finali ne zaman? \u0130nci Taneleri ka\u00e7\u0131nc\u0131 b\u00f6l\u00fcmde bitiyor?\" width=\"1208\" height=\"680\" title=\"\" srcset=\"https:\/\/www.tgrthaber.com\/mavikadin\/wp-content\/uploads\/2026\/03\/dizi-9.jpg 1208w, https:\/\/www.tgrthaber.com\/mavikadin\/wp-content\/uploads\/2026\/03\/dizi-9-300x169.jpg 300w, https:\/\/www.tgrthaber.com\/mavikadin\/wp-content\/uploads\/2026\/03\/dizi-9-1024x576.jpg 1024w, https:\/\/www.tgrthaber.com\/mavikadin\/wp-content\/uploads\/2026\/03\/dizi-9-768x432.jpg 768w\" sizes=\"(max-width: 1208px) 100vw, 1208px\" \/><\/p>\n<hr \/>\n<p>Ba\u015far\u0131l\u0131 oyuncular Y\u0131lmaz Erdo\u011fan, Hazar Erg\u00fc\u00e7l\u00fc, Kubilay Aka, \u0130rem \u00c7\u0131ray ve Selma Ege\u00e7\u2019in ba\u015frol olarak oynad\u0131\u011f\u0131 \u0130nci Taneleri, final b\u00f6l\u00fcm\u00fcyle ekranlara damga vuracak. Ge\u00e7ti\u011fimiz ay yeni sezonuyla ekranlara gelen \u0130nci Taneleri, izleyiciyi ekran ba\u015f\u0131na kilitleyecek.<\/p>\n<p><img loading=\"lazy\" decoding=\"async\" class=\"alignnone size-full wp-image-308551\" src=\"https:\/\/www.tgrthaber.com\/mavikadin\/wp-content\/uploads\/2026\/03\/dizi-8.jpg\" alt=\"\u0130nci Taneleri finali ne zaman? \u0130nci Taneleri ka\u00e7\u0131nc\u0131 b\u00f6l\u00fcmde bitiyor?\" width=\"1208\" height=\"680\" title=\"\" srcset=\"https:\/\/www.tgrthaber.com\/mavikadin\/wp-content\/uploads\/2026\/03\/dizi-8.jpg 1208w, https:\/\/www.tgrthaber.com\/mavikadin\/wp-content\/uploads\/2026\/03\/dizi-8-300x169.jpg 300w, https:\/\/www.tgrthaber.com\/mavikadin\/wp-content\/uploads\/2026\/03\/dizi-8-1024x576.jpg 1024w, https:\/\/www.tgrthaber.com\/mavikadin\/wp-content\/uploads\/2026\/03\/dizi-8-768x432.jpg 768w\" sizes=\"(max-width: 1208px) 100vw, 1208px\" \/><\/p>\n<hr \/>\n<p>\u00dc\u00e7 sezondur ekran maceras\u0131n\u0131 bu ak\u015fam bitiren \u0130nci Taneleri, 51. b\u00f6l\u00fcm\u00fcyle yolculu\u011funa veda ediyor. \u0130lgi ile takip edilen \u0130nci Taneleri\u2019nin hem senaristi hem de ba\u015frol oyuncusu olan Y\u0131lmaz Erdo\u011fan\u2019\u0131n dizinin son sahnesinin \u00e7ekildi\u011fi g\u00fcn s\u00f6yledikleriyle de ekibe ve hik\u00e2yeye veda etti.<\/p>\n<p><img loading=\"lazy\" decoding=\"async\" class=\"alignnone size-full wp-image-308550\" src=\"https:\/\/www.tgrthaber.com\/mavikadin\/wp-content\/uploads\/2026\/03\/dizi-7.jpg\" alt=\"\u0130nci Taneleri finali ne zaman? \u0130nci Taneleri ka\u00e7\u0131nc\u0131 b\u00f6l\u00fcmde bitiyor?\" width=\"1208\" height=\"680\" title=\"\" srcset=\"https:\/\/www.tgrthaber.com\/mavikadin\/wp-content\/uploads\/2026\/03\/dizi-7.jpg 1208w, https:\/\/www.tgrthaber.com\/mavikadin\/wp-content\/uploads\/2026\/03\/dizi-7-300x169.jpg 300w, https:\/\/www.tgrthaber.com\/mavikadin\/wp-content\/uploads\/2026\/03\/dizi-7-1024x576.jpg 1024w, https:\/\/www.tgrthaber.com\/mavikadin\/wp-content\/uploads\/2026\/03\/dizi-7-768x432.jpg 768w\" sizes=\"(max-width: 1208px) 100vw, 1208px\" \/><\/p>\n<hr \/>\n<p>Y\u0131lmaz Erdo\u011fan konu\u015fmas\u0131nda, \u201cGururla kederin b\u00f6yle birbirine girdi\u011fi bir \u015fey \u00e7ok az ya\u015fad\u0131m. B\u00fct\u00fcn \u00e7ekim s\u00fcreci, her \u015feyiyle muazzam bir i\u015f oldu. Ger\u00e7ek \u2018\u0130nci Taneleri\u2019 sizsiniz\u201d diyerek \u0130nci Taneleri\u2019ne veda etti.<\/p>\n","protected":false},"excerpt":{"rendered":"<p>Kanal D ekranlar\u0131nda yay\u0131nlanan \u0130nci Taneleri, final b\u00f6l\u00fcm\u00fcyle merak konusu oldu. K\u0131sa s\u00fcre de geni\u015f izleyici kitlesine ula\u015fan \u0130nci Taneleri, final b\u00f6l\u00fcm\u00fcyle arama motorlar\u0131nda en \u00e7ok arat\u0131lan konulardan biri oldu. Peki, \u0130nci Taneleri finali ne zaman? \u0130nci Taneleri ka\u00e7\u0131nc\u0131 b\u00f6l\u00fcmde bitiyor? \u0130\u015fte detaylar\u2026<\/p>\n","protected":false},"author":34,"featured_media":308555,"comment_status":"closed","ping_status":"closed","sticky":false,"template":"","format":"standard","meta":{"rank_math_lock_modified_date":false,"footnotes":""},"categories":[602],"tags":[2628,322,3034,4117,73299],"class_list":["post-308549","post","type-post","status-publish","format-standard","has-post-thumbnail","hentry","category-diziler","tag-dizi-haberleri","tag-final","tag-inci-taneleri","tag-inci-taneleri-final","tag-inci-taneleri-final-bolumu"],"_links":{"self":[{"href":"https:\/\/www.tgrthaber.com\/mavikadin\/wp-json\/wp\/v2\/posts\/308549"}],"collection":[{"href":"https:\/\/www.tgrthaber.com\/mavikadin\/wp-json\/wp\/v2\/posts"}],"about":[{"href":"https:\/\/www.tgrthaber.com\/mavikadin\/wp-json\/wp\/v2\/types\/post"}],"author":[{"embeddable":true,"href":"https:\/\/www.tgrthaber.com\/mavikadin\/wp-json\/wp\/v2\/users\/34"}],"replies":[{"embeddable":true,"href":"https:\/\/www.tgrthaber.com\/mavikadin\/wp-json\/wp\/v2\/comments?post=308549"}],"version-history":[{"count":2,"href":"https:\/\/www.tgrthaber.com\/mavikadin\/wp-json\/wp\/v2\/posts\/308549\/revisions"}],"predecessor-version":[{"id":308558,"href":"https:\/\/www.tgrthaber.com\/mavikadin\/wp-json\/wp\/v2\/posts\/308549\/revisions\/308558"}],"wp:featuredmedia":[{"embeddable":true,"href":"https:\/\/www.tgrthaber.com\/mavikadin\/wp-json\/wp\/v2\/media\/308555"}],"wp:attachment":[{"href":"https:\/\/www.tgrthaber.com\/mavikadin\/wp-json\/wp\/v2\/media?parent=308549"}],"wp:term":[{"taxonomy":"category","embeddable":true,"href":"https:\/\/www.tgrthaber.com\/mavikadin\/wp-json\/wp\/v2\/categories?post=308549"},{"taxonomy":"post_tag","embeddable":true,"href":"https:\/\/www.tgrthaber.com\/mavikadin\/wp-json\/wp\/v2\/tags?post=308549"}],"curies":[{"name":"wp","href":"https:\/\/api.w.org\/{rel}","templated":true}]}}