{"id":308559,"date":"2026-03-12T18:08:03","date_gmt":"2026-03-12T15:08:03","guid":{"rendered":"https:\/\/www.tgrthaber.com\/mavikadin\/?p=308559"},"modified":"2026-03-12T18:08:03","modified_gmt":"2026-03-12T15:08:03","slug":"candan-ercetinin-esi-kim-hakan-karahan-kimdir-meslegi-nedir","status":"publish","type":"post","link":"https:\/\/www.tgrthaber.com\/mavikadin\/candan-ercetinin-esi-kim-hakan-karahan-kimdir-meslegi-nedir\/","title":{"rendered":"Candan Er\u00e7etin&#8217;in e\u015fi kim? Hakan Karahan kimdir, mesle\u011fi nedir?"},"content":{"rendered":"<p>\u00dcnl\u00fc \u015fark\u0131c\u0131 Candan Er\u00e7etin&#8217;in 30 y\u0131ld\u0131r birlikte oldu\u011fu sevgilisi <a href=\"https:\/\/www.tgrthaber.com\/mavikadin\/secmenlere-candan-ercetin-surprizi-unlu-sanatci-sandik-kurulu-uyesi-oldu\/\">Hakan Karahan<\/a>, Er\u00e7etin&#8217;e yapt\u0131\u011f\u0131 anlaml\u0131 bir jestle konu\u015fuluyor. Sosyal medyada g\u00fcndem olan Karahan&#8217;\u0131n a\u00e7\u0131klamalar\u0131 sonras\u0131 &#8216;Candan Er\u00e7etin&#8217;in e\u015fi kimdir?, &#8216;Hakan Karahan kim, mesle\u011fi nedir?&#8217;, &#8216;Hakan Karahan hangi dizilerde oynad\u0131?&#8217; gibi sorular da h\u0131z kazand\u0131. \u0130\u015fte Candan Er\u00e7etin&#8217;in e\u015fi Hakan Karahan hakk\u0131nda merak edilen t\u00fcm detaylar&#8230;<\/p>\n<h3>CANDAN ER\u00c7ET\u0130N E\u015e\u0130 K\u0130MD\u0130R?<\/h3>\n<p><a href=\"https:\/\/www.tgrthaber.com\/mavikadin\/kurban-bayraminda-sahne-rekabeti-superstar-ajda-pekkandan-ozcan-denize-konser-maratonu\/\">Candan Er\u00e7etin<\/a>&#8216;in \u00e7ok uzun y\u0131llard\u0131r birlikte oldu\u011fu Hakan Karahan, Asl\u0131 \u015eafak&#8217;\u0131n program\u0131nda yapt\u0131\u011f\u0131 a\u00e7\u0131klamalarla ad\u0131ndan yeniden s\u00f6z ettirdi. Candan Er\u00e7etin ve Hakan Karahan, 30 y\u0131l\u0131 a\u015fk\u0131n birlikte olmas\u0131na ra\u011fmen, resmi olarak evlenmemi\u015ftir.<\/p>\n<p><img loading=\"lazy\" decoding=\"async\" class=\"alignnone wp-image-308572 \" src=\"https:\/\/www.tgrthaber.com\/mavikadin\/wp-content\/uploads\/2026\/03\/i-50.webp\" alt=\"\" width=\"1278\" height=\"719\" title=\"\" srcset=\"https:\/\/www.tgrthaber.com\/mavikadin\/wp-content\/uploads\/2026\/03\/i-50.webp 480w, https:\/\/www.tgrthaber.com\/mavikadin\/wp-content\/uploads\/2026\/03\/i-50-300x169.webp 300w\" sizes=\"(max-width: 1278px) 100vw, 1278px\" \/><\/p>\n<hr \/>\n<p>Y\u0131llard\u0131r mutlu bir evlilkleri bulunan Candan Er\u00e7etin ve <a href=\"https:\/\/www.tgrthaber.com\/mavikadin\/eskiya-dunyaya-hukumdar-olmaz-dizisinin-basrolleri-yillar-sonra-ayni-karede\/\">Hakan Karahan<\/a> ili\u015fkisi, son olarak Karahan&#8217;\u0131n Candan Er\u00e7etin&#8217;e yapt\u0131\u011f\u0131 devasa jestle g\u00fcndeme geldi. Karahan, sevgilisi Er\u00e7etin&#8217;in L\u00fcleburgaz&#8217;da ald\u0131\u011f\u0131 arazinin yan\u0131ndaki b\u00f6lgeyi &#8216;Candan&#8217;\u0131 kimse rahats\u0131z etmesin&#8217; diye ald\u0131\u011f\u0131n\u0131 a\u00e7\u0131klam\u0131\u015f ve bu romantik hareketiyle trend listesine yerini alm\u0131\u015ft\u0131r. Bu geli\u015fme \u00fczerine Hakan Karahan&#8217;\u0131n kim oldu\u011fu, ya\u015f\u0131 ve mesle\u011fi de merak konusu olmu\u015ftur. \u0130\u015fte Hakan Karahan&#8217;\u0131n \u00f6zel hayat\u0131 ve kariyerine dair merak edilenler&#8230;<\/p>\n<p><img loading=\"lazy\" decoding=\"async\" class=\"alignnone wp-image-308571 \" src=\"https:\/\/www.tgrthaber.com\/mavikadin\/wp-content\/uploads\/2026\/03\/candanercetinjpg-X-KiWrsyPEW0thNTcZLgKw.webp\" alt=\"\" width=\"1127\" height=\"635\" title=\"\" srcset=\"https:\/\/www.tgrthaber.com\/mavikadin\/wp-content\/uploads\/2026\/03\/candanercetinjpg-X-KiWrsyPEW0thNTcZLgKw.webp 490w, https:\/\/www.tgrthaber.com\/mavikadin\/wp-content\/uploads\/2026\/03\/candanercetinjpg-X-KiWrsyPEW0thNTcZLgKw-300x169.webp 300w\" sizes=\"(max-width: 1127px) 100vw, 1127px\" \/><\/p>\n<hr \/>\n<h3>HAKAN KARAHAN K\u0130MD\u0130R, MESLE\u011e\u0130 NED\u0130R?<\/h3>\n<p>1 Ocak 1960 y\u0131l\u0131nda \u0130stanbul&#8217;da do\u011fan <a href=\"https:\/\/www.tgrthaber.com\/mavikadin\/eskiya-dunyaya-hukumdar-olmaz-dizisinden-bomba-gibi-haber\/\">Hakan Karahan<\/a>, e\u011fitimine Robert Koleji&#8217;nde ba\u015flam\u0131\u015ft\u0131r. Amerika Birle\u015fik Devletlerinde y\u00fcksek\u00f6\u011frenimini tamamlayan Karahan, ard\u0131ndan Miami \u00dcniversitesi \u0130\u015fletme B\u00f6l\u00fcm\u00fc&#8217;nden mezun olmu\u015ftur.<\/p>\n<p><img loading=\"lazy\" decoding=\"async\" class=\"alignnone wp-image-308576 size-full\" src=\"https:\/\/www.tgrthaber.com\/mavikadin\/wp-content\/uploads\/2026\/03\/s-cef99384fc7d90e042800c76ee5cd40052e818e1.jpg\" alt=\"\" width=\"1200\" height=\"674\" title=\"\" srcset=\"https:\/\/www.tgrthaber.com\/mavikadin\/wp-content\/uploads\/2026\/03\/s-cef99384fc7d90e042800c76ee5cd40052e818e1.jpg 1200w, https:\/\/www.tgrthaber.com\/mavikadin\/wp-content\/uploads\/2026\/03\/s-cef99384fc7d90e042800c76ee5cd40052e818e1-300x169.jpg 300w, https:\/\/www.tgrthaber.com\/mavikadin\/wp-content\/uploads\/2026\/03\/s-cef99384fc7d90e042800c76ee5cd40052e818e1-1024x575.jpg 1024w, https:\/\/www.tgrthaber.com\/mavikadin\/wp-content\/uploads\/2026\/03\/s-cef99384fc7d90e042800c76ee5cd40052e818e1-768x431.jpg 768w\" sizes=\"(max-width: 1200px) 100vw, 1200px\" \/><\/p>\n<hr \/>\n<p>1984 y\u0131l\u0131nda Cenevre&#8217;de Du Pont de Nemours&#8217;ta i\u015f d\u00fcnyas\u0131na ad\u0131m atan Karahan, daha sonra T\u00fcrkiye&#8217;ye gelerek, Sabanc\u0131 Holding b\u00fcnyesinde \u00fcst d\u00fczey y\u00f6neticilik yapm\u0131\u015ft\u0131r.<\/p>\n<p><img loading=\"lazy\" decoding=\"async\" class=\"alignnone wp-image-308574 size-full\" src=\"https:\/\/www.tgrthaber.com\/mavikadin\/wp-content\/uploads\/2026\/03\/3.jpg\" alt=\"\" width=\"2000\" height=\"1329\" title=\"\" srcset=\"https:\/\/www.tgrthaber.com\/mavikadin\/wp-content\/uploads\/2026\/03\/3.jpg 2000w, https:\/\/www.tgrthaber.com\/mavikadin\/wp-content\/uploads\/2026\/03\/3-300x199.jpg 300w, https:\/\/www.tgrthaber.com\/mavikadin\/wp-content\/uploads\/2026\/03\/3-1024x680.jpg 1024w, https:\/\/www.tgrthaber.com\/mavikadin\/wp-content\/uploads\/2026\/03\/3-768x510.jpg 768w, https:\/\/www.tgrthaber.com\/mavikadin\/wp-content\/uploads\/2026\/03\/3-1536x1021.jpg 1536w\" sizes=\"(max-width: 2000px) 100vw, 2000px\" \/><\/p>\n<hr \/>\n<p>1990 ve 2003 y\u0131llar\u0131nda 70&#8217;e yak\u0131n makale ve yaz\u0131 kaleme alan Karahan, ayn\u0131 zamanda 3. Dan aikido ustas\u0131d\u0131r. Edebiyata y\u00f6nelen Hakan Karahan, Yeni Ba\u015flayanlar \u0130\u00e7in Aikido adl\u0131 kitab\u0131 yazm\u0131\u015ft\u0131r. Daha sonra Kafamdaki Ses, \u0130ntizar isimli \u015fiir kitaplar\u0131 yay\u0131nlayan Karahan&#8217;\u0131n, ilk roman\u0131 2001&#8217;de S\u00fcr\u00fcden Ayr\u0131 olarak biliniyor. Sinemaya olduk\u00e7a ilgi duyan Hakan Krahan, Narsist Film ad\u0131nda yap\u0131m \u015firketinin de kurucusudur.<\/p>\n<p><img loading=\"lazy\" decoding=\"async\" class=\"alignnone wp-image-308573 \" src=\"https:\/\/www.tgrthaber.com\/mavikadin\/wp-content\/uploads\/2026\/03\/i-49.webp\" alt=\"\" width=\"1425\" height=\"745\" title=\"\" srcset=\"https:\/\/www.tgrthaber.com\/mavikadin\/wp-content\/uploads\/2026\/03\/i-49.webp 480w, https:\/\/www.tgrthaber.com\/mavikadin\/wp-content\/uploads\/2026\/03\/i-49-300x157.webp 300w\" sizes=\"(max-width: 1425px) 100vw, 1425px\" \/><\/p>\n<hr \/>\n<h3>HAKAN KARAHAN HANG\u0130 YAPIMLARDA ROL ALDI?<\/h3>\n<p>Candan Er\u00e7etin&#8217;in sevgilisi Hakan Karahan bir\u00e7ok \u00f6nemli dizide de rol alm\u0131\u015ft\u0131r. Sa\u011f\u0131r Oda dizisinde hem senarist hem de O\u011fuz Bey&#8217;i oynayan ki\u015fidir. Hakan Karahan&#8217;\u0131n rol ald\u0131\u011f\u0131 ba\u015fl\u0131ca diziler ise \u015fu \u015fekilde;<\/p>\n<p>Ben Bu Cihana S\u0131\u011fmazsam &#8211; Dumrul Bey<\/p>\n<p>Yasak Elma &#8211; Nadir K\u0131l\u0131\u00e7<\/p>\n<p>E\u015fkiya D\u00fcnyaya H\u00fck\u00fcmdar Olmaz &#8211; \u00d6zer<\/p>\n<p><img loading=\"lazy\" decoding=\"async\" class=\"alignnone wp-image-308575 \" src=\"https:\/\/www.tgrthaber.com\/mavikadin\/wp-content\/uploads\/2026\/03\/i-48.webp\" alt=\"\" width=\"1264\" height=\"846\" title=\"\" srcset=\"https:\/\/www.tgrthaber.com\/mavikadin\/wp-content\/uploads\/2026\/03\/i-48.webp 478w, https:\/\/www.tgrthaber.com\/mavikadin\/wp-content\/uploads\/2026\/03\/i-48-300x201.webp 300w\" sizes=\"(max-width: 1264px) 100vw, 1264px\" \/><\/p>\n<hr \/>\n<p>Kad\u0131n- Nezir Korkmaz<\/p>\n<p>Sen \u00c7al Kap\u0131m\u0131 &#8211; Alexander Zucco<\/p>\n<p>Zeytin Twepesi &#8211; Rag\u0131p Tolunay<\/p>\n<p>Ka\u00e7ak &#8211; Taylan Karaman<\/p>\n","protected":false},"excerpt":{"rendered":"<p>Candan Er\u00e7etin&#8217;in e\u015fi olarak bilinen Hakan Karahan, Er\u00e7etin&#8217;e yapt\u0131\u011f\u0131 bir jestle g\u00fcndemi sallad\u0131. Er\u00e7etin&#8217;e yapt\u0131\u011f\u0131 romantik jestle sosyal medyan\u0131n diline d\u00fc\u015fen Hakan Karahan&#8217;\u0131n kim oldu\u011fu ve kariyeri de merak konusu oldu. Peki Candan Er\u00e7etin&#8217;in e\u015fi Hakan Karahan kimdir, ka\u00e7 ya\u015f\u0131ndad\u0131r? Hakan Karahan oyuncu mu, mesle\u011fi nedir? \u0130\u015fte Candan Er\u00e7etin&#8217;in e\u015fi Hakan Karahan&#8217;a dair merak edilen t\u00fcm detaylar&#8230;<\/p>\n","protected":false},"author":35,"featured_media":308568,"comment_status":"closed","ping_status":"closed","sticky":false,"template":"","format":"standard","meta":{"rank_math_lock_modified_date":false,"footnotes":""},"categories":[491],"tags":[3374,73302,73301,73303,73304],"class_list":["post-308559","post","type-post","status-publish","format-standard","has-post-thumbnail","hentry","category-biyografi","tag-biyografi","tag-candan-ercetin-esi","tag-hakan-karahan","tag-hakan-karahan-kimdir","tag-hakan-karahan-meslegi"],"_links":{"self":[{"href":"https:\/\/www.tgrthaber.com\/mavikadin\/wp-json\/wp\/v2\/posts\/308559"}],"collection":[{"href":"https:\/\/www.tgrthaber.com\/mavikadin\/wp-json\/wp\/v2\/posts"}],"about":[{"href":"https:\/\/www.tgrthaber.com\/mavikadin\/wp-json\/wp\/v2\/types\/post"}],"author":[{"embeddable":true,"href":"https:\/\/www.tgrthaber.com\/mavikadin\/wp-json\/wp\/v2\/users\/35"}],"replies":[{"embeddable":true,"href":"https:\/\/www.tgrthaber.com\/mavikadin\/wp-json\/wp\/v2\/comments?post=308559"}],"version-history":[{"count":2,"href":"https:\/\/www.tgrthaber.com\/mavikadin\/wp-json\/wp\/v2\/posts\/308559\/revisions"}],"predecessor-version":[{"id":308578,"href":"https:\/\/www.tgrthaber.com\/mavikadin\/wp-json\/wp\/v2\/posts\/308559\/revisions\/308578"}],"wp:featuredmedia":[{"embeddable":true,"href":"https:\/\/www.tgrthaber.com\/mavikadin\/wp-json\/wp\/v2\/media\/308568"}],"wp:attachment":[{"href":"https:\/\/www.tgrthaber.com\/mavikadin\/wp-json\/wp\/v2\/media?parent=308559"}],"wp:term":[{"taxonomy":"category","embeddable":true,"href":"https:\/\/www.tgrthaber.com\/mavikadin\/wp-json\/wp\/v2\/categories?post=308559"},{"taxonomy":"post_tag","embeddable":true,"href":"https:\/\/www.tgrthaber.com\/mavikadin\/wp-json\/wp\/v2\/tags?post=308559"}],"curies":[{"name":"wp","href":"https:\/\/api.w.org\/{rel}","templated":true}]}}