{"id":308589,"date":"2026-03-12T20:11:37","date_gmt":"2026-03-12T17:11:37","guid":{"rendered":"https:\/\/www.tgrthaber.com\/mavikadin\/?p=308589"},"modified":"2026-03-12T23:06:09","modified_gmt":"2026-03-12T20:06:09","slug":"12-mart-2026-survivor-iletisim-odulunu-hangi-takim-kazandi-kiyasiya-rekabetin-galibi","status":"publish","type":"post","link":"https:\/\/www.tgrthaber.com\/mavikadin\/12-mart-2026-survivor-iletisim-odulunu-hangi-takim-kazandi-kiyasiya-rekabetin-galibi\/","title":{"rendered":"12 Mart 2026 Survivor ileti\u015fim \u00f6d\u00fcl\u00fcn\u00fc hangi tak\u0131m kazand\u0131? K\u0131yas\u0131ya rekabetin galibi"},"content":{"rendered":"<p>12 Mart 2026 ak\u015fam\u0131 <a href=\"https:\/\/www.tgrthaber.com\/mavikadin\/survivor-11-mart-2026-odul-oyununu-hangi-takim-kazandi-survivor-2026-ceza-oyunu-sok-etti\/\">Survivor<\/a> yar\u0131\u015fmas\u0131nda ileti\u015fim \u00f6d\u00fcl\u00fc i\u00e7in heyecan dolu bir oyun oynand\u0131. Yar\u0131\u015fmac\u0131lar, sevdiklerinden gelecek mesajlar\u0131 okuyabilmek i\u00e7in parkurda t\u00fcm g\u00fc\u00e7lerini ortaya koydu. H\u0131z, denge ve at\u0131\u015f etaplar\u0131n\u0131n yer ald\u0131\u011f\u0131 m\u00fccadelede \u00dcnl\u00fcler ve G\u00f6n\u00fcll\u00fcler tak\u0131mlar\u0131 uzun s\u00fcre ba\u015fa ba\u015f ilerledi. Her say\u0131n\u0131n ard\u0131ndan tansiyon giderek y\u00fckselirken, tak\u0131m arkada\u015flar\u0131n\u0131n birbirine verdi\u011fi destek dikkat \u00e7ekti. Final etab\u0131nda gelen kritik say\u0131, oyunun kaderini belirledi ve bir tak\u0131m ileti\u015fim \u00f6d\u00fcl\u00fcn\u00fc kazanarak b\u00fcy\u00fck bir sevin\u00e7 ya\u015fad\u0131. Peki, Survivor ileti\u015fim \u00f6d\u00fcl\u00fcn\u00fc hangi tak\u0131m kazand\u0131?<\/p>\n<h3>SURV\u0130VOR \u0130LET\u0130\u015e\u0130M \u00d6D\u00dcL\u00dcN\u00dc HANG\u0130 TAKIM KAZANDI?<\/h3>\n<p>12 Mart 2026 Survivor ileti\u015fim \u00f6d\u00fcl\u00fcn\u00fc kazanan tak\u0131m\u0131 G\u00f6n\u00fcll\u00fcler oldu.<\/p>\n<p><img loading=\"lazy\" decoding=\"async\" class=\"alignnone wp-image-308594 size-full\" src=\"https:\/\/www.tgrthaber.com\/mavikadin\/wp-content\/uploads\/2026\/03\/Survivor-2026-6.jpg\" alt=\"\" width=\"1208\" height=\"680\" title=\"\" srcset=\"https:\/\/www.tgrthaber.com\/mavikadin\/wp-content\/uploads\/2026\/03\/Survivor-2026-6.jpg 1208w, https:\/\/www.tgrthaber.com\/mavikadin\/wp-content\/uploads\/2026\/03\/Survivor-2026-6-300x169.jpg 300w, https:\/\/www.tgrthaber.com\/mavikadin\/wp-content\/uploads\/2026\/03\/Survivor-2026-6-1024x576.jpg 1024w, https:\/\/www.tgrthaber.com\/mavikadin\/wp-content\/uploads\/2026\/03\/Survivor-2026-6-768x432.jpg 768w\" sizes=\"(max-width: 1208px) 100vw, 1208px\" \/><\/p>\n<hr \/>\n<h3>SURV\u0130VOR 11 MART 2026 \u00d6D\u00dcL OYUNUNU HANG\u0130 TAKIM KAZANDI?<\/h3>\n<p>Survivor 11 Mart 2026 \u00f6d\u00fcl oyununu kazanan tak\u0131m\u0131 \u00dcnl\u00fcler oldu.<\/p>\n<h3>SURV\u0130VOR 10 MART 2026 \u0130K\u0130NC\u0130 ELEME ADAYI HANG\u0130 YARI\u015eMACI OLDU?<\/h3>\n<p>Survivor 10 Mart 2026 ikinci eleme aday\u0131 Nisanur oldu.<\/p>\n<p><img loading=\"lazy\" decoding=\"async\" class=\"alignnone wp-image-308592 size-full\" src=\"https:\/\/www.tgrthaber.com\/mavikadin\/wp-content\/uploads\/2026\/03\/Survivor-2-2.jpg\" alt=\"\" width=\"1208\" height=\"680\" title=\"\" srcset=\"https:\/\/www.tgrthaber.com\/mavikadin\/wp-content\/uploads\/2026\/03\/Survivor-2-2.jpg 1208w, https:\/\/www.tgrthaber.com\/mavikadin\/wp-content\/uploads\/2026\/03\/Survivor-2-2-300x169.jpg 300w, https:\/\/www.tgrthaber.com\/mavikadin\/wp-content\/uploads\/2026\/03\/Survivor-2-2-1024x576.jpg 1024w, https:\/\/www.tgrthaber.com\/mavikadin\/wp-content\/uploads\/2026\/03\/Survivor-2-2-768x432.jpg 768w\" sizes=\"(max-width: 1208px) 100vw, 1208px\" \/><\/p>\n<hr \/>\n<h3>SURV\u0130VOR 9 MART 2026 B\u0130R\u0130NC\u0130 ELEME ADAYI K\u0130M OLDU?<\/h3>\n<p>Survivor 2026\u2019da d\u00fcn oynanan dokunulmazl\u0131k oyununu kaybeden G\u00f6n\u00fcll\u00fcler tak\u0131m\u0131 bir ismi eleme potas\u0131na yazd\u0131. Kad\u0131nlar aras\u0131nda oynanacak eleme potas\u0131nda Lina birinci aday oldu<\/p>\n<h3>SURV\u0130VOR\u2019DA SON ELENEN YARI\u015eMACI K\u0130M OLDU?<\/h3>\n<p>Survivor 2026\u2019da en son elenen erkek yar\u0131\u015fmac\u0131 Onur Alp \u00c7am oldu.<\/p>\n<p><img loading=\"lazy\" decoding=\"async\" class=\"alignnone wp-image-308590 size-full\" src=\"https:\/\/www.tgrthaber.com\/mavikadin\/wp-content\/uploads\/2026\/03\/Survivor-Unluler-Gonulluler-8.jpg\" alt=\"\" width=\"1208\" height=\"680\" title=\"\" srcset=\"https:\/\/www.tgrthaber.com\/mavikadin\/wp-content\/uploads\/2026\/03\/Survivor-Unluler-Gonulluler-8.jpg 1208w, https:\/\/www.tgrthaber.com\/mavikadin\/wp-content\/uploads\/2026\/03\/Survivor-Unluler-Gonulluler-8-300x169.jpg 300w, https:\/\/www.tgrthaber.com\/mavikadin\/wp-content\/uploads\/2026\/03\/Survivor-Unluler-Gonulluler-8-1024x576.jpg 1024w, https:\/\/www.tgrthaber.com\/mavikadin\/wp-content\/uploads\/2026\/03\/Survivor-Unluler-Gonulluler-8-768x432.jpg 768w\" sizes=\"(max-width: 1208px) 100vw, 1208px\" \/><\/p>\n<hr \/>\n<h3>SURV\u0130VOR 2026 KIRMIZI VE MAV\u0130 TAKIM KADROSU<\/h3>\n<p><strong>Survivor 2026 K\u0131rm\u0131z\u0131 tak\u0131m kadrosu\u00a0<\/strong><\/p>\n<ul>\n<li>Bayhan G\u00fcrhan<\/li>\n<li>Deniz \u00c7atalba\u015f<\/li>\n<li>Nefise Karatay<\/li>\n<li>Sercan Y\u0131ld\u0131r\u0131m<\/li>\n<li>Mert Nobre<\/li>\n<li>Murat Ark\u0131n<\/li>\n<li>Seren Ay \u00c7etin<\/li>\n<li>Serhan Onat<\/li>\n<li>Can Berkay Ertemiz<\/li>\n<li>Seda Albayrak<\/li>\n<\/ul>\n<p><strong>Survivor 2026 Mavi tak\u0131m kadrosu\u00a0<\/strong><\/p>\n<ul>\n<li>Ramazan Sar\u0131<\/li>\n<li>Beyza Gemici<\/li>\n<li>Engincan Tura<\/li>\n<li>Bar\u0131\u015f Murat Ya\u011fc\u0131<\/li>\n<li>G\u00f6zde Bozkurt<\/li>\n<li>Lina Hourieh<\/li>\n<li>Nisanur G\u00fcler<\/li>\n<li>Nagihan Karadere<\/li>\n<li>Osman Can Ural<\/li>\n<li>Sude Demir<\/li>\n<\/ul>\n<p><img loading=\"lazy\" decoding=\"async\" class=\"alignnone wp-image-308591 size-full\" src=\"https:\/\/www.tgrthaber.com\/mavikadin\/wp-content\/uploads\/2026\/03\/Suvivor-2026-kirmizi-ve-mavi-takim-7.jpg\" alt=\"\" width=\"1208\" height=\"680\" title=\"\" srcset=\"https:\/\/www.tgrthaber.com\/mavikadin\/wp-content\/uploads\/2026\/03\/Suvivor-2026-kirmizi-ve-mavi-takim-7.jpg 1208w, https:\/\/www.tgrthaber.com\/mavikadin\/wp-content\/uploads\/2026\/03\/Suvivor-2026-kirmizi-ve-mavi-takim-7-300x169.jpg 300w, https:\/\/www.tgrthaber.com\/mavikadin\/wp-content\/uploads\/2026\/03\/Suvivor-2026-kirmizi-ve-mavi-takim-7-1024x576.jpg 1024w, https:\/\/www.tgrthaber.com\/mavikadin\/wp-content\/uploads\/2026\/03\/Suvivor-2026-kirmizi-ve-mavi-takim-7-768x432.jpg 768w\" sizes=\"(max-width: 1208px) 100vw, 1208px\" \/><\/p>\n<hr \/>\n<h3>SURV\u0130VOR 2026\u2019YA VEDA EDEN YARI\u015eMACILAR<\/h3>\n<ul>\n<li>Dilan \u00c7\u0131tak<\/li>\n<li>Keremcem D\u00fcr\u00fck<\/li>\n<li>Selen G\u00f6rg\u00fczel<\/li>\n<li>Erkan Bilben<\/li>\n<li>Tu\u011f\u00e7e Melis Demir<\/li>\n<li>Do\u011fu\u015f<\/li>\n<li>Meryem Boz<\/li>\n<li>Eren Semerci<\/li>\n<li>B\u00fc\u015fra Yal\u00e7\u0131n<\/li>\n<li>Onur Alp \u00c7am<\/li>\n<\/ul>\n","protected":false},"excerpt":{"rendered":"<p>Survivor 12 Mart 2026 b\u00f6l\u00fcm\u00fcnde ileti\u015fim \u00f6d\u00fcl\u00fc i\u00e7in nefes kesen bir m\u00fccadeleye sahne oldu. \u00dcnl\u00fcler ve G\u00f6n\u00fcll\u00fcler tak\u0131mlar\u0131, zorlu parkurda hem h\u0131z hem de strateji gerektiren etaplarda k\u0131yas\u0131ya rekabet etti. Yar\u0131\u015fmac\u0131lar sevdikleriyle ileti\u015fim kurabilmek i\u00e7in t\u00fcm g\u00fc\u00e7lerini ortaya koyarken, parkurda ya\u015fanan \u00e7eki\u015fmeli anlar izleyiciyi ekran ba\u015f\u0131na kilitledi. B\u00fcy\u00fck m\u00fccadele sonunda bir tak\u0131m ileti\u015fim \u00f6d\u00fcl\u00fcn\u00fc kazanarak moral depolad\u0131. Peki, Survivor ileti\u015fim \u00f6d\u00fcl\u00fcn\u00fc hangi tak\u0131m kazand\u0131?<\/p>\n","protected":false},"author":10,"featured_media":308595,"comment_status":"closed","ping_status":"closed","sticky":false,"template":"","format":"standard","meta":{"rank_math_lock_modified_date":false,"footnotes":""},"categories":[76],"tags":[133,2366,63785,71855],"class_list":["post-308589","post","type-post","status-publish","format-standard","has-post-thumbnail","hentry","category-magazin","tag-magazin","tag-survivor","tag-survivor-2026","tag-survivor-iletisim-odulu"],"_links":{"self":[{"href":"https:\/\/www.tgrthaber.com\/mavikadin\/wp-json\/wp\/v2\/posts\/308589"}],"collection":[{"href":"https:\/\/www.tgrthaber.com\/mavikadin\/wp-json\/wp\/v2\/posts"}],"about":[{"href":"https:\/\/www.tgrthaber.com\/mavikadin\/wp-json\/wp\/v2\/types\/post"}],"author":[{"embeddable":true,"href":"https:\/\/www.tgrthaber.com\/mavikadin\/wp-json\/wp\/v2\/users\/10"}],"replies":[{"embeddable":true,"href":"https:\/\/www.tgrthaber.com\/mavikadin\/wp-json\/wp\/v2\/comments?post=308589"}],"version-history":[{"count":2,"href":"https:\/\/www.tgrthaber.com\/mavikadin\/wp-json\/wp\/v2\/posts\/308589\/revisions"}],"predecessor-version":[{"id":308614,"href":"https:\/\/www.tgrthaber.com\/mavikadin\/wp-json\/wp\/v2\/posts\/308589\/revisions\/308614"}],"wp:featuredmedia":[{"embeddable":true,"href":"https:\/\/www.tgrthaber.com\/mavikadin\/wp-json\/wp\/v2\/media\/308595"}],"wp:attachment":[{"href":"https:\/\/www.tgrthaber.com\/mavikadin\/wp-json\/wp\/v2\/media?parent=308589"}],"wp:term":[{"taxonomy":"category","embeddable":true,"href":"https:\/\/www.tgrthaber.com\/mavikadin\/wp-json\/wp\/v2\/categories?post=308589"},{"taxonomy":"post_tag","embeddable":true,"href":"https:\/\/www.tgrthaber.com\/mavikadin\/wp-json\/wp\/v2\/tags?post=308589"}],"curies":[{"name":"wp","href":"https:\/\/api.w.org\/{rel}","templated":true}]}}