{"id":308598,"date":"2026-03-12T22:18:57","date_gmt":"2026-03-12T19:18:57","guid":{"rendered":"https:\/\/www.tgrthaber.com\/mavikadin\/?p=308598"},"modified":"2026-03-12T22:18:58","modified_gmt":"2026-03-12T19:18:58","slug":"survivorin-eski-yarismacisi-yigit-poyrazdan-cok-konusulacak-cikis-poyraz-acun-ilicaliya-gonderme-mi-yapti","status":"publish","type":"post","link":"https:\/\/www.tgrthaber.com\/mavikadin\/survivorin-eski-yarismacisi-yigit-poyrazdan-cok-konusulacak-cikis-poyraz-acun-ilicaliya-gonderme-mi-yapti\/","title":{"rendered":"Survivor&#8217;\u0131n eski yar\u0131\u015fmac\u0131s\u0131 Yi\u011fit Poyraz\u2019dan \u00e7ok konu\u015fulacak \u00e7\u0131k\u0131\u015f! Poyraz Acun Il\u0131cal\u0131\u2019ya g\u00f6nderme mi yapt\u0131?"},"content":{"rendered":"<p>Eski Survivor yar\u0131\u015fmac\u0131s\u0131 <a href=\"https:\/\/www.tgrthaber.com\/mavikadin\/yasmin-erbil-nostaljik-paylasimiyla-gundem-oldu-yigit-poyraz-yorumda-gecikmedi\/\">Yi\u011fit Poyraz<\/a>, yeni projesi The Traitors T\u00fcrkiye ile g\u00fcndemde. Kanal D ekranlar\u0131nda yay\u0131nlanacak yar\u0131\u015fma \u00f6ncesinde r\u00f6portaj veren Poyraz, \u201c\u00d6nceki kat\u0131ld\u0131\u011f\u0131m yar\u0131\u015fmalarda \u00e7ok kaz\u0131kland\u0131m\u201d ifadelerini kulland\u0131. Poyraz\u2019\u0131n s\u00f6zleri, sosyal medyada k\u0131sa s\u00fcrede tart\u0131\u015fma konusu oldu ve pek \u00e7ok izleyici taraf\u0131ndan Acun Il\u0131cal\u0131\u2019ya g\u00f6nderme mi yapt\u0131? \u015feklinde yorumland\u0131.<\/p>\n<h3>Y\u0130\u011e\u0130T POYRAZ\u2019DAN \u201c\u00c7OK KAZIKLANDIM\u201d<\/h3>\n<p>Survivor\u2019\u0131n eski yar\u0131\u015fmac\u0131lar\u0131ndan Yi\u011fit Poyraz, yar\u0131\u015fmada g\u00f6sterdi\u011fi performansla geni\u015f kitlelere ula\u015fm\u0131\u015ft\u0131. Survivor T\u00fcrkiye 2021 sezonunda kat\u0131lan Yi\u011fit Poyraz, yar\u0131\u015fma s\u00fcresince performans\u0131yla be\u011feni toplanm\u0131\u015ft\u0131. \u015eampiyon adaylar\u0131ndan biri olarak g\u00f6sterilen Yi\u011fit Poyraz, Survivor \u015fampiyonluk kupas\u0131n\u0131 alamam\u0131\u015ft\u0131.<\/p>\n<p><img loading=\"lazy\" decoding=\"async\" class=\"alignnone wp-image-308600 size-full\" src=\"https:\/\/www.tgrthaber.com\/mavikadin\/wp-content\/uploads\/2026\/03\/the-traitors-turkiye-yigit-poyraz.jpg\" alt=\"\" width=\"1208\" height=\"680\" title=\"\" srcset=\"https:\/\/www.tgrthaber.com\/mavikadin\/wp-content\/uploads\/2026\/03\/the-traitors-turkiye-yigit-poyraz.jpg 1208w, https:\/\/www.tgrthaber.com\/mavikadin\/wp-content\/uploads\/2026\/03\/the-traitors-turkiye-yigit-poyraz-300x169.jpg 300w, https:\/\/www.tgrthaber.com\/mavikadin\/wp-content\/uploads\/2026\/03\/the-traitors-turkiye-yigit-poyraz-1024x576.jpg 1024w, https:\/\/www.tgrthaber.com\/mavikadin\/wp-content\/uploads\/2026\/03\/the-traitors-turkiye-yigit-poyraz-768x432.jpg 768w\" sizes=\"(max-width: 1208px) 100vw, 1208px\" \/><\/p>\n<hr \/>\n<p>2024 sezonunda bir kez daha Survivor T\u00fcrkiye\u2019ye kat\u0131lan Yi\u011fit Poyraz, arkada\u015flar\u0131n\u0131n kendisine kurdu\u011fu tuzak d\u00fc\u015ft\u00fc\u011f\u00fcn\u00fc s\u00f6ylemi\u015fti. Yar\u0131\u015fmadan elenme sebebinin tak\u0131m arkada\u015flar\u0131n\u0131n s\u00f6z\u00fcne g\u00fcvendi\u011finden kaynakland\u0131\u011f\u0131n\u0131 ifade etmi\u015fti. Yar\u0131\u015ft\u0131\u011f\u0131 d\u00f6nemde ya\u015fad\u0131\u011f\u0131 zorluklar\u0131 kat\u0131ld\u0131\u011f\u0131 programlarda da dile getirmi\u015fti.<\/p>\n<p><img loading=\"lazy\" decoding=\"async\" class=\"alignnone wp-image-308601 size-full\" src=\"https:\/\/www.tgrthaber.com\/mavikadin\/wp-content\/uploads\/2026\/03\/Adsiz-tasarim-33.jpg\" alt=\"\" width=\"1208\" height=\"680\" title=\"\" srcset=\"https:\/\/www.tgrthaber.com\/mavikadin\/wp-content\/uploads\/2026\/03\/Adsiz-tasarim-33.jpg 1208w, https:\/\/www.tgrthaber.com\/mavikadin\/wp-content\/uploads\/2026\/03\/Adsiz-tasarim-33-300x169.jpg 300w, https:\/\/www.tgrthaber.com\/mavikadin\/wp-content\/uploads\/2026\/03\/Adsiz-tasarim-33-1024x576.jpg 1024w, https:\/\/www.tgrthaber.com\/mavikadin\/wp-content\/uploads\/2026\/03\/Adsiz-tasarim-33-768x432.jpg 768w\" sizes=\"(max-width: 1208px) 100vw, 1208px\" \/><\/p>\n<hr \/>\n<p>Yi\u011fit Poyraz bu kez farkl\u0131 bir formata sahip yeni bir yar\u0131\u015fmayla ekranlara gelecek. Giray Alt\u0131nok\u2019un sunaca\u011f\u0131 Kanal D ekranlar\u0131nda izleyicisiyle bulu\u015facak olan The Traitors T\u00fcrkiye yar\u0131\u015fmas\u0131nda yer alacak. Survivor Poyraz, yar\u0131\u015fma s\u0131ras\u0131nda verdi\u011fi bir deme\u00e7te kulland\u0131\u011f\u0131 s\u00f6zler sosyal medyada viral oldu.<\/p>\n<div style=\"width: 640px;\" class=\"wp-video\"><!--[if lt IE 9]><script>document.createElement('video');<\/script><![endif]-->\n<video class=\"wp-video-shortcode\" id=\"video-308598-1\" width=\"640\" height=\"1138\" preload=\"metadata\" controls=\"controls\"><source type=\"video\/mp4\" src=\"https:\/\/www.tgrthaber.com\/mavikadin\/wp-content\/uploads\/2026\/03\/Poyraz-Acun-Ilicaliya-gonderme-mi-yapti.mp4?_=1\" \/><a href=\"https:\/\/www.tgrthaber.com\/mavikadin\/wp-content\/uploads\/2026\/03\/Poyraz-Acun-Ilicaliya-gonderme-mi-yapti.mp4\">https:\/\/www.tgrthaber.com\/mavikadin\/wp-content\/uploads\/2026\/03\/Poyraz-Acun-Ilicaliya-gonderme-mi-yapti.mp4<\/a><\/video><\/div>\n<hr \/>\n<p>Yi\u011fit Poyraz\u2019\u0131n, \u201c Bu kalede hayatta kalmak i\u00e7in ak\u0131ll\u0131 olmak gerek. Stratejim ise, oyunu kural\u0131na g\u00f6re oynamak. Daha \u00f6nceki kat\u0131ld\u0131\u011f\u0131m yar\u0131\u015fmalarda \u00e7ok kaz\u0131kland\u0131m. Ve baz\u0131 s\u00f6zler verilip sonra tutulmad\u0131. Afallad\u0131\u011f\u0131m bir anda neye u\u011frad\u0131\u011f\u0131m\u0131 \u015fa\u015f\u0131rd\u0131\u011f\u0131m, \u00e7ok an oldu.\u201d s\u00f6zleri dikkat \u00e7ekti. Poyraz\u2019\u0131n en son ya\u015fad\u0131\u011f\u0131 Survivor\u2019daki olaya ve Acun Il\u0131cal\u0131\u2019ya g\u00f6nderme mi yapt\u0131? sorular\u0131n\u0131 ak\u0131llara getirdi.<\/p>\n<h3>Y\u0130\u011e\u0130T POYRAZ K\u0130MD\u0130R KA\u00c7 YA\u015eINDA?<\/h3>\n<p>Yi\u011fit Poyraz, 26 Aral\u0131k 1994 tarihinde d\u00fcnyaya geldi. Bodrum\u2019da b\u00fcy\u00fcd\u00fc\u011f\u00fcn\u00fc belirten Yi\u011fit Poyraz, 2009 y\u0131l\u0131nda Robert Kolej\u2019i yat\u0131l\u0131 olarak kazanarak \u0130stanbul\u2019a yerle\u015fti. 2015 y\u0131l\u0131nda Bo\u011fazi\u00e7i \u00dcniversitesi i\u015fletme b\u00f6l\u00fcm\u00fcne girdi. 1 sene Sydney Uni\u2019de exchange program\u0131 ile e\u011fitim g\u00f6rd\u00fc.<\/p>\n<p><img loading=\"lazy\" decoding=\"async\" class=\"alignnone wp-image-308603 size-full\" src=\"https:\/\/www.tgrthaber.com\/mavikadin\/wp-content\/uploads\/2026\/03\/yigit-poyraz-kimdir.jpg\" alt=\"\" width=\"1208\" height=\"680\" title=\"\" srcset=\"https:\/\/www.tgrthaber.com\/mavikadin\/wp-content\/uploads\/2026\/03\/yigit-poyraz-kimdir.jpg 1208w, https:\/\/www.tgrthaber.com\/mavikadin\/wp-content\/uploads\/2026\/03\/yigit-poyraz-kimdir-300x169.jpg 300w, https:\/\/www.tgrthaber.com\/mavikadin\/wp-content\/uploads\/2026\/03\/yigit-poyraz-kimdir-1024x576.jpg 1024w, https:\/\/www.tgrthaber.com\/mavikadin\/wp-content\/uploads\/2026\/03\/yigit-poyraz-kimdir-768x432.jpg 768w\" sizes=\"(max-width: 1208px) 100vw, 1208px\" \/><\/p>\n<hr \/>\n<p>8 ya\u015f\u0131ndan beri basketbol oynayan Yi\u011fit Poyraz, 2 senedir halalar\u0131yla birlikte \u0130talyan ve Amerikan markalar a\u011f\u0131rl\u0131kl\u0131 olmak \u00fczere tekstil m\u00fcmessilli\u011fi yap\u0131yor. 2021 ve 2024 y\u0131l\u0131nda Survivor T\u00fcrkiye yar\u0131\u015fmas\u0131na kat\u0131ld\u0131. 2026 y\u0131l\u0131nda Kanal D\u2019de yay\u0131nlanacak olan The Traitors T\u00fcrkiye yar\u0131\u015fmas\u0131na kat\u0131l\u0131yor. Poyraz, Mehmet Ali Erbil\u2019in k\u0131z\u0131 Yasmin ile de sevgilidir.<\/p>\n","protected":false},"excerpt":{"rendered":"<p>Giray Alt\u0131nok\u2019un sunaca\u011f\u0131 The traitors T\u00fcrkiye yar\u0131\u015fmas\u0131nda yer alan eski Survivor yar\u0131\u015fmac\u0131s\u0131 Yi\u011fit Poyraz, a\u00e7\u0131klamalar\u0131yla dikkat \u00e7ekti. Kanal D ekranlar\u0131nda yay\u0131nlanacak olan The Traitors T\u00fcrkiye yar\u0131\u015fmas\u0131na r\u00f6portaj veren Yi\u011fit Poyraz, \u201c\u00f6nceki kat\u0131ld\u0131\u011f\u0131m yar\u0131\u015fmalarda \u00e7ok kaz\u0131kland\u0131m\u201d s\u00f6zleri dikkat \u00e7ekti. Poyraz\u2019\u0131n s\u00f6zleri Acun Il\u0131cal\u0131\u2019ya g\u00f6nderme mi yapt\u0131? \u015feklinde yorumland\u0131.<\/p>\n","protected":false},"author":10,"featured_media":308602,"comment_status":"closed","ping_status":"closed","sticky":false,"template":"","format":"standard","meta":{"rank_math_lock_modified_date":false,"footnotes":""},"categories":[76],"tags":[133,2366,73306,73104,4263],"class_list":["post-308598","post","type-post","status-publish","format-standard","has-post-thumbnail","hentry","category-magazin","tag-magazin","tag-survivor","tag-survivor-poyraz","tag-the-traitors-turkiye","tag-yigit-poyraz"],"_links":{"self":[{"href":"https:\/\/www.tgrthaber.com\/mavikadin\/wp-json\/wp\/v2\/posts\/308598"}],"collection":[{"href":"https:\/\/www.tgrthaber.com\/mavikadin\/wp-json\/wp\/v2\/posts"}],"about":[{"href":"https:\/\/www.tgrthaber.com\/mavikadin\/wp-json\/wp\/v2\/types\/post"}],"author":[{"embeddable":true,"href":"https:\/\/www.tgrthaber.com\/mavikadin\/wp-json\/wp\/v2\/users\/10"}],"replies":[{"embeddable":true,"href":"https:\/\/www.tgrthaber.com\/mavikadin\/wp-json\/wp\/v2\/comments?post=308598"}],"version-history":[{"count":2,"href":"https:\/\/www.tgrthaber.com\/mavikadin\/wp-json\/wp\/v2\/posts\/308598\/revisions"}],"predecessor-version":[{"id":308605,"href":"https:\/\/www.tgrthaber.com\/mavikadin\/wp-json\/wp\/v2\/posts\/308598\/revisions\/308605"}],"wp:featuredmedia":[{"embeddable":true,"href":"https:\/\/www.tgrthaber.com\/mavikadin\/wp-json\/wp\/v2\/media\/308602"}],"wp:attachment":[{"href":"https:\/\/www.tgrthaber.com\/mavikadin\/wp-json\/wp\/v2\/media?parent=308598"}],"wp:term":[{"taxonomy":"category","embeddable":true,"href":"https:\/\/www.tgrthaber.com\/mavikadin\/wp-json\/wp\/v2\/categories?post=308598"},{"taxonomy":"post_tag","embeddable":true,"href":"https:\/\/www.tgrthaber.com\/mavikadin\/wp-json\/wp\/v2\/tags?post=308598"}],"curies":[{"name":"wp","href":"https:\/\/api.w.org\/{rel}","templated":true}]}}