{"id":308606,"date":"2026-03-12T22:44:01","date_gmt":"2026-03-12T19:44:01","guid":{"rendered":"https:\/\/www.tgrthaber.com\/mavikadin\/?p=308606"},"modified":"2026-03-12T22:51:11","modified_gmt":"2026-03-12T19:51:11","slug":"inci-taneleri-final-mi-inci-taneleri-neden-final-oluyor","status":"publish","type":"post","link":"https:\/\/www.tgrthaber.com\/mavikadin\/inci-taneleri-final-mi-inci-taneleri-neden-final-oluyor\/","title":{"rendered":"\u0130nci Taneleri final mi? \u0130nci Taneleri neden final oluyor?"},"content":{"rendered":"<p>Kanal D ekranlar\u0131n\u0131n Per\u015fembe ak\u015famlar\u0131 ilgiyle izlenen dizisi <a href=\"https:\/\/www.tgrthaber.com\/medya\/inci-taneleri-final-yapiyor-yilmaz-erdogandan-diziye-veda-3287712\">\u0130nci Taneleri<\/a>, bu ak\u015fam yay\u0131nlanacak final b\u00f6l\u00fcm\u00fcyle ekrana geliyor. Dizinin ba\u015frol oyuncular\u0131 Y\u0131lmaz Erdo\u011fan ve Hazar Erg\u00fc\u00e7l\u00fc\u2019n\u00fcn etkileyici performanslar\u0131, izleyicilerin diziyi takip etme heyecan\u0131n\u0131 art\u0131rd\u0131. Sosyal medyada final haberi b\u00fcy\u00fck yank\u0131 uyand\u0131r\u0131rken, izleyiciler diziyi \u00f6zlemle hat\u0131rlayacaklar\u0131n\u0131 payla\u015ft\u0131. Peki, \u0130nci Taneleri final mi? \u0130nci Taneleri neden final oluyor? \u0130nci Taneleri final b\u00f6l\u00fcm\u00fcnde neler oldu?<\/p>\n<h3>\u0130NC\u0130 TANELER\u0130 F\u0130NAL M\u0130?<\/h3>\n<p>Kanal D kanal\u0131nda 3 sezon boyunca Per\u015fembe ak\u015famlar\u0131 ekrana gelen \u0130nci Taneleri dizisi i\u00e7in fla\u015f karar verildi. Bir s\u00fcredir 3. Sezon ne zaman ba\u015flayacak diye merak edilen \u0130nci Taneleri dizisi, yeni sezonu k\u0131sa s\u00fcrd\u00fc. Y\u0131lmaz Erdo\u011fan\u2019\u0131n kaleminden ger\u00e7ek bir hayat hikayesinden uyarlanan \u0130nci Taneleri dizisi 12 Mart 2026 ak\u015fam\u0131 51. B\u00f6l\u00fcm\u00fcyle ekranlara geldi. Azem ve Diber\u2019in birbirlerini yeniden g\u00f6rmeleriyle, ili\u015fkilerine son noktay\u0131 koyacaklar\u0131 yeni b\u00f6l\u00fcmde izleyenleri s\u00fcrpriz bir geli\u015fme daha bekledi.<\/p>\n<p><img loading=\"lazy\" decoding=\"async\" class=\"alignnone wp-image-308607 size-full\" src=\"https:\/\/www.tgrthaber.com\/mavikadin\/wp-content\/uploads\/2026\/03\/Inci-Taneleri-final-mi.jpg\" alt=\"\" width=\"1208\" height=\"680\" title=\"\" srcset=\"https:\/\/www.tgrthaber.com\/mavikadin\/wp-content\/uploads\/2026\/03\/Inci-Taneleri-final-mi.jpg 1208w, https:\/\/www.tgrthaber.com\/mavikadin\/wp-content\/uploads\/2026\/03\/Inci-Taneleri-final-mi-300x169.jpg 300w, https:\/\/www.tgrthaber.com\/mavikadin\/wp-content\/uploads\/2026\/03\/Inci-Taneleri-final-mi-1024x576.jpg 1024w, https:\/\/www.tgrthaber.com\/mavikadin\/wp-content\/uploads\/2026\/03\/Inci-Taneleri-final-mi-768x432.jpg 768w\" sizes=\"(max-width: 1208px) 100vw, 1208px\" \/><\/p>\n<hr \/>\n<h3>\u0130NC\u0130 TANELER\u0130 NEDEN F\u0130NAL OLUYOR?<\/h3>\n<p>Y\u0131lmaz Erdo\u011fan\u2019\u0131n hikayesini yazd\u0131\u011f\u0131 ve senaryo ekibiyle daha da ileri seviyeye ta\u015f\u0131d\u0131klar\u0131 \u0130nci Taneleri dizisi i\u00e7in final karar\u0131 al\u0131nd\u0131. Yap\u0131m ekibi, \u0130nci Taneleri dizisinin hik\u00e2yesinde do\u011fal olarak sona ula\u015fmas\u0131 ve karakterlerin yolculu\u011funu tamamlamas\u0131 nedeniyle final yap\u0131yor.<\/p>\n<p><img loading=\"lazy\" decoding=\"async\" class=\"alignnone wp-image-308608 size-full\" src=\"https:\/\/www.tgrthaber.com\/mavikadin\/wp-content\/uploads\/2026\/03\/inci-taneleri-neden-final-oluyor.jpg\" alt=\"\" width=\"1208\" height=\"680\" title=\"\" srcset=\"https:\/\/www.tgrthaber.com\/mavikadin\/wp-content\/uploads\/2026\/03\/inci-taneleri-neden-final-oluyor.jpg 1208w, https:\/\/www.tgrthaber.com\/mavikadin\/wp-content\/uploads\/2026\/03\/inci-taneleri-neden-final-oluyor-300x169.jpg 300w, https:\/\/www.tgrthaber.com\/mavikadin\/wp-content\/uploads\/2026\/03\/inci-taneleri-neden-final-oluyor-1024x576.jpg 1024w, https:\/\/www.tgrthaber.com\/mavikadin\/wp-content\/uploads\/2026\/03\/inci-taneleri-neden-final-oluyor-768x432.jpg 768w\" sizes=\"(max-width: 1208px) 100vw, 1208px\" \/><\/p>\n<hr \/>\n<p>Dizinin dramatik ve duygusal ak\u0131\u015f\u0131n\u0131 planlad\u0131\u011f\u0131 noktada bitirerek hem izleyicilere tatmin edici bir kapan\u0131\u015f sunmak hem de hik\u00e2yeyi gereksiz uzatmadan tamamlamak istediler. \u0130nci Taneleri dizisi reytingleri ve yay\u0131n takvimi de final karar\u0131nda etkili oldu; ekip, hik\u00e2yeyi kaliteli ve planl\u0131 bir \u015fekilde bitirmenin izleyiciye daha iyi bir deneyim sa\u011flayaca\u011f\u0131n\u0131 d\u00fc\u015f\u00fcnd\u00fc.<\/p>\n<p><img loading=\"lazy\" decoding=\"async\" class=\"alignnone wp-image-308609 size-full\" src=\"https:\/\/www.tgrthaber.com\/mavikadin\/wp-content\/uploads\/2026\/03\/inci-taneleri-51-final-bolumunde-neler-oldu.jpg\" alt=\"\" width=\"1208\" height=\"680\" title=\"\" srcset=\"https:\/\/www.tgrthaber.com\/mavikadin\/wp-content\/uploads\/2026\/03\/inci-taneleri-51-final-bolumunde-neler-oldu.jpg 1208w, https:\/\/www.tgrthaber.com\/mavikadin\/wp-content\/uploads\/2026\/03\/inci-taneleri-51-final-bolumunde-neler-oldu-300x169.jpg 300w, https:\/\/www.tgrthaber.com\/mavikadin\/wp-content\/uploads\/2026\/03\/inci-taneleri-51-final-bolumunde-neler-oldu-1024x576.jpg 1024w, https:\/\/www.tgrthaber.com\/mavikadin\/wp-content\/uploads\/2026\/03\/inci-taneleri-51-final-bolumunde-neler-oldu-768x432.jpg 768w\" sizes=\"(max-width: 1208px) 100vw, 1208px\" \/><\/p>\n<hr \/>\n<h3>\u0130NC\u0130 TANELER\u0130 51. F\u0130NAL B\u00d6L\u00dcM\u00dcNDE NELER OLDU?<\/h3>\n<p>Nehir\u2019in kaybolmas\u0131yla ba\u015flayan endi\u015fe, onun bulunmas\u0131yla birlikte yerini duygusal bir kavu\u015fmaya b\u0131rak\u0131r. Ancak ya\u015fananlar herkesi derinden etkiler. Ferda\u2019n\u0131n Azem\u2019in biyolojik babas\u0131 oldu\u011funu \u00f6\u011frenmesi ise onun hayat\u0131nda sars\u0131c\u0131 bir d\u00f6n\u00fcm noktas\u0131 olur. Bu s\u0131rada Cihan ve Elif i\u00e7in yap\u0131lan k\u0131z isteme ziyareti mutlulukla sonu\u00e7lan\u0131r. Fakat g\u00fcn\u00fcn sonunda otelin \u00f6n\u00fcnde ger\u00e7ekle\u015fen silahl\u0131 sald\u0131r\u0131 herkesi \u015fok eder. Bu sald\u0131r\u0131, Azem\u2019in ge\u00e7mi\u015fteki d\u00fc\u015fmanlar\u0131n\u0131n h\u00e2l\u00e2 tehlike olu\u015fturmaya devam etti\u011finin a\u00e7\u0131k bir i\u015faretidir.<\/p>\n<p><img loading=\"lazy\" decoding=\"async\" class=\"alignnone wp-image-308610 size-full\" src=\"https:\/\/www.tgrthaber.com\/mavikadin\/wp-content\/uploads\/2026\/03\/Adsiz-tasarim-35-1.jpg\" alt=\"\" width=\"1208\" height=\"680\" title=\"\" srcset=\"https:\/\/www.tgrthaber.com\/mavikadin\/wp-content\/uploads\/2026\/03\/Adsiz-tasarim-35-1.jpg 1208w, https:\/\/www.tgrthaber.com\/mavikadin\/wp-content\/uploads\/2026\/03\/Adsiz-tasarim-35-1-300x169.jpg 300w, https:\/\/www.tgrthaber.com\/mavikadin\/wp-content\/uploads\/2026\/03\/Adsiz-tasarim-35-1-1024x576.jpg 1024w, https:\/\/www.tgrthaber.com\/mavikadin\/wp-content\/uploads\/2026\/03\/Adsiz-tasarim-35-1-768x432.jpg 768w\" sizes=\"(max-width: 1208px) 100vw, 1208px\" \/><\/p>\n<hr \/>\n<p>T\u00fcm bu geli\u015fmelerin ortas\u0131nda Azem, kalbi ile akl\u0131 aras\u0131nda zor bir se\u00e7im yapmak zorunda kal\u0131r. Kalbinin bir yan\u0131nda Dilber\u2019in saf ve ko\u015fulsuz sevgisi, di\u011fer yan\u0131nda Piraye\u2019nin ba\u015fka bir hayata a\u00e7\u0131lan kap\u0131s\u0131 vard\u0131r. Azem ise hayat\u0131n\u0131n en zor sorusuyla ba\u015f ba\u015fa kal\u0131r: \u0130nsan ger\u00e7ekten kimi sevdi\u011fini ne zaman anlar?<\/p>\n","protected":false},"excerpt":{"rendered":"<p>Y\u0131lmaz Erdo\u011fan\u2019\u0131n kaleminden ekranlara gelen \u0130nci Taneleri 51. B\u00f6l\u00fcm\u00fc ile ekranlara veda etmeye haz\u0131rlan\u0131yor. 3 sezon boyunca Kanal D ekranlar\u0131nda yay\u0131nlanan \u0130nci Taneleri dizisi final karar\u0131 ald\u0131. Dizinin final karar\u0131, hem izleyiciler hem de sosyal medyada uzun s\u00fcredir merak konusuydu. Peki, \u0130nci Taneleri final mi? \u0130nci Taneleri neden final oluyor? \u0130nci Taneleri 51. final b\u00f6l\u00fcm\u00fcnde neler oldu?  <\/p>\n","protected":false},"author":10,"featured_media":308611,"comment_status":"closed","ping_status":"closed","sticky":false,"template":"","format":"standard","meta":{"rank_math_lock_modified_date":false,"footnotes":""},"categories":[602],"tags":[32159,3896,3034,4117,73307,3035],"class_list":["post-308606","post","type-post","status-publish","format-standard","has-post-thumbnail","hentry","category-diziler","tag-dizi","tag-hazar-erguclu","tag-inci-taneleri","tag-inci-taneleri-final","tag-inci-taneleri-final-mi","tag-yilmaz-erdogan"],"_links":{"self":[{"href":"https:\/\/www.tgrthaber.com\/mavikadin\/wp-json\/wp\/v2\/posts\/308606"}],"collection":[{"href":"https:\/\/www.tgrthaber.com\/mavikadin\/wp-json\/wp\/v2\/posts"}],"about":[{"href":"https:\/\/www.tgrthaber.com\/mavikadin\/wp-json\/wp\/v2\/types\/post"}],"author":[{"embeddable":true,"href":"https:\/\/www.tgrthaber.com\/mavikadin\/wp-json\/wp\/v2\/users\/10"}],"replies":[{"embeddable":true,"href":"https:\/\/www.tgrthaber.com\/mavikadin\/wp-json\/wp\/v2\/comments?post=308606"}],"version-history":[{"count":2,"href":"https:\/\/www.tgrthaber.com\/mavikadin\/wp-json\/wp\/v2\/posts\/308606\/revisions"}],"predecessor-version":[{"id":308613,"href":"https:\/\/www.tgrthaber.com\/mavikadin\/wp-json\/wp\/v2\/posts\/308606\/revisions\/308613"}],"wp:featuredmedia":[{"embeddable":true,"href":"https:\/\/www.tgrthaber.com\/mavikadin\/wp-json\/wp\/v2\/media\/308611"}],"wp:attachment":[{"href":"https:\/\/www.tgrthaber.com\/mavikadin\/wp-json\/wp\/v2\/media?parent=308606"}],"wp:term":[{"taxonomy":"category","embeddable":true,"href":"https:\/\/www.tgrthaber.com\/mavikadin\/wp-json\/wp\/v2\/categories?post=308606"},{"taxonomy":"post_tag","embeddable":true,"href":"https:\/\/www.tgrthaber.com\/mavikadin\/wp-json\/wp\/v2\/tags?post=308606"}],"curies":[{"name":"wp","href":"https:\/\/api.w.org\/{rel}","templated":true}]}}