{"id":308615,"date":"2026-03-13T00:51:45","date_gmt":"2026-03-12T21:51:45","guid":{"rendered":"https:\/\/www.tgrthaber.com\/mavikadin\/?p=308615"},"modified":"2026-03-13T00:51:45","modified_gmt":"2026-03-12T21:51:45","slug":"sevdigim-sensin-6-bolum-fragmani-yayinlandi-mi-sevdigim-sensin-son-bolum-nereden-izlenir","status":"publish","type":"post","link":"https:\/\/www.tgrthaber.com\/mavikadin\/sevdigim-sensin-6-bolum-fragmani-yayinlandi-mi-sevdigim-sensin-son-bolum-nereden-izlenir\/","title":{"rendered":"Sevdi\u011fim Sensin 6. B\u00f6l\u00fcm fragman\u0131 yay\u0131nland\u0131 m\u0131? Sevdi\u011fim Sensin son b\u00f6l\u00fcm nereden izlenir?"},"content":{"rendered":"<p>Televizyon ekranlar\u0131n\u0131n en \u00e7ok konu\u015fulan dizilerinden <a href=\"https:\/\/www.tgrthaber.com\/medya\/sevdigim-sensin-5-bolumde-buyuk-karar-dicle-ve-kadir-evleniyor-mu-3287807\">Sevdi\u011fim Sensin<\/a>, 6. b\u00f6l\u00fcm fragman\u0131 ile g\u00fcndeme gelmeye haz\u0131rlan\u0131yor. Hen\u00fcz resmi fragman yay\u0131nlanmam\u0131\u015f olsa da, dizinin sosyal medyadaki heyecan\u0131 h\u0131z kesmiyor. \u0130zleyiciler yeni b\u00f6l\u00fcmde hangi s\u00fcrprizlerin ve entrikalar\u0131n ya\u015fanaca\u011f\u0131n\u0131 merak ediyor. Sevdi\u011fim Sensin\u2019in son b\u00f6l\u00fcm\u00fc, izleyicisini ekran ba\u015f\u0131na kilitledi. Yeni fragman\u0131n payla\u015f\u0131m tarihi ise \u015fimdiden b\u00fcy\u00fck merak konusu oldu. Peki, Sevdi\u011fim Sensin 6. B\u00f6l\u00fcm fragman\u0131 yay\u0131nland\u0131 m\u0131? Sevdi\u011fim Sensin son b\u00f6l\u00fcm nereden izlenir?<\/p>\n<h3>SEVD\u0130\u011e\u0130M SENS\u0130N SON B\u00d6L\u00dcM NEREDEN \u0130ZLEN\u0130R?<\/h3>\n<p>Star tv kanal\u0131nda yay\u0131nlanan ilk 5 b\u00f6l\u00fcm\u00fcyle izleyenleri ekrana ba\u015f\u0131na kilitleyen Sevdi\u011fim Sensin b\u00f6l\u00fcmleri merak ediliyor. Sevdi\u011fim Sensin dizisine dair her \u015fey Star Tv\u2019nin resmi sitesinde, Sevdi\u011fim Sensin\u2019e ait olan YouTube kanal\u0131nda, \u0130nstagram\u2019da ve X platformunda Sevdi\u011fim Sensin dizisine dair her \u015feyi bulabilirsiniz.<\/p>\n<p><img loading=\"lazy\" decoding=\"async\" class=\"alignnone wp-image-308617 size-full\" src=\"https:\/\/www.tgrthaber.com\/mavikadin\/wp-content\/uploads\/2026\/03\/Adsiz-tasarim-26-1.jpg\" alt=\"\" width=\"1208\" height=\"680\" title=\"\" srcset=\"https:\/\/www.tgrthaber.com\/mavikadin\/wp-content\/uploads\/2026\/03\/Adsiz-tasarim-26-1.jpg 1208w, https:\/\/www.tgrthaber.com\/mavikadin\/wp-content\/uploads\/2026\/03\/Adsiz-tasarim-26-1-300x169.jpg 300w, https:\/\/www.tgrthaber.com\/mavikadin\/wp-content\/uploads\/2026\/03\/Adsiz-tasarim-26-1-1024x576.jpg 1024w, https:\/\/www.tgrthaber.com\/mavikadin\/wp-content\/uploads\/2026\/03\/Adsiz-tasarim-26-1-768x432.jpg 768w\" sizes=\"(max-width: 1208px) 100vw, 1208px\" \/><\/p>\n<hr \/>\n<h3>SEVD\u0130\u011e\u0130M SENS\u0130N SON B\u00d6L\u00dcMDE NELER OLDU?<\/h3>\n<p>Dicle ve Kadir\u2019in evlilik karar\u0131n\u0131 \u00f6\u011frenen Erkan, sebebini adland\u0131ramad\u0131\u011f\u0131 bir huzursuzlukla ilk kez Dicle konusunda kendini sorgulamaya ba\u015flar. Hislerini hen\u00fcz tam olarak anlamland\u0131ramasa da s\u00fcrekli Dicle\u2019nin pe\u015findedir ve ondan bir a\u00e7\u0131klama bekler. Ayn\u0131 zamanda Kadir\u2019in bu karar\u0131 hangi sebeple ald\u0131\u011f\u0131n\u0131 bilmemesi ve karar\u0131n kendisinden ba\u011f\u0131ms\u0131z al\u0131nm\u0131\u015f olmas\u0131 da Erkan\u2019\u0131n i\u00e7ini kemiren bir ba\u015fka meseledir.<\/p>\n<p><img loading=\"lazy\" decoding=\"async\" class=\"alignnone wp-image-308618 size-full\" src=\"https:\/\/www.tgrthaber.com\/mavikadin\/wp-content\/uploads\/2026\/03\/sevdigim-sensin-5.-bolum.jpg\" alt=\"\" width=\"1208\" height=\"680\" title=\"\" srcset=\"https:\/\/www.tgrthaber.com\/mavikadin\/wp-content\/uploads\/2026\/03\/sevdigim-sensin-5.-bolum.jpg 1208w, https:\/\/www.tgrthaber.com\/mavikadin\/wp-content\/uploads\/2026\/03\/sevdigim-sensin-5.-bolum-300x169.jpg 300w, https:\/\/www.tgrthaber.com\/mavikadin\/wp-content\/uploads\/2026\/03\/sevdigim-sensin-5.-bolum-1024x576.jpg 1024w, https:\/\/www.tgrthaber.com\/mavikadin\/wp-content\/uploads\/2026\/03\/sevdigim-sensin-5.-bolum-768x432.jpg 768w\" sizes=\"(max-width: 1208px) 100vw, 1208px\" \/><\/p>\n<hr \/>\n<p>Ancak bu kez Dicle kararl\u0131d\u0131r; Erkan\u2019a y\u00fcz vermez. Erkan ise Dicle\u2019yle eski yak\u0131nl\u0131klar\u0131n\u0131 yeniden kurabilmek i\u00e7in \u00e7abalar, onun kalbini kazanmak ister. Aile i\u00e7inde dost gibi g\u00f6r\u00fcn\u00fcp asl\u0131nda kendi \u00e7\u0131karlar\u0131 do\u011frultusunda ak\u0131l veren birinin de y\u00f6nlendirmesiyle Dicle, kendi ayaklar\u0131 \u00fczerinde durmaya karar verir ve \u015firkette i\u015fe ba\u015flar. Okuma yazmas\u0131n\u0131 geli\u015ftirmenin yan\u0131 s\u0131ra i\u015f hayat\u0131n\u0131 da \u00f6\u011frenmeye ba\u015flar. \u0130lk kez giyimini de\u011fi\u015ftirir ve kendine yeni bir kimlik in\u015fa etmeye ad\u0131m atar.<\/p>\n<p><img loading=\"lazy\" decoding=\"async\" class=\"alignnone wp-image-308619 size-full\" src=\"https:\/\/www.tgrthaber.com\/mavikadin\/wp-content\/uploads\/2026\/03\/Adsiz-tasarim-27-1.jpg\" alt=\"\" width=\"1208\" height=\"680\" title=\"\" srcset=\"https:\/\/www.tgrthaber.com\/mavikadin\/wp-content\/uploads\/2026\/03\/Adsiz-tasarim-27-1.jpg 1208w, https:\/\/www.tgrthaber.com\/mavikadin\/wp-content\/uploads\/2026\/03\/Adsiz-tasarim-27-1-300x169.jpg 300w, https:\/\/www.tgrthaber.com\/mavikadin\/wp-content\/uploads\/2026\/03\/Adsiz-tasarim-27-1-1024x576.jpg 1024w, https:\/\/www.tgrthaber.com\/mavikadin\/wp-content\/uploads\/2026\/03\/Adsiz-tasarim-27-1-768x432.jpg 768w\" sizes=\"(max-width: 1208px) 100vw, 1208px\" \/><\/p>\n<hr \/>\n<p>Erkan\u2019\u0131n b\u0131rakt\u0131\u011f\u0131 kalp k\u0131r\u0131kl\u0131klar\u0131yla m\u00fccadele ederken bir yandan da hayat\u0131n\u0131 yeniden kurma umudunu ta\u015f\u0131yan Dicle\u2019nin g\u00fc\u00e7leni\u015fi, Kadir\u2019le evlilik karar\u0131n\u0131 \u00f6\u011frenen abilerinin \u00f6fkesini b\u00fcy\u00fct\u00fcr. \u00d6zellikle Ferman\u2019\u0131n, Aldur ailesinin b\u00fcy\u00fck d\u00fc\u015fman\u0131 Fikret\u2019le kurdu\u011fu karanl\u0131k plan, herkesin hayat\u0131n\u0131 alt\u00fcst edecek ve Dicle\u2019nin yeni filizlenen umutlar\u0131n\u0131 yeniden s\u00f6nd\u00fcrecektir.<\/p>\n<p><img loading=\"lazy\" decoding=\"async\" class=\"alignnone wp-image-308620 size-full\" src=\"https:\/\/www.tgrthaber.com\/mavikadin\/wp-content\/uploads\/2026\/03\/Adsiz-tasarim-28.jpg\" alt=\"\" width=\"1208\" height=\"680\" title=\"\" srcset=\"https:\/\/www.tgrthaber.com\/mavikadin\/wp-content\/uploads\/2026\/03\/Adsiz-tasarim-28.jpg 1208w, https:\/\/www.tgrthaber.com\/mavikadin\/wp-content\/uploads\/2026\/03\/Adsiz-tasarim-28-300x169.jpg 300w, https:\/\/www.tgrthaber.com\/mavikadin\/wp-content\/uploads\/2026\/03\/Adsiz-tasarim-28-1024x576.jpg 1024w, https:\/\/www.tgrthaber.com\/mavikadin\/wp-content\/uploads\/2026\/03\/Adsiz-tasarim-28-768x432.jpg 768w\" sizes=\"(max-width: 1208px) 100vw, 1208px\" \/><\/p>\n<hr \/>\n<h3>SEVD\u0130\u011e\u0130M SENS\u0130N 6. B\u00d6L\u00dcM FRAGMANI NE ZAMAN YAYINLANACAK?<\/h3>\n<p>Sevdi\u011fim Sensin dizisi 5. b\u00f6l\u00fcm\u00fcyle seyirciyi ekran ba\u015f\u0131na ba\u011flad\u0131. Sosyal medyada en \u00e7ok konu\u015fulan diziler aras\u0131nda yer alan Sevdi\u011fim Sensin son b\u00f6l\u00fcm\u00fcyle izleyicilerin merak\u0131n\u0131 daha da artt\u0131rd\u0131. Sevdi\u011fim Sensin&#8217;in yeni b\u00f6l\u00fcm\u00fc Ramazan Bayram\u0131&#8217;n\u0131n arefe g\u00fcn\u00fcne denk gelece\u011finden yay\u0131nlan\u0131p yay\u0131nlanmayaca\u011f\u0131 belli de\u011fil. &#8220;19 Mart 2026 Per\u015fembe Sevdi\u011fim Sensin 6. b\u00f6l\u00fcm\u00fc yay\u0131nlanacak m\u0131?&#8221; ve &#8220;Ramazan Bayram\u0131&#8217;nda Sevdi\u011fim Sensin dizisi olacak m\u0131?&#8221; sorular\u0131 sorulmaya ba\u015fland\u0131. Dizinin yap\u0131m ekibinden gelecek haftadaki yeni b\u00f6l\u00fcm\u00fc hakk\u0131nda bilgi payla\u015f\u0131m\u0131 yap\u0131lacakt\u0131r.<\/p>\n","protected":false},"excerpt":{"rendered":"<p>Star\u202fTV\u2019nin sevilen dizisi Sevdi\u011fim Sensin izleyicilerini heyecanland\u0131rmaya devam ediyor. Sevdi\u011fim Sensin 5. b\u00f6l\u00fcm geride kal\u0131rken, dizinin 6. b\u00f6l\u00fcm fragman\u0131 hen\u00fcz yay\u0131nlanmad\u0131. Hayranlar sosyal medyada fragman\u0131 d\u00f6rt g\u00f6zle beklerken, yeni b\u00f6l\u00fcm\u00fcn s\u00fcrprizlerle dolu olaca\u011f\u0131 konu\u015fuluyor.  Peki, Sevdi\u011fim Sensin 6. B\u00f6l\u00fcm fragman\u0131 yay\u0131nland\u0131 m\u0131? Sevdi\u011fim Sensin son b\u00f6l\u00fcm nereden izlenir? <\/p>\n","protected":false},"author":10,"featured_media":308616,"comment_status":"closed","ping_status":"closed","sticky":false,"template":"","format":"standard","meta":{"rank_math_lock_modified_date":false,"footnotes":""},"categories":[602],"tags":[32159,24309,73308,73309,72915],"class_list":["post-308615","post","type-post","status-publish","format-standard","has-post-thumbnail","hentry","category-diziler","tag-dizi","tag-sevdigim-sensin","tag-sevdigim-sensin-5-bolum","tag-sevdigim-sensin-6-bolum-fragman","tag-sevdigim-sensin-son-bolum"],"_links":{"self":[{"href":"https:\/\/www.tgrthaber.com\/mavikadin\/wp-json\/wp\/v2\/posts\/308615"}],"collection":[{"href":"https:\/\/www.tgrthaber.com\/mavikadin\/wp-json\/wp\/v2\/posts"}],"about":[{"href":"https:\/\/www.tgrthaber.com\/mavikadin\/wp-json\/wp\/v2\/types\/post"}],"author":[{"embeddable":true,"href":"https:\/\/www.tgrthaber.com\/mavikadin\/wp-json\/wp\/v2\/users\/10"}],"replies":[{"embeddable":true,"href":"https:\/\/www.tgrthaber.com\/mavikadin\/wp-json\/wp\/v2\/comments?post=308615"}],"version-history":[{"count":2,"href":"https:\/\/www.tgrthaber.com\/mavikadin\/wp-json\/wp\/v2\/posts\/308615\/revisions"}],"predecessor-version":[{"id":308622,"href":"https:\/\/www.tgrthaber.com\/mavikadin\/wp-json\/wp\/v2\/posts\/308615\/revisions\/308622"}],"wp:featuredmedia":[{"embeddable":true,"href":"https:\/\/www.tgrthaber.com\/mavikadin\/wp-json\/wp\/v2\/media\/308616"}],"wp:attachment":[{"href":"https:\/\/www.tgrthaber.com\/mavikadin\/wp-json\/wp\/v2\/media?parent=308615"}],"wp:term":[{"taxonomy":"category","embeddable":true,"href":"https:\/\/www.tgrthaber.com\/mavikadin\/wp-json\/wp\/v2\/categories?post=308615"},{"taxonomy":"post_tag","embeddable":true,"href":"https:\/\/www.tgrthaber.com\/mavikadin\/wp-json\/wp\/v2\/tags?post=308615"}],"curies":[{"name":"wp","href":"https:\/\/api.w.org\/{rel}","templated":true}]}}