{"id":308634,"date":"2026-03-13T08:02:33","date_gmt":"2026-03-13T05:02:33","guid":{"rendered":"https:\/\/www.tgrthaber.com\/mavikadin\/?p=308634"},"modified":"2026-03-13T08:02:34","modified_gmt":"2026-03-13T05:02:34","slug":"reynmenden-yasakli-madde-aciklamasi-turkiyede-ve-yurt-disinda-yaptirdi","status":"publish","type":"post","link":"https:\/\/www.tgrthaber.com\/mavikadin\/reynmenden-yasakli-madde-aciklamasi-turkiyede-ve-yurt-disinda-yaptirdi\/","title":{"rendered":"Reynmen\u2019den yasakl\u0131 madde a\u00e7\u0131klamas\u0131! T\u00fcrkiye\u2019de ve yurt d\u0131\u015f\u0131nda yapt\u0131rd\u0131"},"content":{"rendered":"<p><a href=\"https:\/\/www.tgrthaber.com\/mavikadin\/reynmen-kimdir-reynmen-neden-gozaltina-alindi\/\">Reynmen<\/a> ismiyle tan\u0131nan Yusuf Akta\u015f, sosyal medya \u00fczerinden yapt\u0131\u011f\u0131 payla\u015f\u0131mda T\u00fcrkiye\u2019de ve yurt d\u0131\u015f\u0131nda farkl\u0131 merkezlerde yapt\u0131rd\u0131\u011f\u0131 yasakl\u0131 madde testlerinin temiz \u00e7\u0131kt\u0131\u011f\u0131n\u0131 belirtti. \u00dcnl\u00fc ismin bu a\u00e7\u0131klamas\u0131ndan sonra hayranlar\u0131ndan yorumlar pe\u015f pe\u015fe geldi.<\/p>\n<h3>REYNMEN\u2019DEN YASAKLI MADDE A\u00c7IKLAMASI<\/h3>\n<p>Sosyal medyada \u201c<a href=\"https:\/\/www.tgrthaber.com\/mavikadin\/reynmen-parasini-kaptirdi-luks-oto-galerisi-vurgunu-gundem-oldu\/\">Reynmen<\/a>\u201d ad\u0131yla tan\u0131nan fenomen ve m\u00fczisyen Yusuf Akta\u015f, hakk\u0131nda zaman zaman g\u00fcndeme gelen iddialara cevap niteli\u011finde bir a\u00e7\u0131klama yapt\u0131. Akta\u015f, hem T\u00fcrkiye\u2019de hem de yurt d\u0131\u015f\u0131nda yapt\u0131rd\u0131\u011f\u0131 yasakl\u0131 madde testlerinin sonu\u00e7lar\u0131n\u0131n negatif \u00e7\u0131kt\u0131\u011f\u0131n\u0131 duyurdu. Sosyal medya hesaplar\u0131 \u00fczerinden yapt\u0131\u011f\u0131 a\u00e7\u0131klamada test sonu\u00e7lar\u0131n\u0131 kamuoyuyla payla\u015fan Reynmen, bu konunun kendisi i\u00e7in netli\u011fe kavu\u015ftu\u011funu s\u00f6yledi.<\/p>\n<p><img loading=\"lazy\" decoding=\"async\" class=\"aligncenter size-full wp-image-308635\" src=\"https:\/\/www.tgrthaber.com\/mavikadin\/wp-content\/uploads\/2026\/03\/Reynmen-1.png\" alt=\"\" width=\"1208\" height=\"680\" title=\"\" srcset=\"https:\/\/www.tgrthaber.com\/mavikadin\/wp-content\/uploads\/2026\/03\/Reynmen-1.png 1208w, https:\/\/www.tgrthaber.com\/mavikadin\/wp-content\/uploads\/2026\/03\/Reynmen-1-300x169.png 300w, https:\/\/www.tgrthaber.com\/mavikadin\/wp-content\/uploads\/2026\/03\/Reynmen-1-1024x576.png 1024w, https:\/\/www.tgrthaber.com\/mavikadin\/wp-content\/uploads\/2026\/03\/Reynmen-1-768x432.png 768w\" sizes=\"(max-width: 1208px) 100vw, 1208px\" \/><\/p>\n<hr \/>\n<h3>TEST SONU\u00c7LARINI PAYLA\u015eTI<\/h3>\n<p>Yusuf Akta\u015f, sosyal medya \u00fczerinden yapt\u0131\u011f\u0131 payla\u015f\u0131mda T\u00fcrkiye\u2019de ve yurt d\u0131\u015f\u0131nda farkl\u0131 merkezlerde yapt\u0131rd\u0131\u011f\u0131 yasakl\u0131 madde testlerinin temiz \u00e7\u0131kt\u0131\u011f\u0131n\u0131 belirtti. Payla\u015f\u0131m\u0131nda test sonu\u00e7lar\u0131na ait belgeleri de g\u00f6steren Akta\u015f, \u201cHem T\u00fcrkiye\u2019de hem de yurt d\u0131\u015f\u0131nda yapt\u0131rd\u0131\u011f\u0131m testlerin tamam\u0131 negatif \u00e7\u0131kt\u0131\u201d ifadelerini kulland\u0131.<\/p>\n<p><img loading=\"lazy\" decoding=\"async\" class=\"aligncenter size-full wp-image-308636\" src=\"https:\/\/www.tgrthaber.com\/mavikadin\/wp-content\/uploads\/2026\/03\/Reynmen-2.png\" alt=\"\" width=\"1208\" height=\"680\" title=\"\" srcset=\"https:\/\/www.tgrthaber.com\/mavikadin\/wp-content\/uploads\/2026\/03\/Reynmen-2.png 1208w, https:\/\/www.tgrthaber.com\/mavikadin\/wp-content\/uploads\/2026\/03\/Reynmen-2-300x169.png 300w, https:\/\/www.tgrthaber.com\/mavikadin\/wp-content\/uploads\/2026\/03\/Reynmen-2-1024x576.png 1024w, https:\/\/www.tgrthaber.com\/mavikadin\/wp-content\/uploads\/2026\/03\/Reynmen-2-768x432.png 768w\" sizes=\"(max-width: 1208px) 100vw, 1208px\" \/><\/p>\n<hr \/>\n<p>Akta\u015f\u2019\u0131n a\u00e7\u0131klamas\u0131 k\u0131sa s\u00fcrede sosyal medyada geni\u015f yank\u0131 uyand\u0131rd\u0131. Hayranlar\u0131 ve takip\u00e7ileri payla\u015f\u0131m\u0131n alt\u0131na destek mesajlar\u0131 yazarken, baz\u0131 kullan\u0131c\u0131lar da Reynmen\u2019in bu konuyu kamuoyuyla a\u00e7\u0131k \u015fekilde payla\u015fmas\u0131n\u0131n dikkat \u00e7ekici oldu\u011funu dile getirdi.<\/p>\n<p><img loading=\"lazy\" decoding=\"async\" class=\"aligncenter size-full wp-image-308637\" src=\"https:\/\/www.tgrthaber.com\/mavikadin\/wp-content\/uploads\/2026\/03\/Reynmen-3.png\" alt=\"\" width=\"1208\" height=\"680\" title=\"\" srcset=\"https:\/\/www.tgrthaber.com\/mavikadin\/wp-content\/uploads\/2026\/03\/Reynmen-3.png 1208w, https:\/\/www.tgrthaber.com\/mavikadin\/wp-content\/uploads\/2026\/03\/Reynmen-3-300x169.png 300w, https:\/\/www.tgrthaber.com\/mavikadin\/wp-content\/uploads\/2026\/03\/Reynmen-3-1024x576.png 1024w, https:\/\/www.tgrthaber.com\/mavikadin\/wp-content\/uploads\/2026\/03\/Reynmen-3-768x432.png 768w\" sizes=\"(max-width: 1208px) 100vw, 1208px\" \/><\/p>\n<hr \/>\n<h3>TARTI\u015eMALARIN ARDINDAN A\u00c7IKLAMA GELD\u0130<\/h3>\n<p>Son d\u00f6nemlerde sosyal medya platformlar\u0131nda Reynmen hakk\u0131nda \u00e7e\u015fitli iddialar ortaya at\u0131lm\u0131\u015ft\u0131. Bu iddialar\u0131n ard\u0131ndan Yusuf Akta\u015f\u2019\u0131n yapt\u0131\u011f\u0131 a\u00e7\u0131klama, konuyla ilgili tart\u0131\u015fmalara cevap olarak de\u011ferlendirildi. Akta\u015f\u2019\u0131n \u00f6zellikle yurt d\u0131\u015f\u0131nda da test yapt\u0131rd\u0131\u011f\u0131n\u0131 vurgulamas\u0131, sonu\u00e7lar\u0131n g\u00fcvenilirli\u011fini g\u00f6stermek istedi\u011fi \u015feklinde yorumland\u0131.<\/p>\n<p><img loading=\"lazy\" decoding=\"async\" class=\"aligncenter size-full wp-image-308638\" src=\"https:\/\/www.tgrthaber.com\/mavikadin\/wp-content\/uploads\/2026\/03\/Reynmen-4.png\" alt=\"\" width=\"1208\" height=\"680\" title=\"\" srcset=\"https:\/\/www.tgrthaber.com\/mavikadin\/wp-content\/uploads\/2026\/03\/Reynmen-4.png 1208w, https:\/\/www.tgrthaber.com\/mavikadin\/wp-content\/uploads\/2026\/03\/Reynmen-4-300x169.png 300w, https:\/\/www.tgrthaber.com\/mavikadin\/wp-content\/uploads\/2026\/03\/Reynmen-4-1024x576.png 1024w, https:\/\/www.tgrthaber.com\/mavikadin\/wp-content\/uploads\/2026\/03\/Reynmen-4-768x432.png 768w\" sizes=\"(max-width: 1208px) 100vw, 1208px\" \/><\/p>\n<hr \/>\n<p>Reynmen, a\u00e7\u0131klamas\u0131nda s\u00f6z konusu testleri yapt\u0131rma amac\u0131n\u0131n hem kendisi hem de kamuoyu a\u00e7\u0131s\u0131ndan konunun netle\u015fmesi oldu\u011funu ifade etti. \u00dcnl\u00fc fenomen, ortaya at\u0131lan iddialar\u0131n ger\u00e7e\u011fi yans\u0131tmad\u0131\u011f\u0131n\u0131 ve test sonu\u00e7lar\u0131n\u0131n bunu a\u00e7\u0131k\u00e7a ortaya koydu\u011funu s\u00f6yledi.<\/p>\n<p><img loading=\"lazy\" decoding=\"async\" class=\"aligncenter size-full wp-image-308639\" src=\"https:\/\/www.tgrthaber.com\/mavikadin\/wp-content\/uploads\/2026\/03\/Reynmen-7.png\" alt=\"\" width=\"1208\" height=\"680\" title=\"\" srcset=\"https:\/\/www.tgrthaber.com\/mavikadin\/wp-content\/uploads\/2026\/03\/Reynmen-7.png 1208w, https:\/\/www.tgrthaber.com\/mavikadin\/wp-content\/uploads\/2026\/03\/Reynmen-7-300x169.png 300w, https:\/\/www.tgrthaber.com\/mavikadin\/wp-content\/uploads\/2026\/03\/Reynmen-7-1024x576.png 1024w, https:\/\/www.tgrthaber.com\/mavikadin\/wp-content\/uploads\/2026\/03\/Reynmen-7-768x432.png 768w\" sizes=\"(max-width: 1208px) 100vw, 1208px\" \/><\/p>\n<hr \/>\n<h3>SOSYAL MEDYADA G\u00dcNDEM OLDU<\/h3>\n<p>Reynmen\u2019in a\u00e7\u0131klamas\u0131 k\u0131sa s\u00fcrede sosyal medya g\u00fcndeminin \u00fcst s\u0131ralar\u0131na y\u00fckseldi. Twitter, Instagram ve TikTok gibi platformlarda konu hakk\u0131nda binlerce yorum yap\u0131ld\u0131. Baz\u0131 kullan\u0131c\u0131lar Reynmen\u2019e destek verirken, baz\u0131lar\u0131 ise konunun bu kadar b\u00fcy\u00fcmesinin sosyal medyan\u0131n etkisini bir kez daha g\u00f6sterdi\u011fini savundu.<\/p>\n<p>Di\u011fer yandan Akta\u015f\u2019\u0131n payla\u015f\u0131m\u0131, kamuoyunda \u00fcnl\u00fc isimlerin haklar\u0131nda \u00e7\u0131kan iddialara kar\u015f\u0131 \u015feffafl\u0131k g\u00f6sterme bi\u00e7imleri \u00fczerine de tart\u0131\u015fma ba\u015flatt\u0131.<\/p>\n","protected":false},"excerpt":{"rendered":"<p>Sosyal medyada Reynmen ad\u0131yla tan\u0131nan fenomen ve m\u00fczisyen Yusuf Akta\u015f, hakk\u0131nda ortaya at\u0131lan iddialara ili\u015fkin bir a\u00e7\u0131klama yapt\u0131. Akta\u015f, T\u00fcrkiye\u2019de ve yurt d\u0131\u015f\u0131nda yapt\u0131rd\u0131\u011f\u0131 yasakl\u0131 madde testlerinin sonu\u00e7lar\u0131n\u0131n negatif \u00e7\u0131kt\u0131\u011f\u0131n\u0131 duyurdu.<\/p>\n","protected":false},"author":5,"featured_media":308640,"comment_status":"closed","ping_status":"closed","sticky":false,"template":"","format":"standard","meta":{"rank_math_lock_modified_date":false,"footnotes":""},"categories":[76],"tags":[133,5796,73312,24262],"class_list":["post-308634","post","type-post","status-publish","format-standard","has-post-thumbnail","hentry","category-magazin","tag-magazin","tag-reynmen","tag-reynmen-yasakli-madde-testi","tag-yusuf-aktas"],"_links":{"self":[{"href":"https:\/\/www.tgrthaber.com\/mavikadin\/wp-json\/wp\/v2\/posts\/308634"}],"collection":[{"href":"https:\/\/www.tgrthaber.com\/mavikadin\/wp-json\/wp\/v2\/posts"}],"about":[{"href":"https:\/\/www.tgrthaber.com\/mavikadin\/wp-json\/wp\/v2\/types\/post"}],"author":[{"embeddable":true,"href":"https:\/\/www.tgrthaber.com\/mavikadin\/wp-json\/wp\/v2\/users\/5"}],"replies":[{"embeddable":true,"href":"https:\/\/www.tgrthaber.com\/mavikadin\/wp-json\/wp\/v2\/comments?post=308634"}],"version-history":[{"count":1,"href":"https:\/\/www.tgrthaber.com\/mavikadin\/wp-json\/wp\/v2\/posts\/308634\/revisions"}],"predecessor-version":[{"id":308641,"href":"https:\/\/www.tgrthaber.com\/mavikadin\/wp-json\/wp\/v2\/posts\/308634\/revisions\/308641"}],"wp:featuredmedia":[{"embeddable":true,"href":"https:\/\/www.tgrthaber.com\/mavikadin\/wp-json\/wp\/v2\/media\/308640"}],"wp:attachment":[{"href":"https:\/\/www.tgrthaber.com\/mavikadin\/wp-json\/wp\/v2\/media?parent=308634"}],"wp:term":[{"taxonomy":"category","embeddable":true,"href":"https:\/\/www.tgrthaber.com\/mavikadin\/wp-json\/wp\/v2\/categories?post=308634"},{"taxonomy":"post_tag","embeddable":true,"href":"https:\/\/www.tgrthaber.com\/mavikadin\/wp-json\/wp\/v2\/tags?post=308634"}],"curies":[{"name":"wp","href":"https:\/\/api.w.org\/{rel}","templated":true}]}}