{"id":308661,"date":"2026-03-13T11:27:17","date_gmt":"2026-03-13T08:27:17","guid":{"rendered":"https:\/\/www.tgrthaber.com\/mavikadin\/?p=308661"},"modified":"2026-03-13T11:27:18","modified_gmt":"2026-03-13T08:27:18","slug":"oyuncu-binnur-kaya-muhabire-verdigi-cevapla-sasirtti-nazara-mi-geldiniz","status":"publish","type":"post","link":"https:\/\/www.tgrthaber.com\/mavikadin\/oyuncu-binnur-kaya-muhabire-verdigi-cevapla-sasirtti-nazara-mi-geldiniz\/","title":{"rendered":"Oyuncu Binnur Kaya muhabire verdi\u011fi cevapla \u015fa\u015f\u0131rtt\u0131! \u201cNazara m\u0131 geldiniz?\u201d"},"content":{"rendered":"<p>Avrupa Yakas\u0131 dizisinde oynad\u0131\u011f\u0131 \u015eahika karakteriyle geni\u015f kitlelerin haf\u0131zas\u0131nda yer edinen <a href=\"https:\/\/www.tgrthaber.com\/mavikadin\/binnur-kaya-ve-mert-firattan-acik-iliski-oyunu-iki-dev-isim-tiyatro-sahnesini-sallayacak\/\">Binnur Kaya<\/a>, \u00f6nceki ak\u015fam kat\u0131ld\u0131\u011f\u0131 bir etkinlikte objektiflere yans\u0131d\u0131. Bas\u0131n mensuplar\u0131yla ayak\u00fcst\u00fc sohbet eden oyuncu, &#8220;Nazara m\u0131 geldiniz?&#8221; sorusuna verdi\u011fi cevapla g\u00fcndem oldu.<\/p>\n<h3>B\u0130NNUR KAYA MUHAB\u0130RE VERD\u0130\u011e\u0130 CEVAPLA \u015eA\u015eIRTTI<\/h3>\n<p>Etkinlikte aya\u011f\u0131nda hafif bir sorun oldu\u011fu g\u00f6r\u00fclen <a href=\"https:\/\/www.tgrthaber.com\/mavikadin\/10-bin-adim-3-sezon-geliyor-devin-ozgur-cinar-ile-binnur-kaya-basrolde\/\">Binnur Kaya<\/a>, muhabirin &#8220;Ge\u00e7mi\u015f olsun, aya\u011f\u0131n\u0131za ne oldu, nazar m\u0131 de\u011fdi?&#8221; sorusuna \u015fu cevab\u0131 verdi:<\/p>\n<p>&#8220;Nazar de\u011fecek bir \u015feyim yok. Ama insan\u0131n derman\u0131 olan s\u0131k\u0131nt\u0131 ya\u015fayabilece\u011fi bir aya\u011f\u0131 olmas\u0131na tabii \u015f\u00fckrediyorum. Her \u015fey yolunda.&#8221;<\/p>\n<p><img loading=\"lazy\" decoding=\"async\" class=\"aligncenter size-full wp-image-308663\" src=\"https:\/\/www.tgrthaber.com\/mavikadin\/wp-content\/uploads\/2026\/03\/Binnur-Kaya-1.png\" alt=\"\" width=\"1208\" height=\"680\" title=\"\" srcset=\"https:\/\/www.tgrthaber.com\/mavikadin\/wp-content\/uploads\/2026\/03\/Binnur-Kaya-1.png 1208w, https:\/\/www.tgrthaber.com\/mavikadin\/wp-content\/uploads\/2026\/03\/Binnur-Kaya-1-300x169.png 300w, https:\/\/www.tgrthaber.com\/mavikadin\/wp-content\/uploads\/2026\/03\/Binnur-Kaya-1-1024x576.png 1024w, https:\/\/www.tgrthaber.com\/mavikadin\/wp-content\/uploads\/2026\/03\/Binnur-Kaya-1-768x432.png 768w\" sizes=\"(max-width: 1208px) 100vw, 1208px\" \/><\/p>\n<hr \/>\n<p>Hayranlar\u0131 ve bas\u0131n, Kaya&#8217;n\u0131n sa\u011fl\u0131\u011f\u0131yla ilgili bu a\u00e7\u0131klamay\u0131 rahatlat\u0131c\u0131 bulurken, oyuncunun ne\u015feli tav\u0131rlar\u0131 da objektiflere yans\u0131d\u0131.<\/p>\n<h3>Sosyal medyada ise Binnur Kaya i\u00e7in \u015fu yorumlar yap\u0131ld\u0131:<\/h3>\n<p>&#8220;Binnur Kaya\u2019n\u0131n \u015fu hayata bak\u0131\u015f a\u00e7\u0131s\u0131 ders niteli\u011finde&#8230; \u015eikayet etmek yerine elindekinin k\u0131ymetini bilmek, derman\u0131 olan bir dert i\u00e7in bile \u015f\u00fckredebilmek ger\u00e7ek bir bilgelik. Hem yetene\u011fine hem de bu g\u00fczel kalbine hayran kalmamak elde de\u011fil&#8221;<br \/>\n&#8220;Muazzam bir yakla\u015f\u0131m. Harika bir oyuncu, harika bir karakter.&#8221;<\/p>\n<p><img loading=\"lazy\" decoding=\"async\" class=\"aligncenter size-full wp-image-308664\" src=\"https:\/\/www.tgrthaber.com\/mavikadin\/wp-content\/uploads\/2026\/03\/Binnur-Kaya-4.png\" alt=\"\" width=\"1208\" height=\"680\" title=\"\" srcset=\"https:\/\/www.tgrthaber.com\/mavikadin\/wp-content\/uploads\/2026\/03\/Binnur-Kaya-4.png 1208w, https:\/\/www.tgrthaber.com\/mavikadin\/wp-content\/uploads\/2026\/03\/Binnur-Kaya-4-300x169.png 300w, https:\/\/www.tgrthaber.com\/mavikadin\/wp-content\/uploads\/2026\/03\/Binnur-Kaya-4-1024x576.png 1024w, https:\/\/www.tgrthaber.com\/mavikadin\/wp-content\/uploads\/2026\/03\/Binnur-Kaya-4-768x432.png 768w\" sizes=\"(max-width: 1208px) 100vw, 1208px\" \/><\/p>\n<hr \/>\n<h3>B\u0130NNUR KAYA K\u0130MD\u0130R?<\/h3>\n<p>Binnur Kaya, televizyon ve sinema d\u00fcnyas\u0131n\u0131n en tan\u0131nm\u0131\u015f isimlerinden biri. Kariyerine tiyatro ile ad\u0131m atan Kaya, k\u0131sa s\u00fcrede ekranlar\u0131n aran\u0131lan y\u00fcz\u00fc haline geldi. \u00d6zellikle Avrupa Yakas\u0131 dizisinde canland\u0131rd\u0131\u011f\u0131 \u015eahika karakteriyle geni\u015f kitlelerin haf\u0131zas\u0131na kaz\u0131nd\u0131.<\/p>\n<p><img loading=\"lazy\" decoding=\"async\" class=\"aligncenter size-full wp-image-308665\" src=\"https:\/\/www.tgrthaber.com\/mavikadin\/wp-content\/uploads\/2026\/03\/Binnur-Kaya-5.png\" alt=\"\" width=\"1208\" height=\"680\" title=\"\" srcset=\"https:\/\/www.tgrthaber.com\/mavikadin\/wp-content\/uploads\/2026\/03\/Binnur-Kaya-5.png 1208w, https:\/\/www.tgrthaber.com\/mavikadin\/wp-content\/uploads\/2026\/03\/Binnur-Kaya-5-300x169.png 300w, https:\/\/www.tgrthaber.com\/mavikadin\/wp-content\/uploads\/2026\/03\/Binnur-Kaya-5-1024x576.png 1024w, https:\/\/www.tgrthaber.com\/mavikadin\/wp-content\/uploads\/2026\/03\/Binnur-Kaya-5-768x432.png 768w\" sizes=\"(max-width: 1208px) 100vw, 1208px\" \/><\/p>\n<hr \/>\n<p>Binnur Kaya, televizyon ekranlar\u0131nda bir\u00e7ok ba\u015far\u0131l\u0131 projeye imza att\u0131. &#8216;\u00c7arli&#8217;, &#8216;Yabanc\u0131 Damat&#8217;, &#8216;T\u00fcrk Mal\u0131&#8217;, &#8216;Muhte\u015fem Y\u00fczy\u0131l&#8217;, &#8216;Aram\u0131zda Kals\u0131n&#8217;, &#8216;K\u0131rm\u0131z\u0131 Oda&#8217; ve &#8216;G\u00fczel G\u00fcnler&#8217; gibi yap\u0131mlarda farkl\u0131 karakterlere hayat verdi. Hem dramatik hem de komedi rolleriyle izleyici kar\u015f\u0131s\u0131na \u00e7\u0131kan Kaya, \u00f6zellikle karakterlerine katt\u0131\u011f\u0131 do\u011fall\u0131k ve samimiyetle dikkat \u00e7ekiyor.<\/p>\n<p><img loading=\"lazy\" decoding=\"async\" class=\"aligncenter size-full wp-image-308666\" src=\"https:\/\/www.tgrthaber.com\/mavikadin\/wp-content\/uploads\/2026\/03\/Binnur-Kaya-6.png\" alt=\"\" width=\"1208\" height=\"680\" title=\"\" srcset=\"https:\/\/www.tgrthaber.com\/mavikadin\/wp-content\/uploads\/2026\/03\/Binnur-Kaya-6.png 1208w, https:\/\/www.tgrthaber.com\/mavikadin\/wp-content\/uploads\/2026\/03\/Binnur-Kaya-6-300x169.png 300w, https:\/\/www.tgrthaber.com\/mavikadin\/wp-content\/uploads\/2026\/03\/Binnur-Kaya-6-1024x576.png 1024w, https:\/\/www.tgrthaber.com\/mavikadin\/wp-content\/uploads\/2026\/03\/Binnur-Kaya-6-768x432.png 768w\" sizes=\"(max-width: 1208px) 100vw, 1208px\" \/><\/p>\n<hr \/>\n<p>Sinema kariyerinde de ad\u0131ndan s\u00f6z ettiren oyuncu, bir\u00e7ok filmdeki performans\u0131yla ele\u015ftirmenlerden tam not ald\u0131. Sahnedeki tecr\u00fcbesini ekranlara ta\u015f\u0131yan Kaya, oyunculukta kendine has \u00fcslubu ve karakter derinli\u011fi ile T\u00fcrk televizyonunun \u00f6nemli isimlerinden biri olarak an\u0131l\u0131yor.<\/p>\n<p><img loading=\"lazy\" decoding=\"async\" class=\"aligncenter size-full wp-image-308667\" src=\"https:\/\/www.tgrthaber.com\/mavikadin\/wp-content\/uploads\/2026\/03\/Binnur-Kaya-2.png\" alt=\"\" width=\"1208\" height=\"680\" title=\"\" srcset=\"https:\/\/www.tgrthaber.com\/mavikadin\/wp-content\/uploads\/2026\/03\/Binnur-Kaya-2.png 1208w, https:\/\/www.tgrthaber.com\/mavikadin\/wp-content\/uploads\/2026\/03\/Binnur-Kaya-2-300x169.png 300w, https:\/\/www.tgrthaber.com\/mavikadin\/wp-content\/uploads\/2026\/03\/Binnur-Kaya-2-1024x576.png 1024w, https:\/\/www.tgrthaber.com\/mavikadin\/wp-content\/uploads\/2026\/03\/Binnur-Kaya-2-768x432.png 768w\" sizes=\"(max-width: 1208px) 100vw, 1208px\" \/><\/p>\n<hr \/>\n<p>Binnur Kaya, sadece ba\u015far\u0131l\u0131 bir oyuncu olarak de\u011fil, ayn\u0131 zamanda kendine has duru\u015fu ve sempatik tav\u0131rlar\u0131yla da sosyal medyada ve magazin g\u00fcndeminde s\u0131k\u00e7a yer al\u0131yor.<\/p>\n","protected":false},"excerpt":{"rendered":"<p>Binnur Kaya, Avrupa Yakas\u0131\u2019nda oynad\u0131\u011f\u0131 \u015eahika karakteriyle y\u0131llarca haf\u0131zalara kaz\u0131nm\u0131\u015ft\u0131. Oyuncu, \u00f6nceki ak\u015fam kat\u0131ld\u0131\u011f\u0131 bir etkinlikte objektiflere tak\u0131ld\u0131. Bas\u0131n mensuplar\u0131yla ayak\u00fcst\u00fc sohbet eden Kaya, \u201cNazara m\u0131 geldiniz?\u201d sorusuna verdi\u011fi samimi cevapla dikkatleri \u00fczerine \u00e7ekti.<\/p>\n","protected":false},"author":5,"featured_media":308662,"comment_status":"closed","ping_status":"closed","sticky":false,"template":"","format":"standard","meta":{"rank_math_lock_modified_date":false,"footnotes":""},"categories":[76],"tags":[5195,73314,133],"class_list":["post-308661","post","type-post","status-publish","format-standard","has-post-thumbnail","hentry","category-magazin","tag-binnur-kaya","tag-binnur-kaya-kimdir","tag-magazin"],"_links":{"self":[{"href":"https:\/\/www.tgrthaber.com\/mavikadin\/wp-json\/wp\/v2\/posts\/308661"}],"collection":[{"href":"https:\/\/www.tgrthaber.com\/mavikadin\/wp-json\/wp\/v2\/posts"}],"about":[{"href":"https:\/\/www.tgrthaber.com\/mavikadin\/wp-json\/wp\/v2\/types\/post"}],"author":[{"embeddable":true,"href":"https:\/\/www.tgrthaber.com\/mavikadin\/wp-json\/wp\/v2\/users\/5"}],"replies":[{"embeddable":true,"href":"https:\/\/www.tgrthaber.com\/mavikadin\/wp-json\/wp\/v2\/comments?post=308661"}],"version-history":[{"count":2,"href":"https:\/\/www.tgrthaber.com\/mavikadin\/wp-json\/wp\/v2\/posts\/308661\/revisions"}],"predecessor-version":[{"id":308669,"href":"https:\/\/www.tgrthaber.com\/mavikadin\/wp-json\/wp\/v2\/posts\/308661\/revisions\/308669"}],"wp:featuredmedia":[{"embeddable":true,"href":"https:\/\/www.tgrthaber.com\/mavikadin\/wp-json\/wp\/v2\/media\/308662"}],"wp:attachment":[{"href":"https:\/\/www.tgrthaber.com\/mavikadin\/wp-json\/wp\/v2\/media?parent=308661"}],"wp:term":[{"taxonomy":"category","embeddable":true,"href":"https:\/\/www.tgrthaber.com\/mavikadin\/wp-json\/wp\/v2\/categories?post=308661"},{"taxonomy":"post_tag","embeddable":true,"href":"https:\/\/www.tgrthaber.com\/mavikadin\/wp-json\/wp\/v2\/tags?post=308661"}],"curies":[{"name":"wp","href":"https:\/\/api.w.org\/{rel}","templated":true}]}}