{"id":308678,"date":"2026-03-13T12:44:40","date_gmt":"2026-03-13T09:44:40","guid":{"rendered":"https:\/\/www.tgrthaber.com\/mavikadin\/?p=308678"},"modified":"2026-03-13T12:44:40","modified_gmt":"2026-03-13T09:44:40","slug":"veliaht-oyunculari-akin-akinozu-ve-serra-ariturk-gundem-oldu-o-kareye-begeni-yagdi","status":"publish","type":"post","link":"https:\/\/www.tgrthaber.com\/mavikadin\/veliaht-oyunculari-akin-akinozu-ve-serra-ariturk-gundem-oldu-o-kareye-begeni-yagdi\/","title":{"rendered":"Veliaht oyuncular\u0131 Ak\u0131n Ak\u0131n\u00f6z\u00fc ve Serra Ar\u0131t\u00fcrk g\u00fcndem oldu! O kareye be\u011feni ya\u011fd\u0131"},"content":{"rendered":"<p>Veliaht dizisinin setinden gelen kareler, dizinin resmi ve hayran hesaplar\u0131nda yay\u0131nland\u0131 ve k\u0131sa s\u00fcrede kullan\u0131c\u0131lar aras\u0131nda b\u00fcy\u00fck ilgi g\u00f6rd\u00fc. Foto\u011frafta, <a href=\"https:\/\/www.tgrthaber.com\/mavikadin\/veliaht-dizisinin-cekimleri-karsa-mi-tasindi-veliaht-dizisi-nerede-cekiliyor\/\">Ak\u0131n Ak\u0131n\u00f6z\u00fc<\/a> ile Serra Ar\u0131t\u00fcrk\u2019\u00fcn samimi hali dikkat \u00e7ekti.<\/p>\n<h3>AKIN AKIN\u00d6Z\u00dc VE SERRA ARIT\u00dcRK G\u00dcNDEM OLDU<\/h3>\n<p>\u201cVeliaht\u201d dizisinin ba\u015frollerini payla\u015fan <a href=\"https:\/\/www.tgrthaber.com\/mavikadin\/veliaht-20-bolume-nursel-kose-karakteri-bomba-gibi-dustu\/\">Ak\u0131n Ak\u0131n\u00f6z\u00fc<\/a> ve Serra Ar\u0131t\u00fcrk, sosyal medyada yay\u0131mlanan yeni foto\u011fraflar\u0131yla be\u011feni toplad\u0131. \u0130kilinin uyumuna y\u00f6nelik yorumlar h\u0131zla artarken, foto\u011fraf be\u011feni rekoru k\u0131rd\u0131.<\/p>\n<p><img loading=\"lazy\" decoding=\"async\" class=\"aligncenter size-full wp-image-308680\" src=\"https:\/\/www.tgrthaber.com\/mavikadin\/wp-content\/uploads\/2026\/03\/Veliaht-1.png\" alt=\"\" width=\"1208\" height=\"680\" title=\"\" srcset=\"https:\/\/www.tgrthaber.com\/mavikadin\/wp-content\/uploads\/2026\/03\/Veliaht-1.png 1208w, https:\/\/www.tgrthaber.com\/mavikadin\/wp-content\/uploads\/2026\/03\/Veliaht-1-300x169.png 300w, https:\/\/www.tgrthaber.com\/mavikadin\/wp-content\/uploads\/2026\/03\/Veliaht-1-1024x576.png 1024w, https:\/\/www.tgrthaber.com\/mavikadin\/wp-content\/uploads\/2026\/03\/Veliaht-1-768x432.png 768w\" sizes=\"(max-width: 1208px) 100vw, 1208px\" \/><\/p>\n<hr \/>\n<h3>TAK\u0130P\u00c7\u0130LERDEN OLUMLU GER\u0130 D\u00d6N\u00dc\u015eLER<\/h3>\n<p>Sosyal medya kullan\u0131c\u0131lar\u0131 foto\u011fraflar\u0131 #Veliaht etiketiyle payla\u015f\u0131yor. Kullan\u0131c\u0131lar \u00f6zellikle ba\u015frollerin uyumunu ve ekran kimyas\u0131n\u0131 \u00f6verek \u015fu yorumlarda bulundu:<\/p>\n<p>\u201cMuhte\u015fem uyum!\u201d<\/p>\n<p>\u201cBu ikili harika g\u00f6r\u00fcn\u00fcyor\u201d<\/p>\n<p>Instagram, X ve Facebook gibi platformlarda payla\u015f\u0131mlar h\u0131zla viral olurken, dizinin pop\u00fclaritesi sosyal medyada daha da artt\u0131.<\/p>\n<p><img loading=\"lazy\" decoding=\"async\" class=\"aligncenter size-full wp-image-308679\" src=\"https:\/\/www.tgrthaber.com\/mavikadin\/wp-content\/uploads\/2026\/03\/Veliaht-1.jpg\" alt=\"\" width=\"686\" height=\"386\" title=\"\" srcset=\"https:\/\/www.tgrthaber.com\/mavikadin\/wp-content\/uploads\/2026\/03\/Veliaht-1.jpg 686w, https:\/\/www.tgrthaber.com\/mavikadin\/wp-content\/uploads\/2026\/03\/Veliaht-1-300x169.jpg 300w\" sizes=\"(max-width: 686px) 100vw, 686px\" \/><\/p>\n<hr \/>\n<h3>VEL\u0130AHT D\u0130Z\u0130S\u0130N\u0130N POP\u00dcLERL\u0130\u011e\u0130 ARTTI<\/h3>\n<p>Daha \u00f6nce Kars\u2019ta \u00e7ekilen dizideki sahnelerin g\u00f6rselli\u011fi sosyal medyada geni\u015f kitlelerce payla\u015f\u0131lm\u0131\u015ft\u0131. \u00c7iftin yeni karesiyle de dizinin sosyal medyadaki pop\u00fclerli\u011fi artt\u0131.<\/p>\n<p><img loading=\"lazy\" decoding=\"async\" class=\"aligncenter size-full wp-image-308681\" src=\"https:\/\/www.tgrthaber.com\/mavikadin\/wp-content\/uploads\/2026\/03\/Veliaht-1.webp\" alt=\"\" width=\"1280\" height=\"720\" title=\"\" srcset=\"https:\/\/www.tgrthaber.com\/mavikadin\/wp-content\/uploads\/2026\/03\/Veliaht-1.webp 1280w, https:\/\/www.tgrthaber.com\/mavikadin\/wp-content\/uploads\/2026\/03\/Veliaht-1-300x169.webp 300w, https:\/\/www.tgrthaber.com\/mavikadin\/wp-content\/uploads\/2026\/03\/Veliaht-1-1024x576.webp 1024w, https:\/\/www.tgrthaber.com\/mavikadin\/wp-content\/uploads\/2026\/03\/Veliaht-1-768x432.webp 768w\" sizes=\"(max-width: 1280px) 100vw, 1280px\" \/><\/p>\n<hr \/>\n<h3>VEL\u0130AHT F\u0130NAL YAPIYOR<\/h3>\n<p>SHOW TV\u2019nin sevilen dizisi \u201cVeliaht\u201d t\u00fcm bu pop\u00fclerli\u011fine ra\u011fmen 26. b\u00f6l\u00fcm\u00fcyle ekranlara veda edecek. 12 Mart Per\u015fembe ak\u015fam\u0131 yay\u0131mlanan 25. b\u00f6l\u00fcm\u00fcn ard\u0131ndan dizinin final b\u00f6l\u00fcm\u00fc izleyiciyle bulu\u015facak.<\/p>\n<p><img loading=\"lazy\" decoding=\"async\" class=\"aligncenter size-full wp-image-308682\" src=\"https:\/\/www.tgrthaber.com\/mavikadin\/wp-content\/uploads\/2026\/03\/Veliaht-2.png\" alt=\"\" width=\"1208\" height=\"680\" title=\"\" srcset=\"https:\/\/www.tgrthaber.com\/mavikadin\/wp-content\/uploads\/2026\/03\/Veliaht-2.png 1208w, https:\/\/www.tgrthaber.com\/mavikadin\/wp-content\/uploads\/2026\/03\/Veliaht-2-300x169.png 300w, https:\/\/www.tgrthaber.com\/mavikadin\/wp-content\/uploads\/2026\/03\/Veliaht-2-1024x576.png 1024w, https:\/\/www.tgrthaber.com\/mavikadin\/wp-content\/uploads\/2026\/03\/Veliaht-2-768x432.png 768w\" sizes=\"(max-width: 1208px) 100vw, 1208px\" \/><\/p>\n<hr \/>\n<h3>VEL\u0130AHT 25. B\u00d6L\u00dcMDE NELER OLDU?<\/h3>\n<p>Faroz\u2019un ger\u00e7ek veliaht oldu\u011fu ortaya \u00e7\u0131kt\u0131\u011f\u0131nda, iki ailenin dengeleri aniden alt \u00fcst oldu. Herkesin planlar\u0131 ve hesaplar\u0131 bir anda de\u011fi\u015fti. Saray\u0131n sessiz koridorlar\u0131nda f\u0131s\u0131lt\u0131lar, karanl\u0131k k\u00f6\u015felerde g\u00f6zler dola\u015fmaya ba\u015flad\u0131.<\/p>\n<p>Bu karma\u015fan\u0131n ortas\u0131nda, Vezir cesur bir ad\u0131m atarak Kudret\u2019e evlenme teklif etti. Ancak, kalplerini birbirine a\u00e7malar\u0131na engel olan sakl\u0131 s\u0131rlar vard\u0131. Ge\u00e7mi\u015ften gelen g\u00f6lgeler, mutlulu\u011fun \u00f6n\u00fcne ge\u00e7iyordu.<\/p>\n<p><img loading=\"lazy\" decoding=\"async\" class=\"aligncenter size-full wp-image-308683\" src=\"https:\/\/www.tgrthaber.com\/mavikadin\/wp-content\/uploads\/2026\/03\/Veliaht-3.webp\" alt=\"\" width=\"1244\" height=\"700\" title=\"\" srcset=\"https:\/\/www.tgrthaber.com\/mavikadin\/wp-content\/uploads\/2026\/03\/Veliaht-3.webp 1244w, https:\/\/www.tgrthaber.com\/mavikadin\/wp-content\/uploads\/2026\/03\/Veliaht-3-300x169.webp 300w, https:\/\/www.tgrthaber.com\/mavikadin\/wp-content\/uploads\/2026\/03\/Veliaht-3-1024x576.webp 1024w, https:\/\/www.tgrthaber.com\/mavikadin\/wp-content\/uploads\/2026\/03\/Veliaht-3-768x432.webp 768w\" sizes=\"(max-width: 1244px) 100vw, 1244px\" \/><\/p>\n<hr \/>\n<p>\u00d6te yandan Timur ve Reyhan, t\u00fcm karma\u015faya ra\u011fmen sade bir t\u00f6renle hayatlar\u0131n\u0131 birle\u015ftirdiler. Onlar\u0131n bu k\u00fc\u00e7\u00fck ama anlaml\u0131 mutlulu\u011fu, etraflar\u0131ndaki f\u0131rt\u0131naya kar\u015f\u0131 bir nefes gibiydi.<\/p>\n<p><img loading=\"lazy\" decoding=\"async\" class=\"aligncenter size-full wp-image-308685\" src=\"https:\/\/www.tgrthaber.com\/mavikadin\/wp-content\/uploads\/2026\/03\/Veliaht-4.webp\" alt=\"\" width=\"860\" height=\"480\" title=\"\" srcset=\"https:\/\/www.tgrthaber.com\/mavikadin\/wp-content\/uploads\/2026\/03\/Veliaht-4.webp 860w, https:\/\/www.tgrthaber.com\/mavikadin\/wp-content\/uploads\/2026\/03\/Veliaht-4-300x167.webp 300w, https:\/\/www.tgrthaber.com\/mavikadin\/wp-content\/uploads\/2026\/03\/Veliaht-4-768x429.webp 768w\" sizes=\"(max-width: 860px) 100vw, 860px\" \/><\/p>\n<hr \/>\n<p>Tam Faroz her \u015feyi kontrol alt\u0131na ald\u0131\u011f\u0131n\u0131 zannederken, Timur\u2019un kurnaz plan\u0131 devreye girdi. Faroz, hi\u00e7 beklemedi\u011fi bir yerden darbe alarak sars\u0131ld\u0131. Saraydaki g\u00fcveninin ne kadar k\u0131r\u0131lgan oldu\u011funu anlad\u0131.<\/p>\n<p>Ve sonra, as\u0131l \u015fok Faroz\u2019un Vezir\u2019in en b\u00fcy\u00fck s\u0131rr\u0131n\u0131 \u00f6\u011frenmesiyle geldi. Sessiz kalmas\u0131 kar\u015f\u0131l\u0131\u011f\u0131nda, Vezir\u2019den Timur\u2019u \u00f6ld\u00fcrmesini istedi. Art\u0131k Vezir ihanetin e\u015fi\u011finde duruyordu, kalbindeki sadakat ve a\u00e7g\u00f6zl\u00fcl\u00fck aras\u0131nda \u00f6l\u00fcmc\u00fcl bir se\u00e7im yapmak zorundayd\u0131.<\/p>\n","protected":false},"excerpt":{"rendered":"<p>\u201cVeliaht\u201d dizisinin ba\u015frolleri Ak\u0131n Ak\u0131n\u00f6z\u00fc ve Serra Ar\u0131t\u00fcrk, son g\u00fcnlerde sosyal medyada payla\u015f\u0131lan yeni foto\u011fraflar\u0131yla g\u00fcndem oldu. \u0130kilinin uyumu hakk\u0131nda yorumlar pe\u015f pe\u015fe gelirken foto\u011frafa be\u011feni ya\u011fd\u0131.<\/p>\n","protected":false},"author":5,"featured_media":308684,"comment_status":"closed","ping_status":"closed","sticky":false,"template":"","format":"standard","meta":{"rank_math_lock_modified_date":false,"footnotes":""},"categories":[602],"tags":[2167,3602,12285,24737],"class_list":["post-308678","post","type-post","status-publish","format-standard","has-post-thumbnail","hentry","category-diziler","tag-akin-akinozu","tag-diziler","tag-serra-ariturk","tag-veliaht"],"_links":{"self":[{"href":"https:\/\/www.tgrthaber.com\/mavikadin\/wp-json\/wp\/v2\/posts\/308678"}],"collection":[{"href":"https:\/\/www.tgrthaber.com\/mavikadin\/wp-json\/wp\/v2\/posts"}],"about":[{"href":"https:\/\/www.tgrthaber.com\/mavikadin\/wp-json\/wp\/v2\/types\/post"}],"author":[{"embeddable":true,"href":"https:\/\/www.tgrthaber.com\/mavikadin\/wp-json\/wp\/v2\/users\/5"}],"replies":[{"embeddable":true,"href":"https:\/\/www.tgrthaber.com\/mavikadin\/wp-json\/wp\/v2\/comments?post=308678"}],"version-history":[{"count":1,"href":"https:\/\/www.tgrthaber.com\/mavikadin\/wp-json\/wp\/v2\/posts\/308678\/revisions"}],"predecessor-version":[{"id":308688,"href":"https:\/\/www.tgrthaber.com\/mavikadin\/wp-json\/wp\/v2\/posts\/308678\/revisions\/308688"}],"wp:featuredmedia":[{"embeddable":true,"href":"https:\/\/www.tgrthaber.com\/mavikadin\/wp-json\/wp\/v2\/media\/308684"}],"wp:attachment":[{"href":"https:\/\/www.tgrthaber.com\/mavikadin\/wp-json\/wp\/v2\/media?parent=308678"}],"wp:term":[{"taxonomy":"category","embeddable":true,"href":"https:\/\/www.tgrthaber.com\/mavikadin\/wp-json\/wp\/v2\/categories?post=308678"},{"taxonomy":"post_tag","embeddable":true,"href":"https:\/\/www.tgrthaber.com\/mavikadin\/wp-json\/wp\/v2\/tags?post=308678"}],"curies":[{"name":"wp","href":"https:\/\/api.w.org\/{rel}","templated":true}]}}