{"id":308686,"date":"2026-03-13T12:47:19","date_gmt":"2026-03-13T09:47:19","guid":{"rendered":"https:\/\/www.tgrthaber.com\/mavikadin\/?p=308686"},"modified":"2026-03-13T12:47:19","modified_gmt":"2026-03-13T09:47:19","slug":"muge-anli-canli-yayinda-emekli-ogretmenin-cenazesi-bulundu-ahmet-baysali-kim-oldurdu","status":"publish","type":"post","link":"https:\/\/www.tgrthaber.com\/mavikadin\/muge-anli-canli-yayinda-emekli-ogretmenin-cenazesi-bulundu-ahmet-baysali-kim-oldurdu\/","title":{"rendered":"M\u00fcge Anl\u0131 canl\u0131 yay\u0131nda emekli \u00f6\u011fretmenin cenazesi bulundu! Ahmet Baysal\u2019\u0131 kim \u00f6ld\u00fcrd\u00fc?"},"content":{"rendered":"<p>Ekranlar\u0131n en \u00e7ok izlenen programlar\u0131ndan biri olan <a href=\"https:\/\/www.tgrthaber.com\/mavikadin\/ramazan-arikan-kimdir-muge-anli-programindaki-ramazan-arikan-neden-olduruldu\/\">M\u00fcge Anl\u0131,<\/a> hafta i\u00e7i her g\u00fcn yay\u0131nlanarak izleyici kar\u015f\u0131s\u0131na \u00e7\u0131k\u0131yor. Programda da ge\u00e7ti\u011fimiz saatlerde Bal\u0131kesir\u2019de ya\u015fam\u0131n\u0131 s\u00fcrd\u00fcren emekli \u00f6\u011fretmen Ahmet Baysal\u2019\u0131n kayb\u0131yla ilgili son dakika geli\u015fmesi meydana geldi. Emekli \u00f6\u011fretmen Ahmet Baysal\u2019\u0131n cenazesi bulundu. Peki, Ahmet Baysal\u2019\u0131 kim \u00f6ld\u00fcrd\u00fc? sorusu arama motorlar\u0131nda en \u00e7ok arat\u0131lan konular aras\u0131nda yer ald\u0131. \u0130\u015fte detaylar\u2026<\/p>\n<h3>M\u00dcGE ANLI CANLI YAYINDA EMEKL\u0130 \u00d6\u011eRETMEN\u0130N CENAZES\u0130 BULUNDU!<\/h3>\n<p>ATV ekranlar\u0131nda yay\u0131nlanan M\u00fcge Anl\u0131 ile Tatl\u0131 Sert program\u0131 hafta i\u00e7i her g\u00fcn izleyici kar\u015f\u0131s\u0131na \u00e7\u0131kmaya devam ediyor. Kay\u0131p vakalar\u0131n\u0131 ve adli durumlar\u0131n \u00e7\u00f6z\u00fcme ula\u015ft\u0131\u011f\u0131 program da dikkatleri \u00fczerine \u00e7ekmeye devam ediyor.<\/p>\n<p><img loading=\"lazy\" decoding=\"async\" class=\"alignnone size-full wp-image-308691\" src=\"https:\/\/www.tgrthaber.com\/mavikadin\/wp-content\/uploads\/2026\/03\/ARZU-63-1.jpg\" alt=\"M\u00fcge Anl\u0131 canl\u0131 yay\u0131nda emekli \u00f6\u011fretmenin cenazesi bulundu! Ahmet Baysal\u2019\u0131 kim \u00f6ld\u00fcrd\u00fc?\" width=\"1208\" height=\"680\" title=\"\" srcset=\"https:\/\/www.tgrthaber.com\/mavikadin\/wp-content\/uploads\/2026\/03\/ARZU-63-1.jpg 1208w, https:\/\/www.tgrthaber.com\/mavikadin\/wp-content\/uploads\/2026\/03\/ARZU-63-1-300x169.jpg 300w, https:\/\/www.tgrthaber.com\/mavikadin\/wp-content\/uploads\/2026\/03\/ARZU-63-1-1024x576.jpg 1024w, https:\/\/www.tgrthaber.com\/mavikadin\/wp-content\/uploads\/2026\/03\/ARZU-63-1-768x432.jpg 768w\" sizes=\"(max-width: 1208px) 100vw, 1208px\" \/><\/p>\n<hr \/>\n<p>\u00d6zellikle de bug\u00fcn yay\u0131nlanan b\u00f6l\u00fcm olduk\u00e7a dikkat \u00e7ekici oldu. Bal\u0131kesir\u2019in Band\u0131rma il\u00e7esinde 7 Mart\u2019tan beri kay\u0131p olan emekli \u00f6\u011fretmen Ahmet Baysal\u2019\u0131n cenazesi bulundu. 55 ya\u015f\u0131ndaki Ahmet Baysal, Bal\u0131kesir\u2019de bulunan sahilde hayat\u0131n\u0131 kaybetmi\u015f bir \u015fekilde bulundu.<\/p>\n<p><img loading=\"lazy\" decoding=\"async\" class=\"alignnone size-full wp-image-308693\" src=\"https:\/\/www.tgrthaber.com\/mavikadin\/wp-content\/uploads\/2026\/03\/ARZU-61-1.jpg\" alt=\"M\u00fcge Anl\u0131 canl\u0131 yay\u0131nda emekli \u00f6\u011fretmenin cenazesi bulundu! Ahmet Baysal\u2019\u0131 kim \u00f6ld\u00fcrd\u00fc?\" width=\"1208\" height=\"680\" title=\"\" srcset=\"https:\/\/www.tgrthaber.com\/mavikadin\/wp-content\/uploads\/2026\/03\/ARZU-61-1.jpg 1208w, https:\/\/www.tgrthaber.com\/mavikadin\/wp-content\/uploads\/2026\/03\/ARZU-61-1-300x169.jpg 300w, https:\/\/www.tgrthaber.com\/mavikadin\/wp-content\/uploads\/2026\/03\/ARZU-61-1-1024x576.jpg 1024w, https:\/\/www.tgrthaber.com\/mavikadin\/wp-content\/uploads\/2026\/03\/ARZU-61-1-768x432.jpg 768w\" sizes=\"(max-width: 1208px) 100vw, 1208px\" \/><\/p>\n<hr \/>\n<p>Bal\u0131kesir\u2019in Band\u0131rma il\u00e7esinde 5 g\u00fcnd\u00fcr kay\u0131p olarak aranan emekli \u00f6\u011fretmen Ahmet Baysal, ge\u00e7ti\u011fimiz d\u00fcn ak\u015fam deniz kenar\u0131nda hareketsiz bir \u015fekilde bulundu. \u0130hbar \u00fczerine pek \u00e7ok g\u00fcvenlik ekibi olayla ilgili inceleme ba\u015flatt\u0131.<\/p>\n<h3><img loading=\"lazy\" decoding=\"async\" class=\"alignnone wp-image-308692 size-full\" src=\"https:\/\/www.tgrthaber.com\/mavikadin\/wp-content\/uploads\/2026\/03\/ARZU-62-1.jpg\" alt=\"M\u00fcge Anl\u0131 canl\u0131 yay\u0131nda emekli \u00f6\u011fretmenin cenazesi bulundu! Ahmet Baysal\u2019\u0131 kim \u00f6ld\u00fcrd\u00fc?\" width=\"1208\" height=\"680\" title=\"\" srcset=\"https:\/\/www.tgrthaber.com\/mavikadin\/wp-content\/uploads\/2026\/03\/ARZU-62-1.jpg 1208w, https:\/\/www.tgrthaber.com\/mavikadin\/wp-content\/uploads\/2026\/03\/ARZU-62-1-300x169.jpg 300w, https:\/\/www.tgrthaber.com\/mavikadin\/wp-content\/uploads\/2026\/03\/ARZU-62-1-1024x576.jpg 1024w, https:\/\/www.tgrthaber.com\/mavikadin\/wp-content\/uploads\/2026\/03\/ARZU-62-1-768x432.jpg 768w\" sizes=\"(max-width: 1208px) 100vw, 1208px\" \/><\/h3>\n<hr \/>\n<h3>AHMET BAYSAL\u2019I K\u0130M \u00d6LD\u00dcRD\u00dc?<\/h3>\n<p>Emekli \u00f6\u011fretmen Ahmet Baysal\u2019\u0131n cenazesinin bulunmas\u0131n\u0131n ard\u0131ndan arama motorlar\u0131nda konu hakk\u0131nda merak edilerek ara\u015ft\u0131r\u0131lmaya ba\u015fland\u0131. \u00d6zellikle de Ahmet Baysal\u2019\u0131 \u2018Kim \u00f6ld\u00fcrd\u00fc?\u2019 sorusu en \u00e7ok merak edilen konulardan biri oldu.<\/p>\n<p><img loading=\"lazy\" decoding=\"async\" class=\"alignnone size-full wp-image-308690\" src=\"https:\/\/www.tgrthaber.com\/mavikadin\/wp-content\/uploads\/2026\/03\/ARZU-64-1.jpg\" alt=\"M\u00fcge Anl\u0131 canl\u0131 yay\u0131nda emekli \u00f6\u011fretmenin cenazesi bulundu! Ahmet Baysal\u2019\u0131 kim \u00f6ld\u00fcrd\u00fc?\" width=\"1208\" height=\"680\" title=\"\" srcset=\"https:\/\/www.tgrthaber.com\/mavikadin\/wp-content\/uploads\/2026\/03\/ARZU-64-1.jpg 1208w, https:\/\/www.tgrthaber.com\/mavikadin\/wp-content\/uploads\/2026\/03\/ARZU-64-1-300x169.jpg 300w, https:\/\/www.tgrthaber.com\/mavikadin\/wp-content\/uploads\/2026\/03\/ARZU-64-1-1024x576.jpg 1024w, https:\/\/www.tgrthaber.com\/mavikadin\/wp-content\/uploads\/2026\/03\/ARZU-64-1-768x432.jpg 768w\" sizes=\"(max-width: 1208px) 100vw, 1208px\" \/><\/p>\n<hr \/>\n<p>Bal\u0131kesir\u2019in Band\u0131rma il\u00e7esinde ya\u015fam\u0131n\u0131 s\u00fcrd\u00fcren emekli \u00f6\u011fretmen Ahmet Baysal, gelen ihbarlar sonucu deniz k\u0131y\u0131s\u0131nda cenazesi bulundu. 7 Mart\u2019tan bu yana kay\u0131p olan emekli \u00f6\u011fretmenin kesin \u00f6l\u00fcm nedeni hen\u00fcz bilinmiyor.<\/p>\n<p><img loading=\"lazy\" decoding=\"async\" class=\"alignnone size-full wp-image-308689\" src=\"https:\/\/www.tgrthaber.com\/mavikadin\/wp-content\/uploads\/2026\/03\/ARZU-65.jpg\" alt=\"M\u00fcge Anl\u0131 canl\u0131 yay\u0131nda emekli \u00f6\u011fretmenin cenazesi bulundu! Ahmet Baysal\u2019\u0131 kim \u00f6ld\u00fcrd\u00fc?\" width=\"1208\" height=\"680\" title=\"\" srcset=\"https:\/\/www.tgrthaber.com\/mavikadin\/wp-content\/uploads\/2026\/03\/ARZU-65.jpg 1208w, https:\/\/www.tgrthaber.com\/mavikadin\/wp-content\/uploads\/2026\/03\/ARZU-65-300x169.jpg 300w, https:\/\/www.tgrthaber.com\/mavikadin\/wp-content\/uploads\/2026\/03\/ARZU-65-1024x576.jpg 1024w, https:\/\/www.tgrthaber.com\/mavikadin\/wp-content\/uploads\/2026\/03\/ARZU-65-768x432.jpg 768w\" sizes=\"(max-width: 1208px) 100vw, 1208px\" \/><\/p>\n<hr \/>\n<p>Konu ile ilgili incelemeleri Bursa Adl\u0131 T\u0131p Kurumu\u2019nda yap\u0131l\u0131rken emekli \u00f6\u011fretmenin olay\u0131yla ilgili soru\u015fturma ba\u015flat\u0131ld\u0131. Yap\u0131lan \u00f6n inceleme de Ahmet Baysal\u2019\u0131n y\u00fcz\u00fcnde ve dudaklar\u0131nda darp izleri oldu\u011fu kamuoyunda yazan bilgiler aras\u0131nda yer almaktad\u0131r.<\/p>\n<p><img loading=\"lazy\" decoding=\"async\" class=\"alignnone size-full wp-image-308687\" src=\"https:\/\/www.tgrthaber.com\/mavikadin\/wp-content\/uploads\/2026\/03\/ARZU-66-1.jpg\" alt=\"M\u00fcge Anl\u0131 canl\u0131 yay\u0131nda emekli \u00f6\u011fretmenin cenazesi bulundu! Ahmet Baysal\u2019\u0131 kim \u00f6ld\u00fcrd\u00fc?\" width=\"1208\" height=\"680\" title=\"\" srcset=\"https:\/\/www.tgrthaber.com\/mavikadin\/wp-content\/uploads\/2026\/03\/ARZU-66-1.jpg 1208w, https:\/\/www.tgrthaber.com\/mavikadin\/wp-content\/uploads\/2026\/03\/ARZU-66-1-300x169.jpg 300w, https:\/\/www.tgrthaber.com\/mavikadin\/wp-content\/uploads\/2026\/03\/ARZU-66-1-1024x576.jpg 1024w, https:\/\/www.tgrthaber.com\/mavikadin\/wp-content\/uploads\/2026\/03\/ARZU-66-1-768x432.jpg 768w\" sizes=\"(max-width: 1208px) 100vw, 1208px\" \/><\/p>\n<hr \/>\n<p>M\u00fcge Anl\u0131\u2019n\u0131n canl\u0131 yay\u0131nda konu\u015fma yapan emekli \u00f6\u011fretmenin a\u011fabeyi, karde\u015finin baz\u0131 ki\u015filere bor\u00e7 para verdi\u011fini ve bu nedenle de bir\u00e7ok ki\u015fiyle de mahkemelik oldu\u011funun bilgisini verdi. Ahmet Baysal\u2019\u0131n ailesinin en b\u00fcy\u00fck \u015f\u00fcphesi, emekli \u00f6\u011fretmenin paras\u0131 i\u00e7in ka\u00e7\u0131r\u0131ld\u0131\u011f\u0131 s\u00f6yleniyor.<\/p>\n","protected":false},"excerpt":{"rendered":"<p>ATV ekranlar\u0131nda yay\u0131nlanan M\u00fcge Anl\u0131 ile Tatl\u0131 Sert program\u0131nda g\u00fcnlerdir aranan emekli \u00f6\u011fretmen Ahmet Baysal\u2019dan ac\u0131 haber geldi. Emekli \u00f6\u011fretmenin cenazesi bulundu. Bal\u0131kesir\u2019de kaybolan Ahmet Baysal\u2019\u0131 kim \u00f6ld\u00fcrd\u00fc? merak ediliyor. \u0130\u015fte detaylar\u2026<\/p>\n","protected":false},"author":34,"featured_media":308687,"comment_status":"closed","ping_status":"closed","sticky":false,"template":"","format":"standard","meta":{"rank_math_lock_modified_date":false,"footnotes":""},"categories":[76],"tags":[73315,73316,52237,2453,2533],"class_list":["post-308686","post","type-post","status-publish","format-standard","has-post-thumbnail","hentry","category-magazin","tag-ahmet-baysal","tag-ahmet-baysali-kim-oldurdu","tag-emekli-ogretmen","tag-muge-anli","tag-muge-anli-ile-tatli-sert"],"_links":{"self":[{"href":"https:\/\/www.tgrthaber.com\/mavikadin\/wp-json\/wp\/v2\/posts\/308686"}],"collection":[{"href":"https:\/\/www.tgrthaber.com\/mavikadin\/wp-json\/wp\/v2\/posts"}],"about":[{"href":"https:\/\/www.tgrthaber.com\/mavikadin\/wp-json\/wp\/v2\/types\/post"}],"author":[{"embeddable":true,"href":"https:\/\/www.tgrthaber.com\/mavikadin\/wp-json\/wp\/v2\/users\/34"}],"replies":[{"embeddable":true,"href":"https:\/\/www.tgrthaber.com\/mavikadin\/wp-json\/wp\/v2\/comments?post=308686"}],"version-history":[{"count":2,"href":"https:\/\/www.tgrthaber.com\/mavikadin\/wp-json\/wp\/v2\/posts\/308686\/revisions"}],"predecessor-version":[{"id":308695,"href":"https:\/\/www.tgrthaber.com\/mavikadin\/wp-json\/wp\/v2\/posts\/308686\/revisions\/308695"}],"wp:featuredmedia":[{"embeddable":true,"href":"https:\/\/www.tgrthaber.com\/mavikadin\/wp-json\/wp\/v2\/media\/308687"}],"wp:attachment":[{"href":"https:\/\/www.tgrthaber.com\/mavikadin\/wp-json\/wp\/v2\/media?parent=308686"}],"wp:term":[{"taxonomy":"category","embeddable":true,"href":"https:\/\/www.tgrthaber.com\/mavikadin\/wp-json\/wp\/v2\/categories?post=308686"},{"taxonomy":"post_tag","embeddable":true,"href":"https:\/\/www.tgrthaber.com\/mavikadin\/wp-json\/wp\/v2\/tags?post=308686"}],"curies":[{"name":"wp","href":"https:\/\/api.w.org\/{rel}","templated":true}]}}