{"id":308709,"date":"2026-03-13T13:42:19","date_gmt":"2026-03-13T10:42:19","guid":{"rendered":"https:\/\/www.tgrthaber.com\/mavikadin\/?p=308709"},"modified":"2026-03-13T13:43:05","modified_gmt":"2026-03-13T10:43:05","slug":"peakup-ai-in-action-frontier-journey-ile-yapay-zeka-donusumunu-masaya-yatirdi","status":"publish","type":"post","link":"https:\/\/www.tgrthaber.com\/mavikadin\/peakup-ai-in-action-frontier-journey-ile-yapay-zeka-donusumunu-masaya-yatirdi\/","title":{"rendered":"Peakup, \u201cA\u0131 In Act\u0131on: Front\u0131er Journey\u201d ile yapay zek\u00e2 d\u00f6n\u00fc\u015f\u00fcm\u00fcn\u00fc masaya yat\u0131rd\u0131!"},"content":{"rendered":"<p>\u015eirketlerin teknoloji deneyimini yeniden tasarlayan PEAKUP, yapay zeka yat\u0131r\u0131mlar\u0131n\u0131n olu\u015fturdu\u011fu mutlak stratejik \u00fcst\u00fcnl\u00fc\u011f\u00fc ele ald\u0131\u011f\u0131 \u201cAI in Action: Frontier Journey\u201d etkinli\u011fini ger\u00e7ekle\u015ftirdi. Microsoft Yapay Zeka \u00c7\u00f6z\u00fcmlerinden Sorumlu G\u00fcneydo\u011fu Avrupa B\u00f6lge Sat\u0131\u015f M\u00fcd\u00fcr\u00fc Mike Szewczyk ve Microsoft T\u00fcrkiye Genel M\u00fcd\u00fcr Yard\u0131mc\u0131s\u0131 C\u00fcneyt Batmaz\u2019\u0131n da konu\u015fmac\u0131lar aras\u0131nda yer ald\u0131\u011f\u0131 etkinlikte, kurumlar\u0131n yapay zeka d\u00f6n\u00fc\u015f\u00fcm\u00fcnde \u00f6nc\u00fc \u015firketler aras\u0131nda yer alabilmeleri i\u00e7in izlemeleri gereken yol haritas\u0131 payla\u015f\u0131ld\u0131.<\/p>\n<h3>PEAKUP, \u201cAI IN ACTION: FRONTIER JOURNEY\u201d \u0130LE YAPAY ZEK\u00c2 D\u00d6N\u00dc\u015e\u00dcM\u00dcN\u00dc MASAYA YATIRDI!<\/h3>\n<p>Microsoft\u2019un T\u00fcrkiye\u2019deki ilk ve tek \u201cFrontier Partner\u201di PEAKUP, dijital yetkinliklerin s\u00fcrd\u00fcr\u00fclebilir b\u00fcy\u00fcme \u00fczerindeki do\u011frudan etkisi ve yapay zeka yat\u0131r\u0131mlar\u0131n\u0131n olu\u015fturdu\u011fu mutlak stratejik \u00fcst\u00fcnl\u00fc\u011f\u00fcn ele al\u0131nd\u0131\u011f\u0131 \u201cAI in Action: Frontier Journey\u201d etkinli\u011fini ger\u00e7ekle\u015ftirdi. Microsoft Yapay Zeka \u00c7\u00f6z\u00fcmlerinden Sorumlu G\u00fcneydo\u011fu Avrupa B\u00f6lge Sat\u0131\u015f M\u00fcd\u00fcr\u00fc Mike Szewczyk ve Microsoft T\u00fcrkiye Genel M\u00fcd\u00fcr Yard\u0131mc\u0131s\u0131 C\u00fcneyt Batmaz\u2019\u0131n da konu\u015fmac\u0131lar aras\u0131nda yer ald\u0131\u011f\u0131 etkinlikte, \u201cfrontier firm\u201d kavram\u0131 \u00e7er\u00e7evesinde yapay zek\u00e2 d\u00f6n\u00fc\u015f\u00fcm\u00fcn\u00fcn temel dinamikleri ele al\u0131n\u0131rken, kurumlar\u0131n bu d\u00f6n\u00fc\u015f\u00fcmde \u00f6nc\u00fc \u015firketler aras\u0131nda yer alabilmeleri i\u00e7in izlemeleri gereken yol haritas\u0131 payla\u015f\u0131ld\u0131.<\/p>\n<p><img loading=\"lazy\" decoding=\"async\" class=\"alignnone size-full wp-image-308711\" src=\"https:\/\/www.tgrthaber.com\/mavikadin\/wp-content\/uploads\/2026\/03\/yapay-zeka-2.jpg\" alt=\"Peakup, \u201cA\u0131 In Act\u0131on: Front\u0131er Journey\u201d ile yapay zek\u00e2 d\u00f6n\u00fc\u015f\u00fcm\u00fcn\u00fc masaya yat\u0131rd\u0131!\" width=\"1208\" height=\"680\" title=\"\" srcset=\"https:\/\/www.tgrthaber.com\/mavikadin\/wp-content\/uploads\/2026\/03\/yapay-zeka-2.jpg 1208w, https:\/\/www.tgrthaber.com\/mavikadin\/wp-content\/uploads\/2026\/03\/yapay-zeka-2-300x169.jpg 300w, https:\/\/www.tgrthaber.com\/mavikadin\/wp-content\/uploads\/2026\/03\/yapay-zeka-2-1024x576.jpg 1024w, https:\/\/www.tgrthaber.com\/mavikadin\/wp-content\/uploads\/2026\/03\/yapay-zeka-2-768x432.jpg 768w\" sizes=\"(max-width: 1208px) 100vw, 1208px\" \/><\/p>\n<hr \/>\n<p><strong>Toprak\u00e7\u0131: \u201cYapay zek\u00e2 dokunu\u015flar\u0131n\u0131 art\u0131k hayat\u0131m\u0131z\u0131n bir par\u00e7as\u0131 olarak g\u00f6rece\u011fiz\u201d<\/strong><\/p>\n<p>Etkinli\u011fin a\u00e7\u0131l\u0131\u015f konu\u015fmas\u0131n\u0131 yapan PEAKUP CEO\u2019su Ahmet Toprak\u00e7\u0131, \u201cPEAKUP olarak bu etkinlikte, yapay zek\u00e2y\u0131 yaln\u0131zca teknolojik bir geli\u015fme olarak de\u011fil, kurumlar\u0131n stratejik d\u00f6n\u00fc\u015f\u00fcm\u00fcn\u00fc y\u00f6nlendiren temel bir g\u00fc\u00e7 olarak konumland\u0131r\u0131yoruz. \u2018AI in Action\u2019 serisi arac\u0131l\u0131\u011f\u0131yla i\u015f d\u00fcnyas\u0131n\u0131n liderlerini bir araya getiriyor; yapay zek\u00e2 alan\u0131ndaki somut deneyimleri payla\u015farak kurumlar\u0131n gelece\u011fini birlikte \u015fekillendirmeye devam ediyoruz\u201d dedi.<\/p>\n<p>\u015eu anda hayat\u0131m\u0131zda var olan yapay zek\u00e2n\u0131n yak\u0131n bir gelecekte daha da pratikte kullanaca\u011f\u0131m\u0131z bir noktaya ula\u015faca\u011f\u0131n\u0131 s\u00f6yleyen Toprak\u00e7\u0131 s\u00f6zlerine \u015f\u00f6yle devam etti: \u201cO kadar uzak olmayan bir gelecekte bir doktor te\u015fhisini koymadan \u00f6nce mutlaka yapay zek\u00e2ya dan\u0131\u015facak veya bir pilot rota belirlerken yapay zek\u00e2 ile konu\u015facak. Bug\u00fcn kendi istedi\u011fimiz zaman yapt\u0131\u011f\u0131m\u0131z yapay zek\u00e2 dokunu\u015flar\u0131n\u0131 art\u0131k hayat\u0131m\u0131z\u0131n bir par\u00e7as\u0131 olarak g\u00f6rmeye ba\u015flayaca\u011f\u0131z. Bir zamanlar evimize bilgisayarlar girmi\u015fti. Bu hayat\u0131m\u0131zda ciddi bir d\u00f6n\u00fc\u015f\u00fcm ger\u00e7ekle\u015ftirdi. \u0130nternet ba\u015fka bir k\u0131r\u0131l\u0131m\u0131 ya\u015fatt\u0131. \u015eu anda internetten bile daha b\u00fcy\u00fck k\u0131r\u0131l\u0131m yapay zeka ile beraber ger\u00e7ekle\u015fiyor. Yapay zeka ile beraber art\u0131k uygulama d\u00fcnyas\u0131 de\u011fi\u015fiyor, yaz\u0131l\u0131m d\u00fcnyas\u0131 de\u011fi\u015fiyor, i\u015f yap\u0131\u015f s\u00fcre\u00e7lerimiz de\u011fi\u015fiyor, meslekler de\u011fi\u015fiyor. Buna paralel olarak ise yapay zek\u00e2n\u0131n uzmanl\u0131\u011f\u0131na ihtiyac\u0131m\u0131z art\u0131yor. Zira insan fakt\u00f6r\u00fcyle birlikte \u00e7al\u0131\u015f\u0131lan senaryolarda, o insan\u0131n uzmanl\u0131\u011f\u0131 yapay zekada \u00fcretilen de\u011feri ortaya koyuyor.\u201d<\/p>\n<p><img loading=\"lazy\" decoding=\"async\" class=\"alignnone size-full wp-image-308714\" src=\"https:\/\/www.tgrthaber.com\/mavikadin\/wp-content\/uploads\/2026\/03\/yapay-zeka-5.jpg\" alt=\"Peakup, \u201cA\u0131 In Act\u0131on: Front\u0131er Journey\u201d ile yapay zek\u00e2 d\u00f6n\u00fc\u015f\u00fcm\u00fcn\u00fc masaya yat\u0131rd\u0131!\" width=\"1208\" height=\"680\" title=\"\" srcset=\"https:\/\/www.tgrthaber.com\/mavikadin\/wp-content\/uploads\/2026\/03\/yapay-zeka-5.jpg 1208w, https:\/\/www.tgrthaber.com\/mavikadin\/wp-content\/uploads\/2026\/03\/yapay-zeka-5-300x169.jpg 300w, https:\/\/www.tgrthaber.com\/mavikadin\/wp-content\/uploads\/2026\/03\/yapay-zeka-5-1024x576.jpg 1024w, https:\/\/www.tgrthaber.com\/mavikadin\/wp-content\/uploads\/2026\/03\/yapay-zeka-5-768x432.jpg 768w\" sizes=\"(max-width: 1208px) 100vw, 1208px\" \/><\/p>\n<hr \/>\n<p><strong>Batmaz: \u201c\u0130nsanlar muazzam bir verimlilik kazanacak<\/strong>\u201d<\/p>\n<p>Etkinlikte konu\u015fan Microsoft T\u00fcrkiye Genel M\u00fcd\u00fcr Yard\u0131mc\u0131s\u0131 C\u00fcneyt Batmaz, \u00e7al\u0131\u015fandan \u00e7ok daha fazlas\u0131n\u0131n beklendi\u011fi g\u00fcn\u00fcm\u00fczde, insani fakt\u00f6rlerin devreden \u00e7\u0131kt\u0131\u011f\u0131 an dijital fakt\u00f6rlerin yani ajanlar\u0131n devreye girdi\u011fini s\u00f6yledi. \u201cAjanlar\u0131n m\u00fcmk\u00fcnse birbirleri aras\u0131nda senkronize olarak s\u00fcreci rahatlatmalar\u0131n\u0131 bekliyoruz. \u0130nsanlar bu s\u00fcrecin i\u00e7erisinde ajanlara delege ettikleri i\u015flerle muazzam bir verimlilik kazanacak ve ak\u0131\u015flar\u0131n onayc\u0131lar\u0131 olacaklar\u201d diyen Batmaz, insan\u0131 h\u00e2l\u00e2 merkeze tutan bu yap\u0131da ajanlar\u0131n s\u00fcrekli olarak insanlara yard\u0131m eden bir yard\u0131mc\u0131 olarak konumland\u0131r\u0131ld\u0131klar\u0131n\u0131 belirtti.<\/p>\n<p><img loading=\"lazy\" decoding=\"async\" class=\"alignnone size-full wp-image-308710\" src=\"https:\/\/www.tgrthaber.com\/mavikadin\/wp-content\/uploads\/2026\/03\/yapay-zeka-1.jpg\" alt=\"Peakup, \u201cA\u0131 In Act\u0131on: Front\u0131er Journey\u201d ile yapay zek\u00e2 d\u00f6n\u00fc\u015f\u00fcm\u00fcn\u00fc masaya yat\u0131rd\u0131!\" width=\"1208\" height=\"680\" title=\"\" srcset=\"https:\/\/www.tgrthaber.com\/mavikadin\/wp-content\/uploads\/2026\/03\/yapay-zeka-1.jpg 1208w, https:\/\/www.tgrthaber.com\/mavikadin\/wp-content\/uploads\/2026\/03\/yapay-zeka-1-300x169.jpg 300w, https:\/\/www.tgrthaber.com\/mavikadin\/wp-content\/uploads\/2026\/03\/yapay-zeka-1-1024x576.jpg 1024w, https:\/\/www.tgrthaber.com\/mavikadin\/wp-content\/uploads\/2026\/03\/yapay-zeka-1-768x432.jpg 768w\" sizes=\"(max-width: 1208px) 100vw, 1208px\" \/>,<\/p>\n<hr \/>\n<p><strong>\u00d6nc\u00fc \u015firketler yapay zek\u00e2y\u0131 nas\u0131l kullan\u0131yor?<\/strong><\/p>\n<p>Microsoft Yapay Zeka \u00c7\u00f6z\u00fcmlerinden Sorumlu G\u00fcneydo\u011fu Avrupa B\u00f6lge Sat\u0131\u015f M\u00fcd\u00fcr\u00fc Mike Szewczyk ise yapay zek\u00e2 ajanlar\u0131n\u0131n \u00e7e\u015fitli i\u015f birimlerinde i\u015f yap\u0131\u015f bi\u00e7imlerini nas\u0131l de\u011fi\u015ftirdi\u011fini anlatt\u0131. \u201c\u0130\u015f s\u00fcre\u00e7lerini otomatikle\u015ftirmek ve y\u00fcr\u00fctmek i\u00e7in yapay zekay\u0131 kullanan ajanlardan bize baz\u0131 bilgiler getirmesini istiyor, baz\u0131 basit kurallar koyuyoruz ve onlar da bunlara uyuyor. Bunlar bilgi alma ajanlar\u0131 iken; g\u00f6rev tabanl\u0131 ajanlar ise sadece kendi ba\u015flar\u0131na \u00e7al\u0131\u015fmakla kalm\u0131yor, ayn\u0131 zamanda i\u015fi daha iyi nas\u0131l yapacaklar\u0131n\u0131 otonom olarak \u00f6\u011freniyor. Biz sadece onlar\u0131 y\u00f6nlendiren y\u00f6neticileriz ve ba\u011f\u0131ms\u0131z olarak \u00e7al\u0131\u015fmalar\u0131n\u0131 denetliyoruz\u201d diyen Szewczyk, son olarak tam destek sa\u011flayan yapay zeka ajanslar\u0131ndan bahsetti ve \u00f6nc\u00fc \u015firketlerin bu \u00fc\u00e7 yap\u0131y\u0131 da ayn\u0131 anda kulland\u0131klar\u0131na dikkat \u00e7ekti.<\/p>\n<p><img loading=\"lazy\" decoding=\"async\" class=\"alignnone size-full wp-image-308713\" src=\"https:\/\/www.tgrthaber.com\/mavikadin\/wp-content\/uploads\/2026\/03\/yapay-zeka-4.jpg\" alt=\"Peakup, \u201cA\u0131 In Act\u0131on: Front\u0131er Journey\u201d ile yapay zek\u00e2 d\u00f6n\u00fc\u015f\u00fcm\u00fcn\u00fc masaya yat\u0131rd\u0131!\" width=\"1208\" height=\"680\" title=\"\" srcset=\"https:\/\/www.tgrthaber.com\/mavikadin\/wp-content\/uploads\/2026\/03\/yapay-zeka-4.jpg 1208w, https:\/\/www.tgrthaber.com\/mavikadin\/wp-content\/uploads\/2026\/03\/yapay-zeka-4-300x169.jpg 300w, https:\/\/www.tgrthaber.com\/mavikadin\/wp-content\/uploads\/2026\/03\/yapay-zeka-4-1024x576.jpg 1024w, https:\/\/www.tgrthaber.com\/mavikadin\/wp-content\/uploads\/2026\/03\/yapay-zeka-4-768x432.jpg 768w\" sizes=\"(max-width: 1208px) 100vw, 1208px\" \/>,<\/p>\n<hr \/>\n<p>Etkinlikte yapay zek\u00e2 yat\u0131r\u0131mlar\u0131n\u0131n stratejik etkisi, veri odakl\u0131 karar alma s\u00fcre\u00e7leri, yapay zek\u00e2 ajanlar\u0131n\u0131n kurum i\u00e7indeki rol\u00fc ve yeni nesil dijital i\u015f modelleri gibi ba\u015fl\u0131klar; ger\u00e7ek kullan\u0131m senaryolar\u0131 ve global i\u00e7g\u00f6r\u00fcler e\u015fli\u011finde ele al\u0131nd\u0131. Etkinlik kapsam\u0131nda ger\u00e7ekle\u015ftirilen \u201cThe AI Inflection Point\u201d, \u201cFrontier Firm Perspective\u201d, \u201cAgentic Landscapes: Building What\u2019s Next\u201d, \u201cUnlocking Data Power\u201d ve \u201cRewriting the Enterprise Core\u201d ba\u015fl\u0131kl\u0131 oturumlarda, yapay zek\u00e2n\u0131n i\u015f d\u00fcnyas\u0131nda yaratt\u0131\u011f\u0131 paradigma de\u011fi\u015fimi farkl\u0131 perspektiflerden de\u011ferlendirildi. G\u00fcn\u00fcn ilerleyen saatlerinde d\u00fczenlenen executive oturumlar\u0131nda ise liderler, stratejik bak\u0131\u015f a\u00e7\u0131lar\u0131yla yapay zek\u00e2 destekli organizasyonlar\u0131n nas\u0131l \u015fekillendi\u011fini tart\u0131\u015ft\u0131.<\/p>\n","protected":false},"excerpt":{"rendered":"<p>\u015eirketlerin teknoloji deneyimini yeniden tasarlayan PEAKUP, yapay zeka yat\u0131r\u0131mlar\u0131n\u0131n olu\u015fturdu\u011fu mutlak stratejik \u00fcst\u00fcnl\u00fc\u011f\u00fc ele ald\u0131\u011f\u0131 \u201cAI in Action: Frontier Journey\u201d etkinli\u011fini ger\u00e7ekle\u015ftirdi. Etkinlikte Microsoft Yapay Zeka \u00c7\u00f6z\u00fcmlerinden Sorumlu G\u00fcneydo\u011fu Avrupa B\u00f6lge Sat\u0131\u015f M\u00fcd\u00fcr\u00fc Mike Szewczyk ve Microsoft T\u00fcrkiye Genel M\u00fcd\u00fcr Yard\u0131mc\u0131s\u0131 C\u00fcneyt Batmaz\u2019da konu\u015fmac\u0131lar aras\u0131nda yer ald\u0131.<\/p>\n","protected":false},"author":34,"featured_media":308712,"comment_status":"closed","ping_status":"closed","sticky":false,"template":"","format":"standard","meta":{"rank_math_lock_modified_date":false,"footnotes":""},"categories":[78],"tags":[73321,73319,73320,73322,73318,4817],"class_list":["post-308709","post","type-post","status-publish","format-standard","has-post-thumbnail","hentry","category-yasam","tag-cuneyt-batmaz","tag-microsoft","tag-microsoft-turkiye","tag-mike-szewczyk","tag-peakup","tag-yapay-zeka"],"_links":{"self":[{"href":"https:\/\/www.tgrthaber.com\/mavikadin\/wp-json\/wp\/v2\/posts\/308709"}],"collection":[{"href":"https:\/\/www.tgrthaber.com\/mavikadin\/wp-json\/wp\/v2\/posts"}],"about":[{"href":"https:\/\/www.tgrthaber.com\/mavikadin\/wp-json\/wp\/v2\/types\/post"}],"author":[{"embeddable":true,"href":"https:\/\/www.tgrthaber.com\/mavikadin\/wp-json\/wp\/v2\/users\/34"}],"replies":[{"embeddable":true,"href":"https:\/\/www.tgrthaber.com\/mavikadin\/wp-json\/wp\/v2\/comments?post=308709"}],"version-history":[{"count":3,"href":"https:\/\/www.tgrthaber.com\/mavikadin\/wp-json\/wp\/v2\/posts\/308709\/revisions"}],"predecessor-version":[{"id":308717,"href":"https:\/\/www.tgrthaber.com\/mavikadin\/wp-json\/wp\/v2\/posts\/308709\/revisions\/308717"}],"wp:featuredmedia":[{"embeddable":true,"href":"https:\/\/www.tgrthaber.com\/mavikadin\/wp-json\/wp\/v2\/media\/308712"}],"wp:attachment":[{"href":"https:\/\/www.tgrthaber.com\/mavikadin\/wp-json\/wp\/v2\/media?parent=308709"}],"wp:term":[{"taxonomy":"category","embeddable":true,"href":"https:\/\/www.tgrthaber.com\/mavikadin\/wp-json\/wp\/v2\/categories?post=308709"},{"taxonomy":"post_tag","embeddable":true,"href":"https:\/\/www.tgrthaber.com\/mavikadin\/wp-json\/wp\/v2\/tags?post=308709"}],"curies":[{"name":"wp","href":"https:\/\/api.w.org\/{rel}","templated":true}]}}