{"id":308719,"date":"2026-03-13T14:35:47","date_gmt":"2026-03-13T11:35:47","guid":{"rendered":"https:\/\/www.tgrthaber.com\/mavikadin\/?p=308719"},"modified":"2026-03-13T14:42:53","modified_gmt":"2026-03-13T11:42:53","slug":"gelinim-mutfaktada-emreden-esi-dilanaya-soke-eden-suclama-fotograf-yakaladi-studyoyu-basti","status":"publish","type":"post","link":"https:\/\/www.tgrthaber.com\/mavikadin\/gelinim-mutfaktada-emreden-esi-dilanaya-soke-eden-suclama-fotograf-yakaladi-studyoyu-basti\/","title":{"rendered":"Gelinim Mutfakta&#8217;da Emre&#8217;den e\u015fi Dilanay&#8217;a \u015foke eden su\u00e7lama! Foto\u011fraf yakalad\u0131 st\u00fcdyoyu bast\u0131"},"content":{"rendered":"<p>Kanal D ekranlar\u0131nda hafta i\u00e7i her g\u00fcn 14:00&#8217;de yay\u0131nlanan Gelinim Mutfakta&#8217;da bug\u00fcn k\u0131yamet koptu. Yar\u0131\u015fmaya yeni kat\u0131lan Dilanay ve kay\u0131nvalidesi M\u00fcr\u00fcvet Han\u0131m, t\u00fcm hafta ya\u015fan\u0131lan gerginlikle ekranlara damga vurmay\u0131 ba\u015farm\u0131\u015ft\u0131. Yar\u0131\u015fmac\u0131 Dilanay&#8217;\u0131n sa\u011fl\u0131k sorunlar\u0131 sebebiyle programa bir g\u00fcn ge\u00e7 ba\u015flamas\u0131ndan dolay\u0131, <a href=\"https:\/\/www.tgrthaber.com\/mavikadin\/gelinim-mutfakta-cansu-kimdir-cansunun-kayinvalidesi-donus-arslan-fatih-urekin-o-programinda-ortaya-cikti\/\">Emre<\/a> Bey bir g\u00fcnl\u00fc\u011f\u00fcne Gelinim Mutfakta st\u00fcdyosunda yar\u0131\u015fm\u0131\u015ft\u0131. Aile i\u00e7i \u015fiddetin \u00fcst boyutta ya\u015fand\u0131\u011f\u0131 Gelinim Mutfakta&#8217;da Dilanay ve Emre aras\u0131nda bug\u00fcn ipler adeta koptu. Foto\u011frafta e\u015fini bir erkekle yakalad\u0131\u011f\u0131n\u0131 iddia eden Emre, st\u00fcdyoyu bast\u0131 ve e\u015fi Dilanay&#8217;dan hesap sordu. O anlar ekran ba\u015f\u0131ndaki herkesi \u015foke etti. \u0130\u015fte detaylar&#8230;<\/p>\n<h3>GEL\u0130N\u0130M MUTFAKTA&#8217;DA EMRE&#8217;DEN E\u015e\u0130 D\u0130LANAY&#8217;A \u015eOKE EDEN SU\u00c7LAMA!<\/h3>\n<p>Asl\u0131 H\u00fcnel&#8217;in sunumuyla ger\u00e7ekle\u015fen <a href=\"https:\/\/www.tgrthaber.com\/mavikadin\/gelinim-mutfakta-aytene-ne-oldu-gelinim-mutfakta-ayten-yarismadan-ayrilacak-mi\/\">Gelinim Mutfakta<\/a>&#8216;da bug\u00fcn final heyecan\u0131 ya\u015fan\u0131yor. Ancak 10 alt\u0131n bilezi\u011fi geride b\u0131rakan bir olay, Gelinim Mutfakta st\u00fcdyosuna damga vurdu.<\/p>\n<p><img loading=\"lazy\" decoding=\"async\" class=\"alignnone wp-image-308723 size-full\" src=\"https:\/\/www.tgrthaber.com\/mavikadin\/wp-content\/uploads\/2026\/03\/Ekran-goruntusu-2026-03-13-142239.png\" alt=\"\" width=\"1221\" height=\"677\" title=\"\" srcset=\"https:\/\/www.tgrthaber.com\/mavikadin\/wp-content\/uploads\/2026\/03\/Ekran-goruntusu-2026-03-13-142239.png 1221w, https:\/\/www.tgrthaber.com\/mavikadin\/wp-content\/uploads\/2026\/03\/Ekran-goruntusu-2026-03-13-142239-300x166.png 300w, https:\/\/www.tgrthaber.com\/mavikadin\/wp-content\/uploads\/2026\/03\/Ekran-goruntusu-2026-03-13-142239-1024x568.png 1024w, https:\/\/www.tgrthaber.com\/mavikadin\/wp-content\/uploads\/2026\/03\/Ekran-goruntusu-2026-03-13-142239-768x426.png 768w\" sizes=\"(max-width: 1221px) 100vw, 1221px\" \/><\/p>\n<hr \/>\n<p>Yar\u0131\u015fman\u0131n ilk damat yar\u0131\u015fmac\u0131s\u0131 olarak geni\u015f yank\u0131 uyand\u0131ran <a href=\"https:\/\/www.tgrthaber.com\/mavikadin\/gelinim-mutfakta-bugun-ceyrek-altini-kim-aldi-gelinim-mutfakta-10-mart-2026-sali-kim-birinci-oldu\/\">Emre<\/a>, 13 Mart Cuma g\u00fcn\u00fc st\u00fcdyoya geldi ve &#8216;Ben bunu hazmedemem. O adam buraya gelecek&#8217; diyerek herkesi \u015foke etti. E\u015fi Dilanay&#8217;a sert s\u00f6zlerle y\u00fcklenen Emre&#8217;yi sakinle\u015ftirmek ise hi\u00e7 kolay olmad\u0131.<\/p>\n<p><img loading=\"lazy\" decoding=\"async\" class=\"alignnone wp-image-308726 size-full\" src=\"https:\/\/www.tgrthaber.com\/mavikadin\/wp-content\/uploads\/2026\/03\/Ekran-goruntusu-2026-03-13-142346.png\" alt=\"\" width=\"1209\" height=\"676\" title=\"\" srcset=\"https:\/\/www.tgrthaber.com\/mavikadin\/wp-content\/uploads\/2026\/03\/Ekran-goruntusu-2026-03-13-142346.png 1209w, https:\/\/www.tgrthaber.com\/mavikadin\/wp-content\/uploads\/2026\/03\/Ekran-goruntusu-2026-03-13-142346-300x168.png 300w, https:\/\/www.tgrthaber.com\/mavikadin\/wp-content\/uploads\/2026\/03\/Ekran-goruntusu-2026-03-13-142346-1024x573.png 1024w, https:\/\/www.tgrthaber.com\/mavikadin\/wp-content\/uploads\/2026\/03\/Ekran-goruntusu-2026-03-13-142346-768x429.png 768w\" sizes=\"(max-width: 1209px) 100vw, 1209px\" \/><\/p>\n<hr \/>\n<h3>FOTO\u011eRAF YAKALADI, ST\u00dcDYOYU BASTI<\/h3>\n<p>Gelinim Mutfakta her g\u00fcn \u00e7eyrek alt\u0131n verirken, Cuma g\u00fcn\u00fc yap\u0131lan haftal\u0131k performans bir geline 10 alt\u0131n bilezik da\u011f\u0131t\u0131yor. Bug\u00fcn t\u00fcm dengelerin de\u011fi\u015febilece\u011fi Gelinim Mutfakta&#8217;ya <a href=\"https:\/\/www.tgrthaber.com\/mavikadin\/gelinim-mutfakta-emre-kimdir-gelinim-mutfaktanin-ilk-damat-yarismacisina-begeni-yagdi\/\">Emre<\/a>&#8216;nin yapt\u0131\u011f\u0131 bask\u0131n herkesi \u015fa\u015fk\u0131na \u00e7evirdi.<\/p>\n<p><img loading=\"lazy\" decoding=\"async\" class=\"alignnone wp-image-308725 size-full\" src=\"https:\/\/www.tgrthaber.com\/mavikadin\/wp-content\/uploads\/2026\/03\/Ekran-goruntusu-2026-03-13-142335.png\" alt=\"\" width=\"1216\" height=\"679\" title=\"\" srcset=\"https:\/\/www.tgrthaber.com\/mavikadin\/wp-content\/uploads\/2026\/03\/Ekran-goruntusu-2026-03-13-142335.png 1216w, https:\/\/www.tgrthaber.com\/mavikadin\/wp-content\/uploads\/2026\/03\/Ekran-goruntusu-2026-03-13-142335-300x168.png 300w, https:\/\/www.tgrthaber.com\/mavikadin\/wp-content\/uploads\/2026\/03\/Ekran-goruntusu-2026-03-13-142335-1024x572.png 1024w, https:\/\/www.tgrthaber.com\/mavikadin\/wp-content\/uploads\/2026\/03\/Ekran-goruntusu-2026-03-13-142335-768x429.png 768w\" sizes=\"(max-width: 1216px) 100vw, 1216px\" \/><\/p>\n<hr \/>\n<p>Gelinim Mutfakta&#8217;n\u0131n ilk damat yar\u0131\u015fmac\u0131s\u0131 Emre, st\u00fcdyoya gelerek e\u015fi Dilanay&#8217;dan hesap sordu. Dilanay&#8217;\u0131n arkada\u015f\u0131 oldu\u011fu iddia edilen Nurhan&#8217;la e\u015fi Dilanay&#8217;\u0131 ayn\u0131 foto\u011fraf karesinde g\u00f6ren Emre solu\u011fu Gelinim Mutfakta st\u00fcdyosunda ald\u0131.<\/p>\n<p><img loading=\"lazy\" decoding=\"async\" class=\"alignnone wp-image-308721 size-full\" src=\"https:\/\/www.tgrthaber.com\/mavikadin\/wp-content\/uploads\/2026\/03\/Ekran-goruntusu-2026-03-13-142223.png\" alt=\"\" width=\"1218\" height=\"688\" title=\"\" srcset=\"https:\/\/www.tgrthaber.com\/mavikadin\/wp-content\/uploads\/2026\/03\/Ekran-goruntusu-2026-03-13-142223.png 1218w, https:\/\/www.tgrthaber.com\/mavikadin\/wp-content\/uploads\/2026\/03\/Ekran-goruntusu-2026-03-13-142223-300x169.png 300w, https:\/\/www.tgrthaber.com\/mavikadin\/wp-content\/uploads\/2026\/03\/Ekran-goruntusu-2026-03-13-142223-1024x578.png 1024w, https:\/\/www.tgrthaber.com\/mavikadin\/wp-content\/uploads\/2026\/03\/Ekran-goruntusu-2026-03-13-142223-768x434.png 768w\" sizes=\"(max-width: 1218px) 100vw, 1218px\" \/><\/p>\n<hr \/>\n<p>Gelinim Mutfakta yar\u0131\u015fmac\u0131s\u0131 Dilanay ise Nurhan&#8217;\u0131n \u00e7ok samimi arkada\u015f\u0131 oldu\u011funu ve bunu Emre&#8217;nin de bildi\u011fini iddia etti. Dilanay kaynana M\u00fcr\u00fcvet&#8217;e de y\u00fcklenirken, Gelinim Mutfakta st\u00fcdyosu foto\u011fraf karesiyle adeta kar\u0131\u015ft\u0131. \u0130\u015fte Emre&#8217;yi st\u00fcdyoya getiren olay foto\u011fraf karesi&#8230;<\/p>\n<h3><img loading=\"lazy\" decoding=\"async\" class=\"alignnone wp-image-308731 size-full\" src=\"https:\/\/www.tgrthaber.com\/mavikadin\/wp-content\/uploads\/2026\/03\/Ekran-goruntusu-2026-03-13-143904.png\" alt=\"\" width=\"1185\" height=\"668\" title=\"\" srcset=\"https:\/\/www.tgrthaber.com\/mavikadin\/wp-content\/uploads\/2026\/03\/Ekran-goruntusu-2026-03-13-143904.png 1185w, https:\/\/www.tgrthaber.com\/mavikadin\/wp-content\/uploads\/2026\/03\/Ekran-goruntusu-2026-03-13-143904-300x169.png 300w, https:\/\/www.tgrthaber.com\/mavikadin\/wp-content\/uploads\/2026\/03\/Ekran-goruntusu-2026-03-13-143904-1024x577.png 1024w, https:\/\/www.tgrthaber.com\/mavikadin\/wp-content\/uploads\/2026\/03\/Ekran-goruntusu-2026-03-13-143904-768x433.png 768w\" sizes=\"(max-width: 1185px) 100vw, 1185px\" \/><\/h3>\n<hr \/>\n<p>Gelinim Mutfakta st\u00fcdyosunu kar\u0131\u015ft\u0131ran foto\u011fraf karesi yay\u0131nlan\u0131nca, i\u015f daha da b\u00fcy\u00fcd\u00fc. Olduk\u00e7a samimi g\u00f6r\u00fcnen g\u00f6r\u00fcnt\u00fcler sonras\u0131 Emre kontrolden \u00e7\u0131karken, Delinay &#8216;Ben kankamla bir kahve i\u00e7emez miyim&#8217; diyerek tansiyonu daha da y\u00fckseltti.<\/p>\n<div style=\"width: 640px;\" class=\"wp-video\"><!--[if lt IE 9]><script>document.createElement('video');<\/script><![endif]-->\n<video class=\"wp-video-shortcode\" id=\"video-308719-1\" width=\"640\" height=\"360\" preload=\"metadata\" controls=\"controls\"><source type=\"video\/mp4\" src=\"https:\/\/www.tgrthaber.com\/mavikadin\/wp-content\/uploads\/2026\/03\/Sizce-Emre-tepki-gostermekte-hakli-mi-@aslihunel-@kanald-@kargafilm.production-GelinimMutfakta-online-video-cutter.com_.mp4?_=1\" \/><a href=\"https:\/\/www.tgrthaber.com\/mavikadin\/wp-content\/uploads\/2026\/03\/Sizce-Emre-tepki-gostermekte-hakli-mi-@aslihunel-@kanald-@kargafilm.production-GelinimMutfakta-online-video-cutter.com_.mp4\">https:\/\/www.tgrthaber.com\/mavikadin\/wp-content\/uploads\/2026\/03\/Sizce-Emre-tepki-gostermekte-hakli-mi-@aslihunel-@kanald-@kargafilm.production-GelinimMutfakta-online-video-cutter.com_.mp4<\/a><\/video><\/div>\n<hr \/>\n<h3>GEL\u0130N\u0130M MUTFAKTA 6 MART CUMA 10 ALTIN B\u0130LEZ\u0130\u011e\u0130 K\u0130M ALDI?<\/h3>\n<p>Gelinim Mutfakta&#8217;da ge\u00e7en hafta 10 alt\u0131n bilezi\u011fin sahibi Tu\u011fba oldu. 6 Mart Cuma g\u00fcn\u00fc Tu\u011fba toplam 84 puanla bilezikleri koluna takan isim olarak a\u00e7\u0131kland\u0131.<\/p>\n<p>Tu\u011fba &#8211; 84<\/p>\n<p><img loading=\"lazy\" decoding=\"async\" class=\"alignnone wp-image-308724 size-full\" src=\"https:\/\/www.tgrthaber.com\/mavikadin\/wp-content\/uploads\/2026\/03\/Ekran-goruntusu-2026-03-13-142316.png\" alt=\"\" width=\"1221\" height=\"679\" title=\"\" srcset=\"https:\/\/www.tgrthaber.com\/mavikadin\/wp-content\/uploads\/2026\/03\/Ekran-goruntusu-2026-03-13-142316.png 1221w, https:\/\/www.tgrthaber.com\/mavikadin\/wp-content\/uploads\/2026\/03\/Ekran-goruntusu-2026-03-13-142316-300x167.png 300w, https:\/\/www.tgrthaber.com\/mavikadin\/wp-content\/uploads\/2026\/03\/Ekran-goruntusu-2026-03-13-142316-1024x569.png 1024w, https:\/\/www.tgrthaber.com\/mavikadin\/wp-content\/uploads\/2026\/03\/Ekran-goruntusu-2026-03-13-142316-768x427.png 768w\" sizes=\"(max-width: 1221px) 100vw, 1221px\" \/><\/p>\n<hr \/>\n<p>Ayten &#8211; 77<\/p>\n<p>Alime &#8211; 59<\/p>\n<p>B\u00fc\u015fra &#8211; 55<\/p>\n<p><img loading=\"lazy\" decoding=\"async\" class=\"alignnone wp-image-308728 size-full\" src=\"https:\/\/www.tgrthaber.com\/mavikadin\/wp-content\/uploads\/2026\/03\/Ekran-goruntusu-2026-03-06-105953.png\" alt=\"\" width=\"1527\" height=\"826\" title=\"\" srcset=\"https:\/\/www.tgrthaber.com\/mavikadin\/wp-content\/uploads\/2026\/03\/Ekran-goruntusu-2026-03-06-105953.png 1527w, https:\/\/www.tgrthaber.com\/mavikadin\/wp-content\/uploads\/2026\/03\/Ekran-goruntusu-2026-03-06-105953-300x162.png 300w, https:\/\/www.tgrthaber.com\/mavikadin\/wp-content\/uploads\/2026\/03\/Ekran-goruntusu-2026-03-06-105953-1024x554.png 1024w, https:\/\/www.tgrthaber.com\/mavikadin\/wp-content\/uploads\/2026\/03\/Ekran-goruntusu-2026-03-06-105953-768x415.png 768w\" sizes=\"(max-width: 1527px) 100vw, 1527px\" \/><\/p>\n<hr \/>\n<h3>GEL\u0130N\u0130M MUTFAKTA 6 MART CUMA K\u0130M ELEND\u0130?<\/h3>\n<p>Gelinim Mutfakta&#8217;da her Cuma bir gelin ve kay\u0131nvalide eleniyor. 6 Mart 2026 Cuma g\u00fcn\u00fc Gelinim Mutfakta yar\u0131\u015fmas\u0131na veda eden yar\u0131\u015fmac\u0131lar ise B\u00fc\u015fra ve kay\u0131nvalidesi Emine Han\u0131m oldu.<\/p>\n","protected":false},"excerpt":{"rendered":"<p>Gelinim Mutfakta&#8217;da final g\u00fcn\u00fc st\u00fcdyo adeta kar\u0131\u015ft\u0131. Gelinim Mutfakta&#8217;da e\u015fi Dilanay yerine bir g\u00fcnl\u00fc\u011f\u00fcne yar\u0131\u015fan Emre, st\u00fcdyoyu bast\u0131 ve &#8216;O adam buraya gelecek&#8217; diyerek, yakalad\u0131\u011f\u0131 foto\u011fraf\u0131n hesab\u0131n\u0131 milyonlar \u00f6n\u00fcnde sordu. \u0130\u015fte detaylar&#8230;<\/p>\n","protected":false},"author":35,"featured_media":308720,"comment_status":"closed","ping_status":"closed","sticky":false,"template":"","format":"standard","meta":{"rank_math_lock_modified_date":false,"footnotes":""},"categories":[76],"tags":[73269,73190,73268,2766,133],"class_list":["post-308719","post","type-post","status-publish","format-standard","has-post-thumbnail","hentry","category-magazin","tag-gelinim-mutfakta-dilanay","tag-gelinim-mutfakta-emre","tag-gelinim-mutfakta-muruvet","tag-kanal-d","tag-magazin"],"_links":{"self":[{"href":"https:\/\/www.tgrthaber.com\/mavikadin\/wp-json\/wp\/v2\/posts\/308719"}],"collection":[{"href":"https:\/\/www.tgrthaber.com\/mavikadin\/wp-json\/wp\/v2\/posts"}],"about":[{"href":"https:\/\/www.tgrthaber.com\/mavikadin\/wp-json\/wp\/v2\/types\/post"}],"author":[{"embeddable":true,"href":"https:\/\/www.tgrthaber.com\/mavikadin\/wp-json\/wp\/v2\/users\/35"}],"replies":[{"embeddable":true,"href":"https:\/\/www.tgrthaber.com\/mavikadin\/wp-json\/wp\/v2\/comments?post=308719"}],"version-history":[{"count":3,"href":"https:\/\/www.tgrthaber.com\/mavikadin\/wp-json\/wp\/v2\/posts\/308719\/revisions"}],"predecessor-version":[{"id":308732,"href":"https:\/\/www.tgrthaber.com\/mavikadin\/wp-json\/wp\/v2\/posts\/308719\/revisions\/308732"}],"wp:featuredmedia":[{"embeddable":true,"href":"https:\/\/www.tgrthaber.com\/mavikadin\/wp-json\/wp\/v2\/media\/308720"}],"wp:attachment":[{"href":"https:\/\/www.tgrthaber.com\/mavikadin\/wp-json\/wp\/v2\/media?parent=308719"}],"wp:term":[{"taxonomy":"category","embeddable":true,"href":"https:\/\/www.tgrthaber.com\/mavikadin\/wp-json\/wp\/v2\/categories?post=308719"},{"taxonomy":"post_tag","embeddable":true,"href":"https:\/\/www.tgrthaber.com\/mavikadin\/wp-json\/wp\/v2\/tags?post=308719"}],"curies":[{"name":"wp","href":"https:\/\/api.w.org\/{rel}","templated":true}]}}