{"id":308733,"date":"2026-03-13T15:28:55","date_gmt":"2026-03-13T12:28:55","guid":{"rendered":"https:\/\/www.tgrthaber.com\/mavikadin\/?p=308733"},"modified":"2026-03-13T15:28:55","modified_gmt":"2026-03-13T12:28:55","slug":"gelinim-mutfaktada-agizda-dagilan-padisah-yastigi-tatlisi-nasil-yapilir-isin-sirri-serbetinde","status":"publish","type":"post","link":"https:\/\/www.tgrthaber.com\/mavikadin\/gelinim-mutfaktada-agizda-dagilan-padisah-yastigi-tatlisi-nasil-yapilir-isin-sirri-serbetinde\/","title":{"rendered":"Gelinim Mutfakta&#8217;da a\u011f\u0131zda da\u011f\u0131lan Padi\u015fah Yast\u0131\u011f\u0131 Tatl\u0131s\u0131 nas\u0131l yap\u0131l\u0131r? \u0130\u015fin s\u0131rr\u0131 \u015ferbetinde"},"content":{"rendered":"<p>Gelinim Mutfakta yar\u0131\u015fmas\u0131n\u0131n bug\u00fcn yay\u0131nlanan b\u00f6l\u00fcm\u00fcnde yap\u0131lan <a href=\"https:\/\/www.tgrthaber.com\/mavikadin\/iftar-sofralarina-yakisacak-mide-yormayan-hafif-tatli-porsiyonluk-latte-pasta-tarifi\/\">Padi\u015fah Yast\u0131\u011f\u0131 Tatl\u0131s\u0131<\/a>, izleyenlerin adeta a\u011f\u0131zlar\u0131n\u0131 suland\u0131rd\u0131. Yumu\u015fac\u0131k pandispanyas\u0131, bol \u00e7ekilmi\u015f \u015ferbeti ve kaymakl\u0131 kremas\u0131yla ak\u0131lda kalan Padi\u015fah Yast\u0131\u011f\u0131 Tatl\u0131s\u0131n\u0131n tarifi ise merak konusu oldu. Peki Padi\u015fah Yast\u0131\u011f\u0131 Tatl\u0131s\u0131 nas\u0131l yap\u0131l\u0131r, hangi malzemeler gerekir? Padi\u015fah Yast\u0131\u011f\u0131 Tatl\u0131s\u0131 yaparken, \u015ferbeti nas\u0131l olmal\u0131d\u0131r? \u0130\u015fte a\u011f\u0131zda da\u011f\u0131lan ve \u015ferbeti tam \u00e7ekmi\u015f Padi\u015fah Yast\u0131\u011f\u0131 Tatl\u0131s\u0131 tarifi&#8230;<\/p>\n<h3>GEL\u0130N\u0130M MUTFAKTA&#8217;DA A\u011eIZDA DA\u011eILAN PAD\u0130\u015eAH YASTI\u011eI TATLISI NASIL YAPILIR?<\/h3>\n<p>Tatl\u0131dan vazge\u00e7emeyenler i\u00e7in <a href=\"https:\/\/www.tgrthaber.com\/mavikadin\/iftardan-sonra-bu-tatliya-mutlaka-yer-ayirin-ramazan-sofralarinin-yeni-yildizi-dubai-gecesi-tatlisi\/\">Padi\u015fah Yast\u0131\u011f\u0131 Tatl\u0131s\u0131<\/a> hem g\u00f6r\u00fcnt\u00fcs\u00fcyle hem de lezzetiyle, damak \u00e7atlatan t\u00fcrden. Tatl\u0131n\u0131n yap\u0131l\u0131\u015f\u0131 ise iki ana b\u00f6l\u00fcmden olu\u015fuyor. Bunlardan ilki pandispanya kekinin haz\u0131rlanmas\u0131 ve ikincisi \u015ferbetin k\u0131vam\u0131n\u0131 bulmas\u0131. Toplamda yakla\u015f\u0131k 40 dakikada haz\u0131rlayabilece\u011finiz bu nefis tatl\u0131, \u00f6zellikle iftar sonras\u0131 \u00e7ay saatlerinizin vazge\u00e7ilmezi olacak. \u0130\u015fte ihtiyac\u0131n\u0131z olan malzeme listesi&#8230;<\/p>\n<p><img loading=\"lazy\" decoding=\"async\" class=\"alignnone wp-image-308734 size-full\" src=\"https:\/\/www.tgrthaber.com\/mavikadin\/wp-content\/uploads\/2026\/03\/Adsiz-tasarim-2026-03-13T152059.067-scaled.jpg\" alt=\"\" width=\"2560\" height=\"1440\" title=\"\" srcset=\"https:\/\/www.tgrthaber.com\/mavikadin\/wp-content\/uploads\/2026\/03\/Adsiz-tasarim-2026-03-13T152059.067-scaled.jpg 2560w, https:\/\/www.tgrthaber.com\/mavikadin\/wp-content\/uploads\/2026\/03\/Adsiz-tasarim-2026-03-13T152059.067-300x169.jpg 300w, https:\/\/www.tgrthaber.com\/mavikadin\/wp-content\/uploads\/2026\/03\/Adsiz-tasarim-2026-03-13T152059.067-1024x576.jpg 1024w, https:\/\/www.tgrthaber.com\/mavikadin\/wp-content\/uploads\/2026\/03\/Adsiz-tasarim-2026-03-13T152059.067-768x432.jpg 768w, https:\/\/www.tgrthaber.com\/mavikadin\/wp-content\/uploads\/2026\/03\/Adsiz-tasarim-2026-03-13T152059.067-1536x864.jpg 1536w, https:\/\/www.tgrthaber.com\/mavikadin\/wp-content\/uploads\/2026\/03\/Adsiz-tasarim-2026-03-13T152059.067-2048x1152.jpg 2048w\" sizes=\"(max-width: 2560px) 100vw, 2560px\" \/><\/p>\n<hr \/>\n<h3>Malzemeler:<\/h3>\n<p><strong>Keki i\u00e7in:<\/strong><\/p>\n<p>2 adet yumurta<\/p>\n<p>1 \u00e7ay barda\u011f\u0131 toz \u015feker<\/p>\n<p>2 yemek ka\u015f\u0131\u011f\u0131 s\u0131cak su<\/p>\n<p>1 su barda\u011f\u0131 un<\/p>\n<p>1 paket kabartma tozu<\/p>\n<p>1 paket vanilya<\/p>\n<p><strong>\u015eerbeti i\u00e7in:<\/strong><\/p>\n<p><img loading=\"lazy\" decoding=\"async\" class=\"alignnone wp-image-308735 size-full\" src=\"https:\/\/www.tgrthaber.com\/mavikadin\/wp-content\/uploads\/2026\/03\/Adsiz-tasarim-2026-03-13T152035.222-scaled.jpg\" alt=\"\" width=\"2560\" height=\"1440\" title=\"\" srcset=\"https:\/\/www.tgrthaber.com\/mavikadin\/wp-content\/uploads\/2026\/03\/Adsiz-tasarim-2026-03-13T152035.222-scaled.jpg 2560w, https:\/\/www.tgrthaber.com\/mavikadin\/wp-content\/uploads\/2026\/03\/Adsiz-tasarim-2026-03-13T152035.222-300x169.jpg 300w, https:\/\/www.tgrthaber.com\/mavikadin\/wp-content\/uploads\/2026\/03\/Adsiz-tasarim-2026-03-13T152035.222-1024x576.jpg 1024w, https:\/\/www.tgrthaber.com\/mavikadin\/wp-content\/uploads\/2026\/03\/Adsiz-tasarim-2026-03-13T152035.222-768x432.jpg 768w, https:\/\/www.tgrthaber.com\/mavikadin\/wp-content\/uploads\/2026\/03\/Adsiz-tasarim-2026-03-13T152035.222-1536x864.jpg 1536w, https:\/\/www.tgrthaber.com\/mavikadin\/wp-content\/uploads\/2026\/03\/Adsiz-tasarim-2026-03-13T152035.222-2048x1152.jpg 2048w\" sizes=\"(max-width: 2560px) 100vw, 2560px\" \/><\/p>\n<hr \/>\n<p>1 su barda\u011f\u0131 toz \u015feker<\/p>\n<p>1,5 su barda\u011f\u0131 su<\/p>\n<p><strong>Krema ve s\u00fcsleme i\u00e7in:<\/strong><\/p>\n<p><img loading=\"lazy\" decoding=\"async\" class=\"alignnone wp-image-308736 size-full\" src=\"https:\/\/www.tgrthaber.com\/mavikadin\/wp-content\/uploads\/2026\/03\/Adsiz-tasarim-2026-03-13T152008.491-scaled.jpg\" alt=\"\" width=\"2560\" height=\"1440\" title=\"\" srcset=\"https:\/\/www.tgrthaber.com\/mavikadin\/wp-content\/uploads\/2026\/03\/Adsiz-tasarim-2026-03-13T152008.491-scaled.jpg 2560w, https:\/\/www.tgrthaber.com\/mavikadin\/wp-content\/uploads\/2026\/03\/Adsiz-tasarim-2026-03-13T152008.491-300x169.jpg 300w, https:\/\/www.tgrthaber.com\/mavikadin\/wp-content\/uploads\/2026\/03\/Adsiz-tasarim-2026-03-13T152008.491-1024x576.jpg 1024w, https:\/\/www.tgrthaber.com\/mavikadin\/wp-content\/uploads\/2026\/03\/Adsiz-tasarim-2026-03-13T152008.491-768x432.jpg 768w, https:\/\/www.tgrthaber.com\/mavikadin\/wp-content\/uploads\/2026\/03\/Adsiz-tasarim-2026-03-13T152008.491-1536x864.jpg 1536w, https:\/\/www.tgrthaber.com\/mavikadin\/wp-content\/uploads\/2026\/03\/Adsiz-tasarim-2026-03-13T152008.491-2048x1152.jpg 2048w\" sizes=\"(max-width: 2560px) 100vw, 2560px\" \/><\/p>\n<hr \/>\n<p>1 paket krem \u015fanti<\/p>\n<p>1 su barda\u011f\u0131 so\u011fuk s\u00fct<\/p>\n<p>150 gram kaymak<\/p>\n<p>Ay\u0131klanm\u0131\u015f nar taneleri<\/p>\n<p>Toz Antep f\u0131st\u0131\u011f\u0131<\/p>\n<p>Hindistan cevizi<\/p>\n<p><img loading=\"lazy\" decoding=\"async\" class=\"alignnone wp-image-308737 size-full\" src=\"https:\/\/www.tgrthaber.com\/mavikadin\/wp-content\/uploads\/2026\/03\/maxresdefault-41.jpg\" alt=\"\" width=\"1280\" height=\"720\" title=\"\" srcset=\"https:\/\/www.tgrthaber.com\/mavikadin\/wp-content\/uploads\/2026\/03\/maxresdefault-41.jpg 1280w, https:\/\/www.tgrthaber.com\/mavikadin\/wp-content\/uploads\/2026\/03\/maxresdefault-41-300x169.jpg 300w, https:\/\/www.tgrthaber.com\/mavikadin\/wp-content\/uploads\/2026\/03\/maxresdefault-41-1024x576.jpg 1024w, https:\/\/www.tgrthaber.com\/mavikadin\/wp-content\/uploads\/2026\/03\/maxresdefault-41-768x432.jpg 768w\" sizes=\"(max-width: 1280px) 100vw, 1280px\" \/><\/p>\n<hr \/>\n<p><strong>Yap\u0131l\u0131\u015f\u0131:<\/strong><\/p>\n<p><a href=\"https:\/\/www.tgrthaber.com\/mavikadin\/diyetinize-ekleyeceginiz-muhtesem-tatli-tarifi-krizleri-aninda-onluyor\/\">Padi\u015fah Yast\u0131\u011f\u0131 Tatl\u0131s\u0131<\/a> i\u00e7in \u00f6ncelikle \u015ferbeti haz\u0131rlay\u0131n ve so\u011fumas\u0131 i\u00e7in beklemeye b\u0131rak\u0131n. K\u00fc\u00e7\u00fck bir tencereye 1 su barda\u011f\u0131 toz \u015feker ve 1 bu\u00e7uk su barda\u011f\u0131 suyu ekleyin. \u015eeker eriyene kadar kar\u0131\u015ft\u0131rd\u0131ktan sonra oca\u011fa al\u0131n. Kaynamaya ba\u015flad\u0131ktan sonra k\u0131s\u0131k ate\u015fte yakla\u015f\u0131k 5 dakika daha kaynat\u0131p ocaktan al\u0131n ve oda s\u0131cakl\u0131\u011f\u0131nda so\u011fumaya b\u0131rak\u0131n .<\/p>\n<p>Derin bir kar\u0131\u015ft\u0131rma kab\u0131 alarak, 2 adet yumurtay\u0131 k\u0131r\u0131n. \u00dczerine 1 \u00e7ay barda\u011f\u0131 toz \u015feker, kabartma tozu ve vanilyay\u0131 ekleyin. Mikserle 3 ya da 4 dakika boyunca, kar\u0131\u015f\u0131m k\u00f6p\u00fck k\u00f6p\u00fck olana dek ve rengi a\u00e7\u0131lana kadar \u00e7\u0131rp\u0131n .<\/p>\n<p><img loading=\"lazy\" decoding=\"async\" class=\"alignnone wp-image-308738 size-full\" src=\"https:\/\/www.tgrthaber.com\/mavikadin\/wp-content\/uploads\/2026\/03\/maxresdefault-40.jpg\" alt=\"\" width=\"1280\" height=\"720\" title=\"\" srcset=\"https:\/\/www.tgrthaber.com\/mavikadin\/wp-content\/uploads\/2026\/03\/maxresdefault-40.jpg 1280w, https:\/\/www.tgrthaber.com\/mavikadin\/wp-content\/uploads\/2026\/03\/maxresdefault-40-300x169.jpg 300w, https:\/\/www.tgrthaber.com\/mavikadin\/wp-content\/uploads\/2026\/03\/maxresdefault-40-1024x576.jpg 1024w, https:\/\/www.tgrthaber.com\/mavikadin\/wp-content\/uploads\/2026\/03\/maxresdefault-40-768x432.jpg 768w\" sizes=\"(max-width: 1280px) 100vw, 1280px\" \/><\/p>\n<hr \/>\n<p>\u00c7\u0131rpma i\u015flemine devam ederken 2 yemek ka\u015f\u0131\u011f\u0131 s\u0131ca\u011fa yak\u0131n suyu ekleyin. Birka\u00e7 dakika daha \u00e7\u0131rpt\u0131ktan sonra, 1 su barda\u011f\u0131 kadar un ekleyin.<\/p>\n<p>Daha sonra k\u00fc\u00e7\u00fck kare bir f\u0131r\u0131n kab\u0131n\u0131 s\u0131v\u0131 ya\u011f ile g\u00fczelce ya\u011flay\u0131n. Haz\u0131rlad\u0131\u011f\u0131n\u0131z kek hamurunu kal\u0131ba d\u00f6k\u00fcn ve \u00f6nceden \u0131s\u0131t\u0131lm\u0131\u015f 180 derece f\u0131r\u0131na verin. Yakla\u015f\u0131k 20 dakika pi\u015firin. \u0130lk 15 dakika f\u0131r\u0131n\u0131n kapa\u011f\u0131n\u0131 kesinlikle a\u00e7may\u0131n ki kekiniz s\u00f6nmesin.<\/p>\n<p><img loading=\"lazy\" decoding=\"async\" class=\"alignnone wp-image-308739 \" src=\"https:\/\/www.tgrthaber.com\/mavikadin\/wp-content\/uploads\/2026\/03\/i-59.webp\" alt=\"\" width=\"1166\" height=\"656\" title=\"\" srcset=\"https:\/\/www.tgrthaber.com\/mavikadin\/wp-content\/uploads\/2026\/03\/i-59.webp 480w, https:\/\/www.tgrthaber.com\/mavikadin\/wp-content\/uploads\/2026\/03\/i-59-300x169.webp 300w\" sizes=\"(max-width: 1166px) 100vw, 1166px\" \/><\/p>\n<hr \/>\n<p>Kek pi\u015ferken bir yandan kremas\u0131n\u0131 haz\u0131rlay\u0131n. Bir kaba 1 paket krem \u015fanti tozunu al\u0131n, \u00fczerine 1 su barda\u011f\u0131 so\u011fuk s\u00fct\u00fc ekleyip mikserle kat\u0131la\u015fana kadar \u00e7\u0131rp\u0131n. K\u0131vam alan krem \u015fantiye 150 gram kayma\u011f\u0131 ilave edip tekrar kar\u0131\u015ft\u0131r\u0131n .<\/p>\n<p>F\u0131r\u0131ndan \u00e7\u0131kan s\u0131cak keki ortadan ikiye kesin. \u0130lk kat\u0131 servis taba\u011f\u0131na al\u0131n ve \u00fczerine so\u011fumu\u015f \u015ferbeti bolca d\u00f6k\u00fcn. Kekin her yerinin \u015ferbeti \u00e7ekmesine \u00f6zen g\u00f6sterin. \u015eerbetlenen kekin \u00fczerine haz\u0131rlad\u0131\u011f\u0131n\u0131z kaymakl\u0131 kremay\u0131 s\u00fcr\u00fcn ve nar taneleri serpi\u015ftirin .<\/p>\n<p><img loading=\"lazy\" decoding=\"async\" class=\"alignnone wp-image-308740 \" src=\"https:\/\/www.tgrthaber.com\/mavikadin\/wp-content\/uploads\/2026\/03\/5b773c7da13ed2d1b33269dbcf3c5c1d.jpg\" alt=\"\" width=\"1243\" height=\"777\" title=\"\" srcset=\"https:\/\/www.tgrthaber.com\/mavikadin\/wp-content\/uploads\/2026\/03\/5b773c7da13ed2d1b33269dbcf3c5c1d.jpg 736w, https:\/\/www.tgrthaber.com\/mavikadin\/wp-content\/uploads\/2026\/03\/5b773c7da13ed2d1b33269dbcf3c5c1d-300x188.jpg 300w\" sizes=\"(max-width: 1243px) 100vw, 1243px\" \/><\/p>\n<hr \/>\n<p>Son a\u015fama olarak, ikinci kek kat\u0131n\u0131 da \u015ferbetledikten sonra kreman\u0131n \u00fczerine kapat\u0131n. Tatl\u0131n\u0131n en \u00fcst\u00fcn\u00fc kalan kremayla s\u00fcsleyebilir, \u00fczerine bolca nar taneleri, toz Antep f\u0131st\u0131\u011f\u0131 ve hindistan cevizi serpebilirsiniz. Buzdolab\u0131nda bir s\u00fcre dinlendirdikten sonra dilimleyerek servis yap\u0131n. \u015eimdiden afiyetler olsun.<\/p>\n<p><img loading=\"lazy\" decoding=\"async\" class=\"aligncenter wp-image-308741 \" src=\"https:\/\/www.tgrthaber.com\/mavikadin\/wp-content\/uploads\/2026\/03\/b2156865d68f8163b72449657b0c833c.jpg\" alt=\"\" width=\"1118\" height=\"629\" title=\"\" srcset=\"https:\/\/www.tgrthaber.com\/mavikadin\/wp-content\/uploads\/2026\/03\/b2156865d68f8163b72449657b0c833c.jpg 736w, https:\/\/www.tgrthaber.com\/mavikadin\/wp-content\/uploads\/2026\/03\/b2156865d68f8163b72449657b0c833c-300x169.jpg 300w\" sizes=\"(max-width: 1118px) 100vw, 1118px\" \/><\/p>\n<hr \/>\n<h3>\u015eERBET\u0130N P\u00dcF NOKTASI!<\/h3>\n<p>Padi\u015fah Yast\u0131\u011f\u0131 tatl\u0131s\u0131n\u0131 di\u011fer \u015ferbetli tatl\u0131lardan ay\u0131ran en \u00f6nemli detay, \u015ferbetin k\u0131vam\u0131 ve uygulanma \u015feklidir.<br \/>\nBunun i\u00e7in \u015ferbetinizi \u00f6nceden haz\u0131rlay\u0131p mutlaka tamamen so\u011fumas\u0131n\u0131 bekleyin. F\u0131r\u0131ndan yeni \u00e7\u0131km\u0131\u015f s\u0131cak kekin \u00fczerine d\u00f6kece\u011finiz so\u011fuk \u015ferbet, kekin i\u00e7ine e\u015fit \u015fekilde \u00e7ekilmesini sa\u011flar ve hamurun da\u011f\u0131lmadan yumu\u015fac\u0131k olmas\u0131na yard\u0131mc\u0131 olur.<\/p>\n<p><img loading=\"lazy\" decoding=\"async\" class=\"alignnone wp-image-308742 \" src=\"https:\/\/www.tgrthaber.com\/mavikadin\/wp-content\/uploads\/2026\/03\/mqdefault.jpg\" alt=\"\" width=\"1467\" height=\"825\" title=\"\" srcset=\"https:\/\/www.tgrthaber.com\/mavikadin\/wp-content\/uploads\/2026\/03\/mqdefault.jpg 320w, https:\/\/www.tgrthaber.com\/mavikadin\/wp-content\/uploads\/2026\/03\/mqdefault-300x169.jpg 300w\" sizes=\"(max-width: 1467px) 100vw, 1467px\" \/><\/p>\n<hr \/>\n<h3>EN SIK SORULAN SORULAR VE CEVAPLARI<\/h3>\n<p>Krem \u015fanti yerine ba\u015fka bir krema kullanabilir miyim?<\/p>\n<p>Evet, farkl\u0131 tatlar denemek isterseniz, muhallebi ya da pastac\u0131 kremas\u0131 da kullanabilirsiniz.<\/p>\n<p>Nar taneleri yerine hangi meyveleri kullanabilirim?<\/p>\n<p>Nar, tatl\u0131n\u0131n \u015ferbetine ferahlat\u0131c\u0131 bir tat katar. E\u011fer nar mevsimi de\u011filse veya bulam\u0131yorsan\u0131z, vi\u015fne, \u00e7ilek gibi hafif ek\u015fi meyveler de kullanabilirsiniz.<\/p>\n","protected":false},"excerpt":{"rendered":"<p>Ekranlar\u0131n sevilen yar\u0131\u015fmas\u0131 Gelinim Mutfakta&#8217;nda gelinlerin h\u00fcnerlerini sergiledi\u011fi birbirinden lezzetli tarifler izleyicilerle bulu\u015fmaya devam ediyor. Peki, programda b\u00fcy\u00fck be\u011feni toplayan, hem yap\u0131m\u0131 kolay hem de sunumu \u015f\u0131k olan Padi\u015fah Yast\u0131\u011f\u0131 Tatl\u0131s\u0131 nas\u0131l haz\u0131rlan\u0131yor? \u0130\u015fte, a\u011f\u0131zda da\u011f\u0131lan Padi\u015fah Yast\u0131\u011f\u0131 Tatl\u0131s\u0131 tarifinin yap\u0131l\u0131\u015f\u0131 ve t\u00fcm p\u00fcf noktalar\u0131&#8230;<\/p>\n","protected":false},"author":35,"featured_media":308743,"comment_status":"closed","ping_status":"closed","sticky":false,"template":"","format":"standard","meta":{"rank_math_lock_modified_date":false,"footnotes":""},"categories":[191],"tags":[73323,23980,67759,15628,8205],"class_list":["post-308733","post","type-post","status-publish","format-standard","has-post-thumbnail","hentry","category-yemek-tarifleri","tag-padisah-yastigi-tatlisi","tag-pratik-tarifler","tag-pratik-tatli-tarifi","tag-tatli-tarifi","tag-yemek-tarifi"],"_links":{"self":[{"href":"https:\/\/www.tgrthaber.com\/mavikadin\/wp-json\/wp\/v2\/posts\/308733"}],"collection":[{"href":"https:\/\/www.tgrthaber.com\/mavikadin\/wp-json\/wp\/v2\/posts"}],"about":[{"href":"https:\/\/www.tgrthaber.com\/mavikadin\/wp-json\/wp\/v2\/types\/post"}],"author":[{"embeddable":true,"href":"https:\/\/www.tgrthaber.com\/mavikadin\/wp-json\/wp\/v2\/users\/35"}],"replies":[{"embeddable":true,"href":"https:\/\/www.tgrthaber.com\/mavikadin\/wp-json\/wp\/v2\/comments?post=308733"}],"version-history":[{"count":2,"href":"https:\/\/www.tgrthaber.com\/mavikadin\/wp-json\/wp\/v2\/posts\/308733\/revisions"}],"predecessor-version":[{"id":308746,"href":"https:\/\/www.tgrthaber.com\/mavikadin\/wp-json\/wp\/v2\/posts\/308733\/revisions\/308746"}],"wp:featuredmedia":[{"embeddable":true,"href":"https:\/\/www.tgrthaber.com\/mavikadin\/wp-json\/wp\/v2\/media\/308743"}],"wp:attachment":[{"href":"https:\/\/www.tgrthaber.com\/mavikadin\/wp-json\/wp\/v2\/media?parent=308733"}],"wp:term":[{"taxonomy":"category","embeddable":true,"href":"https:\/\/www.tgrthaber.com\/mavikadin\/wp-json\/wp\/v2\/categories?post=308733"},{"taxonomy":"post_tag","embeddable":true,"href":"https:\/\/www.tgrthaber.com\/mavikadin\/wp-json\/wp\/v2\/tags?post=308733"}],"curies":[{"name":"wp","href":"https:\/\/api.w.org\/{rel}","templated":true}]}}