{"id":308773,"date":"2026-03-13T17:41:22","date_gmt":"2026-03-13T14:41:22","guid":{"rendered":"https:\/\/www.tgrthaber.com\/mavikadin\/?p=308773"},"modified":"2026-03-13T17:41:22","modified_gmt":"2026-03-13T14:41:22","slug":"uygar-ozcelik-kimdir-kac-yasinda-guller-ve-gunahlarin-nejati-uygar-ozcelik-hangi-dizilerde-oynadi","status":"publish","type":"post","link":"https:\/\/www.tgrthaber.com\/mavikadin\/uygar-ozcelik-kimdir-kac-yasinda-guller-ve-gunahlarin-nejati-uygar-ozcelik-hangi-dizilerde-oynadi\/","title":{"rendered":"Uygar \u00d6z\u00e7elik kimdir, ka\u00e7 ya\u015f\u0131nda? G\u00fcller ve G\u00fcnahlar&#8217;\u0131n Nejat&#8217;\u0131 Uygar \u00d6z\u00e7elik hangi dizilerde oynad\u0131?"},"content":{"rendered":"<p>Cumartesi ak\u015famlar\u0131 ekranlara damga vuran G\u00fcller ve G\u00fcnahlar dizisi kadrosuna iddial\u0131 bir isim daha katt\u0131. Dizinin ilerleyen b\u00f6l\u00fcmlerinde ekran ba\u015f\u0131nda olacak isim <a href=\"https:\/\/www.tgrthaber.com\/mavikadin\/guller-ve-gunahlar-dizisi-kamera-arkasi-goruntuleri-ortaya-cikti-cemre-bayselin-tavirlari-dikkat-cekti\/\">Uygar \u00d6z\u00e7elik<\/a> ile el s\u0131k\u0131\u015f\u0131ld\u0131. Gazeteci Birsen Altunta\u015f&#8217;\u0131n haberine g\u00f6re Uygar \u00d6z\u00e7elik, G\u00fcller ve G\u00fcnahlar kadrosuna Nejat rol\u00fcyle dahil oldu. Ya\u015fanan bu geli\u015fme sonras\u0131 ba\u015far\u0131l\u0131 oyuncu Uygar \u00d6z\u00e7elik&#8217;in hayat\u0131 da merak konusu oldu. Peki Uygar \u00d6z\u00e7elik kimdir, ka\u00e7 ya\u015f\u0131nda ve aslen nerelidir? G\u00fcller ve G\u00fcnahlar dizisi Nejat&#8217;\u0131 Uygar \u00d6z\u00e7elik hangi dizilerde rol alm\u0131\u015ft\u0131r? \u0130\u015fte merak dilen t\u00fcm detaylar&#8230;<\/p>\n<h3>UYGAR \u00d6Z\u00c7EL\u0130K K\u0130MD\u0130R, KA\u00c7 YA\u015eINDA?<\/h3>\n<p><a href=\"https:\/\/www.tgrthaber.com\/mavikadin\/guller-ve-gunahlarda-berrakin-annesi-mutlu-kimdir-belma-cancigerin-oynadigi-mutlunun-hikayesi-merak-edildi\/\">Uygar \u00d6z\u00e7elik<\/a>, 1983 y\u0131l\u0131nda Ankara&#8217;da d\u00fcnyaya geldi. 2026 y\u0131l\u0131 itibar\u0131yla 43 ya\u015f\u0131nda olan ba\u015far\u0131l\u0131 oyuncu, aslen Ankaral\u0131d\u0131r. E\u011fitimini ise Hacettepe \u00dcniversitesi Ankara Devlet Konservatuvar\u0131 Tiyatro B\u00f6l\u00fcm\u00fc&#8217;nde tamamlam\u0131\u015ft\u0131r. Uygar \u00d6z\u00e7elik, profesyonel oyunculuk kariyerine tiyatro sahnelerinde ad\u0131m att\u0131.<\/p>\n<p><img loading=\"lazy\" decoding=\"async\" class=\"alignnone wp-image-308778 size-full\" src=\"https:\/\/www.tgrthaber.com\/mavikadin\/wp-content\/uploads\/2026\/03\/sevdigim-sensinin-kadiri-umutcan-utebay-kimdir-iste-oynadigi-diziler-1776702_20260312164606.webp\" alt=\"\" width=\"1280\" height=\"757\" title=\"\" srcset=\"https:\/\/www.tgrthaber.com\/mavikadin\/wp-content\/uploads\/2026\/03\/sevdigim-sensinin-kadiri-umutcan-utebay-kimdir-iste-oynadigi-diziler-1776702_20260312164606.webp 1280w, https:\/\/www.tgrthaber.com\/mavikadin\/wp-content\/uploads\/2026\/03\/sevdigim-sensinin-kadiri-umutcan-utebay-kimdir-iste-oynadigi-diziler-1776702_20260312164606-300x177.webp 300w, https:\/\/www.tgrthaber.com\/mavikadin\/wp-content\/uploads\/2026\/03\/sevdigim-sensinin-kadiri-umutcan-utebay-kimdir-iste-oynadigi-diziler-1776702_20260312164606-1024x606.webp 1024w, https:\/\/www.tgrthaber.com\/mavikadin\/wp-content\/uploads\/2026\/03\/sevdigim-sensinin-kadiri-umutcan-utebay-kimdir-iste-oynadigi-diziler-1776702_20260312164606-768x454.webp 768w\" sizes=\"(max-width: 1280px) 100vw, 1280px\" \/><\/p>\n<hr \/>\n<p>Uzun y\u0131llar tiyatro oyunlar\u0131nda yer alan ba\u015far\u0131l\u0131 isim, hem oyuncu hem de y\u00f6netmen olarak \u00e7e\u015fitli tiyatro projelerinde g\u00f6rev ald\u0131. \u00d6zel hayat\u0131n\u0131 genellikle magazin d\u00fcnyas\u0131ndan uzak tutan Uygar \u00d6z\u00e7elik, gelen bilgilere g\u00f6re hen\u00fcz evli de\u011fil.<\/p>\n<p><img loading=\"lazy\" decoding=\"async\" class=\"alignnone wp-image-308780 size-full\" src=\"https:\/\/www.tgrthaber.com\/mavikadin\/wp-content\/uploads\/2026\/03\/69b3b380592b2cb39c7ede85.webp\" alt=\"\" width=\"1200\" height=\"630\" title=\"\" srcset=\"https:\/\/www.tgrthaber.com\/mavikadin\/wp-content\/uploads\/2026\/03\/69b3b380592b2cb39c7ede85.webp 1200w, https:\/\/www.tgrthaber.com\/mavikadin\/wp-content\/uploads\/2026\/03\/69b3b380592b2cb39c7ede85-300x158.webp 300w, https:\/\/www.tgrthaber.com\/mavikadin\/wp-content\/uploads\/2026\/03\/69b3b380592b2cb39c7ede85-1024x538.webp 1024w, https:\/\/www.tgrthaber.com\/mavikadin\/wp-content\/uploads\/2026\/03\/69b3b380592b2cb39c7ede85-768x403.webp 768w\" sizes=\"(max-width: 1200px) 100vw, 1200px\" \/><\/p>\n<hr \/>\n<h3>G\u00dcLLER VE G\u00dcNAHLAR&#8217;IN NEJAT&#8217;I UYGAR \u00d6Z\u00c7EL\u0130K HANG\u0130 D\u0130Z\u0130LERDE OYNADI?<\/h3>\n<p>Tiyatro \u00e7al\u0131\u015fmalar\u0131yla ad\u0131ndan s\u00f6z ettiren Uygar \u00d6z\u00e7elik, televizyon ve dijital platform projelerinde de yer almaya ba\u015flayarak, geni\u015f kitlelerce tan\u0131nm\u0131\u015ft\u0131r. \u00d6zellikle \u00d6z\u00e7elik, 2000&#8217;li y\u0131llar\u0131n ortalar\u0131ndan itibaren bir\u00e7ok dizi ve filmde rol ald\u0131. \u0130\u015fte \u00fcnl\u00fc oyuncu <a href=\"https:\/\/www.tgrthaber.com\/mavikadin\/guller-ve-gunahlarda-ilkime-ne-oldu-serhat-tibetin-katili-mi-olacak-guller-ve-gunahlarin-18-bolum-gelismeleri\/\">Uygar \u00d6z\u00e7elik<\/a>&#8216;in yer ald\u0131\u011f\u0131 ba\u015fl\u0131ca yap\u0131mlar&#8230;<\/p>\n<p><img loading=\"lazy\" decoding=\"async\" class=\"alignnone wp-image-308777 \" src=\"https:\/\/www.tgrthaber.com\/mavikadin\/wp-content\/uploads\/2026\/03\/61eec8b186b24532385ba934.webp\" alt=\"\" width=\"1308\" height=\"718\" title=\"\" srcset=\"https:\/\/www.tgrthaber.com\/mavikadin\/wp-content\/uploads\/2026\/03\/61eec8b186b24532385ba934.webp 869w, https:\/\/www.tgrthaber.com\/mavikadin\/wp-content\/uploads\/2026\/03\/61eec8b186b24532385ba934-300x165.webp 300w, https:\/\/www.tgrthaber.com\/mavikadin\/wp-content\/uploads\/2026\/03\/61eec8b186b24532385ba934-768x422.webp 768w\" sizes=\"(max-width: 1308px) 100vw, 1308px\" \/><\/p>\n<hr \/>\n<p>2006 \u2013 Kaybolan Y\u0131llar<\/p>\n<p>2007 \u2013 Genco &#8211; Ejder<\/p>\n<p>2018 \u2013 8. G\u00fcn<\/p>\n<p>2019 \u2013 G\u00fclperi<\/p>\n<p>2020 \u2013 Ar\u0131za<\/p>\n<p><img loading=\"lazy\" decoding=\"async\" class=\"alignnone wp-image-308776 size-full\" src=\"https:\/\/www.tgrthaber.com\/mavikadin\/wp-content\/uploads\/2026\/03\/157898-0.jpg\" alt=\"\" width=\"1280\" height=\"720\" title=\"\" srcset=\"https:\/\/www.tgrthaber.com\/mavikadin\/wp-content\/uploads\/2026\/03\/157898-0.jpg 1280w, https:\/\/www.tgrthaber.com\/mavikadin\/wp-content\/uploads\/2026\/03\/157898-0-300x169.jpg 300w, https:\/\/www.tgrthaber.com\/mavikadin\/wp-content\/uploads\/2026\/03\/157898-0-1024x576.jpg 1024w, https:\/\/www.tgrthaber.com\/mavikadin\/wp-content\/uploads\/2026\/03\/157898-0-768x432.jpg 768w\" sizes=\"(max-width: 1280px) 100vw, 1280px\" \/><\/p>\n<hr \/>\n<p>2021 \u2013 Alparslan B\u00fcy\u00fck Sel\u00e7uklu<\/p>\n<p>2024 \u2013 K\u00fcbra<\/p>\n<p>2024 \u2013 Asaf<\/p>\n<p>2024 \u2013 Bahar<\/p>\n<p>2025 \u2013 Selahattin Eyyubi<\/p>\n<p><img loading=\"lazy\" decoding=\"async\" class=\"alignnone wp-image-308781 size-full\" src=\"https:\/\/www.tgrthaber.com\/mavikadin\/wp-content\/uploads\/2026\/03\/uygar-ozcelik-kimdir-uygar-ozcelik-kac-yasinda-aslen-nereli.webp\" alt=\"\" width=\"1680\" height=\"1008\" title=\"\" srcset=\"https:\/\/www.tgrthaber.com\/mavikadin\/wp-content\/uploads\/2026\/03\/uygar-ozcelik-kimdir-uygar-ozcelik-kac-yasinda-aslen-nereli.webp 1680w, https:\/\/www.tgrthaber.com\/mavikadin\/wp-content\/uploads\/2026\/03\/uygar-ozcelik-kimdir-uygar-ozcelik-kac-yasinda-aslen-nereli-300x180.webp 300w, https:\/\/www.tgrthaber.com\/mavikadin\/wp-content\/uploads\/2026\/03\/uygar-ozcelik-kimdir-uygar-ozcelik-kac-yasinda-aslen-nereli-1024x614.webp 1024w, https:\/\/www.tgrthaber.com\/mavikadin\/wp-content\/uploads\/2026\/03\/uygar-ozcelik-kimdir-uygar-ozcelik-kac-yasinda-aslen-nereli-768x461.webp 768w, https:\/\/www.tgrthaber.com\/mavikadin\/wp-content\/uploads\/2026\/03\/uygar-ozcelik-kimdir-uygar-ozcelik-kac-yasinda-aslen-nereli-1536x922.webp 1536w\" sizes=\"(max-width: 1680px) 100vw, 1680px\" \/><\/p>\n<hr \/>\n<h3>G\u00dcLLER VE G\u00dcNAHLAR D\u0130Z\u0130S\u0130 NEJAT K\u0130MD\u0130R?<\/h3>\n<p><a href=\"https:\/\/www.tgrthaber.com\/mavikadin\/guller-ve-gunahlar-yeni-bolumde-ne-oldu-zeynep-ve-serhatin-gizli-kahramani-kim-guller-ve-gunahlar-17-bolum-fragmani-yayinlandi\/\">G\u00fcller ve G\u00fcnahlar<\/a> dizisinin ilerleyen b\u00f6l\u00fcmlerinde izleyiciyle bulu\u015facak olan Nejat karakterini Uygar \u00d6z\u00e7elik oynayacak. Dizinin hikayesinde \u00f6nemli bir rol \u00fcstlenece\u011fi konu\u015fulan Nejat karakterinin, hikayenin gidi\u015fat\u0131nda dengeleri de\u011fi\u015ftirecek bir karakter olaca\u011f\u0131 d\u00fc\u015f\u00fcn\u00fcl\u00fcyor.<\/p>\n<p><img loading=\"lazy\" decoding=\"async\" class=\"alignnone wp-image-308775 size-full\" src=\"https:\/\/www.tgrthaber.com\/mavikadin\/wp-content\/uploads\/2026\/03\/68eb7a873b12f091681435d2.webp\" alt=\"\" width=\"1200\" height=\"630\" title=\"\" srcset=\"https:\/\/www.tgrthaber.com\/mavikadin\/wp-content\/uploads\/2026\/03\/68eb7a873b12f091681435d2.webp 1200w, https:\/\/www.tgrthaber.com\/mavikadin\/wp-content\/uploads\/2026\/03\/68eb7a873b12f091681435d2-300x158.webp 300w, https:\/\/www.tgrthaber.com\/mavikadin\/wp-content\/uploads\/2026\/03\/68eb7a873b12f091681435d2-1024x538.webp 1024w, https:\/\/www.tgrthaber.com\/mavikadin\/wp-content\/uploads\/2026\/03\/68eb7a873b12f091681435d2-768x403.webp 768w\" sizes=\"(max-width: 1200px) 100vw, 1200px\" \/><\/p>\n<hr \/>\n<p>\u00d6zellikle Nejat&#8217;\u0131n G\u00fcller ve G\u00fcnahlar&#8217;\u0131n ba\u015frol oyuncusu Murat Y\u0131ld\u0131r\u0131m&#8217;\u0131n oynad\u0131\u011f\u0131 Serhat ile b\u00fcy\u00fck bir ba\u011flant\u0131s\u0131 olaca\u011f\u0131 konu\u015fuluyor. Gelen bilgilere g\u00f6re, Nejat karakteri ilk olarak flashback sahnelerde \u00e7ocuklu\u011fu ile \u00f6ne \u00e7\u0131kacak. G\u00fcller ve G\u00fcnahlar dizisinde Serhat ve Nejat&#8217;\u0131n karde\u015f olabilece\u011fi ihtimalleri de olduk\u00e7a y\u00fcksek g\u00f6r\u00fcl\u00fcyor.<\/p>\n","protected":false},"excerpt":{"rendered":"<p>Ekranlarda iddial\u0131 dizilerde rol alan ve tiyatro \u00e7al\u0131\u015fmalar\u0131yla da ad\u0131ndan s\u00f6z ettiren Uygar \u00d6z\u00e7elik, son olarak G\u00fcller ve G\u00fcnahlar dizisinin kadosuna kat\u0131larak dikkatleri \u00fczerine \u00e7ekti. G\u00fcller ve G\u00fcnahlar&#8217;\u0131n Nejat&#8217;\u0131 olan Uygar \u00d6z\u00e7elik&#8217;in hayat\u0131 ve kariyeri de bu geli\u015fme sonras\u0131 yeniden mercek alt\u0131na al\u0131nd\u0131. Peki Uygar \u00d6z\u00e7elik kimdir, ka\u00e7 ya\u015f\u0131nda? G\u00fcller ve G\u00fcnahlar&#8217;\u0131n Nejat&#8217;\u0131 Uygar \u00d6z\u00e7elik hangi dizilerde oynad\u0131? \u0130\u015fte detaylar&#8230;<\/p>\n","protected":false},"author":35,"featured_media":308774,"comment_status":"closed","ping_status":"closed","sticky":false,"template":"","format":"standard","meta":{"rank_math_lock_modified_date":false,"footnotes":""},"categories":[491],"tags":[],"class_list":["post-308773","post","type-post","status-publish","format-standard","has-post-thumbnail","hentry","category-biyografi"],"_links":{"self":[{"href":"https:\/\/www.tgrthaber.com\/mavikadin\/wp-json\/wp\/v2\/posts\/308773"}],"collection":[{"href":"https:\/\/www.tgrthaber.com\/mavikadin\/wp-json\/wp\/v2\/posts"}],"about":[{"href":"https:\/\/www.tgrthaber.com\/mavikadin\/wp-json\/wp\/v2\/types\/post"}],"author":[{"embeddable":true,"href":"https:\/\/www.tgrthaber.com\/mavikadin\/wp-json\/wp\/v2\/users\/35"}],"replies":[{"embeddable":true,"href":"https:\/\/www.tgrthaber.com\/mavikadin\/wp-json\/wp\/v2\/comments?post=308773"}],"version-history":[{"count":2,"href":"https:\/\/www.tgrthaber.com\/mavikadin\/wp-json\/wp\/v2\/posts\/308773\/revisions"}],"predecessor-version":[{"id":308783,"href":"https:\/\/www.tgrthaber.com\/mavikadin\/wp-json\/wp\/v2\/posts\/308773\/revisions\/308783"}],"wp:featuredmedia":[{"embeddable":true,"href":"https:\/\/www.tgrthaber.com\/mavikadin\/wp-json\/wp\/v2\/media\/308774"}],"wp:attachment":[{"href":"https:\/\/www.tgrthaber.com\/mavikadin\/wp-json\/wp\/v2\/media?parent=308773"}],"wp:term":[{"taxonomy":"category","embeddable":true,"href":"https:\/\/www.tgrthaber.com\/mavikadin\/wp-json\/wp\/v2\/categories?post=308773"},{"taxonomy":"post_tag","embeddable":true,"href":"https:\/\/www.tgrthaber.com\/mavikadin\/wp-json\/wp\/v2\/tags?post=308773"}],"curies":[{"name":"wp","href":"https:\/\/api.w.org\/{rel}","templated":true}]}}