{"id":308784,"date":"2026-03-13T19:15:09","date_gmt":"2026-03-13T16:15:09","guid":{"rendered":"https:\/\/www.tgrthaber.com\/mavikadin\/?p=308784"},"modified":"2026-03-13T19:24:13","modified_gmt":"2026-03-13T16:24:13","slug":"ayse-ozdolay-kimdir-kac-yasinda-ilber-ortaylinin-eski-es-ayse-ozdolay-hayatta-mi-yasiyor-mu","status":"publish","type":"post","link":"https:\/\/www.tgrthaber.com\/mavikadin\/ayse-ozdolay-kimdir-kac-yasinda-ilber-ortaylinin-eski-es-ayse-ozdolay-hayatta-mi-yasiyor-mu\/","title":{"rendered":"Ay\u015fe \u00d6zdolay kimdir, ka\u00e7 ya\u015f\u0131nda? \u0130lber Ortayl\u0131&#8217;n\u0131n eski e\u015f Ay\u015fe \u00d6zdolay hayatta m\u0131, ya\u015f\u0131yor mu?"},"content":{"rendered":"<p>T\u00fcrkiye&#8217;nin sayg\u0131n bilim insanlar\u0131ndan Prof. Dr. <a href=\"https:\/\/www.tgrthaber.com\/mavikadin\/zihinsel-surecinize-destek-olacak-kitaplar-ilber-ortayli-oneriyor\/\">\u0130lber Ortayl\u0131<\/a>&#8216;n\u0131n vefat\u0131, hem akademi d\u00fcnyas\u0131nda hem de sanat camias\u0131nda derin \u00fcz\u00fcnt\u00fc ile kar\u015f\u0131land\u0131. 21 May\u0131s 1947 do\u011fumlu \u00fcnl\u00fc tarih\u00e7i, 13 Mart 2026 tarihinde hayata g\u00f6zlerini yumdu. Ortayl\u0131&#8217;n\u0131n \u00f6l\u00fcm haberinden sonra, t\u00fcm ailesi de merak konusu oldu. \u00d6zellikle uzun y\u0131llar evli kald\u0131\u011f\u0131 eski e\u015fi Ay\u015fe \u00d6zdolay&#8217;\u0131n kim oldu\u011fu, nerede ya\u015fad\u0131\u011f\u0131 ve hayatta olup olmad\u0131\u011f\u0131 en \u00e7ok ara\u015ft\u0131r\u0131lan ba\u015fl\u0131klar aras\u0131nda yer al\u0131yor. Peki \u0130lber Ortayl\u0131&#8217;n\u0131n eski e\u015f Ay\u015fe \u00d6zdolay ya\u015f\u0131yor mu, kimdir? \u0130lber Ortayl\u0131 ve <a href=\"https:\/\/www.tgrthaber.com\/mavikadin\/ilber-ortaylinin-hastaligi-nedir-ilber-ortayli-kac-yasinda\/\">Ay\u015fe \u00d6zdolay<\/a>&#8216;\u0131n \u00e7ocuklar\u0131 var m\u0131? \u0130\u015fte detaylar&#8230;<\/p>\n<h3>AY\u015eE \u00d6ZDOLAY K\u0130MD\u0130R?<\/h3>\n<p><a href=\"https:\/\/www.tgrthaber.com\/mavikadin\/ilber-ortayli-kiminle-evli-ilber-ortayli-kac-cocugu-var\/\">Ay\u015fe \u00d6zdolay<\/a>, 1950 y\u0131l\u0131nda Mersin&#8217;de d\u00fcnyaya gelmi\u015ftir. T\u00fcrkiye&#8217;nin siyasi ve akademik tarihinde \u00f6nemli bir yere sahip k\u00f6kl\u00fc bir ailesi vard\u0131r. Babas\u0131, Mersin eski senat\u00f6r\u00fc ve t\u0131p akademisi mezunu Dr. Talip \u00d6zdolay&#8217;d\u0131r.<\/p>\n<p><img loading=\"lazy\" decoding=\"async\" class=\"alignnone wp-image-308790 size-full\" src=\"https:\/\/www.tgrthaber.com\/mavikadin\/wp-content\/uploads\/2026\/03\/1759474779-4bf7a1a20a38aeaf3035.webp\" alt=\"\" width=\"1280\" height=\"720\" title=\"\" srcset=\"https:\/\/www.tgrthaber.com\/mavikadin\/wp-content\/uploads\/2026\/03\/1759474779-4bf7a1a20a38aeaf3035.webp 1280w, https:\/\/www.tgrthaber.com\/mavikadin\/wp-content\/uploads\/2026\/03\/1759474779-4bf7a1a20a38aeaf3035-300x169.webp 300w, https:\/\/www.tgrthaber.com\/mavikadin\/wp-content\/uploads\/2026\/03\/1759474779-4bf7a1a20a38aeaf3035-1024x576.webp 1024w, https:\/\/www.tgrthaber.com\/mavikadin\/wp-content\/uploads\/2026\/03\/1759474779-4bf7a1a20a38aeaf3035-768x432.webp 768w\" sizes=\"(max-width: 1280px) 100vw, 1280px\" \/><\/p>\n<hr \/>\n<p>Ankara&#8217;da sosyal bilimler alan\u0131nda e\u011fitim g\u00f6ren <a href=\"https:\/\/www.tgrthaber.com\/mavikadin\/unlu-tarihci-ilber-ortaylinin-tuslu-telefon-tercihi-sasirtti-nedenini-aylar-once-aciklamisti\/\">Ay\u015fe \u00d6zdolay<\/a>, bir d\u00f6nem \u00f6\u011fretmenlik de yapm\u0131\u015ft\u0131r. Ancak daha \u00e7ok, 1981 y\u0131l\u0131nda Ankara \u00dcniversitesi&#8217;nde g\u00f6rev yapt\u0131\u011f\u0131 d\u00f6nemde tan\u0131\u015f\u0131p evlendi\u011fi Prof. Dr. <a href=\"https:\/\/www.tgrthaber.com\/mavikadin\/ilber-ortayli-esi-kim-ilber-ortaylinin-cocuklari-var-mi\/\">\u0130lber Ortayl\u0131<\/a>&#8216;n\u0131n e\u015fi olarak tan\u0131n\u0131yor. Akademik \u00e7evrelerde ad\u0131ndan s\u00f6z ettiren Ay\u015fe \u00d6zdolay, e\u015fi \u0130lber Ortayl\u0131 ile evli oldu\u011fu d\u00f6nemde de sade ve g\u00f6steri\u015ften uzak ya\u015fam tarz\u0131yla dikkat \u00e7ekmi\u015ftir.<\/p>\n<p><img loading=\"lazy\" decoding=\"async\" class=\"alignnone wp-image-308792 \" src=\"https:\/\/www.tgrthaber.com\/mavikadin\/wp-content\/uploads\/2026\/03\/ilber-ortaylinin-eski-esi-ayse-ozd-j89h.webp\" alt=\"\" width=\"1262\" height=\"1084\" title=\"\" srcset=\"https:\/\/www.tgrthaber.com\/mavikadin\/wp-content\/uploads\/2026\/03\/ilber-ortaylinin-eski-esi-ayse-ozd-j89h.webp 822w, https:\/\/www.tgrthaber.com\/mavikadin\/wp-content\/uploads\/2026\/03\/ilber-ortaylinin-eski-esi-ayse-ozd-j89h-300x258.webp 300w, https:\/\/www.tgrthaber.com\/mavikadin\/wp-content\/uploads\/2026\/03\/ilber-ortaylinin-eski-esi-ayse-ozd-j89h-768x660.webp 768w\" sizes=\"(max-width: 1262px) 100vw, 1262px\" \/><\/p>\n<hr \/>\n<h3>AY\u015eE \u00d6ZDOLAY HAYATTA MI, YA\u015eIYOR MU?<\/h3>\n<p>1950 do\u011fumlu <a href=\"https:\/\/www.tgrthaber.com\/mavikadin\/ilber-ortayli-kac-yasinda-ilber-ortayli-evli-mi\/\">Ay\u015fe \u00d6zdolay<\/a>, 2026 y\u0131l\u0131 itibar\u0131yla 75 ya\u015f\u0131ndad\u0131r.\u0130lber Ortayl\u0131&#8217;n\u0131n vefat\u0131 sonras\u0131 yapt\u0131\u011f\u0131 a\u00e7\u0131klamayla yeniden g\u00fcndeme gelen Ay\u015fe \u00d6zdolay&#8217;\u0131n sevenleri ve yak\u0131nlar\u0131 taraf\u0131ndan yaln\u0131z b\u0131rak\u0131lmad\u0131\u011f\u0131, taziye mesajlar\u0131n\u0131n kendisine iletildi\u011fi gelen bilgiler aras\u0131nda yer al\u0131yor.<\/p>\n<p><img loading=\"lazy\" decoding=\"async\" class=\"alignnone wp-image-308789 \" src=\"https:\/\/www.tgrthaber.com\/mavikadin\/wp-content\/uploads\/2026\/03\/69b41ecfa802d8e34762728b.webp\" alt=\"\" width=\"1241\" height=\"698\" title=\"\" srcset=\"https:\/\/www.tgrthaber.com\/mavikadin\/wp-content\/uploads\/2026\/03\/69b41ecfa802d8e34762728b.webp 750w, https:\/\/www.tgrthaber.com\/mavikadin\/wp-content\/uploads\/2026\/03\/69b41ecfa802d8e34762728b-300x169.webp 300w\" sizes=\"(max-width: 1241px) 100vw, 1241px\" \/><\/p>\n<hr \/>\n<h3>\u0130LBER ORTAYLI VE AY\u015eE \u00d6ZDOLAY NE ZAMAN EVLEND\u0130 VE NE ZAMAN BO\u015eANDI?<\/h3>\n<p><a href=\"https:\/\/www.tgrthaber.com\/mavikadin\/ilber-ortaylidan-mattia-ahmet-minguzzi-ile-ilgili-duygusal-paylasim-iyi-yetistirilmis-bir-genc\/\">\u0130lber Ortayl\u0131<\/a> ile Ay\u015fe \u00d6zdolay, 1981 y\u0131l\u0131nda evlenmi\u015ftir. \u00c7iftin evlili\u011fi tam 18 y\u0131l s\u00fcrd\u00fc. Ortayl\u0131 ve \u00d6zdolay, 1999 y\u0131l\u0131nda anla\u015fmal\u0131 olarak yollar\u0131n\u0131 ay\u0131rma karar\u0131 ald\u0131.<\/p>\n<p><img loading=\"lazy\" decoding=\"async\" class=\"alignnone wp-image-308788 size-full\" src=\"https:\/\/www.tgrthaber.com\/mavikadin\/wp-content\/uploads\/2026\/03\/1773408957_469887b03f754a446756.webp\" alt=\"\" width=\"1200\" height=\"720\" title=\"\" srcset=\"https:\/\/www.tgrthaber.com\/mavikadin\/wp-content\/uploads\/2026\/03\/1773408957_469887b03f754a446756.webp 1200w, https:\/\/www.tgrthaber.com\/mavikadin\/wp-content\/uploads\/2026\/03\/1773408957_469887b03f754a446756-300x180.webp 300w, https:\/\/www.tgrthaber.com\/mavikadin\/wp-content\/uploads\/2026\/03\/1773408957_469887b03f754a446756-1024x614.webp 1024w, https:\/\/www.tgrthaber.com\/mavikadin\/wp-content\/uploads\/2026\/03\/1773408957_469887b03f754a446756-768x461.webp 768w\" sizes=\"(max-width: 1200px) 100vw, 1200px\" \/><\/p>\n<hr \/>\n<p>Bo\u015fanma s\u00fcrecini sorunsuz atlatan \u00e7ift, ayr\u0131l\u0131k sonras\u0131nda da dostane ili\u015fkilerini korumay\u0131 ba\u015fard\u0131. \u0130lber Ortayl\u0131, kat\u0131ld\u0131\u011f\u0131 s\u00f6yle\u015fi ve programlarda \u00f6zel hayat\u0131na dair \u00e7ok az detay payla\u015fsa da, Ay\u015fe \u00d6zdolay&#8217;dan her zaman sayg\u0131yla bahsetti.<\/p>\n<p><img loading=\"lazy\" decoding=\"async\" class=\"alignnone wp-image-308791 size-full\" src=\"https:\/\/www.tgrthaber.com\/mavikadin\/wp-content\/uploads\/2026\/03\/ilber-ailesi.webp\" alt=\"\" width=\"1208\" height=\"680\" title=\"\" srcset=\"https:\/\/www.tgrthaber.com\/mavikadin\/wp-content\/uploads\/2026\/03\/ilber-ailesi.webp 1208w, https:\/\/www.tgrthaber.com\/mavikadin\/wp-content\/uploads\/2026\/03\/ilber-ailesi-300x169.webp 300w, https:\/\/www.tgrthaber.com\/mavikadin\/wp-content\/uploads\/2026\/03\/ilber-ailesi-1024x576.webp 1024w, https:\/\/www.tgrthaber.com\/mavikadin\/wp-content\/uploads\/2026\/03\/ilber-ailesi-768x432.webp 768w\" sizes=\"(max-width: 1208px) 100vw, 1208px\" \/><\/p>\n<hr \/>\n<h3>\u0130LBER ORTAYLI VE AY\u015eE \u00d6ZDOLAY&#8217;IN \u00c7OCUKLARI VAR MI?<\/h3>\n<p>Prof. Dr. \u0130lber Ortayl\u0131 ve Ay\u015fe \u00d6zdolay&#8217;\u0131n bu evlilikten bir k\u0131z \u00e7ocuklar\u0131 d\u00fcnyaya geldi. \u00c7iftin k\u0131z\u0131 Tuna Ortayl\u0131 Kaz\u0131c\u0131, 1982 do\u011fumludur.<\/p>\n<p>Tuna Ortayl\u0131 Kaz\u0131c\u0131, babas\u0131n\u0131n izinden giderek akademik bir kariyer se\u00e7ti. Bilkent \u00dcniversitesi Siyaset Bilimi B\u00f6l\u00fcm\u00fc&#8217;nden mezun olan Tuna Ortayl\u0131 Kaz\u0131c\u0131, sosyal bilimler alan\u0131nda \u00f6nemli \u00e7al\u0131\u015fmalara imza atm\u0131\u015ft\u0131r.<\/p>\n<p><img loading=\"lazy\" decoding=\"async\" class=\"alignnone wp-image-308787 \" src=\"https:\/\/www.tgrthaber.com\/mavikadin\/wp-content\/uploads\/2026\/03\/69b426882f3815012604f49e.webp\" alt=\"\" width=\"1150\" height=\"646\" title=\"\" srcset=\"https:\/\/www.tgrthaber.com\/mavikadin\/wp-content\/uploads\/2026\/03\/69b426882f3815012604f49e.webp 730w, https:\/\/www.tgrthaber.com\/mavikadin\/wp-content\/uploads\/2026\/03\/69b426882f3815012604f49e-300x168.webp 300w\" sizes=\"(max-width: 1150px) 100vw, 1150px\" \/><\/p>\n<hr \/>\n<p>\u0130lber Ortayl\u0131, k\u0131z\u0131 arac\u0131l\u0131\u011f\u0131yla iki torun sahibi olmu\u015ftu. Usta tarih\u00e7inin en b\u00fcy\u00fck ne\u015fem dedi\u011fi torunlar\u0131yla vakit ge\u00e7irmekten b\u00fcy\u00fck keyif ald\u0131\u011f\u0131 ve son d\u00f6nemlerinde onlarla daha fazla zaman ge\u00e7irmeye \u00f6zen g\u00f6sterdi\u011fi \u00f6\u011frenildi.<\/p>\n<p><img loading=\"lazy\" decoding=\"async\" class=\"alignnone wp-image-308793 size-full\" src=\"https:\/\/www.tgrthaber.com\/mavikadin\/wp-content\/uploads\/2026\/03\/Adsiz-tasarim-2026-03-13T191222.215-scaled.jpg\" alt=\"\" width=\"2560\" height=\"1440\" title=\"\" srcset=\"https:\/\/www.tgrthaber.com\/mavikadin\/wp-content\/uploads\/2026\/03\/Adsiz-tasarim-2026-03-13T191222.215-scaled.jpg 2560w, https:\/\/www.tgrthaber.com\/mavikadin\/wp-content\/uploads\/2026\/03\/Adsiz-tasarim-2026-03-13T191222.215-300x169.jpg 300w, https:\/\/www.tgrthaber.com\/mavikadin\/wp-content\/uploads\/2026\/03\/Adsiz-tasarim-2026-03-13T191222.215-1024x576.jpg 1024w, https:\/\/www.tgrthaber.com\/mavikadin\/wp-content\/uploads\/2026\/03\/Adsiz-tasarim-2026-03-13T191222.215-768x432.jpg 768w, https:\/\/www.tgrthaber.com\/mavikadin\/wp-content\/uploads\/2026\/03\/Adsiz-tasarim-2026-03-13T191222.215-1536x864.jpg 1536w, https:\/\/www.tgrthaber.com\/mavikadin\/wp-content\/uploads\/2026\/03\/Adsiz-tasarim-2026-03-13T191222.215-2048x1152.jpg 2048w\" sizes=\"(max-width: 2560px) 100vw, 2560px\" \/><\/p>\n<hr \/>\n<p>Tuna Ortayl\u0131 Kaz\u0131c\u0131, babas\u0131 \u0130lber Ortayl\u0131&#8217;n\u0131n vefat\u0131n\u0131n ard\u0131ndan yapt\u0131\u011f\u0131 a\u00e7\u0131klamada, &#8216;Babam sadece T\u00fcrkiye&#8217;nin de\u011fil, d\u00fcnyan\u0131n yeti\u015ftirdi\u011fi en \u00f6nemli tarih\u00e7ilerden biriydi. Onunla gurur duyuyorum. Sevenlerine sab\u0131r diliyorum&#8217; ifadelerini kulland\u0131.<\/p>\n","protected":false},"excerpt":{"rendered":"<p>T\u00fcrkiye&#8217;nin yeti\u015ftirdi\u011fi en \u00f6nemli tarih\u00e7ilerden Prof. Dr. \u0130lber Ortayl\u0131&#8217;n\u0131n 13 Mart 2026&#8217;da vefat etmesi sonras\u0131, usta ismin \u00f6zel hayat\u0131 ve ailesi mercek alt\u0131na al\u0131nd\u0131. Ortayl\u0131&#8217;n\u0131n 1981 y\u0131l\u0131nda evlendi\u011fi eski e\u015fi Ay\u015fe \u00d6zdolay hakk\u0131ndaki detaylar, sevenleri taraf\u0131ndan yo\u011fun bir \u015fekilde ara\u015ft\u0131r\u0131lmaya ba\u015fland\u0131. Peki Ay\u015fe \u00d6zdolay kimdir, ka\u00e7 ya\u015f\u0131nda? \u0130lber Ortayl\u0131&#8217;n\u0131n eski e\u015f Ay\u015fe \u00d6zdolay hayatta m\u0131, ya\u015f\u0131yor mu? \u0130lber Ortayl\u0131 ve Ay\u015fe \u00d6zdolay ne zaman evlendi, neden bo\u015fand\u0131? \u00c7ocuklar\u0131 var m\u0131? \u0130\u015fte merak edilen t\u00fcm detaylar&#8230;<\/p>\n","protected":false},"author":35,"featured_media":308785,"comment_status":"closed","ping_status":"closed","sticky":false,"template":"","format":"standard","meta":{"rank_math_lock_modified_date":false,"footnotes":""},"categories":[491],"tags":[73327,73330,73329,3374,73328],"class_list":["post-308784","post","type-post","status-publish","format-standard","has-post-thumbnail","hentry","category-biyografi","tag-ayse-ozdolay","tag-ayse-ozdolay-kimdir","tag-ayse-ozdolay-yasiyor-mu","tag-biyografi","tag-ilber-ortali"],"_links":{"self":[{"href":"https:\/\/www.tgrthaber.com\/mavikadin\/wp-json\/wp\/v2\/posts\/308784"}],"collection":[{"href":"https:\/\/www.tgrthaber.com\/mavikadin\/wp-json\/wp\/v2\/posts"}],"about":[{"href":"https:\/\/www.tgrthaber.com\/mavikadin\/wp-json\/wp\/v2\/types\/post"}],"author":[{"embeddable":true,"href":"https:\/\/www.tgrthaber.com\/mavikadin\/wp-json\/wp\/v2\/users\/35"}],"replies":[{"embeddable":true,"href":"https:\/\/www.tgrthaber.com\/mavikadin\/wp-json\/wp\/v2\/comments?post=308784"}],"version-history":[{"count":4,"href":"https:\/\/www.tgrthaber.com\/mavikadin\/wp-json\/wp\/v2\/posts\/308784\/revisions"}],"predecessor-version":[{"id":308797,"href":"https:\/\/www.tgrthaber.com\/mavikadin\/wp-json\/wp\/v2\/posts\/308784\/revisions\/308797"}],"wp:featuredmedia":[{"embeddable":true,"href":"https:\/\/www.tgrthaber.com\/mavikadin\/wp-json\/wp\/v2\/media\/308785"}],"wp:attachment":[{"href":"https:\/\/www.tgrthaber.com\/mavikadin\/wp-json\/wp\/v2\/media?parent=308784"}],"wp:term":[{"taxonomy":"category","embeddable":true,"href":"https:\/\/www.tgrthaber.com\/mavikadin\/wp-json\/wp\/v2\/categories?post=308784"},{"taxonomy":"post_tag","embeddable":true,"href":"https:\/\/www.tgrthaber.com\/mavikadin\/wp-json\/wp\/v2\/tags?post=308784"}],"curies":[{"name":"wp","href":"https:\/\/api.w.org\/{rel}","templated":true}]}}