{"id":308798,"date":"2026-03-13T20:50:34","date_gmt":"2026-03-13T17:50:34","guid":{"rendered":"https:\/\/www.tgrthaber.com\/mavikadin\/?p=308798"},"modified":"2026-03-13T20:50:34","modified_gmt":"2026-03-13T17:50:34","slug":"kizilcik-serbeti-129-bolumde-fatihten-beklenmedik-hamle-emirin-basi-belada","status":"publish","type":"post","link":"https:\/\/www.tgrthaber.com\/mavikadin\/kizilcik-serbeti-129-bolumde-fatihten-beklenmedik-hamle-emirin-basi-belada\/","title":{"rendered":"K\u0131z\u0131lc\u0131k \u015eerbeti 129. B\u00f6l\u00fcmde Fatih\u2019ten beklenmedik hamle! Emir\u2019in ba\u015f\u0131 belada!"},"content":{"rendered":"<p><a href=\"https:\/\/www.tgrthaber.com\/medya\/kizilcik-serbet-128-bolumde-unallar-ailesinde-beklenmedik-gelismeler-basaki-kaciran-k-3286593\">K\u0131z\u0131lc\u0131k \u015eerbeti<\/a> 129. b\u00f6l\u00fcmde yine \u00e7arp\u0131c\u0131 geli\u015fmelerle ekrana geliyor. Bo\u015fanma s\u00fcrecinde olan Ba\u015fak ve Fatih\u2019in mahkemeye giderken ya\u015fad\u0131\u011f\u0131 beklenmedik olay, ikilinin yeniden konu\u015fmas\u0131na ve aralar\u0131ndaki sorunlar\u0131 \u00e7\u00f6zmesine neden olur. Ya\u015fan\u0131lan geli\u015fmeyle birlikte ikili ili\u015fkilerine yeni bir \u015fans verir. \u00d6te yandan Nilay\u2019la evlenmek isteyen Ya\u011f\u0131z, t\u00fcm \u00e7abalar\u0131na ra\u011fmen istedi\u011fi sonucu alamaz. Abdullah ailesinin iftar daveti ise farkl\u0131 ya\u015fam tarzlar\u0131n\u0131n olu\u015fturdu\u011fu gerilimi g\u00f6zler \u00f6n\u00fcne serer. Peki, K\u0131z\u0131lc\u0131k \u015eerbeti 129. B\u00f6l\u00fcmde neler olacak? K\u0131z\u0131lc\u0131k \u015eerbeti 129. B\u00f6l\u00fcm nereden izlenir? K\u0131z\u0131lc\u0131k \u015eerbeti 130. B\u00f6l\u00fcm fragman\u0131 yay\u0131nland\u0131 m\u0131?<\/p>\n<h3>KIZILCIK \u015eERBET\u0130 129. B\u00d6L\u00dcMDE NELER OLACAK?<\/h3>\n<p>Bo\u015fanmak i\u00e7in mahkemeye giderken Ba\u015fak\u2019\u0131, Fatih\u2019in yan\u0131ndan ka\u00e7\u0131rtan ki\u015fi Fatih\u2019ten ba\u015fkas\u0131 de\u011fildir. \u0130kisi aras\u0131nda buzlar erir, t\u00fcm problemlerini konu\u015farak a\u015farlar ve a\u015fklar\u0131n\u0131 ya\u015famaya ba\u015flarlar. Nilay\u2019la evlenmek i\u00e7in her yolu deneyen Ya\u011f\u0131z, bu sefer de yoksullara yard\u0131m bahanesiyle yakla\u015facak ama yine de istedi\u011fi sonucu alamayacakt\u0131r.<\/p>\n<p><img loading=\"lazy\" decoding=\"async\" class=\"alignnone wp-image-308800 size-full\" src=\"https:\/\/www.tgrthaber.com\/mavikadin\/wp-content\/uploads\/2026\/03\/Adsiz-tasarim-3-1.jpg\" alt=\"\" width=\"1208\" height=\"680\" title=\"\" srcset=\"https:\/\/www.tgrthaber.com\/mavikadin\/wp-content\/uploads\/2026\/03\/Adsiz-tasarim-3-1.jpg 1208w, https:\/\/www.tgrthaber.com\/mavikadin\/wp-content\/uploads\/2026\/03\/Adsiz-tasarim-3-1-300x169.jpg 300w, https:\/\/www.tgrthaber.com\/mavikadin\/wp-content\/uploads\/2026\/03\/Adsiz-tasarim-3-1-1024x576.jpg 1024w, https:\/\/www.tgrthaber.com\/mavikadin\/wp-content\/uploads\/2026\/03\/Adsiz-tasarim-3-1-768x432.jpg 768w\" sizes=\"(max-width: 1208px) 100vw, 1208px\" \/><\/p>\n<hr \/>\n<p>Nursema ve \u0130lhami\u2019nin evlilikleri yolunda ama durgun giderken Abdullahlar\u2019\u0131n onlara iftara gelmesi t\u00fcm farkl\u0131l\u0131klar\u0131 a\u00e7\u0131k\u00e7a g\u00f6z \u00f6n\u00fcne serer. Asil\u2019in kendisini terk etmesiyle bunal\u0131ma giren Elif, herkese sata\u015fmaktad\u0131r. S\u0131ra evdeki k\u00fc\u00e7\u00fck \u00e7ocuklar geldi\u011finde ise herkesi kar\u015f\u0131s\u0131nda bulacakt\u0131r.<\/p>\n<p><img loading=\"lazy\" decoding=\"async\" class=\"alignnone wp-image-308801 size-full\" src=\"https:\/\/www.tgrthaber.com\/mavikadin\/wp-content\/uploads\/2026\/03\/kizilcik-serbeti-129.-bolum.jpg\" alt=\"\" width=\"1208\" height=\"680\" title=\"\" srcset=\"https:\/\/www.tgrthaber.com\/mavikadin\/wp-content\/uploads\/2026\/03\/kizilcik-serbeti-129.-bolum.jpg 1208w, https:\/\/www.tgrthaber.com\/mavikadin\/wp-content\/uploads\/2026\/03\/kizilcik-serbeti-129.-bolum-300x169.jpg 300w, https:\/\/www.tgrthaber.com\/mavikadin\/wp-content\/uploads\/2026\/03\/kizilcik-serbeti-129.-bolum-1024x576.jpg 1024w, https:\/\/www.tgrthaber.com\/mavikadin\/wp-content\/uploads\/2026\/03\/kizilcik-serbeti-129.-bolum-768x432.jpg 768w\" sizes=\"(max-width: 1208px) 100vw, 1208px\" \/><\/p>\n<hr \/>\n<p>\u0130\u015flerindeki k\u00f6t\u00fc gidi\u015fi durduramayan Emir, \u00c7imen\u2019le birlikte evi terk etmek zorunda kalarak bir arkada\u015f\u0131n\u0131n yan\u0131na s\u0131\u011f\u0131nacakt\u0131r. Hala kimseye i\u00e7ine d\u00fc\u015ft\u00fc\u011f\u00fc zor durumu a\u00e7\u0131klamak istemese de durum iyice i\u00e7inden \u00e7\u0131k\u0131lamaz bir hal ald\u0131\u011f\u0131nda intihar etme noktas\u0131na gelecektir<\/p>\n<p><img loading=\"lazy\" decoding=\"async\" class=\"alignnone wp-image-308802 size-full\" src=\"https:\/\/www.tgrthaber.com\/mavikadin\/wp-content\/uploads\/2026\/03\/kizilcik-serbeti-129.-bolum-nereden-izlenir.jpg\" alt=\"\" width=\"1208\" height=\"680\" title=\"\" srcset=\"https:\/\/www.tgrthaber.com\/mavikadin\/wp-content\/uploads\/2026\/03\/kizilcik-serbeti-129.-bolum-nereden-izlenir.jpg 1208w, https:\/\/www.tgrthaber.com\/mavikadin\/wp-content\/uploads\/2026\/03\/kizilcik-serbeti-129.-bolum-nereden-izlenir-300x169.jpg 300w, https:\/\/www.tgrthaber.com\/mavikadin\/wp-content\/uploads\/2026\/03\/kizilcik-serbeti-129.-bolum-nereden-izlenir-1024x576.jpg 1024w, https:\/\/www.tgrthaber.com\/mavikadin\/wp-content\/uploads\/2026\/03\/kizilcik-serbeti-129.-bolum-nereden-izlenir-768x432.jpg 768w\" sizes=\"(max-width: 1208px) 100vw, 1208px\" \/><\/p>\n<hr \/>\n<h3>KIZILCIK \u015eERBET\u0130 129. B\u00d6L\u00dcM NEREDEN \u0130ZLEN\u0130R?<\/h3>\n<p><a href=\"https:\/\/www.tgrthaber.com\/mavikadin\/kizilcik-serbet-final-mi-yapacak-kizilcik-serbeti-sezon-finali-ne-zaman\/\">K\u0131z\u0131lc\u0131k \u015eerbeti<\/a> 129. B\u00f6l\u00fcm tekrar b\u00f6l\u00fcmlerini Show Tv kanal\u0131nda izleyebilirsiniz. Hafta sonu K\u0131z\u0131lc\u0131k \u015eerbeti 129. B\u00f6l\u00fcm\u00fc 16:00 saatleri civar\u0131nda Show tv\u2019de tekrar veriliyor. K\u0131z\u0131lc\u0131k \u015eerbeti son b\u00f6l\u00fcm\u00fcn\u00fc ka\u00e7\u0131ranlar i\u00e7inse Youtube kanal\u0131ndan ya da Show TV\u2019nin resmi internet sitesinden izlenebilir. Diziye dair detaylar\u0131, shorts\u2019lar\u0131 ya da \u00f6zel sahnelerini instagram, X platformu, Youtube kanal\u0131ndan ula\u015fabilirsiniz.<\/p>\n<p><img loading=\"lazy\" decoding=\"async\" class=\"alignnone wp-image-308803 size-full\" src=\"https:\/\/www.tgrthaber.com\/mavikadin\/wp-content\/uploads\/2026\/03\/Adsiz-tasarim-4-4.jpg\" alt=\"\" width=\"1208\" height=\"680\" title=\"\" srcset=\"https:\/\/www.tgrthaber.com\/mavikadin\/wp-content\/uploads\/2026\/03\/Adsiz-tasarim-4-4.jpg 1208w, https:\/\/www.tgrthaber.com\/mavikadin\/wp-content\/uploads\/2026\/03\/Adsiz-tasarim-4-4-300x169.jpg 300w, https:\/\/www.tgrthaber.com\/mavikadin\/wp-content\/uploads\/2026\/03\/Adsiz-tasarim-4-4-1024x576.jpg 1024w, https:\/\/www.tgrthaber.com\/mavikadin\/wp-content\/uploads\/2026\/03\/Adsiz-tasarim-4-4-768x432.jpg 768w\" sizes=\"(max-width: 1208px) 100vw, 1208px\" \/><\/p>\n<hr \/>\n<h3>KIZILCIK \u015eERBET\u0130 130. B\u00d6L\u00dcM FRAGMANI YAYINLANDI MI?<\/h3>\n<p>K\u0131z\u0131lc\u0131k \u015eerbeti yeni b\u00f6l\u00fcm\u00fc yay\u0131nland\u0131ktan sonra izleyenleri \u015fa\u015f\u0131rtt\u0131. \u00dcnallar ailesindeki durumlar kar\u0131\u015fmaya devam ederken, Emir ve \u00c7imen\u2019in evlili\u011finde de s\u0131k\u0131nt\u0131lar ba\u015f g\u00f6stermeye ba\u015flad\u0131. Nursema ve Asil aras\u0131nda da beklenmedik geli\u015fmeler ya\u015fanmaya devam edecek.<\/p>\n<p><img loading=\"lazy\" decoding=\"async\" class=\"alignnone wp-image-308804 size-full\" src=\"https:\/\/www.tgrthaber.com\/mavikadin\/wp-content\/uploads\/2026\/03\/kizilcik-serbeti-130.-bolum-fragmani-yayinlandi-mi.jpg\" alt=\"\" width=\"1208\" height=\"680\" title=\"\" srcset=\"https:\/\/www.tgrthaber.com\/mavikadin\/wp-content\/uploads\/2026\/03\/kizilcik-serbeti-130.-bolum-fragmani-yayinlandi-mi.jpg 1208w, https:\/\/www.tgrthaber.com\/mavikadin\/wp-content\/uploads\/2026\/03\/kizilcik-serbeti-130.-bolum-fragmani-yayinlandi-mi-300x169.jpg 300w, https:\/\/www.tgrthaber.com\/mavikadin\/wp-content\/uploads\/2026\/03\/kizilcik-serbeti-130.-bolum-fragmani-yayinlandi-mi-1024x576.jpg 1024w, https:\/\/www.tgrthaber.com\/mavikadin\/wp-content\/uploads\/2026\/03\/kizilcik-serbeti-130.-bolum-fragmani-yayinlandi-mi-768x432.jpg 768w\" sizes=\"(max-width: 1208px) 100vw, 1208px\" \/><\/p>\n<hr \/>\n<p>K\u0131z\u0131lc\u0131k \u015eerbeti 130. B\u00f6l\u00fcm ramazan bayram\u0131nda yay\u0131nlanacak m\u0131? hen\u00fcz bilinmiyor. Yap\u0131m ekibi ve kanal y\u00f6netimi bu konuya ili\u015fkin net bir a\u00e7\u0131klamada bulunmad\u0131. K\u0131z\u0131lc\u0131k \u015eerbeti 130. B\u00f6l\u00fcm fragman\u0131 hafta i\u00e7in herhangi bir g\u00fcnde sosyal mecralarda ve Show Tv\u2019de izleyicisiyle bulu\u015fuyor.<\/p>\n<p><img loading=\"lazy\" decoding=\"async\" class=\"alignnone wp-image-308805 size-full\" src=\"https:\/\/www.tgrthaber.com\/mavikadin\/wp-content\/uploads\/2026\/03\/kizilcik-serbeti-ramazan-bayraminda-yayinlanacak-mi.jpg\" alt=\"\" width=\"1208\" height=\"680\" title=\"\" srcset=\"https:\/\/www.tgrthaber.com\/mavikadin\/wp-content\/uploads\/2026\/03\/kizilcik-serbeti-ramazan-bayraminda-yayinlanacak-mi.jpg 1208w, https:\/\/www.tgrthaber.com\/mavikadin\/wp-content\/uploads\/2026\/03\/kizilcik-serbeti-ramazan-bayraminda-yayinlanacak-mi-300x169.jpg 300w, https:\/\/www.tgrthaber.com\/mavikadin\/wp-content\/uploads\/2026\/03\/kizilcik-serbeti-ramazan-bayraminda-yayinlanacak-mi-1024x576.jpg 1024w, https:\/\/www.tgrthaber.com\/mavikadin\/wp-content\/uploads\/2026\/03\/kizilcik-serbeti-ramazan-bayraminda-yayinlanacak-mi-768x432.jpg 768w\" sizes=\"(max-width: 1208px) 100vw, 1208px\" \/><\/p>\n<hr \/>\n<h3>KIZILCIK \u015eERBET\u0130 130. B\u00d6L\u00dcM RAMAZAN AYININ 1. G\u00dcN\u00dc VAR MI?<\/h3>\n<p>K\u0131z\u0131lc\u0131k \u015eerbeti 130. b\u00f6l\u00fcm Ramazan Bayram\u0131 1. g\u00fcn\u00fc Cuma ak\u015fam\u0131na denk geliyor. Show Tv&#8217;de K\u0131z\u0131lc\u0131k \u015eerbeti&#8217;nin yeni b\u00f6l\u00fcm\u00fc yay\u0131nlan\u0131p yay\u0131nlanmayaca\u011f\u0131 hen\u00fcz belli de\u011fil. Dizinin Ramazan Bayram\u0131nda ekranlarda olup olmayaca\u011f\u0131 ilerleyen g\u00fcnlerde belli olacak.<\/p>\n","protected":false},"excerpt":{"rendered":"<p>K\u0131z\u0131lc\u0131k \u015eerbeti 129. b\u00f6l\u00fcm\u00fcyle yine geceye damga vurmaya haz\u0131rlan\u0131yor. Bo\u015fanmak \u00fczere olan Ba\u015fak ve Fatih cephesinde beklenmedik bir geli\u015fme ya\u015fan\u0131rken, ikili aras\u0131ndaki buzlar eriyor. Ya\u011f\u0131z\u2019\u0131n Nilay\u2019a ula\u015fma \u00e7abalar\u0131 sonu\u00e7suz kal\u0131rken, Abdullah ailesinin iftar ziyareti farkl\u0131 hayat tarzlar\u0131n\u0131 yeniden kar\u015f\u0131 kar\u015f\u0131ya getiriyor. Peki, K\u0131z\u0131lc\u0131k \u015eerbeti 129. B\u00f6l\u00fcmde neler olacak? K\u0131z\u0131lc\u0131k \u015eerbeti 129. B\u00f6l\u00fcm nereden izlenir? K\u0131z\u0131lc\u0131k \u015eerbeti 130. B\u00f6l\u00fcm fragman\u0131 yay\u0131nland\u0131 m\u0131? <\/p>\n","protected":false},"author":10,"featured_media":308799,"comment_status":"closed","ping_status":"closed","sticky":false,"template":"","format":"standard","meta":{"rank_math_lock_modified_date":false,"footnotes":""},"categories":[602],"tags":[32159,157,73331,73332,21020],"class_list":["post-308798","post","type-post","status-publish","format-standard","has-post-thumbnail","hentry","category-diziler","tag-dizi","tag-kizilcik-serbeti","tag-kizilcik-serbeti-129-bolum","tag-kizilcik-serbeti-ozet","tag-kizilcik-serbeti-son-bolum"],"_links":{"self":[{"href":"https:\/\/www.tgrthaber.com\/mavikadin\/wp-json\/wp\/v2\/posts\/308798"}],"collection":[{"href":"https:\/\/www.tgrthaber.com\/mavikadin\/wp-json\/wp\/v2\/posts"}],"about":[{"href":"https:\/\/www.tgrthaber.com\/mavikadin\/wp-json\/wp\/v2\/types\/post"}],"author":[{"embeddable":true,"href":"https:\/\/www.tgrthaber.com\/mavikadin\/wp-json\/wp\/v2\/users\/10"}],"replies":[{"embeddable":true,"href":"https:\/\/www.tgrthaber.com\/mavikadin\/wp-json\/wp\/v2\/comments?post=308798"}],"version-history":[{"count":2,"href":"https:\/\/www.tgrthaber.com\/mavikadin\/wp-json\/wp\/v2\/posts\/308798\/revisions"}],"predecessor-version":[{"id":308807,"href":"https:\/\/www.tgrthaber.com\/mavikadin\/wp-json\/wp\/v2\/posts\/308798\/revisions\/308807"}],"wp:featuredmedia":[{"embeddable":true,"href":"https:\/\/www.tgrthaber.com\/mavikadin\/wp-json\/wp\/v2\/media\/308799"}],"wp:attachment":[{"href":"https:\/\/www.tgrthaber.com\/mavikadin\/wp-json\/wp\/v2\/media?parent=308798"}],"wp:term":[{"taxonomy":"category","embeddable":true,"href":"https:\/\/www.tgrthaber.com\/mavikadin\/wp-json\/wp\/v2\/categories?post=308798"},{"taxonomy":"post_tag","embeddable":true,"href":"https:\/\/www.tgrthaber.com\/mavikadin\/wp-json\/wp\/v2\/tags?post=308798"}],"curies":[{"name":"wp","href":"https:\/\/api.w.org\/{rel}","templated":true}]}}