{"id":308808,"date":"2026-03-13T21:42:51","date_gmt":"2026-03-13T18:42:51","guid":{"rendered":"https:\/\/www.tgrthaber.com\/mavikadin\/?p=308808"},"modified":"2026-03-13T22:00:46","modified_gmt":"2026-03-13T19:00:46","slug":"ilber-ortaylinin-cenazesi-nerede-ilber-ortayli-cenaze-programi-belli-oldu-mu","status":"publish","type":"post","link":"https:\/\/www.tgrthaber.com\/mavikadin\/ilber-ortaylinin-cenazesi-nerede-ilber-ortayli-cenaze-programi-belli-oldu-mu\/","title":{"rendered":"\u0130lber Ortayl\u0131&#8217;n\u0131n cenazesi nerede? \u0130lber Ortayl\u0131 cenaze program\u0131 belli oldu mu?"},"content":{"rendered":"<p>Kalp yetmezli\u011fi nedeniyle birka\u00e7 g\u00fcnd\u00fcr hastanede yo\u011fun bak\u0131mda yatan ancak ac\u0131 haberi bug\u00fcn gelen <a href=\"https:\/\/www.tgrthaber.com\/mavikadin\/ilber-ortaylinin-kizi-tuna-ortayli-kazici-kimdir-kiminle-evli-tuna-ortayli-kazici-ne-is-yapiyor\/\">\u0130lber Ortayl\u0131<\/a>&#8216;n\u0131n \u00f6l\u00fcm\u00fc k\u0131sa zamanda geni\u015f kitleye yay\u0131ld\u0131. \u00dcnl\u00fc Tarih\u00e7i \u0130lber Ortayl\u0131&#8217;n\u0131n ac\u0131 haberi, ba\u015fta ailesi ve yak\u0131nlar\u0131 olmak \u00fczere t\u00fcm sevenleri aras\u0131nda derin bir kedere sebep oldu. Programlarda verdi\u011fi engin bilgilerle milyonlarca ki\u015fiye hitap ederek g\u00f6n\u00fcllerde yer edinen 78 ya\u015f\u0131ndaki Tarih\u00e7i \u0130lber Ortayl\u0131&#8217;n\u0131n vefat\u0131 sonras\u0131nda \u00fcnl\u00fcler d\u00fcnyas\u0131 ve t\u00fcm sevenleri sosyal medya hesaplar\u0131ndan ac\u0131lar\u0131n\u0131 duyurdular. <a href=\"https:\/\/www.tgrthaber.com\/mavikadin\/ilber-ortaylinin-hastaligi-nedir-ilber-ortayli-kac-yasinda\/\">\u0130lber Ortayl\u0131&#8217;<\/a>n\u0131n \u00f6l\u00fcm haberini alan sevenleri arama motorunda \u00fcnl\u00fc tarih\u00e7inin cenaze bilgilerini ara\u015ft\u0131rmaya ba\u015flad\u0131. Peki vefat eden \u0130lber Ortayl\u0131&#8217;n\u0131n cenaze t\u00f6reni ayr\u0131nt\u0131lar\u0131 belli oldu mu? Tarih\u00e7i \u0130lber Ortayl\u0131&#8217;n\u0131n cenazesi nereden kalkacak? 78 ya\u015f\u0131nda hayat\u0131 son bulan \u0130lber Ortayl\u0131&#8217;n\u0131n cenaze program\u0131 ayr\u0131nt\u0131lar\u0131:<\/p>\n<h3>\u0130LBER ORTAYLI&#8217;NIN CENAZE T\u00d6REN\u0130 NEREDE VE NE ZAMAN GER\u00c7EKLE\u015eECEK?<\/h3>\n<p>T\u00fcrk tarih\u00e7i, akademisyen ve yazar \u0130lber Ortayl\u0131&#8217;n\u0131n Pazartesi g\u00fcn\u00fc \u0130stanbul&#8217;da defnedilece\u011fi \u00f6\u011frenildi. Ekranlar\u0131n sevilen tarih\u00e7isi \u0130lber Ortayl\u0131, Fatih Camii&#8217;nde ikindi ezan\u0131 sonras\u0131nda k\u0131l\u0131nacak namaz\u0131n ard\u0131ndan Fatih Camii haziresinde defnetme i\u015flemleri ger\u00e7ekle\u015ftirilecek.<\/p>\n<p><img loading=\"lazy\" decoding=\"async\" class=\"alignnone wp-image-308809\" src=\"https:\/\/www.tgrthaber.com\/mavikadin\/wp-content\/uploads\/2026\/03\/tr-1.png\" alt=\"\" width=\"1208\" height=\"683\" title=\"\" srcset=\"https:\/\/www.tgrthaber.com\/mavikadin\/wp-content\/uploads\/2026\/03\/tr-1.png 700w, https:\/\/www.tgrthaber.com\/mavikadin\/wp-content\/uploads\/2026\/03\/tr-1-300x170.png 300w\" sizes=\"(max-width: 1208px) 100vw, 1208px\" \/><\/p>\n<hr \/>\n<h3>\u0130LBER ORTAYLI&#8217;NIN A\u0130LES\u0130NDEN ANLAMLI \u0130STEK! CENAZE T\u00d6REN\u0130 \u00d6NCES\u0130NDE DUYURDULAR&#8230;<\/h3>\n<p>Tarih\u00e7i \u0130lber Ortayl\u0131&#8217;n\u0131n ailesi, sosyal medya hesaplar\u0131ndan yapt\u0131klar\u0131 a\u00e7\u0131klamada cenaze ile ilgili birtak\u0131m taleplerini dile getirdiler. \u0130lber Ortayl\u0131&#8217;n\u0131n cenazesine \u00e7i\u00e7ek g\u00f6nderilmemesini, illa bir \u015fey yapmak isteyen olursa T\u00fcrk E\u011fitim Vakf\u0131na ba\u011f\u0131\u015f yapmalar\u0131n\u0131 rica etti.<\/p>\n<p><img loading=\"lazy\" decoding=\"async\" class=\"alignnone wp-image-308812\" src=\"https:\/\/www.tgrthaber.com\/mavikadin\/wp-content\/uploads\/2026\/03\/ddgg.png\" alt=\"\" width=\"1208\" height=\"670\" title=\"\" srcset=\"https:\/\/www.tgrthaber.com\/mavikadin\/wp-content\/uploads\/2026\/03\/ddgg.png 707w, https:\/\/www.tgrthaber.com\/mavikadin\/wp-content\/uploads\/2026\/03\/ddgg-300x166.png 300w\" sizes=\"(max-width: 1208px) 100vw, 1208px\" \/><\/p>\n<hr \/>\n<p>2026 Ramazan Ay\u0131n\u0131n son cumas\u0131 13 Mart g\u00fcn\u00fcnde hayat\u0131n\u0131 kaybeden \u0130lber Ortayl\u0131\u2019n\u0131n vefat haberi t\u00fcm \u00fclkeyi yasa bo\u011farken Ortayl\u0131&#8217;n\u0131n en yak\u0131n\u0131 olan ailesi\u00a0 X hesab\u0131ndan yay\u0131nlad\u0131\u011f\u0131 g\u00f6nderi ile cenaze detaylar\u0131n\u0131 aktard\u0131. \u0130lber Ortayl\u0131&#8217;n\u0131n ailesinin yay\u0131nlad\u0131\u011f\u0131 payla\u015f\u0131mda ise \u015fu ifadeler yerini ald\u0131:<\/p>\n<p><em>&#8216;ACI KAYBIMIZ&#8217;<\/em><\/p>\n<p><em>Akmescitli Merhume \u015eefika Kara\u015fay Ortayl\u0131 ve Kefeli Merhum Kemal Ortayl\u0131\u2019n\u0131n o\u011flu;<\/em><\/p>\n<p><em>Emeldar Ortayl\u0131, Enver ve Sevil Ortayl\u0131, Nuriye Ortayl\u0131\u2019n\u0131n a\u011fabeyi;<\/em><\/p>\n<p><em>Kemal Ortayl\u0131, Oytun ve I\u015f\u0131l Ortayl\u0131\u2019n\u0131n amcas\u0131;<\/em><\/p>\n<p><em>Deniz Ali Kaz\u0131c\u0131 ve Defne Kaz\u0131c\u0131\u2019n\u0131n \u0130lber dedesi;<\/em><\/p>\n<p><em>Tuna Ortayl\u0131\u2019n\u0131n biricik babas\u0131;<\/em><\/p>\n<p><em>Tarih\u00e7i, akademisyen, yazar ve T\u00fcrk Halk\u0131n\u0131n \u0130lber Hocas\u0131<\/em><\/p>\n<p><em>Prof. Dr. \u0130LBER ORTAYLI\u2019y\u0131 kaybettik.<\/em><\/p>\n<h3>\u0130LBER ORTAYLI&#8217;YA SON VEDA! ANMA T\u00d6REN\u0130 GALATASARAY \u00dcN\u0130VERS\u0130TES\u0130NDE YAPILACAK!<\/h3>\n<p>Sevenlerinin son kez veda edebilmesi i\u00e7in d\u00fczenlenen etkinlikte 16 Mart 2026 Pazartesi g\u00fcn\u00fc saat 11:00\u2019de Galatasaray \u00dcniversitesi\u2019nde anma t\u00f6reni d\u00fczenlenecek.<\/p>\n<p><img loading=\"lazy\" decoding=\"async\" class=\"alignnone wp-image-308820\" src=\"https:\/\/www.tgrthaber.com\/mavikadin\/wp-content\/uploads\/2026\/03\/geeegeg.png\" alt=\"\" width=\"1208\" height=\"675\" title=\"\" srcset=\"https:\/\/www.tgrthaber.com\/mavikadin\/wp-content\/uploads\/2026\/03\/geeegeg.png 702w, https:\/\/www.tgrthaber.com\/mavikadin\/wp-content\/uploads\/2026\/03\/geeegeg-300x168.png 300w\" sizes=\"(max-width: 1208px) 100vw, 1208px\" \/><\/p>\n<hr \/>\n<p>Merhum tarih\u00e7i \u0130lber Ortayl\u0131, yine o g\u00fcn i\u00e7erisinde Fatih Camii\u2019nde ikindi namaz\u0131n\u0131 m\u00fcteakip k\u0131l\u0131nacak cenaze namaz\u0131n\u0131n ard\u0131ndan Fatih Camii Haziresi\u2019ne defnedilecektir.<\/p>\n<h3>\u0130LBER ORTAYLI&#8217;NIN SON ZAMANLARINA KADAR YANINDA OLAN KIZI TUNA ORTAYLI&#8217;DAN A\u00c7IKLAMA!<\/h3>\n<p>Akademisyen ve Tarih\u00e7i \u0130lber Ortayl\u0131\u2019n\u0131n k\u0131z\u0131 Tuna Ortayl\u0131, babas\u0131 \u0130lber Ortayl\u0131&#8217;n\u0131n vefat\u0131 sonras\u0131nda \u201cHerkese destekleri i\u00e7in \u00e7ok te\u015fekk\u00fcr ediyoruz. Ba\u015fta Ko\u00e7 \u00dcniversitesi Hastanesi\u2019nin ba\u015fhekimli\u011finden teknik ekiplerine kadar herkese minnettar\u0131z.<\/p>\n<p><img loading=\"lazy\" decoding=\"async\" class=\"alignnone wp-image-308811\" src=\"https:\/\/www.tgrthaber.com\/mavikadin\/wp-content\/uploads\/2026\/03\/ss.png\" alt=\"\" width=\"1208\" height=\"677\" title=\"\" srcset=\"https:\/\/www.tgrthaber.com\/mavikadin\/wp-content\/uploads\/2026\/03\/ss.png 707w, https:\/\/www.tgrthaber.com\/mavikadin\/wp-content\/uploads\/2026\/03\/ss-300x168.png 300w\" sizes=\"(max-width: 1208px) 100vw, 1208px\" \/><\/p>\n<hr \/>\n<p>Babam hayat\u0131 \u00e7ok severek ve dolu dolu ya\u015fad\u0131. Umar\u0131m bu hayat\u0131nda birilerine dokunmu\u015f ve faydas\u0131 olmu\u015ftur. Hepinize geldi\u011finiz i\u00e7in te\u015fekk\u00fcr ederiz&#8221; ifadelerinde bulundu.<\/p>\n","protected":false},"excerpt":{"rendered":"<p>\u00dclkenin sevilen tarih\u00e7ilerinden olup \u00e7ok say\u0131da seveni oldu\u011fu bilinen Akademisyen, T\u00fcrk tarih\u00e7i ve yazar \u0130lber Ortayl\u0131&#8217;n\u0131n \u00f6l\u00fcm haberi ile birlikte cenaze t\u00f6renine dair detaylar da ara\u015ft\u0131r\u0131lmaya ba\u015fland\u0131. Kalp yetmezli\u011fi nedeniyle rahats\u0131zlanarak hayat\u0131n\u0131 kaybeden \u0130lber Ortayl\u0131&#8217;n\u0131n cenazesi nereden kalkacak? \u0130lber Ortayl\u0131&#8217;n\u0131n cenazesi ne zaman kalkacak?<\/p>\n","protected":false},"author":27,"featured_media":308813,"comment_status":"closed","ping_status":"closed","sticky":false,"template":"","format":"standard","meta":{"rank_math_lock_modified_date":false,"footnotes":""},"categories":[76],"tags":[3126,73333,73334,133],"class_list":["post-308808","post","type-post","status-publish","format-standard","has-post-thumbnail","hentry","category-magazin","tag-ilber-ortayli","tag-ilber-ortayli-cenaze","tag-ilber-ortayli-neden-oldu","tag-magazin"],"_links":{"self":[{"href":"https:\/\/www.tgrthaber.com\/mavikadin\/wp-json\/wp\/v2\/posts\/308808"}],"collection":[{"href":"https:\/\/www.tgrthaber.com\/mavikadin\/wp-json\/wp\/v2\/posts"}],"about":[{"href":"https:\/\/www.tgrthaber.com\/mavikadin\/wp-json\/wp\/v2\/types\/post"}],"author":[{"embeddable":true,"href":"https:\/\/www.tgrthaber.com\/mavikadin\/wp-json\/wp\/v2\/users\/27"}],"replies":[{"embeddable":true,"href":"https:\/\/www.tgrthaber.com\/mavikadin\/wp-json\/wp\/v2\/comments?post=308808"}],"version-history":[{"count":9,"href":"https:\/\/www.tgrthaber.com\/mavikadin\/wp-json\/wp\/v2\/posts\/308808\/revisions"}],"predecessor-version":[{"id":308823,"href":"https:\/\/www.tgrthaber.com\/mavikadin\/wp-json\/wp\/v2\/posts\/308808\/revisions\/308823"}],"wp:featuredmedia":[{"embeddable":true,"href":"https:\/\/www.tgrthaber.com\/mavikadin\/wp-json\/wp\/v2\/media\/308813"}],"wp:attachment":[{"href":"https:\/\/www.tgrthaber.com\/mavikadin\/wp-json\/wp\/v2\/media?parent=308808"}],"wp:term":[{"taxonomy":"category","embeddable":true,"href":"https:\/\/www.tgrthaber.com\/mavikadin\/wp-json\/wp\/v2\/categories?post=308808"},{"taxonomy":"post_tag","embeddable":true,"href":"https:\/\/www.tgrthaber.com\/mavikadin\/wp-json\/wp\/v2\/tags?post=308808"}],"curies":[{"name":"wp","href":"https:\/\/api.w.org\/{rel}","templated":true}]}}