{"id":308825,"date":"2026-03-13T23:47:18","date_gmt":"2026-03-13T20:47:18","guid":{"rendered":"https:\/\/www.tgrthaber.com\/mavikadin\/?p=308825"},"modified":"2026-03-13T23:47:18","modified_gmt":"2026-03-13T20:47:18","slug":"delikanli-dizisi-ilk-fragmani-yayinlandi-delikanli-dizisi-sosyal-medyada-trend-oldu","status":"publish","type":"post","link":"https:\/\/www.tgrthaber.com\/mavikadin\/delikanli-dizisi-ilk-fragmani-yayinlandi-delikanli-dizisi-sosyal-medyada-trend-oldu\/","title":{"rendered":"Delikanl\u0131 dizisi ilk fragman\u0131 yay\u0131nland\u0131! Delikanl\u0131 dizisi sosyal medyada trend oldu!"},"content":{"rendered":"<p>OGM Pictures imzal\u0131 <a href=\"https:\/\/www.tgrthaber.com\/mavikadin\/delikanli-dizisi-ne-zaman-basliyor-delikanli-dizisi-yayin-tarihi-belli-mi\/\">Delikanl\u0131<\/a> dizisinin ilk teaser\u0131 yay\u0131nland\u0131 ve sosyal medyada k\u0131sa s\u00fcrede b\u00fcy\u00fck ilgi g\u00f6rd\u00fc. Yap\u0131mc\u0131l\u0131\u011f\u0131n\u0131 Onur G\u00fcvenatam\u2019\u0131n \u00fcstlendi\u011fi dizi, \u00e7ok yak\u0131nda SHOW TV ekranlar\u0131nda izleyiciyle bulu\u015facak. \u0130zleyiciler fragman\u0131 sosyal medyada payla\u015farak dizinin yay\u0131n tarihini heyecanla beklemeye ba\u015flad\u0131. Delikanl\u0131 ilk tan\u0131t\u0131m, dizinin temposu ve enerjisiyle hem gen\u00e7 hem de yeti\u015fkin kitleyi ekran ba\u015f\u0131na \u00e7ekecek gibi g\u00f6r\u00fcn\u00fcyor. Peki, Delikanl\u0131 dizisi ne zaman ba\u015flayacak? Delikanl\u0131 dizisi 1. B\u00f6l\u00fcm ne zaman?<\/p>\n<h3>DEL\u0130KANLI D\u0130Z\u0130S\u0130 \u0130LK TANITIM<\/h3>\n<p>Delikanl\u0131 dizisinin ba\u015frollerini Mert Ramazan Demir, Melis Sezen, Salih Bademci ve gen\u00e7 yetenek Mina Demirta\u015f payla\u015f\u0131yor. Show Tv ekranlar\u0131nda yay\u0131nlanacak olan Delikanl\u0131 dizisinin ilk tan\u0131t\u0131m fragman\u0131 b\u00fcy\u00fck be\u011feni toplad\u0131. Mert Ramazan Demir\u2019in oyunculu\u011fu \u00f6vg\u00fcleri toplad\u0131. Merakla beklenen Delikanl\u0131 dizisinin ilk tan\u0131t\u0131m\u0131:<\/p>\n<div style=\"width: 640px;\" class=\"wp-video\"><!--[if lt IE 9]><script>document.createElement('video');<\/script><![endif]-->\n<video class=\"wp-video-shortcode\" id=\"video-308825-1\" width=\"640\" height=\"360\" preload=\"metadata\" controls=\"controls\"><source type=\"video\/mp4\" src=\"https:\/\/www.tgrthaber.com\/mavikadin\/wp-content\/uploads\/2026\/03\/delikanli-ilk-tanitim.mp4?_=1\" \/><a href=\"https:\/\/www.tgrthaber.com\/mavikadin\/wp-content\/uploads\/2026\/03\/delikanli-ilk-tanitim.mp4\">https:\/\/www.tgrthaber.com\/mavikadin\/wp-content\/uploads\/2026\/03\/delikanli-ilk-tanitim.mp4<\/a><\/video><\/div>\n<hr \/>\n<h3>DEL\u0130KANLI D\u0130Z\u0130S\u0130N\u0130N KONUSU<\/h3>\n<p>\u0130stanbul&#8217;un kenar mahallelerinde b\u00fcy\u00fcyen Yusuf, ailesini ayakta tutmaya \u00e7al\u0131\u015fan, haks\u0131zl\u0131\u011fa boyun e\u011fmeyen bir delikanl\u0131d\u0131r. \u00c7ocukluk a\u015fk\u0131 Hazan&#8217;la m\u00fctevaz\u0131 bir hayat\u0131n hayalini kurarken, kader onu yeralt\u0131 d\u00fcnyas\u0131n\u0131n, g\u00fc\u00e7 oyunlar\u0131n\u0131n ve s\u0131n\u0131f \u00e7at\u0131\u015fmas\u0131n\u0131n ortas\u0131na s\u00fcr\u00fckler. Y\u0131llar sonra bamba\u015fka bir kimlikle yeniden ortaya \u00e7\u0131kt\u0131\u011f\u0131nda art\u0131k hi\u00e7bir \u015fey eskisi gibi de\u011fildir; ge\u00e7mi\u015fin yaralar\u0131, saklanan s\u0131rlar ve beklenmedik bir a\u015fk, onu hem kalbinin hem de intikam\u0131n\u0131n pe\u015finden gitmeye zorlayacakt\u0131r.<\/p>\n<p><img loading=\"lazy\" decoding=\"async\" class=\"alignnone wp-image-308828 size-full\" src=\"https:\/\/www.tgrthaber.com\/mavikadin\/wp-content\/uploads\/2026\/03\/delikanli-dizisi-konusu.jpg\" alt=\"\" width=\"1208\" height=\"680\" title=\"\" srcset=\"https:\/\/www.tgrthaber.com\/mavikadin\/wp-content\/uploads\/2026\/03\/delikanli-dizisi-konusu.jpg 1208w, https:\/\/www.tgrthaber.com\/mavikadin\/wp-content\/uploads\/2026\/03\/delikanli-dizisi-konusu-300x169.jpg 300w, https:\/\/www.tgrthaber.com\/mavikadin\/wp-content\/uploads\/2026\/03\/delikanli-dizisi-konusu-1024x576.jpg 1024w, https:\/\/www.tgrthaber.com\/mavikadin\/wp-content\/uploads\/2026\/03\/delikanli-dizisi-konusu-768x432.jpg 768w\" sizes=\"(max-width: 1208px) 100vw, 1208px\" \/><\/p>\n<hr \/>\n<h3>DEL\u0130KANLI D\u0130Z\u0130S\u0130 OYUNCU KADROSU<\/h3>\n<p>Mert Ramazan Demir<\/p>\n<p>Melis Sezen<\/p>\n<p>Salih Bademci<\/p>\n<p>Mina Demirta\u015f<\/p>\n<p>F\u0131rat Altunme\u015fe<\/p>\n<p>Tuana Naz Tiryaki<\/p>\n<p>Zehra Barto<\/p>\n<p>Erdem Adilce<\/p>\n<p>Velatnu Ayd\u0131n<\/p>\n<p>Onur \u00dcnsal<\/p>\n<p>F\u0131rat Altunme\u015fe<\/p>\n<p><img loading=\"lazy\" decoding=\"async\" class=\"alignnone wp-image-308829 size-full\" src=\"https:\/\/www.tgrthaber.com\/mavikadin\/wp-content\/uploads\/2026\/03\/Delikanli-dizisi-ne-zaman-baslayacak.jpg\" alt=\"\" width=\"1208\" height=\"680\" title=\"\" srcset=\"https:\/\/www.tgrthaber.com\/mavikadin\/wp-content\/uploads\/2026\/03\/Delikanli-dizisi-ne-zaman-baslayacak.jpg 1208w, https:\/\/www.tgrthaber.com\/mavikadin\/wp-content\/uploads\/2026\/03\/Delikanli-dizisi-ne-zaman-baslayacak-300x169.jpg 300w, https:\/\/www.tgrthaber.com\/mavikadin\/wp-content\/uploads\/2026\/03\/Delikanli-dizisi-ne-zaman-baslayacak-1024x576.jpg 1024w, https:\/\/www.tgrthaber.com\/mavikadin\/wp-content\/uploads\/2026\/03\/Delikanli-dizisi-ne-zaman-baslayacak-768x432.jpg 768w\" sizes=\"(max-width: 1208px) 100vw, 1208px\" \/><\/p>\n<hr \/>\n<h3>DEL\u0130KANLI D\u0130Z\u0130S\u0130 NE ZAMAN BA\u015eLAYACAK?<\/h3>\n<p>OGM Pictures yap\u0131m\u0131 Delikanl\u0131 dizisi, izleyicilerin merakla bekledi\u011fi SHOW TV ekranlar\u0131na geli\u015f tarihi hakk\u0131nda ipu\u00e7lar\u0131 vermeye ba\u015flad\u0131. Yap\u0131mc\u0131l\u0131\u011f\u0131n\u0131 Onur G\u00fcvenatam\u2019\u0131n \u00fcstlendi\u011fi dizinin teaser\u2019\u0131 yay\u0131nlad\u0131. Sosyal medyada b\u00fcy\u00fck ilgi g\u00f6ren Delikanl\u0131 dizisinin ne zaman ba\u015flayacak? sorular\u0131 sorulmaya ba\u015fland\u0131. Yap\u0131m ekibi dizinin kesin yay\u0131n tarihini hen\u00fcz a\u00e7\u0131klanmasa da, kanal\u0131n resmi duyurular\u0131na g\u00f6re 2026 bahar d\u00f6neminde ekranlarda olmas\u0131 bekleniyor.<\/p>\n","protected":false},"excerpt":{"rendered":"<p>Show Tv ekranlar\u0131n\u0131n yeni dizisi Delikanl\u0131, ilk fragman\u0131yla izleyicileri heyecanland\u0131rd\u0131. Sosyal medyada k\u0131sa s\u00fcrede trend listesine giren fragman, diziyi merak edenleri ekran ba\u015f\u0131na toplad\u0131. Mert Ramazan Demir\u2019in yer ald\u0131\u011f\u0131 Delikanl\u0131 ilk tan\u0131t\u0131m fragman\u0131 hem gen\u00e7 hem de yeti\u015fkin kitleyi etkilemeyi ba\u015fard\u0131. Peki, Delikanl\u0131 dizisi ne zaman ba\u015flayacak? Delikanl\u0131 dizisi 1. B\u00f6l\u00fcm ne zaman? <\/p>\n","protected":false},"author":10,"featured_media":308826,"comment_status":"closed","ping_status":"closed","sticky":false,"template":"","format":"standard","meta":{"rank_math_lock_modified_date":false,"footnotes":""},"categories":[602],"tags":[70368,70369,73335,2779],"class_list":["post-308825","post","type-post","status-publish","format-standard","has-post-thumbnail","hentry","category-diziler","tag-delikanli","tag-delikanli-dizisi","tag-delikanli-ilk-tanitim","tag-mert-ramazan-demir"],"_links":{"self":[{"href":"https:\/\/www.tgrthaber.com\/mavikadin\/wp-json\/wp\/v2\/posts\/308825"}],"collection":[{"href":"https:\/\/www.tgrthaber.com\/mavikadin\/wp-json\/wp\/v2\/posts"}],"about":[{"href":"https:\/\/www.tgrthaber.com\/mavikadin\/wp-json\/wp\/v2\/types\/post"}],"author":[{"embeddable":true,"href":"https:\/\/www.tgrthaber.com\/mavikadin\/wp-json\/wp\/v2\/users\/10"}],"replies":[{"embeddable":true,"href":"https:\/\/www.tgrthaber.com\/mavikadin\/wp-json\/wp\/v2\/comments?post=308825"}],"version-history":[{"count":1,"href":"https:\/\/www.tgrthaber.com\/mavikadin\/wp-json\/wp\/v2\/posts\/308825\/revisions"}],"predecessor-version":[{"id":308830,"href":"https:\/\/www.tgrthaber.com\/mavikadin\/wp-json\/wp\/v2\/posts\/308825\/revisions\/308830"}],"wp:featuredmedia":[{"embeddable":true,"href":"https:\/\/www.tgrthaber.com\/mavikadin\/wp-json\/wp\/v2\/media\/308826"}],"wp:attachment":[{"href":"https:\/\/www.tgrthaber.com\/mavikadin\/wp-json\/wp\/v2\/media?parent=308825"}],"wp:term":[{"taxonomy":"category","embeddable":true,"href":"https:\/\/www.tgrthaber.com\/mavikadin\/wp-json\/wp\/v2\/categories?post=308825"},{"taxonomy":"post_tag","embeddable":true,"href":"https:\/\/www.tgrthaber.com\/mavikadin\/wp-json\/wp\/v2\/tags?post=308825"}],"curies":[{"name":"wp","href":"https:\/\/api.w.org\/{rel}","templated":true}]}}