{"id":308838,"date":"2026-03-14T00:39:33","date_gmt":"2026-03-13T21:39:33","guid":{"rendered":"https:\/\/www.tgrthaber.com\/mavikadin\/?p=308838"},"modified":"2026-03-14T00:39:33","modified_gmt":"2026-03-13T21:39:33","slug":"kizilcik-serbeti-130-bolum-fragmani-yayinlandi-mi-kizilcik-serbeti-130-bolumde-emir-vuruldu-mu","status":"publish","type":"post","link":"https:\/\/www.tgrthaber.com\/mavikadin\/kizilcik-serbeti-130-bolum-fragmani-yayinlandi-mi-kizilcik-serbeti-130-bolumde-emir-vuruldu-mu\/","title":{"rendered":"K\u0131z\u0131lc\u0131k \u015eerbeti 130. B\u00f6l\u00fcm fragman\u0131 yay\u0131nland\u0131 m\u0131? K\u0131z\u0131lc\u0131k \u015eerbeti 130. B\u00f6l\u00fcmde Emir vuruldu mu?"},"content":{"rendered":"<p><a href=\"https:\/\/www.tgrthaber.com\/mavikadin\/kizilcik-serbeti-129-bolumde-fatihten-beklenmedik-hamle-emirin-basi-belada\/\">K\u0131z\u0131lc\u0131k \u015eerbeti<\/a> 130. b\u00f6l\u00fcm\u00fcnde izleyicileri nefes kesen bir s\u00fcrpriz bekliyor. Dizinin \u00f6nceki b\u00f6l\u00fcm finalinde Emir, kafas\u0131na silah\u0131 \u00e7ekti ve patlama sesi duyuldu. Sosyal medyan\u0131n g\u00fcndeminde \u015fimdiden \u201cEmir vuruldu mu?\u201d sorusu dola\u015f\u0131yor. K\u0131z\u0131lc\u0131k \u015eerbeti dizisinin yeni b\u00f6l\u00fcm\u00fcnde ya\u015fanacaklar, karakterler aras\u0131ndaki dengeleri de\u011fi\u015ftirecek gibi. K\u0131z\u0131lc\u0131k \u015eerbeti hayranlar\u0131, Emir\u2019in ak\u0131beti ve olaylar\u0131n nas\u0131l geli\u015fece\u011fi merakla bekliyor. Peki, K\u0131z\u0131lc\u0131k \u015eerbeti 130. B\u00f6l\u00fcm fragman\u0131 yay\u0131nland\u0131 m\u0131? K\u0131z\u0131lc\u0131k \u015eerbeti 130. B\u00f6l\u00fcmde Emir vuruldu mu?<\/p>\n<h3>KIZILCIK \u015eERBET\u0130 130. B\u00d6L\u00dcM FRAGMANI YAYINLANDI MI?<\/h3>\n<p>K\u0131z\u0131lc\u0131k \u015eerbeti 129. B\u00f6l\u00fcm\u00fcn\u00fcn son sahnesi izleyenleri hayrete d\u00fc\u015f\u00fcrd\u00fc. Emir, ya\u015fad\u0131\u011f\u0131 ekonomik s\u0131k\u0131nt\u0131lar y\u00fcz\u00fcnden sinirleri bo\u015fal\u0131r. Kafas\u0131na silah dayar. \u00c7imen, g\u00f6rd\u00fckleri kar\u015f\u0131s\u0131nda ne yapaca\u011f\u0131n\u0131 bilemedi\u011fi bir anda silah sesi duyuldu. Emir yaraland\u0131 m\u0131 yoksa vuruldu mu? bu sorunun cevab\u0131n\u0131 hen\u00fcz netle\u015fmedi. \u0130zleyiciler K\u0131z\u0131lc\u0131k \u015eerbeti 130. B\u00f6l\u00fcm fragman\u0131 yay\u0131nland\u0131 m\u0131? sorusunu ara\u015ft\u0131rmaya ba\u015flad\u0131. Yap\u0131m ekibi ve Show Tv kanal\u0131 dizinin yeni b\u00f6l\u00fcm\u00fcne dayal\u0131 herhangi bir ipucu ve fragman yay\u0131nlamad\u0131.<\/p>\n<p><img loading=\"lazy\" decoding=\"async\" class=\"alignnone wp-image-308839 size-full\" src=\"https:\/\/www.tgrthaber.com\/mavikadin\/wp-content\/uploads\/2026\/03\/Kizilcik-Serbeti-130.-Bolum-fragmani-yayinlandi-mi-2.jpg\" alt=\"\" width=\"1208\" height=\"680\" title=\"\" srcset=\"https:\/\/www.tgrthaber.com\/mavikadin\/wp-content\/uploads\/2026\/03\/Kizilcik-Serbeti-130.-Bolum-fragmani-yayinlandi-mi-2.jpg 1208w, https:\/\/www.tgrthaber.com\/mavikadin\/wp-content\/uploads\/2026\/03\/Kizilcik-Serbeti-130.-Bolum-fragmani-yayinlandi-mi-2-300x169.jpg 300w, https:\/\/www.tgrthaber.com\/mavikadin\/wp-content\/uploads\/2026\/03\/Kizilcik-Serbeti-130.-Bolum-fragmani-yayinlandi-mi-2-1024x576.jpg 1024w, https:\/\/www.tgrthaber.com\/mavikadin\/wp-content\/uploads\/2026\/03\/Kizilcik-Serbeti-130.-Bolum-fragmani-yayinlandi-mi-2-768x432.jpg 768w\" sizes=\"(max-width: 1208px) 100vw, 1208px\" \/><\/p>\n<hr \/>\n<h3>KIZILCIK \u015eERBET\u0130 129. B\u00d6L\u00dcMDE NELER OLDU?<\/h3>\n<p>Bo\u015fanmak i\u00e7in mahkemeye giderken Ba\u015fak\u2019\u0131, Fatih\u2019in yan\u0131ndan ka\u00e7\u0131rtan ki\u015fi Fatih\u2019ten ba\u015fkas\u0131 de\u011fildir. \u0130kisi aras\u0131nda buzlar erir, t\u00fcm problemlerini konu\u015farak a\u015farlar ve a\u015fklar\u0131n\u0131 ya\u015famaya ba\u015flarlar. Nilay\u2019la evlenmek i\u00e7in her yolu deneyen Ya\u011f\u0131z, bu sefer de yoksullara yard\u0131m bahanesiyle yakla\u015facak ama yine de istedi\u011fi sonucu alamayacakt\u0131r.<\/p>\n<p><img loading=\"lazy\" decoding=\"async\" class=\"alignnone wp-image-308800 size-full\" src=\"https:\/\/www.tgrthaber.com\/mavikadin\/wp-content\/uploads\/2026\/03\/Adsiz-tasarim-3-1.jpg\" alt=\"\" width=\"1208\" height=\"680\" title=\"\" srcset=\"https:\/\/www.tgrthaber.com\/mavikadin\/wp-content\/uploads\/2026\/03\/Adsiz-tasarim-3-1.jpg 1208w, https:\/\/www.tgrthaber.com\/mavikadin\/wp-content\/uploads\/2026\/03\/Adsiz-tasarim-3-1-300x169.jpg 300w, https:\/\/www.tgrthaber.com\/mavikadin\/wp-content\/uploads\/2026\/03\/Adsiz-tasarim-3-1-1024x576.jpg 1024w, https:\/\/www.tgrthaber.com\/mavikadin\/wp-content\/uploads\/2026\/03\/Adsiz-tasarim-3-1-768x432.jpg 768w\" sizes=\"(max-width: 1208px) 100vw, 1208px\" \/><\/p>\n<hr \/>\n<p>Nursema ve \u0130lhami\u2019nin evlilikleri yolunda ama durgun giderken Abdullahlar\u2019\u0131n onlara iftara gelmesi t\u00fcm farkl\u0131l\u0131klar\u0131 a\u00e7\u0131k\u00e7a g\u00f6z \u00f6n\u00fcne serer. Asil\u2019in kendisini terk etmesiyle bunal\u0131ma giren Elif, herkese sata\u015fmaktad\u0131r. S\u0131ra evdeki k\u00fc\u00e7\u00fck \u00e7ocuklar geldi\u011finde ise herkesi kar\u015f\u0131s\u0131nda bulacakt\u0131r.<\/p>\n<p><img loading=\"lazy\" decoding=\"async\" class=\"alignnone wp-image-308803 size-full\" src=\"https:\/\/www.tgrthaber.com\/mavikadin\/wp-content\/uploads\/2026\/03\/Adsiz-tasarim-4-4.jpg\" alt=\"\" width=\"1208\" height=\"680\" title=\"\" srcset=\"https:\/\/www.tgrthaber.com\/mavikadin\/wp-content\/uploads\/2026\/03\/Adsiz-tasarim-4-4.jpg 1208w, https:\/\/www.tgrthaber.com\/mavikadin\/wp-content\/uploads\/2026\/03\/Adsiz-tasarim-4-4-300x169.jpg 300w, https:\/\/www.tgrthaber.com\/mavikadin\/wp-content\/uploads\/2026\/03\/Adsiz-tasarim-4-4-1024x576.jpg 1024w, https:\/\/www.tgrthaber.com\/mavikadin\/wp-content\/uploads\/2026\/03\/Adsiz-tasarim-4-4-768x432.jpg 768w\" sizes=\"(max-width: 1208px) 100vw, 1208px\" \/><\/p>\n<hr \/>\n<p>\u0130\u015flerindeki k\u00f6t\u00fc gidi\u015fi durduramayan Emir, \u00c7imen\u2019le birlikte evi terk etmek zorunda kalarak bir arkada\u015f\u0131n\u0131n yan\u0131na s\u0131\u011f\u0131nacakt\u0131r. Hala kimseye i\u00e7ine d\u00fc\u015ft\u00fc\u011f\u00fc zor durumu a\u00e7\u0131klamak istemese de durum iyice i\u00e7inden \u00e7\u0131k\u0131lamaz bir hal ald\u0131\u011f\u0131nda intihar etme noktas\u0131na gelecektir.<\/p>\n<p><img loading=\"lazy\" decoding=\"async\" class=\"alignnone wp-image-308804 size-full\" src=\"https:\/\/www.tgrthaber.com\/mavikadin\/wp-content\/uploads\/2026\/03\/kizilcik-serbeti-130.-bolum-fragmani-yayinlandi-mi.jpg\" alt=\"\" width=\"1208\" height=\"680\" title=\"\" srcset=\"https:\/\/www.tgrthaber.com\/mavikadin\/wp-content\/uploads\/2026\/03\/kizilcik-serbeti-130.-bolum-fragmani-yayinlandi-mi.jpg 1208w, https:\/\/www.tgrthaber.com\/mavikadin\/wp-content\/uploads\/2026\/03\/kizilcik-serbeti-130.-bolum-fragmani-yayinlandi-mi-300x169.jpg 300w, https:\/\/www.tgrthaber.com\/mavikadin\/wp-content\/uploads\/2026\/03\/kizilcik-serbeti-130.-bolum-fragmani-yayinlandi-mi-1024x576.jpg 1024w, https:\/\/www.tgrthaber.com\/mavikadin\/wp-content\/uploads\/2026\/03\/kizilcik-serbeti-130.-bolum-fragmani-yayinlandi-mi-768x432.jpg 768w\" sizes=\"(max-width: 1208px) 100vw, 1208px\" \/><\/p>\n<hr \/>\n<h3>KIZILCIK \u015eERBET\u0130 130. B\u00d6L\u00dcM NE ZAMAN YAYINLANACAK?<\/h3>\n<p>K\u0131z\u0131lc\u0131k \u015eerbeti 130. B\u00f6l\u00fcm ne zaman yay\u0131nlanacak sorusu merak ediliyor. Ramazan Bayram\u0131 haftas\u0131na denk gelmesinden kaynakl\u0131 olarak K\u0131z\u0131lc\u0131k \u015eerbeti yeni b\u00f6l\u00fcm\u00fc yay\u0131nlanmama ihtimali olabilir. Bayram haftas\u0131 K\u0131z\u0131lc\u0131k \u015eerbeti 130. B\u00f6l\u00fcm\u00fc yay\u0131nlanmazsa; dizi \u015feker\u00a0 bayram\u0131ndan sonraki Cuma ekranlara gelecek. 27 Mart 2026 K\u0131z\u0131lc\u0131k \u015eerbeti 130. B\u00f6l\u00fcm saat 20:00\u2019da Show Tv ekranlar\u0131nda izleyicisiyle bulu\u015facak.<\/p>\n","protected":false},"excerpt":{"rendered":"<p>K\u0131z\u0131lc\u0131k \u015eerbeti 129. b\u00f6l\u00fcm heyecan\u0131 dorukta ya\u015fand\u0131. Dizinin son sahnesinde Emir\u2019in kafas\u0131na silah\u0131 \u00e7ekti\u011fi an izleyiciyi \u015foke etti. Silah\u0131n patlama sesi ekran ba\u015f\u0131ndakileri gerdi. Peki, Emir vuruldu mu? K\u0131z\u0131lc\u0131k \u015eerbeti 130. B\u00f6l\u00fcm fragman\u0131 hen\u00fcz yay\u0131nlanmad\u0131, ama sosyal medyada izleyiciler b\u00f6l\u00fcm\u00fcn detaylar\u0131 i\u00e7in sab\u0131rs\u0131zlan\u0131yor. Peki, K\u0131z\u0131lc\u0131k \u015eerbeti\u2019nin 130. b\u00f6l\u00fcm\u00fcnde neler ya\u015fanacak, Emir\u2019in ak\u0131beti ne olacak sorular\u0131 g\u00fcndeme geldi. <\/p>\n","protected":false},"author":10,"featured_media":308840,"comment_status":"closed","ping_status":"closed","sticky":false,"template":"","format":"standard","meta":{"rank_math_lock_modified_date":false,"footnotes":""},"categories":[602],"tags":[32159,157,73331,73338,21020],"class_list":["post-308838","post","type-post","status-publish","format-standard","has-post-thumbnail","hentry","category-diziler","tag-dizi","tag-kizilcik-serbeti","tag-kizilcik-serbeti-129-bolum","tag-kizilcik-serbeti-130-bolum-fragmanii","tag-kizilcik-serbeti-son-bolum"],"_links":{"self":[{"href":"https:\/\/www.tgrthaber.com\/mavikadin\/wp-json\/wp\/v2\/posts\/308838"}],"collection":[{"href":"https:\/\/www.tgrthaber.com\/mavikadin\/wp-json\/wp\/v2\/posts"}],"about":[{"href":"https:\/\/www.tgrthaber.com\/mavikadin\/wp-json\/wp\/v2\/types\/post"}],"author":[{"embeddable":true,"href":"https:\/\/www.tgrthaber.com\/mavikadin\/wp-json\/wp\/v2\/users\/10"}],"replies":[{"embeddable":true,"href":"https:\/\/www.tgrthaber.com\/mavikadin\/wp-json\/wp\/v2\/comments?post=308838"}],"version-history":[{"count":1,"href":"https:\/\/www.tgrthaber.com\/mavikadin\/wp-json\/wp\/v2\/posts\/308838\/revisions"}],"predecessor-version":[{"id":308841,"href":"https:\/\/www.tgrthaber.com\/mavikadin\/wp-json\/wp\/v2\/posts\/308838\/revisions\/308841"}],"wp:featuredmedia":[{"embeddable":true,"href":"https:\/\/www.tgrthaber.com\/mavikadin\/wp-json\/wp\/v2\/media\/308840"}],"wp:attachment":[{"href":"https:\/\/www.tgrthaber.com\/mavikadin\/wp-json\/wp\/v2\/media?parent=308838"}],"wp:term":[{"taxonomy":"category","embeddable":true,"href":"https:\/\/www.tgrthaber.com\/mavikadin\/wp-json\/wp\/v2\/categories?post=308838"},{"taxonomy":"post_tag","embeddable":true,"href":"https:\/\/www.tgrthaber.com\/mavikadin\/wp-json\/wp\/v2\/tags?post=308838"}],"curies":[{"name":"wp","href":"https:\/\/api.w.org\/{rel}","templated":true}]}}