{"id":308860,"date":"2026-03-14T11:26:25","date_gmt":"2026-03-14T08:26:25","guid":{"rendered":"https:\/\/www.tgrthaber.com\/mavikadin\/?p=308860"},"modified":"2026-03-14T11:26:26","modified_gmt":"2026-03-14T08:26:26","slug":"unlulerin-ramazan-bayrami-sahne-ucretleri-belli-oldu-fiyatlar-dudak-ucuklatiyor","status":"publish","type":"post","link":"https:\/\/www.tgrthaber.com\/mavikadin\/unlulerin-ramazan-bayrami-sahne-ucretleri-belli-oldu-fiyatlar-dudak-ucuklatiyor\/","title":{"rendered":"\u00dcnl\u00fclerin Ramazan Bayram\u0131 sahne \u00fccretleri belli oldu! Fiyatlar dudak u\u00e7uklat\u0131yor"},"content":{"rendered":"<p><a href=\"https:\/\/www.tgrthaber.com\/magazin\/unlu-isimlerin-ilber-ortayli-uzuntusu-3287976\">Ramazan Bayram\u0131\u2019n\u0131n<\/a> yakla\u015fmas\u0131yla birlikte sahne alacak \u00fcnl\u00fc isimlerin \u00fccretleri de merak konusu oldu. Birbirinden \u00fcnl\u00fc bir\u00e7ok sanat\u00e7\u0131n\u0131n Ramazan Bayram\u0131 2026\u2019 verece\u011fi konserlerin sahne \u00fccretleri belli oldu. Milyonlarca TL\u2019lik anla\u015fmalarla sahneye \u00e7\u0131kacak olan sanat\u00e7\u0131lar\u0131n fiyatlar\u0131 ise adeta dudak u\u00e7uklatt\u0131. Peki, Ramazan Bayram\u0131\u2019nda hangi \u00fcnl\u00fcler sahne alacak? Ramazan Bayram\u0131\u2019nda sanat\u00e7\u0131lar\u0131n sahne \u00fccretleri ne kadar? \u0130\u015fte, Ramazan Bayram\u0131 boyunca sahne alacak sanat\u00e7\u0131lar\u0131n kazan\u00e7lar\u0131 ve \u00fccretleri hakk\u0131nda bilinmeyenler\u2026<\/p>\n<h3>\u00dcNL\u00dcLER\u0130N RAMAZAN BAYRAMI SAHNE \u00dcCRETLER\u0130 BELL\u0130 OLDU!<\/h3>\n<p>Ramazan ay\u0131n\u0131n bitmesine say\u0131l\u0131 g\u00fcnler kala \u00fcnl\u00fclerin <a href=\"https:\/\/www.tgrthaber.com\/magazin\/gokselin-son-goruntusu-hayranlarini-sasirtti-icimden-baska-bir-kadin-cikti-3287958\">Ramazan Bayram\u0131\u2019nda<\/a> verecekleri konserlerin sahne \u00fccretleri de belli oldu. Ramazan Bayram\u0131 co\u015fkusu herkesi sarm\u0131\u015fken, bayrama g\u00fcnler kala \u00fcnl\u00fclerin \u00e7\u0131kacaklar\u0131 sahne \u00fccretleri merak edildi. Ramazan Bayram\u0131\u2019n\u0131n yakla\u015fmas\u0131yla birlikte g\u00f6zler \u00fcnl\u00fc isimlere \u00e7evrildi.<\/p>\n<p><img loading=\"lazy\" decoding=\"async\" class=\"size-full wp-image-308866\" src=\"https:\/\/www.tgrthaber.com\/mavikadin\/wp-content\/uploads\/2026\/03\/Adsiz-tasarim-2026-03-14T112434.270.jpg\" alt=\"\u00dcnl\u00fclerin Ramazan Bayram\u0131 sahne \u00fccretleri belli oldu! Fiyatlar dudak u\u00e7uklat\u0131yor\" width=\"1208\" height=\"680\" title=\"\" srcset=\"https:\/\/www.tgrthaber.com\/mavikadin\/wp-content\/uploads\/2026\/03\/Adsiz-tasarim-2026-03-14T112434.270.jpg 1208w, https:\/\/www.tgrthaber.com\/mavikadin\/wp-content\/uploads\/2026\/03\/Adsiz-tasarim-2026-03-14T112434.270-300x169.jpg 300w, https:\/\/www.tgrthaber.com\/mavikadin\/wp-content\/uploads\/2026\/03\/Adsiz-tasarim-2026-03-14T112434.270-1024x576.jpg 1024w, https:\/\/www.tgrthaber.com\/mavikadin\/wp-content\/uploads\/2026\/03\/Adsiz-tasarim-2026-03-14T112434.270-768x432.jpg 768w\" sizes=\"(max-width: 1208px) 100vw, 1208px\" \/><\/p>\n<hr \/>\n<p>\u00d6zel g\u00fcn ve kutlamalarda sahne alan \u00fcnl\u00fclerin Ramazan Bayram\u0131\u2019nda alacaklar\u0131 \u00fccret merakla ara\u015ft\u0131r\u0131lmaya ba\u015fland\u0131. Sanat\u00e7\u0131lar\u0131n Ramazan Bayram\u0131 2026 sahne \u00fccretleri belli oldu. Milyonlarca TL\u2019lik anla\u015fmalarla sahneye \u00e7\u0131kacak olan \u00fcnl\u00fc isimlerin fiyatlar\u0131 ise adeta dudak u\u00e7uklatt\u0131. Birbirinden ba\u015far\u0131l\u0131 sanat\u00e7\u0131lar\u0131n yer ald\u0131\u011f\u0131 \u00fcnl\u00fc isimler Ramazan Bayram\u0131\u2019nda fiyatlar\u0131n\u0131 2\u2019ye katlad\u0131. \u00dcnl\u00fc isimlerin bu bayram servetine servet katacaklar\u0131 \u00f6\u011frenildi. \u0130\u015fte, Ramazan Bayram\u0131 boyunca sahne alacak sanat\u00e7\u0131lar ve kazan\u00e7lar\u0131\u2026<\/p>\n<h3>\u00dcNL\u00dcLER\u0130N RAMAZAN BAYRAMI KONSER F\u0130YATLARI DUDAK U\u00c7UKLATIYOR!<\/h3>\n<h3>HAD\u0130SE<\/h3>\n<p>G\u00fc\u00e7l\u00fc sesi ve g\u00fczelli\u011fiyle pop m\u00fczi\u011fin en sevilen sanat\u00e7\u0131lar\u0131 aras\u0131nda yer alan Hadise, <a href=\"https:\/\/www.tgrthaber.com\/magazin\/model-grubu-geri-donuyor-ilk-teaser-yayinlandi-3287951\">Ramazan Bayram\u0131\u2019nda<\/a> sahne alacak \u00fcnl\u00fc isimlerden biri oluyor. Hadise\u2019nin Ramazan Bayram\u0131 K\u0131br\u0131s sahne \u00fccretinin ise 6 milyon TL oldu\u011fu biliniyor.<\/p>\n<p><img loading=\"lazy\" decoding=\"async\" class=\"size-full wp-image-308864\" src=\"https:\/\/www.tgrthaber.com\/mavikadin\/wp-content\/uploads\/2026\/03\/Adsiz-tasarim-2026-03-14T112245.117.jpg\" alt=\"\u00dcnl\u00fclerin Ramazan Bayram\u0131 sahne \u00fccretleri belli oldu! Fiyatlar dudak u\u00e7uklat\u0131yor\" width=\"1208\" height=\"680\" title=\"\" srcset=\"https:\/\/www.tgrthaber.com\/mavikadin\/wp-content\/uploads\/2026\/03\/Adsiz-tasarim-2026-03-14T112245.117.jpg 1208w, https:\/\/www.tgrthaber.com\/mavikadin\/wp-content\/uploads\/2026\/03\/Adsiz-tasarim-2026-03-14T112245.117-300x169.jpg 300w, https:\/\/www.tgrthaber.com\/mavikadin\/wp-content\/uploads\/2026\/03\/Adsiz-tasarim-2026-03-14T112245.117-1024x576.jpg 1024w, https:\/\/www.tgrthaber.com\/mavikadin\/wp-content\/uploads\/2026\/03\/Adsiz-tasarim-2026-03-14T112245.117-768x432.jpg 768w\" sizes=\"(max-width: 1208px) 100vw, 1208px\" \/><\/p>\n<hr \/>\n<h3>EBRU G\u00dcNDE\u015e<\/h3>\n<p>Ba\u015far\u0131l\u0131 \u015fark\u0131lar\u0131 ve g\u00fc\u00e7l\u00fc sesiyle ad\u0131ndan s\u00f6z ettiren Ebru G\u00fcnde\u015f\u2019in sahne fiyatlar\u0131 dudak u\u00e7uklatmaya devam ediyor. \u00d6zel g\u00fcnlerdeki ekstra pahal\u0131l\u0131\u011f\u0131yla tan\u0131nan G\u00fcnde\u015f, Ramazan Bayram\u0131\u2019nda Antalya ve K\u0131br\u0131s\u2019ta sahne alacak. G\u00fcnde\u015f\u2019in Ramazan Bayram\u0131 sahne \u00fccretinin 26 milyon TL oldu\u011fu \u00f6\u011frenildi.<\/p>\n<h3>\u00d6ZCAN DEN\u0130Z<\/h3>\n<p>Ba\u015far\u0131l\u0131 \u015fark\u0131c\u0131 ve oyuncu \u00d6zcan Deniz\u2019in, Ramazan Bayram\u0131\u2019nda Antalya ve K\u0131br\u0131s\u2019ta sahne alacak. \u00dcnl\u00fc \u015fark\u0131c\u0131n\u0131n Ramazan Bayram\u0131 2026 sahne \u00fccretinin 12 milyon TL oldu\u011fu \u00f6\u011frenildi.<\/p>\n<h3>S\u0130BEL CAN<\/h3>\n<p>T\u00fcrk m\u00fczi\u011fin \u00f6nemli isimleri aras\u0131nda yer alan Sibel Can, sahne \u00fccretleriyle dudak u\u00e7uklatan \u00fcnl\u00fcler aras\u0131nda yer al\u0131yor. Antalya ve K\u0131br\u0131s\u2019ta sahne alacak olan Sibel Can\u2019\u0131n Ramazan Bayram\u0131 2026 konser \u00fccretinin 16 milyon TL oldu\u011fu s\u00f6yleniyor.<\/p>\n<p><img loading=\"lazy\" decoding=\"async\" class=\"size-full wp-image-308861\" src=\"https:\/\/www.tgrthaber.com\/mavikadin\/wp-content\/uploads\/2026\/03\/Adsiz-tasarim-2026-03-14T112307.203.jpg\" alt=\"\u00dcnl\u00fclerin Ramazan Bayram\u0131 sahne \u00fccretleri belli oldu! Fiyatlar dudak u\u00e7uklat\u0131yor\" width=\"1208\" height=\"680\" title=\"\" srcset=\"https:\/\/www.tgrthaber.com\/mavikadin\/wp-content\/uploads\/2026\/03\/Adsiz-tasarim-2026-03-14T112307.203.jpg 1208w, https:\/\/www.tgrthaber.com\/mavikadin\/wp-content\/uploads\/2026\/03\/Adsiz-tasarim-2026-03-14T112307.203-300x169.jpg 300w, https:\/\/www.tgrthaber.com\/mavikadin\/wp-content\/uploads\/2026\/03\/Adsiz-tasarim-2026-03-14T112307.203-1024x576.jpg 1024w, https:\/\/www.tgrthaber.com\/mavikadin\/wp-content\/uploads\/2026\/03\/Adsiz-tasarim-2026-03-14T112307.203-768x432.jpg 768w\" sizes=\"(max-width: 1208px) 100vw, 1208px\" \/><\/p>\n<hr \/>\n<h3>ZARA<\/h3>\n<p>Etkileyici sesi ve sahne performans\u0131yla kendine hayran b\u0131rakan Zara, Ramazan Bayram\u0131\u2019nda K\u0131br\u0131s ve \u0130stanbul\u2019da konser verecek. Zara\u2019n\u0131n Ramazan Bayram\u0131 2026 sahne \u00fccreti ise 3,3 milyon TL olacak.<\/p>\n<h3>\u0130REM DER\u0130C\u0130<\/h3>\n<p>Pop m\u00fczi\u011fin sevilen kad\u0131n sanat\u00e7\u0131lar\u0131 aras\u0131nda yer alan \u0130rem Derici, Ramazan Bayram\u0131\u2019nda Yunanistan ve K\u0131br\u0131s\u2019ta sahne alacak. Derici\u2019nin Ramazan Bayram\u0131 2026 sahne \u00fccreti ise 5 milyon TL olacak.<\/p>\n<h3>B\u00dcLENT ERSOY<\/h3>\n<p>Arabesk d\u00fcnyas\u0131n\u0131n usta isimlerinden B\u00fclent Ersoy, sahne \u00fccretleriyle dudak u\u00e7uklatan \u00fcnl\u00fcler aras\u0131nda yerini ald\u0131. Serveti, kariyeri ve renkli ki\u015fili\u011fiyle magazin d\u00fcnyas\u0131n\u0131n sevilen isimleri aras\u0131nda yer alan Ersoy\u2019un Ramazan Bayram\u0131 2026 sahne \u00fccretinin 6 milyon TL oldu\u011fu \u00f6\u011frenildi.<\/p>\n<p><img loading=\"lazy\" decoding=\"async\" class=\"size-full wp-image-308862\" src=\"https:\/\/www.tgrthaber.com\/mavikadin\/wp-content\/uploads\/2026\/03\/Adsiz-tasarim-2026-03-14T112300.504.jpg\" alt=\"\u00dcnl\u00fclerin Ramazan Bayram\u0131 sahne \u00fccretleri belli oldu! Fiyatlar dudak u\u00e7uklat\u0131yor\" width=\"1208\" height=\"680\" title=\"\" srcset=\"https:\/\/www.tgrthaber.com\/mavikadin\/wp-content\/uploads\/2026\/03\/Adsiz-tasarim-2026-03-14T112300.504.jpg 1208w, https:\/\/www.tgrthaber.com\/mavikadin\/wp-content\/uploads\/2026\/03\/Adsiz-tasarim-2026-03-14T112300.504-300x169.jpg 300w, https:\/\/www.tgrthaber.com\/mavikadin\/wp-content\/uploads\/2026\/03\/Adsiz-tasarim-2026-03-14T112300.504-1024x576.jpg 1024w, https:\/\/www.tgrthaber.com\/mavikadin\/wp-content\/uploads\/2026\/03\/Adsiz-tasarim-2026-03-14T112300.504-768x432.jpg 768w\" sizes=\"(max-width: 1208px) 100vw, 1208px\" \/><\/p>\n<hr \/>\n<h3>YILDIZ T\u0130LBE<\/h3>\n<p>T\u00fcrk m\u00fczi\u011finin ba\u015far\u0131l\u0131 sanat\u00e7\u0131lar\u0131 aras\u0131nda yer alan Y\u0131ld\u0131z Tilbe, sahne \u00fccretleriyle dikkat \u00e7ekmeye devam ediyor. Sahne performans\u0131 ve \u00f6zel hayat\u0131yla magazin d\u00fcnyas\u0131n\u0131n g\u00fcndeminden bir an olsun d\u00fc\u015fmeyen Tilbe, Ramazan Bayram\u0131\u2019nda K\u0131br\u0131s ve Bursa\u2019da konser verecek. Tilbe\u2019nin Ramazan Bayram\u0131 2026 sahne \u00fccreti ise 12 milyon TL olacak.<\/p>\n<p><img loading=\"lazy\" decoding=\"async\" class=\"size-full wp-image-308867\" src=\"https:\/\/www.tgrthaber.com\/mavikadin\/wp-content\/uploads\/2026\/03\/Adsiz-tasarim-2026-03-14T112537.841.jpg\" alt=\"\u00dcnl\u00fclerin Ramazan Bayram\u0131 sahne \u00fccretleri belli oldu! Fiyatlar dudak u\u00e7uklat\u0131yor\" width=\"1208\" height=\"680\" title=\"\" srcset=\"https:\/\/www.tgrthaber.com\/mavikadin\/wp-content\/uploads\/2026\/03\/Adsiz-tasarim-2026-03-14T112537.841.jpg 1208w, https:\/\/www.tgrthaber.com\/mavikadin\/wp-content\/uploads\/2026\/03\/Adsiz-tasarim-2026-03-14T112537.841-300x169.jpg 300w, https:\/\/www.tgrthaber.com\/mavikadin\/wp-content\/uploads\/2026\/03\/Adsiz-tasarim-2026-03-14T112537.841-1024x576.jpg 1024w, https:\/\/www.tgrthaber.com\/mavikadin\/wp-content\/uploads\/2026\/03\/Adsiz-tasarim-2026-03-14T112537.841-768x432.jpg 768w\" sizes=\"(max-width: 1208px) 100vw, 1208px\" \/><\/p>\n<hr \/>\n<p><strong>\u0130\u015fte di\u011fer \u00fcnl\u00fc isimler ve sahne \u00fccretleri:<\/strong><\/p>\n<p><strong>Erol Evgin<\/strong>: Antalya \u2013 3,5 milyon<\/p>\n<p><strong>Nil\u00fcfer<\/strong>: Antalya \u2013 3 milyon<\/p>\n<p><strong>Simge Sa\u011f\u0131n<\/strong>: Eski\u015fehir-K\u0131br\u0131s \u2013 5,5 milyon<\/p>\n<p><strong>A\u015fk\u0131n Nur Yengi<\/strong>: Antalya-K\u0131br\u0131s \u2013 6 milyon<\/p>\n<p><strong>Derya Bedavac\u0131<\/strong>: Antalya-K\u0131b\u0131rs-\u0130zmir \u2013 10 milyon<\/p>\n<p><strong>Mahsun K\u0131rm\u0131z\u0131g\u00fcl<\/strong>: Antalya-K\u0131br\u0131s \u2013 15 milyon<\/p>\n<p><strong>Koray Avc\u0131<\/strong>: Antalya-K\u0131br\u0131s \u2013 6 milyon<\/p>\n<p><strong>Candan Er\u00e7etin<\/strong>: Antlaya-K\u0131br\u0131s \u2013 8 milyon<\/p>\n<p><strong>Deha<\/strong>: K\u0131br\u0131s-\u0130stanbul \u2013 6 milyon<\/p>\n<p><strong>Berkay<\/strong>: \u0130stanbul-K\u0131br\u0131s \u2013 5 milyon<\/p>\n<p><strong>G\u00f6khan Tepe<\/strong>: Antalya-K\u0131br\u0131s \u2013 4 milyon<\/p>\n<p><strong>Linet<\/strong>: \u0130zmir-Antalya \u2013 5 milyon<\/p>\n<p><strong>Ali\u015fan<\/strong>: K\u0131br\u0131s \u2013 3 milyon<\/p>\n<p><strong>Funda Arar<\/strong>: Antalya-K\u0131br\u0131s \u2013 6 milyon<\/p>\n<p><strong>Melek Mosso<\/strong>: K\u0131br\u0131s-Antalya \u2013 6 milyon<\/p>\n<p><strong>Hande Yener<\/strong>: K\u0131br\u0131s \u2013 4 milyon<\/p>\n<p><strong>Deniz Seki<\/strong>: Antalya \u2013 3 milyon<\/p>\n<p><strong>Serkan Kaya<\/strong>: \u0130stanbul-K\u0131br\u0131s \u2013 6 milyon<\/p>\n","protected":false},"excerpt":{"rendered":"<p>Ramazan Bayram\u0131\u2019n\u0131n yakla\u015fmas\u0131yla birlikte sanat\u00e7\u0131lar\u0131n sahne fiyatlar\u0131 merak edilmeye ba\u015fland\u0131. \u00dcnl\u00fclerin Ramazan Bayram\u0131 2026 sahne \u00fccretleri belli oldu. Birbirinden \u00fcnl\u00fc ismin sahneye \u00e7\u0131kaca\u011f\u0131 yo\u011fun bayram temposunda fiyatlar adeta dudak u\u00e7uklatt\u0131. \u00dcnl\u00fc isimlerin servetine servet katacaklar\u0131 \u00f6\u011frenildi. \u0130\u015fte detaylar\u2026<\/p>\n","protected":false},"author":26,"featured_media":308865,"comment_status":"closed","ping_status":"closed","sticky":false,"template":"","format":"standard","meta":{"rank_math_lock_modified_date":false,"footnotes":""},"categories":[76],"tags":[133,2218,9496,6037,73341],"class_list":["post-308860","post","type-post","status-publish","format-standard","has-post-thumbnail","hentry","category-magazin","tag-magazin","tag-magazin-haberleri","tag-ramazan-bayrami","tag-unluler","tag-unlulerin-ramazan-bayrami-sahne-ucretleri"],"_links":{"self":[{"href":"https:\/\/www.tgrthaber.com\/mavikadin\/wp-json\/wp\/v2\/posts\/308860"}],"collection":[{"href":"https:\/\/www.tgrthaber.com\/mavikadin\/wp-json\/wp\/v2\/posts"}],"about":[{"href":"https:\/\/www.tgrthaber.com\/mavikadin\/wp-json\/wp\/v2\/types\/post"}],"author":[{"embeddable":true,"href":"https:\/\/www.tgrthaber.com\/mavikadin\/wp-json\/wp\/v2\/users\/26"}],"replies":[{"embeddable":true,"href":"https:\/\/www.tgrthaber.com\/mavikadin\/wp-json\/wp\/v2\/comments?post=308860"}],"version-history":[{"count":1,"href":"https:\/\/www.tgrthaber.com\/mavikadin\/wp-json\/wp\/v2\/posts\/308860\/revisions"}],"predecessor-version":[{"id":308868,"href":"https:\/\/www.tgrthaber.com\/mavikadin\/wp-json\/wp\/v2\/posts\/308860\/revisions\/308868"}],"wp:featuredmedia":[{"embeddable":true,"href":"https:\/\/www.tgrthaber.com\/mavikadin\/wp-json\/wp\/v2\/media\/308865"}],"wp:attachment":[{"href":"https:\/\/www.tgrthaber.com\/mavikadin\/wp-json\/wp\/v2\/media?parent=308860"}],"wp:term":[{"taxonomy":"category","embeddable":true,"href":"https:\/\/www.tgrthaber.com\/mavikadin\/wp-json\/wp\/v2\/categories?post=308860"},{"taxonomy":"post_tag","embeddable":true,"href":"https:\/\/www.tgrthaber.com\/mavikadin\/wp-json\/wp\/v2\/tags?post=308860"}],"curies":[{"name":"wp","href":"https:\/\/api.w.org\/{rel}","templated":true}]}}